{"id":1670,"date":"2011-11-10T11:35:15","date_gmt":"2011-11-10T13:35:15","guid":{"rendered":"https:\/\/www.blogsoestado.com\/flaviobraga\/?p=1670"},"modified":"2011-11-10T11:35:15","modified_gmt":"2011-11-10T13:35:15","slug":"julgamento-da-lei-da-ficha-limpa-e-adiado-por-pedido-de-vista","status":"publish","type":"post","link":"https:\/\/www.blogsoestado.com\/flaviobraga\/julgamento-da-lei-da-ficha-limpa-e-adiado-por-pedido-de-vista\/","title":{"rendered":"Julgamento da Lei da Ficha Limpa \u00e9 adiado por pedido de vista"},"content":{"rendered":"<p>Pedido de vista do ministro Joaquim Barbosa suspendeu o julgamento das A\u00e7\u00f5es Declarat\u00f3rias de Constitucionalidade (ADCs) 29 e 30 e da A\u00e7\u00e3o Direta de Inconstitucionalidade (ADI) 4578, que tratam da Lei Complementar (LC) 135\/2010, conhecida como Lei da Ficha Limpa.<\/p>\n<p>Na Sess\u00e3o Plen\u00e1ria do Supremo Tribunal Federal (STF) desta quarta-feira (9), apenas o relator, ministro Luiz Fux, proferiu o seu voto parcialmente favor\u00e1vel \u00e0 constitucionalidade da lei.<\/p>\n<p>O relator considerou improcedente a ADI 4578, que impugnava dispositivo da Lei da Ficha Limpa (al\u00ednea &#8220;m&#8221;),\u00a0e ressaltou o entendimento de que, no ponto em que trata da ren\u00fancia de pol\u00edticos no exerc\u00edcio de mandatos (al\u00ednea \u201ck\u201d), \u00e9 desproporcional se declarar a inelegibilidade por conta do oferecimento de mera peti\u00e7\u00e3o capaz de autorizar a abertura de processo que possa levar \u00e0 cassa\u00e7\u00e3o do mandato. O caso de ren\u00fancia, para o relator, s\u00f3 deve acarretar a inelegibilidade se o processo de cassa\u00e7\u00e3o j\u00e1 tiver sido instaurado.<\/p>\n<p>Ele tamb\u00e9m considerou desproporcional a fixa\u00e7\u00e3o do prazo de oito anos de inelegibilidade ap\u00f3s o cumprimento da pena (al\u00ednea \u201ce\u201d). Para o ministro, esse prazo deve ser descontado do prazo entre a condena\u00e7\u00e3o e o tr\u00e2nsito em julgado da senten\u00e7a.<\/p>\n<p>Entre outros argumentos, o ministro fez uma an\u00e1lise hist\u00f3rica do princ\u00edpio da presun\u00e7\u00e3o da inoc\u00eancia, para afirmar seu entendimento de que, diferentemente do direito criminal, esse princ\u00edpio deve ser flexibilizado no \u00e2mbito do direito eleitoral. Al\u00e9m disso, o ministro Fux disse acreditar que a norma respeita o trip\u00e9 &#8220;adequa\u00e7\u00e3o, necessidade e proporcionalidade&#8221;.<\/p>\n<p><strong>Prud\u00eancia do legislador<\/strong><\/p>\n<p>O ministro destacou a prud\u00eancia do legislador na cria\u00e7\u00e3o dos casos de inelegibilidade. Ele citou, por exemplo, a escorreita posi\u00e7\u00e3o do legislador em admitir a imposi\u00e7\u00e3o da inelegibilidade apenas na condena\u00e7\u00e3o por crimes dolosos, excluindo expressamente as condena\u00e7\u00f5es, mesmo transitadas em julgado, de crimes cometidos na modalidade culposa, segundo o artigo 1\u00ba, par\u00e1grafo 4\u00ba, da LC 64\/90, com reda\u00e7\u00e3o dada pela Lei Complementar 135\/10.<\/p>\n<p>S\u00e3o evidentemente r\u00edgidos, segundo o ministro Luiz Fux, os requisitos para o reconhecimento das inelegibilidades mesmo que n\u00e3o haja decis\u00e3o judicial transitada em julgado. \u201cN\u00e3o haveria meio menos gravoso de atender\u00a0\u00e0 determina\u00e7\u00e3o do artigo 14, par\u00e1grafo 9\u00ba, da CF\u201d, avaliou.<\/p>\n<p>Esse comando constitucional, anota o relator, autorizou a previs\u00e3o legal de hip\u00f3tese de inelegibilidade decorrente de decis\u00f5es n\u00e3o definitivas \u201csob pena de esvaziar-lhe o conte\u00fado\u201d. Ele afirmou que a pr\u00f3pria Lei Complementar previu a possibilidade de suspens\u00e3o cautelar da decis\u00e3o judicial colegiada que venha a ocasionar a inelegibilidade, por inst\u00e2ncia judicial superior.<\/p>\n<p><strong>Proporcionalidade<\/strong><\/p>\n<p>A Lei Complementar tamb\u00e9m foi apreciada pelo relator \u00e0 luz do princ\u00edpio da proporcionalidade. \u201cCom efeito, o sacrif\u00edcio exigido, a liberdade individual de candidatar-se a cargo p\u00fablico eletivo, n\u00e3o supera os benef\u00edcios socialmente desejados em termos de moralidade e probidade para o exerc\u00edcio de cargos p\u00fablicos, sobretudo porque ainda s\u00e3o rigorosos os requisitos para que se reconhe\u00e7a a inelegibilidade\u201d, afirmou.<\/p>\n<p>O ministro destacou que n\u00e3o foram ponderados apenas a moralidade de um lado e os direitos pol\u00edticos passivos de outro, mas \u201cao lado da moralidade est\u00e1 tamb\u00e9m a pr\u00f3pria democracia\u201d.\u00a0<\/p>\n<p>No caso, o ministro entendeu que a balan\u00e7a deve pender em favor da constitucionalidade das hip\u00f3teses previstas na LC 135, \u201cpois opostamente ao que poderia parecer, a democracia n\u00e3o est\u00e1 em conflito com a moralidade, ao rev\u00e9s, uma invalida\u00e7\u00e3o do mencionado diploma legal afrontaria a pr\u00f3pria democracia\u00a0\u00e0 custa do abuso de direitos pol\u00edticos\u201d.<\/p>\n<p>Para o relator, tamb\u00e9m n\u00e3o haveria les\u00e3o ao n\u00facleo essencial dos direitos pol\u00edticos porque apenas o direito pol\u00edtico passivo\u00a0\u2013 o direito de candidatar-se e eventualmente eleger-se\u00a0\u2013 \u00e9 restringido \u201cde modo que o indiv\u00edduo permanece em pleno gozo de seus direitos ativos de participa\u00e7\u00e3o pol\u00edtica\u201d.<\/p>\n<p>Quanto ao conceito de vida pregressa do candidato, o ministro Luiz Fux ressaltou merecer prest\u00edgio a solu\u00e7\u00e3o legislativa que admitiu a considera\u00e7\u00e3o da exist\u00eancia de condena\u00e7\u00e3o judicial n\u00e3o definitiva, a rejei\u00e7\u00e3o de contas, a perda do cargo ou aquela ren\u00fancia adulterina.<\/p>\n<p>O ministro analisou, de forma minuciosa, outros aspectos da LC 135. De acordo com seu voto, a leitura da norma poderia conduzir ao entendimento de que o indiv\u00edduo condenado por decis\u00e3o colegiada recorr\u00edvel permaneceria ineleg\u00edvel desde ent\u00e3o por todo o tempo de dura\u00e7\u00e3o do processo criminal e por mais oito anos ap\u00f3s o cumprimento da pena.<\/p>\n<p>Nesse ponto, o relator considerou que o legislador estendeu os efeitos da inelegibilidade para al\u00e9m do prazo da condena\u00e7\u00e3o definitiva\u00a0\u2013 <strong>criminal ou por improbidade administrativa<\/strong>\u00a0\u2013 durante o qual estar\u00e3o suspensos os direitos pol\u00edticos na forma do artigo 15, da Constitui\u00e7\u00e3o.<\/p>\n<p>\u201cA altera\u00e7\u00e3o legislativa provocou uma altera\u00e7\u00e3o in\u00edqua em que o indiv\u00edduo condenado poder\u00e1 permanecer ineleg\u00edvel entre a condena\u00e7\u00e3o e o tr\u00e2nsito em julgado da decis\u00e3o condenat\u00f3ria, passar a ter seus direitos pol\u00edticos inteiramente suspensos durante os efeitos da condena\u00e7\u00e3o e\u00a0permanecer no estado de inelegibilidade por mais oito anos, independentemente do tempo de inelegibilidade pr\u00e9vio ao cumprimento da pena\u201d, completou.<\/p>\n<p><strong>Resultado parcial<\/strong><\/p>\n<p>Dessa forma, o relator votou no sentido de julgar improcedente o pedido na ADI 4578 e parcialmente procedente as ADCs 29 e 30, para declarar a inconstitucionalidade da express\u00e3o \u201coferecimento de representa\u00e7\u00e3o ou peti\u00e7\u00e3o capaz de autorizar\u201d, contida no artigo 1\u00ba, al\u00ednea \u201ck\u201d, da Lei Complementar 64\/90, alterada pela LC n\u00ba 135\/10 (Ficha Limpa).<\/p>\n<p>Para ele, apenas o oferecimento de peti\u00e7\u00e3o para abertura de processo que culmine na cassa\u00e7\u00e3o do mandato n\u00e3o seria suficiente para a inelegibilidade do candidato, sendo necess\u00e1ria a efetiva instaura\u00e7\u00e3o do processo.<\/p>\n<p>O ministro votou, ainda, pela declara\u00e7\u00e3o parcial de inconstitucionalidade do artigo 1\u00ba, inciso I, al\u00ednea \u201ce\u201d, da LC\u00a0 64\/90 com reda\u00e7\u00e3o dada pela \u00a0LC 135\/10, para dar interpreta\u00e7\u00e3o conforme a Constitui\u00e7\u00e3o, para que o prazo de\u00a0oito anos seja descontado do per\u00edodo entre a condena\u00e7\u00e3o criminal e o tr\u00e2nsito em julgado.<\/p>\n","protected":false},"excerpt":{"rendered":"<p>Pedido de vista do ministro Joaquim Barbosa suspendeu o julgamento das A\u00e7\u00f5es Declarat\u00f3rias de Constitucionalidade (ADCs) 29 e 30 e [&hellip;]<\/p>\n","protected":false},"author":8,"featured_media":0,"comment_status":"open","ping_status":"open","sticky":false,"template":"","format":"standard","meta":{"site-sidebar-layout":"default","site-content-layout":"","ast-site-content-layout":"default","site-content-style":"default","site-sidebar-style":"default","ast-global-header-display":"","ast-banner-title-visibility":"","ast-main-header-display":"","ast-hfb-above-header-display":"","ast-hfb-below-header-display":"","ast-hfb-mobile-header-display":"","site-post-title":"","ast-breadcrumbs-content":"","ast-featured-img":"","footer-sml-layout":"","ast-disable-related-posts":"","theme-transparent-header-meta":"","adv-header-id-meta":"","stick-header-meta":"","header-above-stick-meta":"","header-main-stick-meta":"","header-below-stick-meta":"","astra-migrate-meta-layouts":"default","ast-page-background-enabled":"default","ast-page-background-meta":{"desktop":{"background-color":"var(--ast-global-color-5)","background-image":"","background-repeat":"repeat","background-position":"center center","background-size":"auto","background-attachment":"scroll","background-type":"","background-media":"","overlay-type":"","overlay-color":"","overlay-opacity":"","overlay-gradient":""},"tablet":{"background-color":"","background-image":"","background-repeat":"repeat","background-position":"center center","background-size":"auto","background-attachment":"scroll","background-type":"","background-media":"","overlay-type":"","overlay-color":"","overlay-opacity":"","overlay-gradient":""},"mobile":{"background-color":"","background-image":"","background-repeat":"repeat","background-position":"center center","background-size":"auto","background-attachment":"scroll","background-type":"","background-media":"","overlay-type":"","overlay-color":"","overlay-opacity":"","overlay-gradient":""}},"ast-content-background-meta":{"desktop":{"background-color":"var(--ast-global-color-4)","background-image":"","background-repeat":"repeat","background-position":"center center","background-size":"auto","background-attachment":"scroll","background-type":"","background-media":"","overlay-type":"","overlay-color":"","overlay-opacity":"","overlay-gradient":""},"tablet":{"background-color":"var(--ast-global-color-4)","background-image":"","background-repeat":"repeat","background-position":"center center","background-size":"auto","background-attachment":"scroll","background-type":"","background-media":"","overlay-type":"","overlay-color":"","overlay-opacity":"","overlay-gradient":""},"mobile":{"background-color":"var(--ast-global-color-4)","background-image":"","background-repeat":"repeat","background-position":"center center","background-size":"auto","background-attachment":"scroll","background-type":"","background-media":"","overlay-type":"","overlay-color":"","overlay-opacity":"","overlay-gradient":""}},"footnotes":""},"categories":[1],"tags":[],"class_list":["post-1670","post","type-post","status-publish","format-standard","hentry","category-sem-categoria"],"yoast_head":"<!-- This site is optimized with the Yoast SEO plugin v26.6 - https:\/\/yoast.com\/wordpress\/plugins\/seo\/ -->\n<title>Julgamento da Lei da Ficha Limpa \u00e9 adiado por pedido de vista - Fl\u00e1vio Braga<\/title>\n<meta name=\"robots\" content=\"index, follow, max-snippet:-1, max-image-preview:large, max-video-preview:-1\" \/>\n<link rel=\"canonical\" href=\"https:\/\/www.blogsoestado.com\/flaviobraga\/julgamento-da-lei-da-ficha-limpa-e-adiado-por-pedido-de-vista\/\" \/>\n<meta property=\"og:locale\" content=\"pt_BR\" \/>\n<meta property=\"og:type\" content=\"article\" \/>\n<meta property=\"og:title\" content=\"Julgamento da Lei da Ficha Limpa \u00e9 adiado por pedido de vista - Fl\u00e1vio Braga\" \/>\n<meta property=\"og:description\" content=\"Pedido de vista do ministro Joaquim Barbosa suspendeu o julgamento das A\u00e7\u00f5es Declarat\u00f3rias de Constitucionalidade (ADCs) 29 e 30 e [&hellip;]\" \/>\n<meta property=\"og:url\" content=\"https:\/\/www.blogsoestado.com\/flaviobraga\/julgamento-da-lei-da-ficha-limpa-e-adiado-por-pedido-de-vista\/\" \/>\n<meta property=\"og:site_name\" content=\"Fl\u00e1vio Braga\" \/>\n<meta property=\"article:published_time\" content=\"2011-11-10T13:35:15+00:00\" \/>\n<meta name=\"author\" content=\"Flavio Braga\" \/>\n<meta name=\"twitter:card\" content=\"summary_large_image\" \/>\n<meta name=\"twitter:label1\" content=\"Escrito por\" \/>\n\t<meta name=\"twitter:data1\" content=\"Flavio Braga\" \/>\n\t<meta name=\"twitter:label2\" content=\"Est. tempo de leitura\" \/>\n\t<meta name=\"twitter:data2\" content=\"5 minutos\" \/>\n<script type=\"application\/ld+json\" class=\"yoast-schema-graph\">{\"@context\":\"https:\/\/schema.org\",\"@graph\":[{\"@type\":\"WebPage\",\"@id\":\"https:\/\/www.blogsoestado.com\/flaviobraga\/julgamento-da-lei-da-ficha-limpa-e-adiado-por-pedido-de-vista\/\",\"url\":\"https:\/\/www.blogsoestado.com\/flaviobraga\/julgamento-da-lei-da-ficha-limpa-e-adiado-por-pedido-de-vista\/\",\"name\":\"Julgamento da Lei da Ficha Limpa \u00e9 adiado por pedido de vista - Fl\u00e1vio Braga\",\"isPartOf\":{\"@id\":\"https:\/\/www.blogsoestado.com\/flaviobraga\/#website\"},\"datePublished\":\"2011-11-10T13:35:15+00:00\",\"author\":{\"@id\":\"https:\/\/www.blogsoestado.com\/flaviobraga\/#\/schema\/person\/6c6c778331775c757a82d15206bd8733\"},\"breadcrumb\":{\"@id\":\"https:\/\/www.blogsoestado.com\/flaviobraga\/julgamento-da-lei-da-ficha-limpa-e-adiado-por-pedido-de-vista\/#breadcrumb\"},\"inLanguage\":\"pt-BR\",\"potentialAction\":[{\"@type\":\"ReadAction\",\"target\":[\"https:\/\/www.blogsoestado.com\/flaviobraga\/julgamento-da-lei-da-ficha-limpa-e-adiado-por-pedido-de-vista\/\"]}]},{\"@type\":\"BreadcrumbList\",\"@id\":\"https:\/\/www.blogsoestado.com\/flaviobraga\/julgamento-da-lei-da-ficha-limpa-e-adiado-por-pedido-de-vista\/#breadcrumb\",\"itemListElement\":[{\"@type\":\"ListItem\",\"position\":1,\"name\":\"In\u00edcio\",\"item\":\"https:\/\/www.blogsoestado.com\/flaviobraga\/\"},{\"@type\":\"ListItem\",\"position\":2,\"name\":\"Julgamento da Lei da Ficha Limpa \u00e9 adiado por pedido de vista\"}]},{\"@type\":\"WebSite\",\"@id\":\"https:\/\/www.blogsoestado.com\/flaviobraga\/#website\",\"url\":\"https:\/\/www.blogsoestado.com\/flaviobraga\/\",\"name\":\"Fl\u00e1vio Braga\",\"description\":\"\",\"potentialAction\":[{\"@type\":\"SearchAction\",\"target\":{\"@type\":\"EntryPoint\",\"urlTemplate\":\"https:\/\/www.blogsoestado.com\/flaviobraga\/?s={search_term_string}\"},\"query-input\":{\"@type\":\"PropertyValueSpecification\",\"valueRequired\":true,\"valueName\":\"search_term_string\"}}],\"inLanguage\":\"pt-BR\"},{\"@type\":\"Person\",\"@id\":\"https:\/\/www.blogsoestado.com\/flaviobraga\/#\/schema\/person\/6c6c778331775c757a82d15206bd8733\",\"name\":\"Flavio Braga\",\"image\":{\"@type\":\"ImageObject\",\"inLanguage\":\"pt-BR\",\"@id\":\"https:\/\/www.blogsoestado.com\/flaviobraga\/#\/schema\/person\/image\/\",\"url\":\"https:\/\/secure.gravatar.com\/avatar\/ab173937dad8d78195c87778be8a0285d069ede375ce0ae24aac1cf8e58ccb2c?s=96&d=mm&r=g\",\"contentUrl\":\"https:\/\/secure.gravatar.com\/avatar\/ab173937dad8d78195c87778be8a0285d069ede375ce0ae24aac1cf8e58ccb2c?s=96&d=mm&r=g\",\"caption\":\"Flavio Braga\"},\"url\":\"https:\/\/www.blogsoestado.com\/flaviobraga\/author\/flaviobraga\/\"}]}<\/script>\n<!-- \/ Yoast SEO plugin. -->","yoast_head_json":{"title":"Julgamento da Lei da Ficha Limpa \u00e9 adiado por pedido de vista - Fl\u00e1vio Braga","robots":{"index":"index","follow":"follow","max-snippet":"max-snippet:-1","max-image-preview":"max-image-preview:large","max-video-preview":"max-video-preview:-1"},"canonical":"https:\/\/www.blogsoestado.com\/flaviobraga\/julgamento-da-lei-da-ficha-limpa-e-adiado-por-pedido-de-vista\/","og_locale":"pt_BR","og_type":"article","og_title":"Julgamento da Lei da Ficha Limpa \u00e9 adiado por pedido de vista - Fl\u00e1vio Braga","og_description":"Pedido de vista do ministro Joaquim Barbosa suspendeu o julgamento das A\u00e7\u00f5es Declarat\u00f3rias de Constitucionalidade (ADCs) 29 e 30 e [&hellip;]","og_url":"https:\/\/www.blogsoestado.com\/flaviobraga\/julgamento-da-lei-da-ficha-limpa-e-adiado-por-pedido-de-vista\/","og_site_name":"Fl\u00e1vio Braga","article_published_time":"2011-11-10T13:35:15+00:00","author":"Flavio Braga","twitter_card":"summary_large_image","twitter_misc":{"Escrito por":"Flavio Braga","Est. tempo de leitura":"5 minutos"},"schema":{"@context":"https:\/\/schema.org","@graph":[{"@type":"WebPage","@id":"https:\/\/www.blogsoestado.com\/flaviobraga\/julgamento-da-lei-da-ficha-limpa-e-adiado-por-pedido-de-vista\/","url":"https:\/\/www.blogsoestado.com\/flaviobraga\/julgamento-da-lei-da-ficha-limpa-e-adiado-por-pedido-de-vista\/","name":"Julgamento da Lei da Ficha Limpa \u00e9 adiado por pedido de vista - Fl\u00e1vio Braga","isPartOf":{"@id":"https:\/\/www.blogsoestado.com\/flaviobraga\/#website"},"datePublished":"2011-11-10T13:35:15+00:00","author":{"@id":"https:\/\/www.blogsoestado.com\/flaviobraga\/#\/schema\/person\/6c6c778331775c757a82d15206bd8733"},"breadcrumb":{"@id":"https:\/\/www.blogsoestado.com\/flaviobraga\/julgamento-da-lei-da-ficha-limpa-e-adiado-por-pedido-de-vista\/#breadcrumb"},"inLanguage":"pt-BR","potentialAction":[{"@type":"ReadAction","target":["https:\/\/www.blogsoestado.com\/flaviobraga\/julgamento-da-lei-da-ficha-limpa-e-adiado-por-pedido-de-vista\/"]}]},{"@type":"BreadcrumbList","@id":"https:\/\/www.blogsoestado.com\/flaviobraga\/julgamento-da-lei-da-ficha-limpa-e-adiado-por-pedido-de-vista\/#breadcrumb","itemListElement":[{"@type":"ListItem","position":1,"name":"In\u00edcio","item":"https:\/\/www.blogsoestado.com\/flaviobraga\/"},{"@type":"ListItem","position":2,"name":"Julgamento da Lei da Ficha Limpa \u00e9 adiado por pedido de vista"}]},{"@type":"WebSite","@id":"https:\/\/www.blogsoestado.com\/flaviobraga\/#website","url":"https:\/\/www.blogsoestado.com\/flaviobraga\/","name":"Fl\u00e1vio Braga","description":"","potentialAction":[{"@type":"SearchAction","target":{"@type":"EntryPoint","urlTemplate":"https:\/\/www.blogsoestado.com\/flaviobraga\/?s={search_term_string}"},"query-input":{"@type":"PropertyValueSpecification","valueRequired":true,"valueName":"search_term_string"}}],"inLanguage":"pt-BR"},{"@type":"Person","@id":"https:\/\/www.blogsoestado.com\/flaviobraga\/#\/schema\/person\/6c6c778331775c757a82d15206bd8733","name":"Flavio Braga","image":{"@type":"ImageObject","inLanguage":"pt-BR","@id":"https:\/\/www.blogsoestado.com\/flaviobraga\/#\/schema\/person\/image\/","url":"https:\/\/secure.gravatar.com\/avatar\/ab173937dad8d78195c87778be8a0285d069ede375ce0ae24aac1cf8e58ccb2c?s=96&d=mm&r=g","contentUrl":"https:\/\/secure.gravatar.com\/avatar\/ab173937dad8d78195c87778be8a0285d069ede375ce0ae24aac1cf8e58ccb2c?s=96&d=mm&r=g","caption":"Flavio Braga"},"url":"https:\/\/www.blogsoestado.com\/flaviobraga\/author\/flaviobraga\/"}]}},"jetpack_featured_media_url":"","_links":{"self":[{"href":"https:\/\/www.blogsoestado.com\/flaviobraga\/wp-json\/wp\/v2\/posts\/1670","targetHints":{"allow":["GET"]}}],"collection":[{"href":"https:\/\/www.blogsoestado.com\/flaviobraga\/wp-json\/wp\/v2\/posts"}],"about":[{"href":"https:\/\/www.blogsoestado.com\/flaviobraga\/wp-json\/wp\/v2\/types\/post"}],"author":[{"embeddable":true,"href":"https:\/\/www.blogsoestado.com\/flaviobraga\/wp-json\/wp\/v2\/users\/8"}],"replies":[{"embeddable":true,"href":"https:\/\/www.blogsoestado.com\/flaviobraga\/wp-json\/wp\/v2\/comments?post=1670"}],"version-history":[{"count":0,"href":"https:\/\/www.blogsoestado.com\/flaviobraga\/wp-json\/wp\/v2\/posts\/1670\/revisions"}],"wp:attachment":[{"href":"https:\/\/www.blogsoestado.com\/flaviobraga\/wp-json\/wp\/v2\/media?parent=1670"}],"wp:term":[{"taxonomy":"category","embeddable":true,"href":"https:\/\/www.blogsoestado.com\/flaviobraga\/wp-json\/wp\/v2\/categories?post=1670"},{"taxonomy":"post_tag","embeddable":true,"href":"https:\/\/www.blogsoestado.com\/flaviobraga\/wp-json\/wp\/v2\/tags?post=1670"}],"curies":[{"name":"wp","href":"https:\/\/api.w.org\/{rel}","templated":true}]}}