{"id":1676,"date":"2011-11-24T18:14:28","date_gmt":"2011-11-24T20:14:28","guid":{"rendered":"https:\/\/www.blogsoestado.com\/flaviobraga\/?p=1676"},"modified":"2011-11-24T18:14:28","modified_gmt":"2011-11-24T20:14:28","slug":"santa-luzia-do-itanhy-se-tera-eleicoes-indiretas-para-os-cargos-de-prefeito-e-vice","status":"publish","type":"post","link":"https:\/\/www.blogsoestado.com\/flaviobraga\/santa-luzia-do-itanhy-se-tera-eleicoes-indiretas-para-os-cargos-de-prefeito-e-vice\/","title":{"rendered":"Santa Luzia do Itanhy-SE ter\u00e1 elei\u00e7\u00f5es indiretas para os cargos de prefeito e vice"},"content":{"rendered":"<p>Em decis\u00e3o individual, o ministro Arnaldo Versiani, do Tribunal Superior Eleitoral (TSE), negou pedido do Partido da Social Democracia Brasileira (PSDB) do munic\u00edpio de Santa Luzia do Itanhy, em Sergipe, que pretendia a realiza\u00e7\u00e3o de elei\u00e7\u00f5es suplementares diretas no munic\u00edpio para o cargo de prefeito.<\/p>\n<p>O Tribunal Regional Eleitoral de Sergipe (TRE-SE) manteve decis\u00e3o de primeira inst\u00e2ncia para a realiza\u00e7\u00e3o de elei\u00e7\u00f5es indiretas diante da cassa\u00e7\u00e3o dos mandatos do prefeito Adauto Dantas do Amor Cardoso (PSB) e do vice Jos\u00e9 Edvaldo F\u00e9lix Cruz por compra de votos.<\/p>\n<p>No pedido, o PSDB sustenta que o Supremo Tribunal Federal (STF) firmou entendimento de que a aplica\u00e7\u00e3o do artigo 81 da Constitui\u00e7\u00e3o Federal n\u00e3o \u00e9 obrigat\u00f3ria para estados e munic\u00edpios. Esse dispositivo disp\u00f5e que devem ser realizadas elei\u00e7\u00f5es indiretas para presidente da Rep\u00fablica quando a vac\u00e2ncia do cargo se der no segundo bi\u00eanio do mandato eletivo. Ainda de acordo com o partido, a lei org\u00e2nica de Santa Luzia do Itanhy n\u00e3o prev\u00ea a realiza\u00e7\u00e3o de elei\u00e7\u00f5es indiretas para casos id\u00eanticos.<\/p>\n<p>Na decis\u00e3o, o ministro Arnaldo Versiani salienta que, no seu entendimento, deve ser aplicado o que disp\u00f5e a Constitui\u00e7\u00e3o Federal. Disse ainda que foi bem avaliado pelo Tribunal Regional Eleitoral de Sergipe que a realiza\u00e7\u00e3o de uma elei\u00e7\u00e3o direta no munic\u00edpio de Santa Luzia do Itanhy n\u00e3o seria razo\u00e1vel tendo em vista a proximidade das elei\u00e7\u00f5es municipais do ano que vem.<\/p>\n<p>De acordo com a decis\u00e3o da Corte regional, a realiza\u00e7\u00e3o de uma elei\u00e7\u00e3o direta promoveria a movimenta\u00e7\u00e3o de toda a engrenagem da m\u00e1quina eleitoral em t\u00e3o curto espa\u00e7o de tempo, com o envolvimento de verba p\u00fablica.<\/p>\n<p>\u201cLevando-se em considera\u00e7\u00e3o que j\u00e1 estamos na segunda quinzena de novembro, for\u00e7oso \u00e9 reconhecer o acerto do entendimento do TRE-SE de razoabilidade de elei\u00e7\u00e3o indireta, no caso, tendo em vista o curto prazo entre a data em que se realizaria uma elei\u00e7\u00e3o direta e o pleito de 2012, bem como a movimenta\u00e7\u00e3o da Justi\u00e7a Eleitoral para sua concretiza\u00e7\u00e3o\u201d, afirmou o ministro ao negar seguimento \u00e0 a\u00e7\u00e3o.<\/p>\n","protected":false},"excerpt":{"rendered":"<p>Em decis\u00e3o individual, o ministro Arnaldo Versiani, do Tribunal Superior Eleitoral (TSE), negou pedido do Partido da Social Democracia Brasileira [&hellip;]<\/p>\n","protected":false},"author":8,"featured_media":0,"comment_status":"open","ping_status":"open","sticky":false,"template":"","format":"standard","meta":{"site-sidebar-layout":"default","site-content-layout":"","ast-site-content-layout":"default","site-content-style":"default","site-sidebar-style":"default","ast-global-header-display":"","ast-banner-title-visibility":"","ast-main-header-display":"","ast-hfb-above-header-display":"","ast-hfb-below-header-display":"","ast-hfb-mobile-header-display":"","site-post-title":"","ast-breadcrumbs-content":"","ast-featured-img":"","footer-sml-layout":"","ast-disable-related-posts":"","theme-transparent-header-meta":"","adv-header-id-meta":"","stick-header-meta":"","header-above-stick-meta":"","header-main-stick-meta":"","header-below-stick-meta":"","astra-migrate-meta-layouts":"default","ast-page-background-enabled":"default","ast-page-background-meta":{"desktop":{"background-color":"var(--ast-global-color-5)","background-image":"","background-repeat":"repeat","background-position":"center center","background-size":"auto","background-attachment":"scroll","background-type":"","background-media":"","overlay-type":"","overlay-color":"","overlay-opacity":"","overlay-gradient":""},"tablet":{"background-color":"","background-image":"","background-repeat":"repeat","background-position":"center center","background-size":"auto","background-attachment":"scroll","background-type":"","background-media":"","overlay-type":"","overlay-color":"","overlay-opacity":"","overlay-gradient":""},"mobile":{"background-color":"","background-image":"","background-repeat":"repeat","background-position":"center center","background-size":"auto","background-attachment":"scroll","background-type":"","background-media":"","overlay-type":"","overlay-color":"","overlay-opacity":"","overlay-gradient":""}},"ast-content-background-meta":{"desktop":{"background-color":"var(--ast-global-color-4)","background-image":"","background-repeat":"repeat","background-position":"center center","background-size":"auto","background-attachment":"scroll","background-type":"","background-media":"","overlay-type":"","overlay-color":"","overlay-opacity":"","overlay-gradient":""},"tablet":{"background-color":"var(--ast-global-color-4)","background-image":"","background-repeat":"repeat","background-position":"center center","background-size":"auto","background-attachment":"scroll","background-type":"","background-media":"","overlay-type":"","overlay-color":"","overlay-opacity":"","overlay-gradient":""},"mobile":{"background-color":"var(--ast-global-color-4)","background-image":"","background-repeat":"repeat","background-position":"center center","background-size":"auto","background-attachment":"scroll","background-type":"","background-media":"","overlay-type":"","overlay-color":"","overlay-opacity":"","overlay-gradient":""}},"footnotes":""},"categories":[1],"tags":[],"class_list":["post-1676","post","type-post","status-publish","format-standard","hentry","category-sem-categoria"],"yoast_head":"<!-- This site is optimized with the Yoast SEO plugin v26.6 - https:\/\/yoast.com\/wordpress\/plugins\/seo\/ -->\n<title>Santa Luzia do Itanhy-SE ter\u00e1 elei\u00e7\u00f5es indiretas para os cargos de prefeito e vice - Fl\u00e1vio Braga<\/title>\n<meta name=\"robots\" content=\"index, follow, max-snippet:-1, max-image-preview:large, max-video-preview:-1\" \/>\n<link rel=\"canonical\" href=\"https:\/\/www.blogsoestado.com\/flaviobraga\/santa-luzia-do-itanhy-se-tera-eleicoes-indiretas-para-os-cargos-de-prefeito-e-vice\/\" \/>\n<meta property=\"og:locale\" content=\"pt_BR\" \/>\n<meta property=\"og:type\" content=\"article\" \/>\n<meta property=\"og:title\" content=\"Santa Luzia do Itanhy-SE ter\u00e1 elei\u00e7\u00f5es indiretas para os cargos de prefeito e vice - Fl\u00e1vio Braga\" \/>\n<meta property=\"og:description\" content=\"Em decis\u00e3o individual, o ministro Arnaldo Versiani, do Tribunal Superior Eleitoral (TSE), negou pedido do Partido da Social Democracia Brasileira [&hellip;]\" \/>\n<meta property=\"og:url\" content=\"https:\/\/www.blogsoestado.com\/flaviobraga\/santa-luzia-do-itanhy-se-tera-eleicoes-indiretas-para-os-cargos-de-prefeito-e-vice\/\" \/>\n<meta property=\"og:site_name\" content=\"Fl\u00e1vio Braga\" \/>\n<meta property=\"article:published_time\" content=\"2011-11-24T20:14:28+00:00\" \/>\n<meta name=\"author\" content=\"Flavio Braga\" \/>\n<meta name=\"twitter:card\" content=\"summary_large_image\" \/>\n<meta name=\"twitter:label1\" content=\"Escrito por\" \/>\n\t<meta name=\"twitter:data1\" content=\"Flavio Braga\" \/>\n\t<meta name=\"twitter:label2\" content=\"Est. tempo de leitura\" \/>\n\t<meta name=\"twitter:data2\" content=\"2 minutos\" \/>\n<script type=\"application\/ld+json\" class=\"yoast-schema-graph\">{\"@context\":\"https:\/\/schema.org\",\"@graph\":[{\"@type\":\"WebPage\",\"@id\":\"https:\/\/www.blogsoestado.com\/flaviobraga\/santa-luzia-do-itanhy-se-tera-eleicoes-indiretas-para-os-cargos-de-prefeito-e-vice\/\",\"url\":\"https:\/\/www.blogsoestado.com\/flaviobraga\/santa-luzia-do-itanhy-se-tera-eleicoes-indiretas-para-os-cargos-de-prefeito-e-vice\/\",\"name\":\"Santa Luzia do Itanhy-SE ter\u00e1 elei\u00e7\u00f5es indiretas para os cargos de prefeito e vice - Fl\u00e1vio Braga\",\"isPartOf\":{\"@id\":\"https:\/\/www.blogsoestado.com\/flaviobraga\/#website\"},\"datePublished\":\"2011-11-24T20:14:28+00:00\",\"author\":{\"@id\":\"https:\/\/www.blogsoestado.com\/flaviobraga\/#\/schema\/person\/6c6c778331775c757a82d15206bd8733\"},\"breadcrumb\":{\"@id\":\"https:\/\/www.blogsoestado.com\/flaviobraga\/santa-luzia-do-itanhy-se-tera-eleicoes-indiretas-para-os-cargos-de-prefeito-e-vice\/#breadcrumb\"},\"inLanguage\":\"pt-BR\",\"potentialAction\":[{\"@type\":\"ReadAction\",\"target\":[\"https:\/\/www.blogsoestado.com\/flaviobraga\/santa-luzia-do-itanhy-se-tera-eleicoes-indiretas-para-os-cargos-de-prefeito-e-vice\/\"]}]},{\"@type\":\"BreadcrumbList\",\"@id\":\"https:\/\/www.blogsoestado.com\/flaviobraga\/santa-luzia-do-itanhy-se-tera-eleicoes-indiretas-para-os-cargos-de-prefeito-e-vice\/#breadcrumb\",\"itemListElement\":[{\"@type\":\"ListItem\",\"position\":1,\"name\":\"In\u00edcio\",\"item\":\"https:\/\/www.blogsoestado.com\/flaviobraga\/\"},{\"@type\":\"ListItem\",\"position\":2,\"name\":\"Santa Luzia do Itanhy-SE ter\u00e1 elei\u00e7\u00f5es indiretas para os cargos de prefeito e vice\"}]},{\"@type\":\"WebSite\",\"@id\":\"https:\/\/www.blogsoestado.com\/flaviobraga\/#website\",\"url\":\"https:\/\/www.blogsoestado.com\/flaviobraga\/\",\"name\":\"Fl\u00e1vio Braga\",\"description\":\"\",\"potentialAction\":[{\"@type\":\"SearchAction\",\"target\":{\"@type\":\"EntryPoint\",\"urlTemplate\":\"https:\/\/www.blogsoestado.com\/flaviobraga\/?s={search_term_string}\"},\"query-input\":{\"@type\":\"PropertyValueSpecification\",\"valueRequired\":true,\"valueName\":\"search_term_string\"}}],\"inLanguage\":\"pt-BR\"},{\"@type\":\"Person\",\"@id\":\"https:\/\/www.blogsoestado.com\/flaviobraga\/#\/schema\/person\/6c6c778331775c757a82d15206bd8733\",\"name\":\"Flavio Braga\",\"image\":{\"@type\":\"ImageObject\",\"inLanguage\":\"pt-BR\",\"@id\":\"https:\/\/www.blogsoestado.com\/flaviobraga\/#\/schema\/person\/image\/\",\"url\":\"https:\/\/secure.gravatar.com\/avatar\/ab173937dad8d78195c87778be8a0285d069ede375ce0ae24aac1cf8e58ccb2c?s=96&d=mm&r=g\",\"contentUrl\":\"https:\/\/secure.gravatar.com\/avatar\/ab173937dad8d78195c87778be8a0285d069ede375ce0ae24aac1cf8e58ccb2c?s=96&d=mm&r=g\",\"caption\":\"Flavio Braga\"},\"url\":\"https:\/\/www.blogsoestado.com\/flaviobraga\/author\/flaviobraga\/\"}]}<\/script>\n<!-- \/ Yoast SEO plugin. -->","yoast_head_json":{"title":"Santa Luzia do Itanhy-SE ter\u00e1 elei\u00e7\u00f5es indiretas para os cargos de prefeito e vice - Fl\u00e1vio Braga","robots":{"index":"index","follow":"follow","max-snippet":"max-snippet:-1","max-image-preview":"max-image-preview:large","max-video-preview":"max-video-preview:-1"},"canonical":"https:\/\/www.blogsoestado.com\/flaviobraga\/santa-luzia-do-itanhy-se-tera-eleicoes-indiretas-para-os-cargos-de-prefeito-e-vice\/","og_locale":"pt_BR","og_type":"article","og_title":"Santa Luzia do Itanhy-SE ter\u00e1 elei\u00e7\u00f5es indiretas para os cargos de prefeito e vice - Fl\u00e1vio Braga","og_description":"Em decis\u00e3o individual, o ministro Arnaldo Versiani, do Tribunal Superior Eleitoral (TSE), negou pedido do Partido da Social Democracia Brasileira [&hellip;]","og_url":"https:\/\/www.blogsoestado.com\/flaviobraga\/santa-luzia-do-itanhy-se-tera-eleicoes-indiretas-para-os-cargos-de-prefeito-e-vice\/","og_site_name":"Fl\u00e1vio Braga","article_published_time":"2011-11-24T20:14:28+00:00","author":"Flavio Braga","twitter_card":"summary_large_image","twitter_misc":{"Escrito por":"Flavio Braga","Est. tempo de leitura":"2 minutos"},"schema":{"@context":"https:\/\/schema.org","@graph":[{"@type":"WebPage","@id":"https:\/\/www.blogsoestado.com\/flaviobraga\/santa-luzia-do-itanhy-se-tera-eleicoes-indiretas-para-os-cargos-de-prefeito-e-vice\/","url":"https:\/\/www.blogsoestado.com\/flaviobraga\/santa-luzia-do-itanhy-se-tera-eleicoes-indiretas-para-os-cargos-de-prefeito-e-vice\/","name":"Santa Luzia do Itanhy-SE ter\u00e1 elei\u00e7\u00f5es indiretas para os cargos de prefeito e vice - Fl\u00e1vio Braga","isPartOf":{"@id":"https:\/\/www.blogsoestado.com\/flaviobraga\/#website"},"datePublished":"2011-11-24T20:14:28+00:00","author":{"@id":"https:\/\/www.blogsoestado.com\/flaviobraga\/#\/schema\/person\/6c6c778331775c757a82d15206bd8733"},"breadcrumb":{"@id":"https:\/\/www.blogsoestado.com\/flaviobraga\/santa-luzia-do-itanhy-se-tera-eleicoes-indiretas-para-os-cargos-de-prefeito-e-vice\/#breadcrumb"},"inLanguage":"pt-BR","potentialAction":[{"@type":"ReadAction","target":["https:\/\/www.blogsoestado.com\/flaviobraga\/santa-luzia-do-itanhy-se-tera-eleicoes-indiretas-para-os-cargos-de-prefeito-e-vice\/"]}]},{"@type":"BreadcrumbList","@id":"https:\/\/www.blogsoestado.com\/flaviobraga\/santa-luzia-do-itanhy-se-tera-eleicoes-indiretas-para-os-cargos-de-prefeito-e-vice\/#breadcrumb","itemListElement":[{"@type":"ListItem","position":1,"name":"In\u00edcio","item":"https:\/\/www.blogsoestado.com\/flaviobraga\/"},{"@type":"ListItem","position":2,"name":"Santa Luzia do Itanhy-SE ter\u00e1 elei\u00e7\u00f5es indiretas para os cargos de prefeito e vice"}]},{"@type":"WebSite","@id":"https:\/\/www.blogsoestado.com\/flaviobraga\/#website","url":"https:\/\/www.blogsoestado.com\/flaviobraga\/","name":"Fl\u00e1vio Braga","description":"","potentialAction":[{"@type":"SearchAction","target":{"@type":"EntryPoint","urlTemplate":"https:\/\/www.blogsoestado.com\/flaviobraga\/?s={search_term_string}"},"query-input":{"@type":"PropertyValueSpecification","valueRequired":true,"valueName":"search_term_string"}}],"inLanguage":"pt-BR"},{"@type":"Person","@id":"https:\/\/www.blogsoestado.com\/flaviobraga\/#\/schema\/person\/6c6c778331775c757a82d15206bd8733","name":"Flavio Braga","image":{"@type":"ImageObject","inLanguage":"pt-BR","@id":"https:\/\/www.blogsoestado.com\/flaviobraga\/#\/schema\/person\/image\/","url":"https:\/\/secure.gravatar.com\/avatar\/ab173937dad8d78195c87778be8a0285d069ede375ce0ae24aac1cf8e58ccb2c?s=96&d=mm&r=g","contentUrl":"https:\/\/secure.gravatar.com\/avatar\/ab173937dad8d78195c87778be8a0285d069ede375ce0ae24aac1cf8e58ccb2c?s=96&d=mm&r=g","caption":"Flavio Braga"},"url":"https:\/\/www.blogsoestado.com\/flaviobraga\/author\/flaviobraga\/"}]}},"jetpack_featured_media_url":"","_links":{"self":[{"href":"https:\/\/www.blogsoestado.com\/flaviobraga\/wp-json\/wp\/v2\/posts\/1676","targetHints":{"allow":["GET"]}}],"collection":[{"href":"https:\/\/www.blogsoestado.com\/flaviobraga\/wp-json\/wp\/v2\/posts"}],"about":[{"href":"https:\/\/www.blogsoestado.com\/flaviobraga\/wp-json\/wp\/v2\/types\/post"}],"author":[{"embeddable":true,"href":"https:\/\/www.blogsoestado.com\/flaviobraga\/wp-json\/wp\/v2\/users\/8"}],"replies":[{"embeddable":true,"href":"https:\/\/www.blogsoestado.com\/flaviobraga\/wp-json\/wp\/v2\/comments?post=1676"}],"version-history":[{"count":0,"href":"https:\/\/www.blogsoestado.com\/flaviobraga\/wp-json\/wp\/v2\/posts\/1676\/revisions"}],"wp:attachment":[{"href":"https:\/\/www.blogsoestado.com\/flaviobraga\/wp-json\/wp\/v2\/media?parent=1676"}],"wp:term":[{"taxonomy":"category","embeddable":true,"href":"https:\/\/www.blogsoestado.com\/flaviobraga\/wp-json\/wp\/v2\/categories?post=1676"},{"taxonomy":"post_tag","embeddable":true,"href":"https:\/\/www.blogsoestado.com\/flaviobraga\/wp-json\/wp\/v2\/tags?post=1676"}],"curies":[{"name":"wp","href":"https:\/\/api.w.org\/{rel}","templated":true}]}}