{"id":1682,"date":"2011-11-29T10:30:13","date_gmt":"2011-11-29T12:30:13","guid":{"rendered":"https:\/\/www.blogsoestado.com\/flaviobraga\/?p=1682"},"modified":"2011-11-29T10:30:13","modified_gmt":"2011-11-29T12:30:13","slug":"tse-decide-cassacao-do-governador-de-roraima","status":"publish","type":"post","link":"https:\/\/www.blogsoestado.com\/flaviobraga\/tse-decide-cassacao-do-governador-de-roraima\/","title":{"rendered":"TSE decide cassa\u00e7\u00e3o do governador de Roraima"},"content":{"rendered":"<p>O Tribunal Superior Eleitoral decidir\u00e1, nesta ter\u00e7a-feira (29\/11), se mant\u00e9m a cassa\u00e7\u00e3o do governador de Roraima, Jos\u00e9 de Anchieta J\u00fanior (PSDB). O governador se mant\u00e9m no cargo por for\u00e7a de liminar concedida em fevereiro pelo relator do processo, ministro Arnaldo Versiani, depois que o Tribunal Regional Eleitoral daquele estado decidiu cassar seu mandato por conduta vedada em per\u00edodo eleitoral.<\/p>\n<p>Anchieta \u00e9 acusado de utilizar a R\u00e1dio Roraima, emissora p\u00fablica, em favor de sua candidatura \u00e0 reelei\u00e7\u00e3o em 2010 e para atacar seus advers\u00e1rios. As elei\u00e7\u00f5es em Roraima foram, talvez, as mais disputadas do pa\u00eds. O estado tem o menor eleitorado do Brasil, com 270 mil eleitores, e o advers\u00e1rio do governador, Neudo Campos (PP), n\u00e3o ganhou a elei\u00e7\u00e3o no primeiro turno por uma diferen\u00e7a de pouco mais de dois mil votos.<\/p>\n<p>Jos\u00e9 de Anchieta ganhou em segundo turno com 1.759 votos a mais do que seu advers\u00e1rio. O percentual da diferen\u00e7a \u00e9 de 0,82% dos votos v\u00e1lidos. Por conta da pequena diferen\u00e7a e do uso da r\u00e1dio estatal, Campos foi \u00e0 Justi\u00e7a contra o governador e, por cinco votos a dois, obteve \u00eaxito no TRE de Roraima. Anchieta recorreu ao TSE e conseguiu uma liminar que o manteve at\u00e9 hoje no cargo. Nesta ter\u00e7a, os ministros decidir\u00e3o quem deve ficar no comando do estado.<\/p>\n<p>De acordo com a acusa\u00e7\u00e3o, a R\u00e1dio Roraima \u00e9 vinculada \u00e0 Secretaria de Comunica\u00e7\u00e3o Social do governo. \u00c0s v\u00e9speras do primeiro turno das elei\u00e7\u00f5es, um programa matinal di\u00e1rio se dedicou a atacar a candidatura de Neudo Campos, sustenta a acusa\u00e7\u00e3o contra o governador. Consta da a\u00e7\u00e3o que M\u00e1rio C\u00e9sar Baldu\u00edno, o apresentador do programa, \u00e9 servidor p\u00fablico da Companhia de Desenvolvimento Roraima, a Codesaima, e que seu hor\u00e1rio tinha uma das maiores audi\u00eancias no estado.<\/p>\n<p>Ainda segundo o processo, a R\u00e1dio Roraima \u00e9 mantida com recursos p\u00fablicos e faz parte dos \u00f3rg\u00e3os de governo estatais. Prova disso seria o fato de que sua defesa em ju\u00edzo \u00e9 feita pela Procuradoria do estado, a quem cabe defender na Justi\u00e7a o patrim\u00f4nio p\u00fablico estadual.<\/p>\n<p>A Procuradoria-Geral Eleitoral deu parecer pela cassa\u00e7\u00e3o de Jos\u00e9 de Anchieta J\u00fanior. De acordo com o Minist\u00e9rio P\u00fablico, a r\u00e1dio n\u00e3o observou o dever de imparcialidade no tratamento das candidaturas e a conduta do radialista foi grave a ponto de desequilibrar a disputa eleitoral, em raz\u00e3o do alcance da emissora e da repercuss\u00e3o dos programas veiculados.<\/p>\n<p>Em sua defesa, o governador afirmou que o fato de a R\u00e1dio Roraima ser uma emissora p\u00fablica n\u00e3o significa que seja uma emissora oficial do governo. Anchieta tamb\u00e9m sustentou que os ataques contra Neudo Campos foram feitas \u201cpor um radialista independente em um programa de r\u00e1dio independente\u201d. Ou seja, s\u00e3o de exclusiva responsabilidade de Baldu\u00edno.<\/p>\n<p>Ainda de acordo com a defesa, o radialista n\u00e3o \u00e9 servidor do estado, pois foi exonerado. O governador insiste no fato de o radialista ser o \u00fanico respons\u00e1vel por seus atos de acordo com contrato firmado com a R\u00e1dio Roraima. Tamb\u00e9m segundo a defesa, o governador \u201cn\u00e3o cedeu ou usou em benef\u00edcio pr\u00f3prio ou de qualquer candidato ou partido bens m\u00f3veis ou im\u00f3veis pertencentes \u00e0 administra\u00e7\u00e3o direta ou indireta do Estado\u201d.<\/p>\n<p>Este n\u00e3o \u00e9 o \u00fanico processo a que o governador de Roraima responde na Justi\u00e7a Eleitoral. Anchieta J\u00fanior \u00e9 acusado de compra de votos e abuso de poder econ\u00f4mico em outro processo ajuizado pelo Minist\u00e9rio P\u00fablico em Roraima. Neste segundo caso, dois ju\u00edzes votaram pela cassa\u00e7\u00e3o de seu mandato. O julgamento foi suspenso por pedido de vista e deve ser retomado na pr\u00f3xima quarta-feira (30\/11).<\/p>\n<p>(Com informa\u00e7\u00f5es do site Consultor Jur\u00eddico)<\/p>\n","protected":false},"excerpt":{"rendered":"<p>O Tribunal Superior Eleitoral decidir\u00e1, nesta ter\u00e7a-feira (29\/11), se mant\u00e9m a cassa\u00e7\u00e3o do governador de Roraima, Jos\u00e9 de Anchieta J\u00fanior [&hellip;]<\/p>\n","protected":false},"author":8,"featured_media":0,"comment_status":"open","ping_status":"open","sticky":false,"template":"","format":"standard","meta":{"site-sidebar-layout":"default","site-content-layout":"","ast-site-content-layout":"default","site-content-style":"default","site-sidebar-style":"default","ast-global-header-display":"","ast-banner-title-visibility":"","ast-main-header-display":"","ast-hfb-above-header-display":"","ast-hfb-below-header-display":"","ast-hfb-mobile-header-display":"","site-post-title":"","ast-breadcrumbs-content":"","ast-featured-img":"","footer-sml-layout":"","ast-disable-related-posts":"","theme-transparent-header-meta":"","adv-header-id-meta":"","stick-header-meta":"","header-above-stick-meta":"","header-main-stick-meta":"","header-below-stick-meta":"","astra-migrate-meta-layouts":"default","ast-page-background-enabled":"default","ast-page-background-meta":{"desktop":{"background-color":"var(--ast-global-color-5)","background-image":"","background-repeat":"repeat","background-position":"center center","background-size":"auto","background-attachment":"scroll","background-type":"","background-media":"","overlay-type":"","overlay-color":"","overlay-opacity":"","overlay-gradient":""},"tablet":{"background-color":"","background-image":"","background-repeat":"repeat","background-position":"center center","background-size":"auto","background-attachment":"scroll","background-type":"","background-media":"","overlay-type":"","overlay-color":"","overlay-opacity":"","overlay-gradient":""},"mobile":{"background-color":"","background-image":"","background-repeat":"repeat","background-position":"center center","background-size":"auto","background-attachment":"scroll","background-type":"","background-media":"","overlay-type":"","overlay-color":"","overlay-opacity":"","overlay-gradient":""}},"ast-content-background-meta":{"desktop":{"background-color":"var(--ast-global-color-4)","background-image":"","background-repeat":"repeat","background-position":"center center","background-size":"auto","background-attachment":"scroll","background-type":"","background-media":"","overlay-type":"","overlay-color":"","overlay-opacity":"","overlay-gradient":""},"tablet":{"background-color":"var(--ast-global-color-4)","background-image":"","background-repeat":"repeat","background-position":"center center","background-size":"auto","background-attachment":"scroll","background-type":"","background-media":"","overlay-type":"","overlay-color":"","overlay-opacity":"","overlay-gradient":""},"mobile":{"background-color":"var(--ast-global-color-4)","background-image":"","background-repeat":"repeat","background-position":"center center","background-size":"auto","background-attachment":"scroll","background-type":"","background-media":"","overlay-type":"","overlay-color":"","overlay-opacity":"","overlay-gradient":""}},"footnotes":""},"categories":[1],"tags":[],"class_list":["post-1682","post","type-post","status-publish","format-standard","hentry","category-sem-categoria"],"yoast_head":"<!-- This site is optimized with the Yoast SEO plugin v26.6 - https:\/\/yoast.com\/wordpress\/plugins\/seo\/ -->\n<title>TSE decide cassa\u00e7\u00e3o do governador de Roraima - Fl\u00e1vio Braga<\/title>\n<meta name=\"robots\" content=\"index, follow, max-snippet:-1, max-image-preview:large, max-video-preview:-1\" \/>\n<link rel=\"canonical\" href=\"https:\/\/www.blogsoestado.com\/flaviobraga\/tse-decide-cassacao-do-governador-de-roraima\/\" \/>\n<meta property=\"og:locale\" content=\"pt_BR\" \/>\n<meta property=\"og:type\" content=\"article\" \/>\n<meta property=\"og:title\" content=\"TSE decide cassa\u00e7\u00e3o do governador de Roraima - Fl\u00e1vio Braga\" \/>\n<meta property=\"og:description\" content=\"O Tribunal Superior Eleitoral decidir\u00e1, nesta ter\u00e7a-feira (29\/11), se mant\u00e9m a cassa\u00e7\u00e3o do governador de Roraima, Jos\u00e9 de Anchieta J\u00fanior [&hellip;]\" \/>\n<meta property=\"og:url\" content=\"https:\/\/www.blogsoestado.com\/flaviobraga\/tse-decide-cassacao-do-governador-de-roraima\/\" \/>\n<meta property=\"og:site_name\" content=\"Fl\u00e1vio Braga\" \/>\n<meta property=\"article:published_time\" content=\"2011-11-29T12:30:13+00:00\" \/>\n<meta name=\"author\" content=\"Flavio Braga\" \/>\n<meta name=\"twitter:card\" content=\"summary_large_image\" \/>\n<meta name=\"twitter:label1\" content=\"Escrito por\" \/>\n\t<meta name=\"twitter:data1\" content=\"Flavio Braga\" \/>\n\t<meta name=\"twitter:label2\" content=\"Est. tempo de leitura\" \/>\n\t<meta name=\"twitter:data2\" content=\"3 minutos\" \/>\n<script type=\"application\/ld+json\" class=\"yoast-schema-graph\">{\"@context\":\"https:\/\/schema.org\",\"@graph\":[{\"@type\":\"WebPage\",\"@id\":\"https:\/\/www.blogsoestado.com\/flaviobraga\/tse-decide-cassacao-do-governador-de-roraima\/\",\"url\":\"https:\/\/www.blogsoestado.com\/flaviobraga\/tse-decide-cassacao-do-governador-de-roraima\/\",\"name\":\"TSE decide cassa\u00e7\u00e3o do governador de Roraima - Fl\u00e1vio Braga\",\"isPartOf\":{\"@id\":\"https:\/\/www.blogsoestado.com\/flaviobraga\/#website\"},\"datePublished\":\"2011-11-29T12:30:13+00:00\",\"author\":{\"@id\":\"https:\/\/www.blogsoestado.com\/flaviobraga\/#\/schema\/person\/6c6c778331775c757a82d15206bd8733\"},\"breadcrumb\":{\"@id\":\"https:\/\/www.blogsoestado.com\/flaviobraga\/tse-decide-cassacao-do-governador-de-roraima\/#breadcrumb\"},\"inLanguage\":\"pt-BR\",\"potentialAction\":[{\"@type\":\"ReadAction\",\"target\":[\"https:\/\/www.blogsoestado.com\/flaviobraga\/tse-decide-cassacao-do-governador-de-roraima\/\"]}]},{\"@type\":\"BreadcrumbList\",\"@id\":\"https:\/\/www.blogsoestado.com\/flaviobraga\/tse-decide-cassacao-do-governador-de-roraima\/#breadcrumb\",\"itemListElement\":[{\"@type\":\"ListItem\",\"position\":1,\"name\":\"In\u00edcio\",\"item\":\"https:\/\/www.blogsoestado.com\/flaviobraga\/\"},{\"@type\":\"ListItem\",\"position\":2,\"name\":\"TSE decide cassa\u00e7\u00e3o do governador de Roraima\"}]},{\"@type\":\"WebSite\",\"@id\":\"https:\/\/www.blogsoestado.com\/flaviobraga\/#website\",\"url\":\"https:\/\/www.blogsoestado.com\/flaviobraga\/\",\"name\":\"Fl\u00e1vio Braga\",\"description\":\"\",\"potentialAction\":[{\"@type\":\"SearchAction\",\"target\":{\"@type\":\"EntryPoint\",\"urlTemplate\":\"https:\/\/www.blogsoestado.com\/flaviobraga\/?s={search_term_string}\"},\"query-input\":{\"@type\":\"PropertyValueSpecification\",\"valueRequired\":true,\"valueName\":\"search_term_string\"}}],\"inLanguage\":\"pt-BR\"},{\"@type\":\"Person\",\"@id\":\"https:\/\/www.blogsoestado.com\/flaviobraga\/#\/schema\/person\/6c6c778331775c757a82d15206bd8733\",\"name\":\"Flavio Braga\",\"image\":{\"@type\":\"ImageObject\",\"inLanguage\":\"pt-BR\",\"@id\":\"https:\/\/www.blogsoestado.com\/flaviobraga\/#\/schema\/person\/image\/\",\"url\":\"https:\/\/secure.gravatar.com\/avatar\/ab173937dad8d78195c87778be8a0285d069ede375ce0ae24aac1cf8e58ccb2c?s=96&d=mm&r=g\",\"contentUrl\":\"https:\/\/secure.gravatar.com\/avatar\/ab173937dad8d78195c87778be8a0285d069ede375ce0ae24aac1cf8e58ccb2c?s=96&d=mm&r=g\",\"caption\":\"Flavio Braga\"},\"url\":\"https:\/\/www.blogsoestado.com\/flaviobraga\/author\/flaviobraga\/\"}]}<\/script>\n<!-- \/ Yoast SEO plugin. -->","yoast_head_json":{"title":"TSE decide cassa\u00e7\u00e3o do governador de Roraima - Fl\u00e1vio Braga","robots":{"index":"index","follow":"follow","max-snippet":"max-snippet:-1","max-image-preview":"max-image-preview:large","max-video-preview":"max-video-preview:-1"},"canonical":"https:\/\/www.blogsoestado.com\/flaviobraga\/tse-decide-cassacao-do-governador-de-roraima\/","og_locale":"pt_BR","og_type":"article","og_title":"TSE decide cassa\u00e7\u00e3o do governador de Roraima - Fl\u00e1vio Braga","og_description":"O Tribunal Superior Eleitoral decidir\u00e1, nesta ter\u00e7a-feira (29\/11), se mant\u00e9m a cassa\u00e7\u00e3o do governador de Roraima, Jos\u00e9 de Anchieta J\u00fanior [&hellip;]","og_url":"https:\/\/www.blogsoestado.com\/flaviobraga\/tse-decide-cassacao-do-governador-de-roraima\/","og_site_name":"Fl\u00e1vio Braga","article_published_time":"2011-11-29T12:30:13+00:00","author":"Flavio Braga","twitter_card":"summary_large_image","twitter_misc":{"Escrito por":"Flavio Braga","Est. tempo de leitura":"3 minutos"},"schema":{"@context":"https:\/\/schema.org","@graph":[{"@type":"WebPage","@id":"https:\/\/www.blogsoestado.com\/flaviobraga\/tse-decide-cassacao-do-governador-de-roraima\/","url":"https:\/\/www.blogsoestado.com\/flaviobraga\/tse-decide-cassacao-do-governador-de-roraima\/","name":"TSE decide cassa\u00e7\u00e3o do governador de Roraima - Fl\u00e1vio Braga","isPartOf":{"@id":"https:\/\/www.blogsoestado.com\/flaviobraga\/#website"},"datePublished":"2011-11-29T12:30:13+00:00","author":{"@id":"https:\/\/www.blogsoestado.com\/flaviobraga\/#\/schema\/person\/6c6c778331775c757a82d15206bd8733"},"breadcrumb":{"@id":"https:\/\/www.blogsoestado.com\/flaviobraga\/tse-decide-cassacao-do-governador-de-roraima\/#breadcrumb"},"inLanguage":"pt-BR","potentialAction":[{"@type":"ReadAction","target":["https:\/\/www.blogsoestado.com\/flaviobraga\/tse-decide-cassacao-do-governador-de-roraima\/"]}]},{"@type":"BreadcrumbList","@id":"https:\/\/www.blogsoestado.com\/flaviobraga\/tse-decide-cassacao-do-governador-de-roraima\/#breadcrumb","itemListElement":[{"@type":"ListItem","position":1,"name":"In\u00edcio","item":"https:\/\/www.blogsoestado.com\/flaviobraga\/"},{"@type":"ListItem","position":2,"name":"TSE decide cassa\u00e7\u00e3o do governador de Roraima"}]},{"@type":"WebSite","@id":"https:\/\/www.blogsoestado.com\/flaviobraga\/#website","url":"https:\/\/www.blogsoestado.com\/flaviobraga\/","name":"Fl\u00e1vio Braga","description":"","potentialAction":[{"@type":"SearchAction","target":{"@type":"EntryPoint","urlTemplate":"https:\/\/www.blogsoestado.com\/flaviobraga\/?s={search_term_string}"},"query-input":{"@type":"PropertyValueSpecification","valueRequired":true,"valueName":"search_term_string"}}],"inLanguage":"pt-BR"},{"@type":"Person","@id":"https:\/\/www.blogsoestado.com\/flaviobraga\/#\/schema\/person\/6c6c778331775c757a82d15206bd8733","name":"Flavio Braga","image":{"@type":"ImageObject","inLanguage":"pt-BR","@id":"https:\/\/www.blogsoestado.com\/flaviobraga\/#\/schema\/person\/image\/","url":"https:\/\/secure.gravatar.com\/avatar\/ab173937dad8d78195c87778be8a0285d069ede375ce0ae24aac1cf8e58ccb2c?s=96&d=mm&r=g","contentUrl":"https:\/\/secure.gravatar.com\/avatar\/ab173937dad8d78195c87778be8a0285d069ede375ce0ae24aac1cf8e58ccb2c?s=96&d=mm&r=g","caption":"Flavio Braga"},"url":"https:\/\/www.blogsoestado.com\/flaviobraga\/author\/flaviobraga\/"}]}},"jetpack_featured_media_url":"","_links":{"self":[{"href":"https:\/\/www.blogsoestado.com\/flaviobraga\/wp-json\/wp\/v2\/posts\/1682","targetHints":{"allow":["GET"]}}],"collection":[{"href":"https:\/\/www.blogsoestado.com\/flaviobraga\/wp-json\/wp\/v2\/posts"}],"about":[{"href":"https:\/\/www.blogsoestado.com\/flaviobraga\/wp-json\/wp\/v2\/types\/post"}],"author":[{"embeddable":true,"href":"https:\/\/www.blogsoestado.com\/flaviobraga\/wp-json\/wp\/v2\/users\/8"}],"replies":[{"embeddable":true,"href":"https:\/\/www.blogsoestado.com\/flaviobraga\/wp-json\/wp\/v2\/comments?post=1682"}],"version-history":[{"count":0,"href":"https:\/\/www.blogsoestado.com\/flaviobraga\/wp-json\/wp\/v2\/posts\/1682\/revisions"}],"wp:attachment":[{"href":"https:\/\/www.blogsoestado.com\/flaviobraga\/wp-json\/wp\/v2\/media?parent=1682"}],"wp:term":[{"taxonomy":"category","embeddable":true,"href":"https:\/\/www.blogsoestado.com\/flaviobraga\/wp-json\/wp\/v2\/categories?post=1682"},{"taxonomy":"post_tag","embeddable":true,"href":"https:\/\/www.blogsoestado.com\/flaviobraga\/wp-json\/wp\/v2\/tags?post=1682"}],"curies":[{"name":"wp","href":"https:\/\/api.w.org\/{rel}","templated":true}]}}