{"id":1684,"date":"2011-11-30T09:51:11","date_gmt":"2011-11-30T11:51:11","guid":{"rendered":"https:\/\/www.blogsoestado.com\/flaviobraga\/?p=1684"},"modified":"2011-11-30T09:51:11","modified_gmt":"2011-11-30T11:51:11","slug":"lei-da-ficha-limpa-volta-para-a-pauta-do-supremo","status":"publish","type":"post","link":"https:\/\/www.blogsoestado.com\/flaviobraga\/lei-da-ficha-limpa-volta-para-a-pauta-do-supremo\/","title":{"rendered":"Lei da Ficha Limpa volta para a pauta do Supremo"},"content":{"rendered":"<p>O Supremo Tribunal Federal deve definir nesta quarta-feira (30\/11) o alcance da aplica\u00e7\u00e3o da Lei da Ficha Limpa para as elei\u00e7\u00f5es do ano que vem. O ministro Joaquim Barbosa j\u00e1 concluiu seu voto sobre a mat\u00e9ria e o presidente do STF, ministro Cezar Peluso, incluiu na pauta de julgamentos desta quarta-feira as tr\u00eas a\u00e7\u00f5es que tratam do tema.<\/p>\n<p>O julgamento para definir o alcance da Lei Complementar 135\/10, conhecida como Lei da Ficha Limpa, foi suspenso h\u00e1 tr\u00eas semanas por pedido de vista do ministro Joaquim Barbosa, depois do voto do ministro Luiz Fux, relator das a\u00e7\u00f5es.<\/p>\n<p>Na ocasi\u00e3o, Barbosa disse que traria o voto somente depois da posse da nova ministra do tribunal, Rosa Maria Weber, para evitar novos impasses, comuns quando se trata da Lei da Ficha Limpa. Mas o ministro Joaquim Barbosa decidiu n\u00e3o esperar e concluiu seu voto na \u00faltima semana. Com isso, ser\u00e1 poss\u00edvel ao Supremo definir os limites da lei ainda este ano.<\/p>\n<p>Em seu voto, o ministro Luiz Fux fixou que a lei se aplica aos pol\u00edticos condenados antes de sua entrada em vigor e n\u00e3o fere o princ\u00edpio constitucional da presun\u00e7\u00e3o de inoc\u00eancia, segundo o qual ningu\u00e9m ser\u00e1 considerado culpado at\u00e9 decis\u00e3o judicial definitiva. Esse foi o principal ponto do voto do ministro ao votar pela constitucionalidade da norma que impede a candidatura de pol\u00edticos condenados por decis\u00e3o de \u00f3rg\u00e3os judiciais colegiados.<\/p>\n<p>De acordo com Luiz Fux, a lei \u201cn\u00e3o viola o princ\u00edpio constitucional da irretroatividade das leis\u201d. Para o ministro, \u201co indiv\u00edduo que tenciona concorrer a cargo eletivo deve aderir ao estatuto jur\u00eddico eleitoral\u201d. Ou seja, os crit\u00e9rios para conceder o registro da candidatura s\u00e3o aferidos no momento do pedido do registro e, neste momento, deve ser levada em conta a vida pregressa do candidato, como prev\u00ea a Constitui\u00e7\u00e3o.<\/p>\n<p>O ministro afirmou tamb\u00e9m que os novos prazos da Lei da Ficha Limpa se aplicam mesmo nos casos em que o candidato j\u00e1 foi atingido pela inelegibilidade da lei anterior. \u201cA imposi\u00e7\u00e3o de um novo requisito negativo para que o cidad\u00e3o possa se candidatar a cargo eletivo que n\u00e3o se confunde com agravamento de pena\u201d, disse.<\/p>\n<p>Em seu voto de 40 p\u00e1ginas, que leu por pouco mais de duas horas, Fux sustentou que n\u00e3o h\u00e1 direito adquirido sobre garantia constitucional e que a lei encontra lastro no princ\u00edpio da seguran\u00e7a jur\u00eddica. Segundo ele, \u201ca presun\u00e7\u00e3o constitucional de inoc\u00eancia n\u00e3o pode configurar \u00f3bice \u00e0 aplica\u00e7\u00e3o da Lei Complementar 135\u201d.<\/p>\n<p>O relator tamb\u00e9m sustentou que a regra constitucional que pro\u00edbe a suspensa\u00f5 de direitos pol\u00edticos antes de condena\u00e7\u00e3o definitiva diz respeito a decis\u00f5es penais: \u201cA presun\u00e7\u00e3o de inoc\u00eancia sempre tida como absoluta, pode e deve ser relativizada para fins eleitorais\u201d. Fux ainda ressaltou que a lei \u201cn\u00e3o est\u00e1 a servi\u00e7o de persegui\u00e7\u00f5es pol\u00edticas\u201d e que \u201ctodas as causas de inelegibilidade cont\u00eam importante conte\u00fado de reprova\u00e7\u00e3o social\u201d. Por isso, devem ser levadas em conta pelo Poder Judici\u00e1rio.<\/p>\n<p>Luiz Fux fez apenas duas ressalvas em rela\u00e7\u00e3o \u00e0 lei.<\/p>\n<p>Para ele, o artigo 1\u00ba, inciso I, al\u00ednea \u201ce\u201d deve ser alvo do que se chama de interpreta\u00e7\u00e3o conforme pelo Supremo. Ou seja, n\u00e3o ser\u00e1 julgada inconstitucional, mas ser\u00e1 modificada a partir da leitura dos ministros sobre a regra. De acordo com a al\u00ednea, ficam ineleg\u00edveis &#8220;os que forem condenados, em decis\u00e3o transitada em julgado ou proferida por \u00f3rg\u00e3o judicial colegiado, desde a condena\u00e7\u00e3o at\u00e9 o transcurso do prazo de 8 (oito) anos ap\u00f3s o cumprimento da pena&#8221;. O ministro prop\u00f4s que o per\u00edodo entre a decis\u00e3o que o tornou ineleg\u00edvel e o tr\u00e2nsito em julgado da decis\u00e3o seja subtra\u00eddo do prazo de inelegibilidade previsto na lei.<\/p>\n<p>A segunda ressalva diz respeito aos pol\u00edticos que renunciam aos cargos para escapar de responder a processo de cassa\u00e7\u00e3o. Pela lei, a ren\u00fancia para escapar do processo torna o pol\u00edtico ineleg\u00edvel por oito anos. Na vis\u00e3o de Fux, s\u00f3 podem ser impedidos de concorrer os que renunciarem depois de aberto processo que pode culminar com a cassa\u00e7\u00e3o do mandato. Por essa interpreta\u00e7\u00e3o, Jader Barbalho, por exemplo, n\u00e3o teria sido declarado ineleg\u00edvel.<\/p>\n","protected":false},"excerpt":{"rendered":"<p>O Supremo Tribunal Federal deve definir nesta quarta-feira (30\/11) o alcance da aplica\u00e7\u00e3o da Lei da Ficha Limpa para as [&hellip;]<\/p>\n","protected":false},"author":8,"featured_media":0,"comment_status":"open","ping_status":"open","sticky":false,"template":"","format":"standard","meta":{"site-sidebar-layout":"default","site-content-layout":"","ast-site-content-layout":"default","site-content-style":"default","site-sidebar-style":"default","ast-global-header-display":"","ast-banner-title-visibility":"","ast-main-header-display":"","ast-hfb-above-header-display":"","ast-hfb-below-header-display":"","ast-hfb-mobile-header-display":"","site-post-title":"","ast-breadcrumbs-content":"","ast-featured-img":"","footer-sml-layout":"","ast-disable-related-posts":"","theme-transparent-header-meta":"","adv-header-id-meta":"","stick-header-meta":"","header-above-stick-meta":"","header-main-stick-meta":"","header-below-stick-meta":"","astra-migrate-meta-layouts":"default","ast-page-background-enabled":"default","ast-page-background-meta":{"desktop":{"background-color":"var(--ast-global-color-5)","background-image":"","background-repeat":"repeat","background-position":"center center","background-size":"auto","background-attachment":"scroll","background-type":"","background-media":"","overlay-type":"","overlay-color":"","overlay-opacity":"","overlay-gradient":""},"tablet":{"background-color":"","background-image":"","background-repeat":"repeat","background-position":"center center","background-size":"auto","background-attachment":"scroll","background-type":"","background-media":"","overlay-type":"","overlay-color":"","overlay-opacity":"","overlay-gradient":""},"mobile":{"background-color":"","background-image":"","background-repeat":"repeat","background-position":"center center","background-size":"auto","background-attachment":"scroll","background-type":"","background-media":"","overlay-type":"","overlay-color":"","overlay-opacity":"","overlay-gradient":""}},"ast-content-background-meta":{"desktop":{"background-color":"var(--ast-global-color-4)","background-image":"","background-repeat":"repeat","background-position":"center center","background-size":"auto","background-attachment":"scroll","background-type":"","background-media":"","overlay-type":"","overlay-color":"","overlay-opacity":"","overlay-gradient":""},"tablet":{"background-color":"var(--ast-global-color-4)","background-image":"","background-repeat":"repeat","background-position":"center center","background-size":"auto","background-attachment":"scroll","background-type":"","background-media":"","overlay-type":"","overlay-color":"","overlay-opacity":"","overlay-gradient":""},"mobile":{"background-color":"var(--ast-global-color-4)","background-image":"","background-repeat":"repeat","background-position":"center center","background-size":"auto","background-attachment":"scroll","background-type":"","background-media":"","overlay-type":"","overlay-color":"","overlay-opacity":"","overlay-gradient":""}},"footnotes":""},"categories":[1],"tags":[],"class_list":["post-1684","post","type-post","status-publish","format-standard","hentry","category-sem-categoria"],"yoast_head":"<!-- This site is optimized with the Yoast SEO plugin v26.6 - https:\/\/yoast.com\/wordpress\/plugins\/seo\/ -->\n<title>Lei da Ficha Limpa volta para a pauta do Supremo - Fl\u00e1vio Braga<\/title>\n<meta name=\"robots\" content=\"index, follow, max-snippet:-1, max-image-preview:large, max-video-preview:-1\" \/>\n<link rel=\"canonical\" href=\"https:\/\/www.blogsoestado.com\/flaviobraga\/lei-da-ficha-limpa-volta-para-a-pauta-do-supremo\/\" \/>\n<meta property=\"og:locale\" content=\"pt_BR\" \/>\n<meta property=\"og:type\" content=\"article\" \/>\n<meta property=\"og:title\" content=\"Lei da Ficha Limpa volta para a pauta do Supremo - Fl\u00e1vio Braga\" \/>\n<meta property=\"og:description\" content=\"O Supremo Tribunal Federal deve definir nesta quarta-feira (30\/11) o alcance da aplica\u00e7\u00e3o da Lei da Ficha Limpa para as [&hellip;]\" \/>\n<meta property=\"og:url\" content=\"https:\/\/www.blogsoestado.com\/flaviobraga\/lei-da-ficha-limpa-volta-para-a-pauta-do-supremo\/\" \/>\n<meta property=\"og:site_name\" content=\"Fl\u00e1vio Braga\" \/>\n<meta property=\"article:published_time\" content=\"2011-11-30T11:51:11+00:00\" \/>\n<meta name=\"author\" content=\"Flavio Braga\" \/>\n<meta name=\"twitter:card\" content=\"summary_large_image\" \/>\n<meta name=\"twitter:label1\" content=\"Escrito por\" \/>\n\t<meta name=\"twitter:data1\" content=\"Flavio Braga\" \/>\n\t<meta name=\"twitter:label2\" content=\"Est. tempo de leitura\" \/>\n\t<meta name=\"twitter:data2\" content=\"4 minutos\" \/>\n<script type=\"application\/ld+json\" class=\"yoast-schema-graph\">{\"@context\":\"https:\/\/schema.org\",\"@graph\":[{\"@type\":\"WebPage\",\"@id\":\"https:\/\/www.blogsoestado.com\/flaviobraga\/lei-da-ficha-limpa-volta-para-a-pauta-do-supremo\/\",\"url\":\"https:\/\/www.blogsoestado.com\/flaviobraga\/lei-da-ficha-limpa-volta-para-a-pauta-do-supremo\/\",\"name\":\"Lei da Ficha Limpa volta para a pauta do Supremo - Fl\u00e1vio Braga\",\"isPartOf\":{\"@id\":\"https:\/\/www.blogsoestado.com\/flaviobraga\/#website\"},\"datePublished\":\"2011-11-30T11:51:11+00:00\",\"author\":{\"@id\":\"https:\/\/www.blogsoestado.com\/flaviobraga\/#\/schema\/person\/6c6c778331775c757a82d15206bd8733\"},\"breadcrumb\":{\"@id\":\"https:\/\/www.blogsoestado.com\/flaviobraga\/lei-da-ficha-limpa-volta-para-a-pauta-do-supremo\/#breadcrumb\"},\"inLanguage\":\"pt-BR\",\"potentialAction\":[{\"@type\":\"ReadAction\",\"target\":[\"https:\/\/www.blogsoestado.com\/flaviobraga\/lei-da-ficha-limpa-volta-para-a-pauta-do-supremo\/\"]}]},{\"@type\":\"BreadcrumbList\",\"@id\":\"https:\/\/www.blogsoestado.com\/flaviobraga\/lei-da-ficha-limpa-volta-para-a-pauta-do-supremo\/#breadcrumb\",\"itemListElement\":[{\"@type\":\"ListItem\",\"position\":1,\"name\":\"In\u00edcio\",\"item\":\"https:\/\/www.blogsoestado.com\/flaviobraga\/\"},{\"@type\":\"ListItem\",\"position\":2,\"name\":\"Lei da Ficha Limpa volta para a pauta do Supremo\"}]},{\"@type\":\"WebSite\",\"@id\":\"https:\/\/www.blogsoestado.com\/flaviobraga\/#website\",\"url\":\"https:\/\/www.blogsoestado.com\/flaviobraga\/\",\"name\":\"Fl\u00e1vio Braga\",\"description\":\"\",\"potentialAction\":[{\"@type\":\"SearchAction\",\"target\":{\"@type\":\"EntryPoint\",\"urlTemplate\":\"https:\/\/www.blogsoestado.com\/flaviobraga\/?s={search_term_string}\"},\"query-input\":{\"@type\":\"PropertyValueSpecification\",\"valueRequired\":true,\"valueName\":\"search_term_string\"}}],\"inLanguage\":\"pt-BR\"},{\"@type\":\"Person\",\"@id\":\"https:\/\/www.blogsoestado.com\/flaviobraga\/#\/schema\/person\/6c6c778331775c757a82d15206bd8733\",\"name\":\"Flavio Braga\",\"image\":{\"@type\":\"ImageObject\",\"inLanguage\":\"pt-BR\",\"@id\":\"https:\/\/www.blogsoestado.com\/flaviobraga\/#\/schema\/person\/image\/\",\"url\":\"https:\/\/secure.gravatar.com\/avatar\/ab173937dad8d78195c87778be8a0285d069ede375ce0ae24aac1cf8e58ccb2c?s=96&d=mm&r=g\",\"contentUrl\":\"https:\/\/secure.gravatar.com\/avatar\/ab173937dad8d78195c87778be8a0285d069ede375ce0ae24aac1cf8e58ccb2c?s=96&d=mm&r=g\",\"caption\":\"Flavio Braga\"},\"url\":\"https:\/\/www.blogsoestado.com\/flaviobraga\/author\/flaviobraga\/\"}]}<\/script>\n<!-- \/ Yoast SEO plugin. -->","yoast_head_json":{"title":"Lei da Ficha Limpa volta para a pauta do Supremo - Fl\u00e1vio Braga","robots":{"index":"index","follow":"follow","max-snippet":"max-snippet:-1","max-image-preview":"max-image-preview:large","max-video-preview":"max-video-preview:-1"},"canonical":"https:\/\/www.blogsoestado.com\/flaviobraga\/lei-da-ficha-limpa-volta-para-a-pauta-do-supremo\/","og_locale":"pt_BR","og_type":"article","og_title":"Lei da Ficha Limpa volta para a pauta do Supremo - Fl\u00e1vio Braga","og_description":"O Supremo Tribunal Federal deve definir nesta quarta-feira (30\/11) o alcance da aplica\u00e7\u00e3o da Lei da Ficha Limpa para as [&hellip;]","og_url":"https:\/\/www.blogsoestado.com\/flaviobraga\/lei-da-ficha-limpa-volta-para-a-pauta-do-supremo\/","og_site_name":"Fl\u00e1vio Braga","article_published_time":"2011-11-30T11:51:11+00:00","author":"Flavio Braga","twitter_card":"summary_large_image","twitter_misc":{"Escrito por":"Flavio Braga","Est. tempo de leitura":"4 minutos"},"schema":{"@context":"https:\/\/schema.org","@graph":[{"@type":"WebPage","@id":"https:\/\/www.blogsoestado.com\/flaviobraga\/lei-da-ficha-limpa-volta-para-a-pauta-do-supremo\/","url":"https:\/\/www.blogsoestado.com\/flaviobraga\/lei-da-ficha-limpa-volta-para-a-pauta-do-supremo\/","name":"Lei da Ficha Limpa volta para a pauta do Supremo - Fl\u00e1vio Braga","isPartOf":{"@id":"https:\/\/www.blogsoestado.com\/flaviobraga\/#website"},"datePublished":"2011-11-30T11:51:11+00:00","author":{"@id":"https:\/\/www.blogsoestado.com\/flaviobraga\/#\/schema\/person\/6c6c778331775c757a82d15206bd8733"},"breadcrumb":{"@id":"https:\/\/www.blogsoestado.com\/flaviobraga\/lei-da-ficha-limpa-volta-para-a-pauta-do-supremo\/#breadcrumb"},"inLanguage":"pt-BR","potentialAction":[{"@type":"ReadAction","target":["https:\/\/www.blogsoestado.com\/flaviobraga\/lei-da-ficha-limpa-volta-para-a-pauta-do-supremo\/"]}]},{"@type":"BreadcrumbList","@id":"https:\/\/www.blogsoestado.com\/flaviobraga\/lei-da-ficha-limpa-volta-para-a-pauta-do-supremo\/#breadcrumb","itemListElement":[{"@type":"ListItem","position":1,"name":"In\u00edcio","item":"https:\/\/www.blogsoestado.com\/flaviobraga\/"},{"@type":"ListItem","position":2,"name":"Lei da Ficha Limpa volta para a pauta do Supremo"}]},{"@type":"WebSite","@id":"https:\/\/www.blogsoestado.com\/flaviobraga\/#website","url":"https:\/\/www.blogsoestado.com\/flaviobraga\/","name":"Fl\u00e1vio Braga","description":"","potentialAction":[{"@type":"SearchAction","target":{"@type":"EntryPoint","urlTemplate":"https:\/\/www.blogsoestado.com\/flaviobraga\/?s={search_term_string}"},"query-input":{"@type":"PropertyValueSpecification","valueRequired":true,"valueName":"search_term_string"}}],"inLanguage":"pt-BR"},{"@type":"Person","@id":"https:\/\/www.blogsoestado.com\/flaviobraga\/#\/schema\/person\/6c6c778331775c757a82d15206bd8733","name":"Flavio Braga","image":{"@type":"ImageObject","inLanguage":"pt-BR","@id":"https:\/\/www.blogsoestado.com\/flaviobraga\/#\/schema\/person\/image\/","url":"https:\/\/secure.gravatar.com\/avatar\/ab173937dad8d78195c87778be8a0285d069ede375ce0ae24aac1cf8e58ccb2c?s=96&d=mm&r=g","contentUrl":"https:\/\/secure.gravatar.com\/avatar\/ab173937dad8d78195c87778be8a0285d069ede375ce0ae24aac1cf8e58ccb2c?s=96&d=mm&r=g","caption":"Flavio Braga"},"url":"https:\/\/www.blogsoestado.com\/flaviobraga\/author\/flaviobraga\/"}]}},"jetpack_featured_media_url":"","_links":{"self":[{"href":"https:\/\/www.blogsoestado.com\/flaviobraga\/wp-json\/wp\/v2\/posts\/1684","targetHints":{"allow":["GET"]}}],"collection":[{"href":"https:\/\/www.blogsoestado.com\/flaviobraga\/wp-json\/wp\/v2\/posts"}],"about":[{"href":"https:\/\/www.blogsoestado.com\/flaviobraga\/wp-json\/wp\/v2\/types\/post"}],"author":[{"embeddable":true,"href":"https:\/\/www.blogsoestado.com\/flaviobraga\/wp-json\/wp\/v2\/users\/8"}],"replies":[{"embeddable":true,"href":"https:\/\/www.blogsoestado.com\/flaviobraga\/wp-json\/wp\/v2\/comments?post=1684"}],"version-history":[{"count":0,"href":"https:\/\/www.blogsoestado.com\/flaviobraga\/wp-json\/wp\/v2\/posts\/1684\/revisions"}],"wp:attachment":[{"href":"https:\/\/www.blogsoestado.com\/flaviobraga\/wp-json\/wp\/v2\/media?parent=1684"}],"wp:term":[{"taxonomy":"category","embeddable":true,"href":"https:\/\/www.blogsoestado.com\/flaviobraga\/wp-json\/wp\/v2\/categories?post=1684"},{"taxonomy":"post_tag","embeddable":true,"href":"https:\/\/www.blogsoestado.com\/flaviobraga\/wp-json\/wp\/v2\/tags?post=1684"}],"curies":[{"name":"wp","href":"https:\/\/api.w.org\/{rel}","templated":true}]}}