{"id":1687,"date":"2011-12-01T11:47:51","date_gmt":"2011-12-01T13:47:51","guid":{"rendered":"https:\/\/www.blogsoestado.com\/flaviobraga\/?p=1687"},"modified":"2011-12-01T11:47:51","modified_gmt":"2011-12-01T13:47:51","slug":"tre-sp-aplica-primeira-multa-de-propaganda-antecipada-para-eleicoes-2012","status":"publish","type":"post","link":"https:\/\/www.blogsoestado.com\/flaviobraga\/tre-sp-aplica-primeira-multa-de-propaganda-antecipada-para-eleicoes-2012\/","title":{"rendered":"TRE-SP aplica primeira multa de propaganda antecipada para Elei\u00e7\u00f5es 2012"},"content":{"rendered":"<p>Na sess\u00e3o plen\u00e1ria da \u00faltima ter\u00e7a-feira (29), o Tribunal Regional Eleitoral de S\u00e3o Paulo (TRE-SP) julgou o primeiro caso de propaganda antecipada para as Elei\u00e7\u00f5es 2012 e manteve a multa de R$ 5 mil ao pr\u00e9-candidato a prefeito Carlos Zacardi, no munic\u00edpio de Barueri, por realiza\u00e7\u00e3o de propaganda antecipada na imprensa escrita.<\/p>\n<p>\u00a0O grupo\u00a0New Star Comunica\u00e7\u00f5es Ltda tamb\u00e9m foi multado no mesmo valor.<\/p>\n<p>De acordo com o julgamento, que negou provimento ao recurso de Zacardi por vota\u00e7\u00e3o un\u00e2nime e manteve a decis\u00e3o do juiz de primeiro grau, a propaganda irregular foi feita por meio de entrevista veiculada na revista A Cidade, edi\u00e7\u00e3o de fevereiro de 2011, com foto do pr\u00e9-candidato na capa e alus\u00f5es a sua experi\u00eancia como administrador da cidade.<\/p>\n<p>\u00a0Para o juiz relator, Fl\u00e1vio Yarshell, &#8220;a mat\u00e9ria ficou fora de padr\u00f5es estritamente jornal\u00edsticos, tem contornos de clara propaganda antecipada, conclama potenciais eleitores \u00e0 ades\u00e3o pelo voto e, nessa medida, \u00e9 fator de desequil\u00edbrio, a prejudicar a legitimidade do futuro pleito\u201d. \u00a0<\/p>\n<p>Em seu voto, o magistrado lembrou que o tema foi &#8220;intensamente debatido&#8221; por este regional e pelo Tribunal Superior Eleitoral (TSE) na elei\u00e7\u00e3o municipal de 2008, culminando com uma altera\u00e7\u00e3o normativa e a edi\u00e7\u00e3o de resolu\u00e7\u00e3o sobre o tema pelo TSE, permitindo a realiza\u00e7\u00e3o de entrevistas com divulga\u00e7\u00e3o de plataformas e projetos pol\u00edticos.<\/p>\n<p>\u00a0Mas, no caso em an\u00e1lise, &#8220;a veicula\u00e7\u00e3o foi muito al\u00e9m do simples exerc\u00edcio da liberdade de express\u00e3o ou do papel a ser desempenhado pela imprensa em per\u00edodo pr\u00e9-eleitoral&#8221;, ressaltou o juiz.<\/p>\n<p>\u00a0<em>Fonte: Assessoria de Comunica\u00e7\u00e3o Social TRE-SP<\/em><\/p>\n","protected":false},"excerpt":{"rendered":"<p>Na sess\u00e3o plen\u00e1ria da \u00faltima ter\u00e7a-feira (29), o Tribunal Regional Eleitoral de S\u00e3o Paulo (TRE-SP) julgou o primeiro caso de [&hellip;]<\/p>\n","protected":false},"author":8,"featured_media":0,"comment_status":"open","ping_status":"open","sticky":false,"template":"","format":"standard","meta":{"site-sidebar-layout":"default","site-content-layout":"","ast-site-content-layout":"default","site-content-style":"default","site-sidebar-style":"default","ast-global-header-display":"","ast-banner-title-visibility":"","ast-main-header-display":"","ast-hfb-above-header-display":"","ast-hfb-below-header-display":"","ast-hfb-mobile-header-display":"","site-post-title":"","ast-breadcrumbs-content":"","ast-featured-img":"","footer-sml-layout":"","ast-disable-related-posts":"","theme-transparent-header-meta":"","adv-header-id-meta":"","stick-header-meta":"","header-above-stick-meta":"","header-main-stick-meta":"","header-below-stick-meta":"","astra-migrate-meta-layouts":"default","ast-page-background-enabled":"default","ast-page-background-meta":{"desktop":{"background-color":"var(--ast-global-color-5)","background-image":"","background-repeat":"repeat","background-position":"center center","background-size":"auto","background-attachment":"scroll","background-type":"","background-media":"","overlay-type":"","overlay-color":"","overlay-opacity":"","overlay-gradient":""},"tablet":{"background-color":"","background-image":"","background-repeat":"repeat","background-position":"center center","background-size":"auto","background-attachment":"scroll","background-type":"","background-media":"","overlay-type":"","overlay-color":"","overlay-opacity":"","overlay-gradient":""},"mobile":{"background-color":"","background-image":"","background-repeat":"repeat","background-position":"center center","background-size":"auto","background-attachment":"scroll","background-type":"","background-media":"","overlay-type":"","overlay-color":"","overlay-opacity":"","overlay-gradient":""}},"ast-content-background-meta":{"desktop":{"background-color":"var(--ast-global-color-4)","background-image":"","background-repeat":"repeat","background-position":"center center","background-size":"auto","background-attachment":"scroll","background-type":"","background-media":"","overlay-type":"","overlay-color":"","overlay-opacity":"","overlay-gradient":""},"tablet":{"background-color":"var(--ast-global-color-4)","background-image":"","background-repeat":"repeat","background-position":"center center","background-size":"auto","background-attachment":"scroll","background-type":"","background-media":"","overlay-type":"","overlay-color":"","overlay-opacity":"","overlay-gradient":""},"mobile":{"background-color":"var(--ast-global-color-4)","background-image":"","background-repeat":"repeat","background-position":"center center","background-size":"auto","background-attachment":"scroll","background-type":"","background-media":"","overlay-type":"","overlay-color":"","overlay-opacity":"","overlay-gradient":""}},"footnotes":""},"categories":[1],"tags":[],"class_list":["post-1687","post","type-post","status-publish","format-standard","hentry","category-sem-categoria"],"yoast_head":"<!-- This site is optimized with the Yoast SEO plugin v26.6 - https:\/\/yoast.com\/wordpress\/plugins\/seo\/ -->\n<title>TRE-SP aplica primeira multa de propaganda antecipada para Elei\u00e7\u00f5es 2012 - Fl\u00e1vio Braga<\/title>\n<meta name=\"robots\" content=\"index, follow, max-snippet:-1, max-image-preview:large, max-video-preview:-1\" \/>\n<link rel=\"canonical\" href=\"https:\/\/www.blogsoestado.com\/flaviobraga\/tre-sp-aplica-primeira-multa-de-propaganda-antecipada-para-eleicoes-2012\/\" \/>\n<meta property=\"og:locale\" content=\"pt_BR\" \/>\n<meta property=\"og:type\" content=\"article\" \/>\n<meta property=\"og:title\" content=\"TRE-SP aplica primeira multa de propaganda antecipada para Elei\u00e7\u00f5es 2012 - Fl\u00e1vio Braga\" \/>\n<meta property=\"og:description\" content=\"Na sess\u00e3o plen\u00e1ria da \u00faltima ter\u00e7a-feira (29), o Tribunal Regional Eleitoral de S\u00e3o Paulo (TRE-SP) julgou o primeiro caso de [&hellip;]\" \/>\n<meta property=\"og:url\" content=\"https:\/\/www.blogsoestado.com\/flaviobraga\/tre-sp-aplica-primeira-multa-de-propaganda-antecipada-para-eleicoes-2012\/\" \/>\n<meta property=\"og:site_name\" content=\"Fl\u00e1vio Braga\" \/>\n<meta property=\"article:published_time\" content=\"2011-12-01T13:47:51+00:00\" \/>\n<meta name=\"author\" content=\"Flavio Braga\" \/>\n<meta name=\"twitter:card\" content=\"summary_large_image\" \/>\n<meta name=\"twitter:label1\" content=\"Escrito por\" \/>\n\t<meta name=\"twitter:data1\" content=\"Flavio Braga\" \/>\n\t<meta name=\"twitter:label2\" content=\"Est. tempo de leitura\" \/>\n\t<meta name=\"twitter:data2\" content=\"1 minuto\" \/>\n<script type=\"application\/ld+json\" class=\"yoast-schema-graph\">{\"@context\":\"https:\/\/schema.org\",\"@graph\":[{\"@type\":\"WebPage\",\"@id\":\"https:\/\/www.blogsoestado.com\/flaviobraga\/tre-sp-aplica-primeira-multa-de-propaganda-antecipada-para-eleicoes-2012\/\",\"url\":\"https:\/\/www.blogsoestado.com\/flaviobraga\/tre-sp-aplica-primeira-multa-de-propaganda-antecipada-para-eleicoes-2012\/\",\"name\":\"TRE-SP aplica primeira multa de propaganda antecipada para Elei\u00e7\u00f5es 2012 - Fl\u00e1vio Braga\",\"isPartOf\":{\"@id\":\"https:\/\/www.blogsoestado.com\/flaviobraga\/#website\"},\"datePublished\":\"2011-12-01T13:47:51+00:00\",\"author\":{\"@id\":\"https:\/\/www.blogsoestado.com\/flaviobraga\/#\/schema\/person\/6c6c778331775c757a82d15206bd8733\"},\"breadcrumb\":{\"@id\":\"https:\/\/www.blogsoestado.com\/flaviobraga\/tre-sp-aplica-primeira-multa-de-propaganda-antecipada-para-eleicoes-2012\/#breadcrumb\"},\"inLanguage\":\"pt-BR\",\"potentialAction\":[{\"@type\":\"ReadAction\",\"target\":[\"https:\/\/www.blogsoestado.com\/flaviobraga\/tre-sp-aplica-primeira-multa-de-propaganda-antecipada-para-eleicoes-2012\/\"]}]},{\"@type\":\"BreadcrumbList\",\"@id\":\"https:\/\/www.blogsoestado.com\/flaviobraga\/tre-sp-aplica-primeira-multa-de-propaganda-antecipada-para-eleicoes-2012\/#breadcrumb\",\"itemListElement\":[{\"@type\":\"ListItem\",\"position\":1,\"name\":\"In\u00edcio\",\"item\":\"https:\/\/www.blogsoestado.com\/flaviobraga\/\"},{\"@type\":\"ListItem\",\"position\":2,\"name\":\"TRE-SP aplica primeira multa de propaganda antecipada para Elei\u00e7\u00f5es 2012\"}]},{\"@type\":\"WebSite\",\"@id\":\"https:\/\/www.blogsoestado.com\/flaviobraga\/#website\",\"url\":\"https:\/\/www.blogsoestado.com\/flaviobraga\/\",\"name\":\"Fl\u00e1vio Braga\",\"description\":\"\",\"potentialAction\":[{\"@type\":\"SearchAction\",\"target\":{\"@type\":\"EntryPoint\",\"urlTemplate\":\"https:\/\/www.blogsoestado.com\/flaviobraga\/?s={search_term_string}\"},\"query-input\":{\"@type\":\"PropertyValueSpecification\",\"valueRequired\":true,\"valueName\":\"search_term_string\"}}],\"inLanguage\":\"pt-BR\"},{\"@type\":\"Person\",\"@id\":\"https:\/\/www.blogsoestado.com\/flaviobraga\/#\/schema\/person\/6c6c778331775c757a82d15206bd8733\",\"name\":\"Flavio Braga\",\"image\":{\"@type\":\"ImageObject\",\"inLanguage\":\"pt-BR\",\"@id\":\"https:\/\/www.blogsoestado.com\/flaviobraga\/#\/schema\/person\/image\/\",\"url\":\"https:\/\/secure.gravatar.com\/avatar\/ab173937dad8d78195c87778be8a0285d069ede375ce0ae24aac1cf8e58ccb2c?s=96&d=mm&r=g\",\"contentUrl\":\"https:\/\/secure.gravatar.com\/avatar\/ab173937dad8d78195c87778be8a0285d069ede375ce0ae24aac1cf8e58ccb2c?s=96&d=mm&r=g\",\"caption\":\"Flavio Braga\"},\"url\":\"https:\/\/www.blogsoestado.com\/flaviobraga\/author\/flaviobraga\/\"}]}<\/script>\n<!-- \/ Yoast SEO plugin. -->","yoast_head_json":{"title":"TRE-SP aplica primeira multa de propaganda antecipada para Elei\u00e7\u00f5es 2012 - Fl\u00e1vio Braga","robots":{"index":"index","follow":"follow","max-snippet":"max-snippet:-1","max-image-preview":"max-image-preview:large","max-video-preview":"max-video-preview:-1"},"canonical":"https:\/\/www.blogsoestado.com\/flaviobraga\/tre-sp-aplica-primeira-multa-de-propaganda-antecipada-para-eleicoes-2012\/","og_locale":"pt_BR","og_type":"article","og_title":"TRE-SP aplica primeira multa de propaganda antecipada para Elei\u00e7\u00f5es 2012 - Fl\u00e1vio Braga","og_description":"Na sess\u00e3o plen\u00e1ria da \u00faltima ter\u00e7a-feira (29), o Tribunal Regional Eleitoral de S\u00e3o Paulo (TRE-SP) julgou o primeiro caso de [&hellip;]","og_url":"https:\/\/www.blogsoestado.com\/flaviobraga\/tre-sp-aplica-primeira-multa-de-propaganda-antecipada-para-eleicoes-2012\/","og_site_name":"Fl\u00e1vio Braga","article_published_time":"2011-12-01T13:47:51+00:00","author":"Flavio Braga","twitter_card":"summary_large_image","twitter_misc":{"Escrito por":"Flavio Braga","Est. tempo de leitura":"1 minuto"},"schema":{"@context":"https:\/\/schema.org","@graph":[{"@type":"WebPage","@id":"https:\/\/www.blogsoestado.com\/flaviobraga\/tre-sp-aplica-primeira-multa-de-propaganda-antecipada-para-eleicoes-2012\/","url":"https:\/\/www.blogsoestado.com\/flaviobraga\/tre-sp-aplica-primeira-multa-de-propaganda-antecipada-para-eleicoes-2012\/","name":"TRE-SP aplica primeira multa de propaganda antecipada para Elei\u00e7\u00f5es 2012 - Fl\u00e1vio Braga","isPartOf":{"@id":"https:\/\/www.blogsoestado.com\/flaviobraga\/#website"},"datePublished":"2011-12-01T13:47:51+00:00","author":{"@id":"https:\/\/www.blogsoestado.com\/flaviobraga\/#\/schema\/person\/6c6c778331775c757a82d15206bd8733"},"breadcrumb":{"@id":"https:\/\/www.blogsoestado.com\/flaviobraga\/tre-sp-aplica-primeira-multa-de-propaganda-antecipada-para-eleicoes-2012\/#breadcrumb"},"inLanguage":"pt-BR","potentialAction":[{"@type":"ReadAction","target":["https:\/\/www.blogsoestado.com\/flaviobraga\/tre-sp-aplica-primeira-multa-de-propaganda-antecipada-para-eleicoes-2012\/"]}]},{"@type":"BreadcrumbList","@id":"https:\/\/www.blogsoestado.com\/flaviobraga\/tre-sp-aplica-primeira-multa-de-propaganda-antecipada-para-eleicoes-2012\/#breadcrumb","itemListElement":[{"@type":"ListItem","position":1,"name":"In\u00edcio","item":"https:\/\/www.blogsoestado.com\/flaviobraga\/"},{"@type":"ListItem","position":2,"name":"TRE-SP aplica primeira multa de propaganda antecipada para Elei\u00e7\u00f5es 2012"}]},{"@type":"WebSite","@id":"https:\/\/www.blogsoestado.com\/flaviobraga\/#website","url":"https:\/\/www.blogsoestado.com\/flaviobraga\/","name":"Fl\u00e1vio Braga","description":"","potentialAction":[{"@type":"SearchAction","target":{"@type":"EntryPoint","urlTemplate":"https:\/\/www.blogsoestado.com\/flaviobraga\/?s={search_term_string}"},"query-input":{"@type":"PropertyValueSpecification","valueRequired":true,"valueName":"search_term_string"}}],"inLanguage":"pt-BR"},{"@type":"Person","@id":"https:\/\/www.blogsoestado.com\/flaviobraga\/#\/schema\/person\/6c6c778331775c757a82d15206bd8733","name":"Flavio Braga","image":{"@type":"ImageObject","inLanguage":"pt-BR","@id":"https:\/\/www.blogsoestado.com\/flaviobraga\/#\/schema\/person\/image\/","url":"https:\/\/secure.gravatar.com\/avatar\/ab173937dad8d78195c87778be8a0285d069ede375ce0ae24aac1cf8e58ccb2c?s=96&d=mm&r=g","contentUrl":"https:\/\/secure.gravatar.com\/avatar\/ab173937dad8d78195c87778be8a0285d069ede375ce0ae24aac1cf8e58ccb2c?s=96&d=mm&r=g","caption":"Flavio Braga"},"url":"https:\/\/www.blogsoestado.com\/flaviobraga\/author\/flaviobraga\/"}]}},"jetpack_featured_media_url":"","_links":{"self":[{"href":"https:\/\/www.blogsoestado.com\/flaviobraga\/wp-json\/wp\/v2\/posts\/1687","targetHints":{"allow":["GET"]}}],"collection":[{"href":"https:\/\/www.blogsoestado.com\/flaviobraga\/wp-json\/wp\/v2\/posts"}],"about":[{"href":"https:\/\/www.blogsoestado.com\/flaviobraga\/wp-json\/wp\/v2\/types\/post"}],"author":[{"embeddable":true,"href":"https:\/\/www.blogsoestado.com\/flaviobraga\/wp-json\/wp\/v2\/users\/8"}],"replies":[{"embeddable":true,"href":"https:\/\/www.blogsoestado.com\/flaviobraga\/wp-json\/wp\/v2\/comments?post=1687"}],"version-history":[{"count":0,"href":"https:\/\/www.blogsoestado.com\/flaviobraga\/wp-json\/wp\/v2\/posts\/1687\/revisions"}],"wp:attachment":[{"href":"https:\/\/www.blogsoestado.com\/flaviobraga\/wp-json\/wp\/v2\/media?parent=1687"}],"wp:term":[{"taxonomy":"category","embeddable":true,"href":"https:\/\/www.blogsoestado.com\/flaviobraga\/wp-json\/wp\/v2\/categories?post=1687"},{"taxonomy":"post_tag","embeddable":true,"href":"https:\/\/www.blogsoestado.com\/flaviobraga\/wp-json\/wp\/v2\/tags?post=1687"}],"curies":[{"name":"wp","href":"https:\/\/api.w.org\/{rel}","templated":true}]}}