{"id":1702,"date":"2011-12-14T16:06:26","date_gmt":"2011-12-14T18:06:26","guid":{"rendered":"https:\/\/www.blogsoestado.com\/flaviobraga\/?p=1702"},"modified":"2011-12-14T16:06:26","modified_gmt":"2011-12-14T18:06:26","slug":"a-criacao-dos-novos-tribunais-federais-e-as-turmas-recursais","status":"publish","type":"post","link":"https:\/\/www.blogsoestado.com\/flaviobraga\/a-criacao-dos-novos-tribunais-federais-e-as-turmas-recursais\/","title":{"rendered":"A cria\u00e7\u00e3o dos novos tribunais federais e as turmas recursais"},"content":{"rendered":"<p class=\"MsoNormal\" style=\"text-align: justify;margin: 0cm 0cm 0pt\"><strong><span><span style=\"font-size: small\">Por Roberto Veloso*<\/span><\/span><\/strong><\/p>\n<p class=\"MsoNormal\" style=\"text-align: justify;margin: 0cm 0cm 0pt\"><span><span style=\"font-size: small\">\u00a0<\/span><\/span><\/p>\n<p class=\"MsoNormal\" style=\"text-align: justify;margin: 0cm 0cm 0pt\"><span><span style=\"font-size: small\">Volta \u00e0 tona a discuss\u00e3o a respeito dos novos tribunais regionais federais, no mesmo momento em que a C\u00e2mara dos Deputados se prepara para votar a cria\u00e7\u00e3o das turmas recursais dos juizados especiais federais.<\/span><\/span><\/p>\n<p class=\"MsoNormal\" style=\"text-align: justify;margin: 0cm 0cm 0pt\"><span><span style=\"font-size: small\">\u00a0<\/span><\/span><\/p>\n<p class=\"MsoNormal\" style=\"text-align: justify;margin: 0cm 0cm 0pt\"><span><span style=\"font-size: small\">Os dois projetos tiveram caminhos diferentes. Os novos tribunais regionais federais est\u00e3o sendo criados por meio de proposta de emenda constitucional, a PEC 544, de iniciativa do Senador Arlindo Porto, j\u00e1 aprovada pelo Senado Federal, aguardando vota\u00e7\u00e3o no plen\u00e1rio da C\u00e2mara.<\/span><\/span><\/p>\n<p class=\"MsoNormal\" style=\"text-align: justify;margin: 0cm 0cm 0pt\"><span><span style=\"font-size: small\">\u00a0<\/span><\/span><\/p>\n<p class=\"MsoNormal\" style=\"text-align: justify;margin: 0cm 0cm 0pt\"><span><span style=\"font-size: small\">O projeto de lei das turmas recursais, PL 1597\/2011, \u00e9 de iniciativa do Superior Tribunal de Justi\u00e7a e encontra-se na Comiss\u00e3o de Constitui\u00e7\u00e3o, Justi\u00e7a e Cidadania da C\u00e2mara, com parecer favor\u00e1vel do relator Deputado Federal Paes Landim.<\/span><\/span><\/p>\n<p class=\"MsoNormal\" style=\"text-align: justify;margin: 0cm 0cm 0pt\"><span><span style=\"font-size: small\">\u00a0<\/span><\/span><\/p>\n<p class=\"MsoNormal\" style=\"text-align: justify;margin: 0cm 0cm 0pt\"><span><span style=\"font-size: small\">Ambos s\u00e3o muito importantes para o Brasil. Na primeira inst\u00e2ncia dos juizados tramitam por volta de um milh\u00e3o e meio de processos, cujos recursos s\u00e3o julgados pelas turmas recursais, as quais n\u00e3o possuem uma estrutura definitiva para o seu funcionamento, obrigando os tribunais a recrutarem ju\u00edzes das varas ordin\u00e1rias para a composi\u00e7\u00e3o das turmas.<\/span><\/span><\/p>\n<p class=\"MsoNormal\" style=\"text-align: justify;margin: 0cm 0cm 0pt\"><span><span style=\"font-size: small\">\u00a0<\/span><\/span><\/p>\n<p class=\"MsoNormal\" style=\"text-align: justify;margin: 0cm 0cm 0pt\"><span><span style=\"font-size: small\">A cria\u00e7\u00e3o das turmas recursais resolver\u00e1 o problema, pois elas passar\u00e3o a ter quadro pr\u00f3prio de ju\u00edzes, sem a necessidade de se desfalcar as varas ordin\u00e1rias. Com isso se espera atender centenas de milhares de cidad\u00e3os brasileiros, principalmente os mais carentes, aqueles que precisam da previd\u00eancia e da assist\u00eancia social para terem uma vida digna.<\/span><\/span><\/p>\n<p class=\"MsoNormal\" style=\"text-align: justify;margin: 0cm 0cm 0pt\"><span><span style=\"font-size: small\">\u00a0<\/span><\/span><\/p>\n<p class=\"MsoNormal\" style=\"text-align: justify;margin: 0cm 0cm 0pt\"><span><span style=\"font-size: small\">Por outro lado, a aprova\u00e7\u00e3o da PEC 544 reduzir\u00e1 o custo Brasil. A exist\u00eancia de um \u00fanico Tribunal Regional Federal em Bras\u00edlia, para atender 13 estados da federa\u00e7\u00e3o e mais o Distrito Federal, representando 80% do territ\u00f3rio nacional, est\u00e1 provocando a aus\u00eancia da presta\u00e7\u00e3o jurisdicional devida. Deixar centros industriais e produtivos, como o Amazonas, a Bahia, Minas Gerais e o Paran\u00e1 sem tribunais federais \u00e9 um desatino administrativo.<\/span><\/span><\/p>\n<p class=\"MsoNormal\" style=\"text-align: justify;margin: 0cm 0cm 0pt\"><span><span style=\"font-size: small\">\u00a0<\/span><\/span><\/p>\n<p class=\"MsoNormal\" style=\"text-align: justify;margin: 0cm 0cm 0pt\"><span><span style=\"font-size: small\">A popula\u00e7\u00e3o est\u00e1 desassistida, porque o custo de um processo judicial para quem reside em Manaus, por exemplo, \u00e9 algo insuport\u00e1vel para a maioria, ainda mais considerando o deslocamento e a contrata\u00e7\u00e3o de advogados em Bras\u00edlia para acompanhar recursos.<\/span><\/span><\/p>\n<p class=\"MsoNormal\" style=\"text-align: justify;margin: 0cm 0cm 0pt\"><span><span style=\"font-size: small\">A resist\u00eancia \u00e0 coloca\u00e7\u00e3o em pauta na C\u00e2mara dos Deputados \u00e9 muito grande. Mesmo com todas as articula\u00e7\u00f5es realizadas, por todos os interessados, o presidente Marco Maia n\u00e3o atende aos pedidos.<\/span><\/span><\/p>\n<p class=\"MsoNormal\" style=\"text-align: justify;margin: 0cm 0cm 0pt\"><span><span style=\"font-size: small\">\u00a0<\/span><\/span><\/p>\n<p class=\"MsoNormal\" style=\"text-align: justify;margin: 0cm 0cm 0pt\"><span><span style=\"font-size: small\">A \u00faltima reuni\u00e3o realizada \u00e9 a demonstra\u00e7\u00e3o de que o governo federal n\u00e3o est\u00e1 disposto a aprovar a medida. Segundo a lideran\u00e7a do governo, n\u00e3o haveria interesse em criar novos tribunais para aumentar despesas. Mas, a resist\u00eancia n\u00e3o vem apenas do governo, \u00e9 manifesta a contrariedade do Superior Tribunal de Justi\u00e7a.<\/span><\/span><\/p>\n<p class=\"MsoNormal\" style=\"text-align: justify;margin: 0cm 0cm 0pt\"><span><span style=\"font-size: small\">\u00a0<\/span><\/span><\/p>\n<p class=\"MsoNormal\" style=\"text-align: justify;margin: 0cm 0cm 0pt\"><span><span style=\"font-size: small\">Em recente sess\u00e3o do Conselho da Justi\u00e7a Federal, o seu presidente declarou que considerava a PEC 544 inconstitucional por v\u00edcio de origem. Entende ele, da mesma forma que muitos no STJ, que deveria ser aquele tribunal o autor da proposta de aumento dos regionais.<\/span><\/span><\/p>\n<p class=\"MsoNormal\" style=\"text-align: justify;margin: 0cm 0cm 0pt\"><span><span style=\"font-size: small\">\u00a0<\/span><\/span><\/p>\n<p class=\"MsoNormal\" style=\"text-align: justify;margin: 0cm 0cm 0pt\"><span><span style=\"font-size: small\">O argumento n\u00e3o pode prosperar, simplesmente porque o Judici\u00e1rio n\u00e3o possui atribui\u00e7\u00e3o origin\u00e1ria para propor emenda constitucional. Conforme o art. 60, da Constitui\u00e7\u00e3o Federal, somente possuem tal legitima\u00e7\u00e3o: I &#8211; um ter\u00e7o, no m\u00ednimo, dos membros da C\u00e2mara dos Deputados ou do Senado Federal; II &#8211; Presidente da Rep\u00fablica; III &#8211; mais da metade das Assembl\u00e9ias Legislativas das unidades da Federa\u00e7\u00e3o, manifestando-se, cada uma delas, pela maioria relativa de seus membros.<\/span><\/span><\/p>\n<p class=\"MsoNormal\" style=\"text-align: justify;margin: 0cm 0cm 0pt\"><span><span style=\"font-size: small\">\u00a0<\/span><\/span><\/p>\n<p class=\"MsoNormal\" style=\"text-align: justify;margin: 0cm 0cm 0pt\"><span><span style=\"font-size: small\">Os atuais regionais foram criados por meio do \u00a7 6\u00ba do art. 27 do ato das disposi\u00e7\u00f5es constitucionais transit\u00f3rias, que atribuiu ao extinto Tribunal Federal de Recursos a compet\u00eancia para estabelecer, mediante resolu\u00e7\u00e3o, a jurisdi\u00e7\u00e3o e a sede de cada um deles. Assim, por meio da Resolu\u00e7\u00e3o n\u00ba 1, de 6.10.88, do TFR, se estabeleceu as cinco atuais sedes, Bras\u00edlia, Rio de Janeiro, S\u00e3o Paulo, Porto Alegre e Recife.<\/span><\/span><\/p>\n<p class=\"MsoNormal\" style=\"text-align: justify;margin: 0cm 0cm 0pt\"><span><span style=\"font-size: small\">\u00a0<\/span><\/span><\/p>\n<p class=\"MsoNormal\" style=\"text-align: justify;margin: 0cm 0cm 0pt\"><span><span style=\"font-size: small\">A PEC 544 n\u00e3o retira do Superior Tribunal de Justi\u00e7a a iniciativa de lei para regulament\u00e1-la, cabendo \u00e0quele tribunal, ap\u00f3s aprova\u00e7\u00e3o da emenda, o envio de projeto para determinar a composi\u00e7\u00e3o inicial dos Tribunais Regionais Federais e a data de suas instala\u00e7\u00f5es, bem como a cria\u00e7\u00e3o dos respectivos quadros de pessoal.<\/span><\/span><\/p>\n<p class=\"MsoNormal\" style=\"text-align: justify;margin: 0cm 0cm 0pt\"><span><span style=\"font-size: small\">\u00a0<\/span><\/span><\/p>\n<p class=\"MsoNormal\" style=\"text-align: justify;margin: 0cm 0cm 0pt\"><span><span style=\"font-size: small\">A tarefa \u00e9 \u00e1rdua e exige a uni\u00e3o de todos. Para o bem do pa\u00eds, \u00e9 preciso vencer os obst\u00e1culos, para implementar verdadeiramente o princ\u00edpio constitucional da dura\u00e7\u00e3o razo\u00e1vel do processo e efetivar o exerc\u00edcio da cidadania em todas as partes do Brasil.<\/span><\/span><\/p>\n<p class=\"MsoNormal\" style=\"text-align: justify;margin: 0cm 0cm 0pt\"><span><span style=\"font-size: small\">\u00a0<\/span><\/span><\/p>\n<p class=\"MsoNormal\" style=\"text-align: justify;margin: 0cm 0cm 0pt\"><em><strong><span><span style=\"font-size: small\">*Roberto Veloso \u00e9 presidente da Associa\u00e7\u00e3o dos Ju\u00edzes Federais da 1\u00aa Regi\u00e3o<\/span><\/span><\/strong><\/em><strong><span><\/span><\/strong><\/p>\n","protected":false},"excerpt":{"rendered":"<p>Por Roberto Veloso* \u00a0 Volta \u00e0 tona a discuss\u00e3o a respeito dos novos tribunais regionais federais, no mesmo momento em [&hellip;]<\/p>\n","protected":false},"author":8,"featured_media":0,"comment_status":"open","ping_status":"open","sticky":false,"template":"","format":"standard","meta":{"site-sidebar-layout":"default","site-content-layout":"","ast-site-content-layout":"default","site-content-style":"default","site-sidebar-style":"default","ast-global-header-display":"","ast-banner-title-visibility":"","ast-main-header-display":"","ast-hfb-above-header-display":"","ast-hfb-below-header-display":"","ast-hfb-mobile-header-display":"","site-post-title":"","ast-breadcrumbs-content":"","ast-featured-img":"","footer-sml-layout":"","ast-disable-related-posts":"","theme-transparent-header-meta":"","adv-header-id-meta":"","stick-header-meta":"","header-above-stick-meta":"","header-main-stick-meta":"","header-below-stick-meta":"","astra-migrate-meta-layouts":"default","ast-page-background-enabled":"default","ast-page-background-meta":{"desktop":{"background-color":"var(--ast-global-color-5)","background-image":"","background-repeat":"repeat","background-position":"center center","background-size":"auto","background-attachment":"scroll","background-type":"","background-media":"","overlay-type":"","overlay-color":"","overlay-opacity":"","overlay-gradient":""},"tablet":{"background-color":"","background-image":"","background-repeat":"repeat","background-position":"center center","background-size":"auto","background-attachment":"scroll","background-type":"","background-media":"","overlay-type":"","overlay-color":"","overlay-opacity":"","overlay-gradient":""},"mobile":{"background-color":"","background-image":"","background-repeat":"repeat","background-position":"center center","background-size":"auto","background-attachment":"scroll","background-type":"","background-media":"","overlay-type":"","overlay-color":"","overlay-opacity":"","overlay-gradient":""}},"ast-content-background-meta":{"desktop":{"background-color":"var(--ast-global-color-4)","background-image":"","background-repeat":"repeat","background-position":"center center","background-size":"auto","background-attachment":"scroll","background-type":"","background-media":"","overlay-type":"","overlay-color":"","overlay-opacity":"","overlay-gradient":""},"tablet":{"background-color":"var(--ast-global-color-4)","background-image":"","background-repeat":"repeat","background-position":"center center","background-size":"auto","background-attachment":"scroll","background-type":"","background-media":"","overlay-type":"","overlay-color":"","overlay-opacity":"","overlay-gradient":""},"mobile":{"background-color":"var(--ast-global-color-4)","background-image":"","background-repeat":"repeat","background-position":"center center","background-size":"auto","background-attachment":"scroll","background-type":"","background-media":"","overlay-type":"","overlay-color":"","overlay-opacity":"","overlay-gradient":""}},"footnotes":""},"categories":[1],"tags":[],"class_list":["post-1702","post","type-post","status-publish","format-standard","hentry","category-sem-categoria"],"yoast_head":"<!-- This site is optimized with the Yoast SEO plugin v26.6 - https:\/\/yoast.com\/wordpress\/plugins\/seo\/ -->\n<title>A cria\u00e7\u00e3o dos novos tribunais federais e as turmas recursais - Fl\u00e1vio Braga<\/title>\n<meta name=\"robots\" content=\"index, follow, max-snippet:-1, max-image-preview:large, max-video-preview:-1\" \/>\n<link rel=\"canonical\" href=\"https:\/\/www.blogsoestado.com\/flaviobraga\/a-criacao-dos-novos-tribunais-federais-e-as-turmas-recursais\/\" \/>\n<meta property=\"og:locale\" content=\"pt_BR\" \/>\n<meta property=\"og:type\" content=\"article\" \/>\n<meta property=\"og:title\" content=\"A cria\u00e7\u00e3o dos novos tribunais federais e as turmas recursais - Fl\u00e1vio Braga\" \/>\n<meta property=\"og:description\" content=\"Por Roberto Veloso* \u00a0 Volta \u00e0 tona a discuss\u00e3o a respeito dos novos tribunais regionais federais, no mesmo momento em [&hellip;]\" \/>\n<meta property=\"og:url\" content=\"https:\/\/www.blogsoestado.com\/flaviobraga\/a-criacao-dos-novos-tribunais-federais-e-as-turmas-recursais\/\" \/>\n<meta property=\"og:site_name\" content=\"Fl\u00e1vio Braga\" \/>\n<meta property=\"article:published_time\" content=\"2011-12-14T18:06:26+00:00\" \/>\n<meta name=\"author\" content=\"Flavio Braga\" \/>\n<meta name=\"twitter:card\" content=\"summary_large_image\" \/>\n<meta name=\"twitter:label1\" content=\"Escrito por\" \/>\n\t<meta name=\"twitter:data1\" content=\"Flavio Braga\" \/>\n\t<meta name=\"twitter:label2\" content=\"Est. tempo de leitura\" \/>\n\t<meta name=\"twitter:data2\" content=\"4 minutos\" \/>\n<script type=\"application\/ld+json\" class=\"yoast-schema-graph\">{\"@context\":\"https:\/\/schema.org\",\"@graph\":[{\"@type\":\"WebPage\",\"@id\":\"https:\/\/www.blogsoestado.com\/flaviobraga\/a-criacao-dos-novos-tribunais-federais-e-as-turmas-recursais\/\",\"url\":\"https:\/\/www.blogsoestado.com\/flaviobraga\/a-criacao-dos-novos-tribunais-federais-e-as-turmas-recursais\/\",\"name\":\"A cria\u00e7\u00e3o dos novos tribunais federais e as turmas recursais - Fl\u00e1vio Braga\",\"isPartOf\":{\"@id\":\"https:\/\/www.blogsoestado.com\/flaviobraga\/#website\"},\"datePublished\":\"2011-12-14T18:06:26+00:00\",\"author\":{\"@id\":\"https:\/\/www.blogsoestado.com\/flaviobraga\/#\/schema\/person\/6c6c778331775c757a82d15206bd8733\"},\"breadcrumb\":{\"@id\":\"https:\/\/www.blogsoestado.com\/flaviobraga\/a-criacao-dos-novos-tribunais-federais-e-as-turmas-recursais\/#breadcrumb\"},\"inLanguage\":\"pt-BR\",\"potentialAction\":[{\"@type\":\"ReadAction\",\"target\":[\"https:\/\/www.blogsoestado.com\/flaviobraga\/a-criacao-dos-novos-tribunais-federais-e-as-turmas-recursais\/\"]}]},{\"@type\":\"BreadcrumbList\",\"@id\":\"https:\/\/www.blogsoestado.com\/flaviobraga\/a-criacao-dos-novos-tribunais-federais-e-as-turmas-recursais\/#breadcrumb\",\"itemListElement\":[{\"@type\":\"ListItem\",\"position\":1,\"name\":\"In\u00edcio\",\"item\":\"https:\/\/www.blogsoestado.com\/flaviobraga\/\"},{\"@type\":\"ListItem\",\"position\":2,\"name\":\"A cria\u00e7\u00e3o dos novos tribunais federais e as turmas recursais\"}]},{\"@type\":\"WebSite\",\"@id\":\"https:\/\/www.blogsoestado.com\/flaviobraga\/#website\",\"url\":\"https:\/\/www.blogsoestado.com\/flaviobraga\/\",\"name\":\"Fl\u00e1vio Braga\",\"description\":\"\",\"potentialAction\":[{\"@type\":\"SearchAction\",\"target\":{\"@type\":\"EntryPoint\",\"urlTemplate\":\"https:\/\/www.blogsoestado.com\/flaviobraga\/?s={search_term_string}\"},\"query-input\":{\"@type\":\"PropertyValueSpecification\",\"valueRequired\":true,\"valueName\":\"search_term_string\"}}],\"inLanguage\":\"pt-BR\"},{\"@type\":\"Person\",\"@id\":\"https:\/\/www.blogsoestado.com\/flaviobraga\/#\/schema\/person\/6c6c778331775c757a82d15206bd8733\",\"name\":\"Flavio Braga\",\"image\":{\"@type\":\"ImageObject\",\"inLanguage\":\"pt-BR\",\"@id\":\"https:\/\/www.blogsoestado.com\/flaviobraga\/#\/schema\/person\/image\/\",\"url\":\"https:\/\/secure.gravatar.com\/avatar\/ab173937dad8d78195c87778be8a0285d069ede375ce0ae24aac1cf8e58ccb2c?s=96&d=mm&r=g\",\"contentUrl\":\"https:\/\/secure.gravatar.com\/avatar\/ab173937dad8d78195c87778be8a0285d069ede375ce0ae24aac1cf8e58ccb2c?s=96&d=mm&r=g\",\"caption\":\"Flavio Braga\"},\"url\":\"https:\/\/www.blogsoestado.com\/flaviobraga\/author\/flaviobraga\/\"}]}<\/script>\n<!-- \/ Yoast SEO plugin. -->","yoast_head_json":{"title":"A cria\u00e7\u00e3o dos novos tribunais federais e as turmas recursais - Fl\u00e1vio Braga","robots":{"index":"index","follow":"follow","max-snippet":"max-snippet:-1","max-image-preview":"max-image-preview:large","max-video-preview":"max-video-preview:-1"},"canonical":"https:\/\/www.blogsoestado.com\/flaviobraga\/a-criacao-dos-novos-tribunais-federais-e-as-turmas-recursais\/","og_locale":"pt_BR","og_type":"article","og_title":"A cria\u00e7\u00e3o dos novos tribunais federais e as turmas recursais - Fl\u00e1vio Braga","og_description":"Por Roberto Veloso* \u00a0 Volta \u00e0 tona a discuss\u00e3o a respeito dos novos tribunais regionais federais, no mesmo momento em [&hellip;]","og_url":"https:\/\/www.blogsoestado.com\/flaviobraga\/a-criacao-dos-novos-tribunais-federais-e-as-turmas-recursais\/","og_site_name":"Fl\u00e1vio Braga","article_published_time":"2011-12-14T18:06:26+00:00","author":"Flavio Braga","twitter_card":"summary_large_image","twitter_misc":{"Escrito por":"Flavio Braga","Est. tempo de leitura":"4 minutos"},"schema":{"@context":"https:\/\/schema.org","@graph":[{"@type":"WebPage","@id":"https:\/\/www.blogsoestado.com\/flaviobraga\/a-criacao-dos-novos-tribunais-federais-e-as-turmas-recursais\/","url":"https:\/\/www.blogsoestado.com\/flaviobraga\/a-criacao-dos-novos-tribunais-federais-e-as-turmas-recursais\/","name":"A cria\u00e7\u00e3o dos novos tribunais federais e as turmas recursais - Fl\u00e1vio Braga","isPartOf":{"@id":"https:\/\/www.blogsoestado.com\/flaviobraga\/#website"},"datePublished":"2011-12-14T18:06:26+00:00","author":{"@id":"https:\/\/www.blogsoestado.com\/flaviobraga\/#\/schema\/person\/6c6c778331775c757a82d15206bd8733"},"breadcrumb":{"@id":"https:\/\/www.blogsoestado.com\/flaviobraga\/a-criacao-dos-novos-tribunais-federais-e-as-turmas-recursais\/#breadcrumb"},"inLanguage":"pt-BR","potentialAction":[{"@type":"ReadAction","target":["https:\/\/www.blogsoestado.com\/flaviobraga\/a-criacao-dos-novos-tribunais-federais-e-as-turmas-recursais\/"]}]},{"@type":"BreadcrumbList","@id":"https:\/\/www.blogsoestado.com\/flaviobraga\/a-criacao-dos-novos-tribunais-federais-e-as-turmas-recursais\/#breadcrumb","itemListElement":[{"@type":"ListItem","position":1,"name":"In\u00edcio","item":"https:\/\/www.blogsoestado.com\/flaviobraga\/"},{"@type":"ListItem","position":2,"name":"A cria\u00e7\u00e3o dos novos tribunais federais e as turmas recursais"}]},{"@type":"WebSite","@id":"https:\/\/www.blogsoestado.com\/flaviobraga\/#website","url":"https:\/\/www.blogsoestado.com\/flaviobraga\/","name":"Fl\u00e1vio Braga","description":"","potentialAction":[{"@type":"SearchAction","target":{"@type":"EntryPoint","urlTemplate":"https:\/\/www.blogsoestado.com\/flaviobraga\/?s={search_term_string}"},"query-input":{"@type":"PropertyValueSpecification","valueRequired":true,"valueName":"search_term_string"}}],"inLanguage":"pt-BR"},{"@type":"Person","@id":"https:\/\/www.blogsoestado.com\/flaviobraga\/#\/schema\/person\/6c6c778331775c757a82d15206bd8733","name":"Flavio Braga","image":{"@type":"ImageObject","inLanguage":"pt-BR","@id":"https:\/\/www.blogsoestado.com\/flaviobraga\/#\/schema\/person\/image\/","url":"https:\/\/secure.gravatar.com\/avatar\/ab173937dad8d78195c87778be8a0285d069ede375ce0ae24aac1cf8e58ccb2c?s=96&d=mm&r=g","contentUrl":"https:\/\/secure.gravatar.com\/avatar\/ab173937dad8d78195c87778be8a0285d069ede375ce0ae24aac1cf8e58ccb2c?s=96&d=mm&r=g","caption":"Flavio Braga"},"url":"https:\/\/www.blogsoestado.com\/flaviobraga\/author\/flaviobraga\/"}]}},"jetpack_featured_media_url":"","_links":{"self":[{"href":"https:\/\/www.blogsoestado.com\/flaviobraga\/wp-json\/wp\/v2\/posts\/1702","targetHints":{"allow":["GET"]}}],"collection":[{"href":"https:\/\/www.blogsoestado.com\/flaviobraga\/wp-json\/wp\/v2\/posts"}],"about":[{"href":"https:\/\/www.blogsoestado.com\/flaviobraga\/wp-json\/wp\/v2\/types\/post"}],"author":[{"embeddable":true,"href":"https:\/\/www.blogsoestado.com\/flaviobraga\/wp-json\/wp\/v2\/users\/8"}],"replies":[{"embeddable":true,"href":"https:\/\/www.blogsoestado.com\/flaviobraga\/wp-json\/wp\/v2\/comments?post=1702"}],"version-history":[{"count":0,"href":"https:\/\/www.blogsoestado.com\/flaviobraga\/wp-json\/wp\/v2\/posts\/1702\/revisions"}],"wp:attachment":[{"href":"https:\/\/www.blogsoestado.com\/flaviobraga\/wp-json\/wp\/v2\/media?parent=1702"}],"wp:term":[{"taxonomy":"category","embeddable":true,"href":"https:\/\/www.blogsoestado.com\/flaviobraga\/wp-json\/wp\/v2\/categories?post=1702"},{"taxonomy":"post_tag","embeddable":true,"href":"https:\/\/www.blogsoestado.com\/flaviobraga\/wp-json\/wp\/v2\/tags?post=1702"}],"curies":[{"name":"wp","href":"https:\/\/api.w.org\/{rel}","templated":true}]}}