{"id":1708,"date":"2011-12-16T13:00:34","date_gmt":"2011-12-16T15:00:34","guid":{"rendered":"https:\/\/www.blogsoestado.com\/flaviobraga\/?p=1708"},"modified":"2011-12-16T13:00:34","modified_gmt":"2011-12-16T15:00:34","slug":"stf-autoriza-posse-de-jader-barbalho","status":"publish","type":"post","link":"https:\/\/www.blogsoestado.com\/flaviobraga\/stf-autoriza-posse-de-jader-barbalho\/","title":{"rendered":"STF autoriza posse de Jader Barbalho"},"content":{"rendered":"<p>O Supremo Tribunal Federal (STF) finalmente deferiu, na \u00faltima quarta-feira (14), o registro de candidatura do senador Jader Barbalho.<\/p>\n<p>No ano passado, Barbalho concorreu a uma cadeira do Senado pelo Par\u00e1 com o registro cassado. Ele foi o segundo candidato mais votado em seu Estado.<\/p>\n<p>A decis\u00e3o foi tomada pelo Plen\u00e1rio da Corte ao acolher requerimento apresentado pelo pol\u00edtico, que pediu a aplica\u00e7\u00e3o de dispositivo do Regimento Interno do STF que prev\u00ea o voto de qualidade do presidente da Corte em casos de empate que decorra de aus\u00eancia de ministro em virtude de vaga ou licen\u00e7a m\u00e9dica. A regra est\u00e1 prevista na al\u00ednea \u201cb\u201d do inciso IX do artigo 13 do Regimento Interno*.<\/p>\n<p>No m\u00eas passado, o Plen\u00e1rio iniciou o julgamento do recurso de Jader Barbalho, que foi interrompido por um empate, com cinco votos favor\u00e1veis ao pol\u00edtico e cinco contra.<\/p>\n<p>Diante do impasse, a defesa de Jader ingressou com o requerimento, que foi apresentado ao Plen\u00e1rio pelo presidente Cezar Peluso. \u201cConsulto o Plen\u00e1rio se est\u00e1 de acordo com a proposta?\u201d, questionou o presidente. A decis\u00e3o pela aplica\u00e7\u00e3o do dispositivo foi un\u00e2nime. O relator do processo, ministro Joaquim Barbosa, n\u00e3o participou da decis\u00e3o porque est\u00e1 de licen\u00e7a m\u00e9dica.<\/p>\n<p>A decis\u00e3o do Supremo foi tomada por meio de um recurso chamado embargos de declara\u00e7\u00e3o, que visa esclarecer pontos contradit\u00f3rios ou omissos de uma decis\u00e3o colegiada. Esse recurso foi interposto contra uma primeira decis\u00e3o do Supremo que rejeitou pedido feito por Jader Barbalho no Recurso Extraordin\u00e1rio (RE) 631102, no qual pedia para cassar decis\u00e3o do Tribunal Superior Eleitoral (TSE) que o declarou ineleg\u00edvel com base em dispositivo da Lei da Ficha Limpa.<\/p>\n<p>Em outubro de 2010, quando o STF julgou esse recurso extraordin\u00e1rio, foi mantida a decis\u00e3o do TSE contra o pol\u00edtico.<\/p>\n<p>Meses depois, em mar\u00e7o deste ano, o Supremo decidiu pela inaplicabilidade da Lei da Ficha Limpa para as elei\u00e7\u00f5es de 2010. Diante desse fato, a defesa de Jader apresentou os embargos de declara\u00e7\u00e3o solicitando a retrata\u00e7\u00e3o do Supremo, com a aplica\u00e7\u00e3o do novo entendimento.<\/p>\n<p>No julgamento que empatou, o ministro Peluso integrou corrente favor\u00e1vel ao acolhimento dos embargos e, portanto, pela retrata\u00e7\u00e3o da Corte. Al\u00e9m dele, votaram nesse sentido os ministros Dias Toffoli, Gilmar Mendes, Marco Aur\u00e9lio e Celso de Mello.<\/p>\n<p>Em sentido contr\u00e1rio, votaram o relator, ministro Joaquim Barbosa, e os ministros Luiz Fux, C\u00e1rmen L\u00facia Antunes Rocha, Ricardo Lewandowski e Ayres Britto.<\/p>\n<p>Na \u00faltima quarta-feira, o ministro Ayres Britto lembrou que prop\u00f4s, na ocasi\u00e3o em que se deu o empate, a aplica\u00e7\u00e3o do dispositivo previsto no Regimento Interno do STF. \u201cEmbora votando contra a pretens\u00e3o do senhor Jader Fontenelle Barbalho no julgamento dos embargos, mas diante do empate, eu j\u00e1 entendia, desde aquela ocasi\u00e3o, que Vossa Excel\u00eancia estava autorizada a fazer uso da norma regimental de desempate\u201d, recordou.<\/p>\n<p>O TSE aplicou a Barbalho san\u00e7\u00e3o prevista na Lei da Ficha Limpa que estabelece que o pol\u00edtico que renunciar fica ineleg\u00edvel por oito anos ap\u00f3s o fim do mandato que ele cumpriria (al\u00ednea &#8216;k&#8217; do inciso I do artigo 1\u00ba da Lei de Inelegibilidades).<\/p>\n<p>Jader Barbalho renunciou em 2001 ao cargo de senador. Na ocasi\u00e3o, o pol\u00edtico era alvo de den\u00fancias sobre suposto desvio de dinheiro no Banpar\u00e1 (Banco do Estado do Par\u00e1) quando foi governador do Estado.<\/p>\n<p>* Art. 13. S\u00e3o atribui\u00e7\u00f5es do Presidente:<\/p>\n<p>IX \u2013 proferir voto de qualidade nas decis\u00f5es do Plen\u00e1rio, para as quais o Regimento Interno n\u00e3o preveja solu\u00e7\u00e3o diversa, quando o empate na vota\u00e7\u00e3o decorra de aus\u00eancia de Ministro em virtude de:<\/p>\n<p>b) vaga ou licen\u00e7a m\u00e9dica superior a trinta dias, quando seja urgente a mat\u00e9ria e n\u00e3o se possa convocar o Ministro licenciado.<\/p>\n","protected":false},"excerpt":{"rendered":"<p>O Supremo Tribunal Federal (STF) finalmente deferiu, na \u00faltima quarta-feira (14), o registro de candidatura do senador Jader Barbalho. No [&hellip;]<\/p>\n","protected":false},"author":8,"featured_media":0,"comment_status":"open","ping_status":"open","sticky":false,"template":"","format":"standard","meta":{"site-sidebar-layout":"default","site-content-layout":"","ast-site-content-layout":"default","site-content-style":"default","site-sidebar-style":"default","ast-global-header-display":"","ast-banner-title-visibility":"","ast-main-header-display":"","ast-hfb-above-header-display":"","ast-hfb-below-header-display":"","ast-hfb-mobile-header-display":"","site-post-title":"","ast-breadcrumbs-content":"","ast-featured-img":"","footer-sml-layout":"","ast-disable-related-posts":"","theme-transparent-header-meta":"","adv-header-id-meta":"","stick-header-meta":"","header-above-stick-meta":"","header-main-stick-meta":"","header-below-stick-meta":"","astra-migrate-meta-layouts":"default","ast-page-background-enabled":"default","ast-page-background-meta":{"desktop":{"background-color":"var(--ast-global-color-5)","background-image":"","background-repeat":"repeat","background-position":"center center","background-size":"auto","background-attachment":"scroll","background-type":"","background-media":"","overlay-type":"","overlay-color":"","overlay-opacity":"","overlay-gradient":""},"tablet":{"background-color":"","background-image":"","background-repeat":"repeat","background-position":"center center","background-size":"auto","background-attachment":"scroll","background-type":"","background-media":"","overlay-type":"","overlay-color":"","overlay-opacity":"","overlay-gradient":""},"mobile":{"background-color":"","background-image":"","background-repeat":"repeat","background-position":"center center","background-size":"auto","background-attachment":"scroll","background-type":"","background-media":"","overlay-type":"","overlay-color":"","overlay-opacity":"","overlay-gradient":""}},"ast-content-background-meta":{"desktop":{"background-color":"var(--ast-global-color-4)","background-image":"","background-repeat":"repeat","background-position":"center center","background-size":"auto","background-attachment":"scroll","background-type":"","background-media":"","overlay-type":"","overlay-color":"","overlay-opacity":"","overlay-gradient":""},"tablet":{"background-color":"var(--ast-global-color-4)","background-image":"","background-repeat":"repeat","background-position":"center center","background-size":"auto","background-attachment":"scroll","background-type":"","background-media":"","overlay-type":"","overlay-color":"","overlay-opacity":"","overlay-gradient":""},"mobile":{"background-color":"var(--ast-global-color-4)","background-image":"","background-repeat":"repeat","background-position":"center center","background-size":"auto","background-attachment":"scroll","background-type":"","background-media":"","overlay-type":"","overlay-color":"","overlay-opacity":"","overlay-gradient":""}},"footnotes":""},"categories":[1],"tags":[],"class_list":["post-1708","post","type-post","status-publish","format-standard","hentry","category-sem-categoria"],"yoast_head":"<!-- This site is optimized with the Yoast SEO plugin v26.6 - https:\/\/yoast.com\/wordpress\/plugins\/seo\/ -->\n<title>STF autoriza posse de Jader Barbalho - Fl\u00e1vio Braga<\/title>\n<meta name=\"robots\" content=\"index, follow, max-snippet:-1, max-image-preview:large, max-video-preview:-1\" \/>\n<link rel=\"canonical\" href=\"https:\/\/www.blogsoestado.com\/flaviobraga\/stf-autoriza-posse-de-jader-barbalho\/\" \/>\n<meta property=\"og:locale\" content=\"pt_BR\" \/>\n<meta property=\"og:type\" content=\"article\" \/>\n<meta property=\"og:title\" content=\"STF autoriza posse de Jader Barbalho - Fl\u00e1vio Braga\" \/>\n<meta property=\"og:description\" content=\"O Supremo Tribunal Federal (STF) finalmente deferiu, na \u00faltima quarta-feira (14), o registro de candidatura do senador Jader Barbalho. No [&hellip;]\" \/>\n<meta property=\"og:url\" content=\"https:\/\/www.blogsoestado.com\/flaviobraga\/stf-autoriza-posse-de-jader-barbalho\/\" \/>\n<meta property=\"og:site_name\" content=\"Fl\u00e1vio Braga\" \/>\n<meta property=\"article:published_time\" content=\"2011-12-16T15:00:34+00:00\" \/>\n<meta name=\"author\" content=\"Flavio Braga\" \/>\n<meta name=\"twitter:card\" content=\"summary_large_image\" \/>\n<meta name=\"twitter:label1\" content=\"Escrito por\" \/>\n\t<meta name=\"twitter:data1\" content=\"Flavio Braga\" \/>\n\t<meta name=\"twitter:label2\" content=\"Est. tempo de leitura\" \/>\n\t<meta name=\"twitter:data2\" content=\"3 minutos\" \/>\n<script type=\"application\/ld+json\" class=\"yoast-schema-graph\">{\"@context\":\"https:\/\/schema.org\",\"@graph\":[{\"@type\":\"WebPage\",\"@id\":\"https:\/\/www.blogsoestado.com\/flaviobraga\/stf-autoriza-posse-de-jader-barbalho\/\",\"url\":\"https:\/\/www.blogsoestado.com\/flaviobraga\/stf-autoriza-posse-de-jader-barbalho\/\",\"name\":\"STF autoriza posse de Jader Barbalho - Fl\u00e1vio Braga\",\"isPartOf\":{\"@id\":\"https:\/\/www.blogsoestado.com\/flaviobraga\/#website\"},\"datePublished\":\"2011-12-16T15:00:34+00:00\",\"author\":{\"@id\":\"https:\/\/www.blogsoestado.com\/flaviobraga\/#\/schema\/person\/6c6c778331775c757a82d15206bd8733\"},\"breadcrumb\":{\"@id\":\"https:\/\/www.blogsoestado.com\/flaviobraga\/stf-autoriza-posse-de-jader-barbalho\/#breadcrumb\"},\"inLanguage\":\"pt-BR\",\"potentialAction\":[{\"@type\":\"ReadAction\",\"target\":[\"https:\/\/www.blogsoestado.com\/flaviobraga\/stf-autoriza-posse-de-jader-barbalho\/\"]}]},{\"@type\":\"BreadcrumbList\",\"@id\":\"https:\/\/www.blogsoestado.com\/flaviobraga\/stf-autoriza-posse-de-jader-barbalho\/#breadcrumb\",\"itemListElement\":[{\"@type\":\"ListItem\",\"position\":1,\"name\":\"In\u00edcio\",\"item\":\"https:\/\/www.blogsoestado.com\/flaviobraga\/\"},{\"@type\":\"ListItem\",\"position\":2,\"name\":\"STF autoriza posse de Jader Barbalho\"}]},{\"@type\":\"WebSite\",\"@id\":\"https:\/\/www.blogsoestado.com\/flaviobraga\/#website\",\"url\":\"https:\/\/www.blogsoestado.com\/flaviobraga\/\",\"name\":\"Fl\u00e1vio Braga\",\"description\":\"\",\"potentialAction\":[{\"@type\":\"SearchAction\",\"target\":{\"@type\":\"EntryPoint\",\"urlTemplate\":\"https:\/\/www.blogsoestado.com\/flaviobraga\/?s={search_term_string}\"},\"query-input\":{\"@type\":\"PropertyValueSpecification\",\"valueRequired\":true,\"valueName\":\"search_term_string\"}}],\"inLanguage\":\"pt-BR\"},{\"@type\":\"Person\",\"@id\":\"https:\/\/www.blogsoestado.com\/flaviobraga\/#\/schema\/person\/6c6c778331775c757a82d15206bd8733\",\"name\":\"Flavio Braga\",\"image\":{\"@type\":\"ImageObject\",\"inLanguage\":\"pt-BR\",\"@id\":\"https:\/\/www.blogsoestado.com\/flaviobraga\/#\/schema\/person\/image\/\",\"url\":\"https:\/\/secure.gravatar.com\/avatar\/ab173937dad8d78195c87778be8a0285d069ede375ce0ae24aac1cf8e58ccb2c?s=96&d=mm&r=g\",\"contentUrl\":\"https:\/\/secure.gravatar.com\/avatar\/ab173937dad8d78195c87778be8a0285d069ede375ce0ae24aac1cf8e58ccb2c?s=96&d=mm&r=g\",\"caption\":\"Flavio Braga\"},\"url\":\"https:\/\/www.blogsoestado.com\/flaviobraga\/author\/flaviobraga\/\"}]}<\/script>\n<!-- \/ Yoast SEO plugin. -->","yoast_head_json":{"title":"STF autoriza posse de Jader Barbalho - Fl\u00e1vio Braga","robots":{"index":"index","follow":"follow","max-snippet":"max-snippet:-1","max-image-preview":"max-image-preview:large","max-video-preview":"max-video-preview:-1"},"canonical":"https:\/\/www.blogsoestado.com\/flaviobraga\/stf-autoriza-posse-de-jader-barbalho\/","og_locale":"pt_BR","og_type":"article","og_title":"STF autoriza posse de Jader Barbalho - Fl\u00e1vio Braga","og_description":"O Supremo Tribunal Federal (STF) finalmente deferiu, na \u00faltima quarta-feira (14), o registro de candidatura do senador Jader Barbalho. No [&hellip;]","og_url":"https:\/\/www.blogsoestado.com\/flaviobraga\/stf-autoriza-posse-de-jader-barbalho\/","og_site_name":"Fl\u00e1vio Braga","article_published_time":"2011-12-16T15:00:34+00:00","author":"Flavio Braga","twitter_card":"summary_large_image","twitter_misc":{"Escrito por":"Flavio Braga","Est. tempo de leitura":"3 minutos"},"schema":{"@context":"https:\/\/schema.org","@graph":[{"@type":"WebPage","@id":"https:\/\/www.blogsoestado.com\/flaviobraga\/stf-autoriza-posse-de-jader-barbalho\/","url":"https:\/\/www.blogsoestado.com\/flaviobraga\/stf-autoriza-posse-de-jader-barbalho\/","name":"STF autoriza posse de Jader Barbalho - Fl\u00e1vio Braga","isPartOf":{"@id":"https:\/\/www.blogsoestado.com\/flaviobraga\/#website"},"datePublished":"2011-12-16T15:00:34+00:00","author":{"@id":"https:\/\/www.blogsoestado.com\/flaviobraga\/#\/schema\/person\/6c6c778331775c757a82d15206bd8733"},"breadcrumb":{"@id":"https:\/\/www.blogsoestado.com\/flaviobraga\/stf-autoriza-posse-de-jader-barbalho\/#breadcrumb"},"inLanguage":"pt-BR","potentialAction":[{"@type":"ReadAction","target":["https:\/\/www.blogsoestado.com\/flaviobraga\/stf-autoriza-posse-de-jader-barbalho\/"]}]},{"@type":"BreadcrumbList","@id":"https:\/\/www.blogsoestado.com\/flaviobraga\/stf-autoriza-posse-de-jader-barbalho\/#breadcrumb","itemListElement":[{"@type":"ListItem","position":1,"name":"In\u00edcio","item":"https:\/\/www.blogsoestado.com\/flaviobraga\/"},{"@type":"ListItem","position":2,"name":"STF autoriza posse de Jader Barbalho"}]},{"@type":"WebSite","@id":"https:\/\/www.blogsoestado.com\/flaviobraga\/#website","url":"https:\/\/www.blogsoestado.com\/flaviobraga\/","name":"Fl\u00e1vio Braga","description":"","potentialAction":[{"@type":"SearchAction","target":{"@type":"EntryPoint","urlTemplate":"https:\/\/www.blogsoestado.com\/flaviobraga\/?s={search_term_string}"},"query-input":{"@type":"PropertyValueSpecification","valueRequired":true,"valueName":"search_term_string"}}],"inLanguage":"pt-BR"},{"@type":"Person","@id":"https:\/\/www.blogsoestado.com\/flaviobraga\/#\/schema\/person\/6c6c778331775c757a82d15206bd8733","name":"Flavio Braga","image":{"@type":"ImageObject","inLanguage":"pt-BR","@id":"https:\/\/www.blogsoestado.com\/flaviobraga\/#\/schema\/person\/image\/","url":"https:\/\/secure.gravatar.com\/avatar\/ab173937dad8d78195c87778be8a0285d069ede375ce0ae24aac1cf8e58ccb2c?s=96&d=mm&r=g","contentUrl":"https:\/\/secure.gravatar.com\/avatar\/ab173937dad8d78195c87778be8a0285d069ede375ce0ae24aac1cf8e58ccb2c?s=96&d=mm&r=g","caption":"Flavio Braga"},"url":"https:\/\/www.blogsoestado.com\/flaviobraga\/author\/flaviobraga\/"}]}},"jetpack_featured_media_url":"","_links":{"self":[{"href":"https:\/\/www.blogsoestado.com\/flaviobraga\/wp-json\/wp\/v2\/posts\/1708","targetHints":{"allow":["GET"]}}],"collection":[{"href":"https:\/\/www.blogsoestado.com\/flaviobraga\/wp-json\/wp\/v2\/posts"}],"about":[{"href":"https:\/\/www.blogsoestado.com\/flaviobraga\/wp-json\/wp\/v2\/types\/post"}],"author":[{"embeddable":true,"href":"https:\/\/www.blogsoestado.com\/flaviobraga\/wp-json\/wp\/v2\/users\/8"}],"replies":[{"embeddable":true,"href":"https:\/\/www.blogsoestado.com\/flaviobraga\/wp-json\/wp\/v2\/comments?post=1708"}],"version-history":[{"count":0,"href":"https:\/\/www.blogsoestado.com\/flaviobraga\/wp-json\/wp\/v2\/posts\/1708\/revisions"}],"wp:attachment":[{"href":"https:\/\/www.blogsoestado.com\/flaviobraga\/wp-json\/wp\/v2\/media?parent=1708"}],"wp:term":[{"taxonomy":"category","embeddable":true,"href":"https:\/\/www.blogsoestado.com\/flaviobraga\/wp-json\/wp\/v2\/categories?post=1708"},{"taxonomy":"post_tag","embeddable":true,"href":"https:\/\/www.blogsoestado.com\/flaviobraga\/wp-json\/wp\/v2\/tags?post=1708"}],"curies":[{"name":"wp","href":"https:\/\/api.w.org\/{rel}","templated":true}]}}