{"id":1710,"date":"2011-12-16T13:07:28","date_gmt":"2011-12-16T15:07:28","guid":{"rendered":"https:\/\/www.blogsoestado.com\/flaviobraga\/?p=1710"},"modified":"2011-12-16T13:07:28","modified_gmt":"2011-12-16T15:07:28","slug":"tse-aprova-resolucoes-sobre-registro-de-candidatura-e-atos-preparatorios-para-2012","status":"publish","type":"post","link":"https:\/\/www.blogsoestado.com\/flaviobraga\/tse-aprova-resolucoes-sobre-registro-de-candidatura-e-atos-preparatorios-para-2012\/","title":{"rendered":"TSE aprova resolu\u00e7\u00f5es sobre registro de candidatura e atos preparat\u00f3rios para 2012"},"content":{"rendered":"<p>O Tribunal Superior Eleitoral (TSE) aprovou, na sess\u00e3o administrativa da noite de quarta-feira (14), as resolu\u00e7\u00f5es que regulamentam a escolha e registro de candidatos \u00e0s elei\u00e7\u00f5es municipais de 2012, e\u00a0tamb\u00e9m sobre os atos preparat\u00f3rios para o pleito.\u00a0<\/p>\n<p>As elei\u00e7\u00f5es ser\u00e3o realizadas em 7 de outubro . Nos munic\u00edpios com mais de 200 mil eleitores, caso nenhum candidato a prefeito alcance a maioria absoluta dos votos nesta vota\u00e7\u00e3o, haver\u00e1 segundo turno, com os dois mais votados, em 28 de outubro.<\/p>\n<p><strong>Conven\u00e7\u00f5es<\/strong><strong><\/p>\n<p><\/strong>As conven\u00e7\u00f5es para escolha dos candidatos e forma\u00e7\u00e3o de coliga\u00e7\u00f5es ser\u00e3o realizadas de 10 a 30 de junho de 2012, seguindo as normas determinadas no estatuto dos partidos. Poder\u00e1 participar das elei\u00e7\u00f5es o partido cujo estatuto tenha sido registrado no Tribunal Superior Eleitoral (TSE)\u00a0 at\u00e9 7 de outubro deste ano. Nesta data, 29 agremia\u00e7\u00f5es estavam registradas no tribunal <a href=\"http:\/\/www.tse.jus.br\/partidos\/partidos-politicos\">(confira lista aqui<\/a>).<\/p>\n<p><strong>Candidatos<\/strong><strong><\/p>\n<p><\/strong>S\u00f3 podem concorrer a prefeito e a vereador os candidatos escolhidos em conven\u00e7\u00e3o. A idade m\u00ednima para quem quiser disputar alguma prefeitura \u00e9 21 anos, na data da posse. Para vereador, o candidato deve ter 18 anos tamb\u00e9m na data da posse. Os candidatos a ambos os cargos devem ter a nacionalidade brasileira; o pleno exerc\u00edcio dos direitos pol\u00edticos e o alistamento eleitoral. Al\u00e9m disso, devem provar que est\u00e3o filiados a partido pol\u00edtico e t\u00eam domic\u00edlio eleitoral na circunscri\u00e7\u00e3o da elei\u00e7\u00e3o desde 7 de outubro deste ano.<\/p>\n<p>Cada partido pode registrar um candidato a prefeito em cada munic\u00edpio. Quanto aos vereadores, as coliga\u00e7\u00f5es podem registrar at\u00e9 o dobro do n\u00famero de vagas em disputa.<\/p>\n<p><strong>Registro<\/strong><strong><\/p>\n<p><\/strong>O pedido de registro ser\u00e1 solicitado ao ju\u00edzo eleitoral da Zona Eleitoral em que o munic\u00edpio est\u00e1 inserido. Dever\u00e1 ser apresentado, obrigatoriamente, em meio magn\u00e9tico gerado pelo Sistema de Candidaturas &#8211; M\u00f3dulo Externo (CANDex) &#8211; desenvolvido pelo TSE e acompanhado das vias impressas do Demonstrativo de Regularidade de Atos Partid\u00e1rios (DRAP) e Requerimento de Registro de Candidatura (RRC), tamb\u00e9m emitidos pelo sistema e assinados pelos interessados.<\/p>\n<p>No pedido de registro, que pode ser feito pela legenda desde a escolha do candidato em conven\u00e7\u00e3o at\u00e9 o dia 5 de julho, o concorrente deve apresentar declara\u00e7\u00e3o atual de bens; certid\u00f5es criminais fornecidas pelos \u00f3rg\u00e3os de distribui\u00e7\u00e3o da Justi\u00e7a Federal e Estadual; fotografia recente, comprovante de escolaridade e prova de desincompatibiliza\u00e7\u00e3o, quando for o caso. Os candidatos a prefeito ainda t\u00eam de anexar as suas propostas de campanha.<\/p>\n<p>Os partidos devem declarar os valores m\u00e1ximos de gastos que ter\u00e3o por cargo eletivo em cada elei\u00e7\u00e3o a que pretendem concorrer. No caso de coliga\u00e7\u00e3o, cada partido que a integrar fixar\u00e1 o seu valor m\u00e1ximo de gastos.<\/p>\n<p><strong>Impugna\u00e7\u00e3o<\/strong><strong><br \/>\n<\/strong><br \/>\nQualquer candidato, partido pol\u00edtico, coliga\u00e7\u00e3o ou Minist\u00e9rio P\u00fablico poder\u00e1 impugnar o pedido de registro, em peti\u00e7\u00e3o fundamentada at\u00e9 cinco dias ap\u00f3s a publica\u00e7\u00e3o do edital relativo ao pedido de registro.<\/p>\n<p>Todos os pedidos de registro de candidatos, inclusive os impugnados, devem estar julgados pelo ju\u00edzo eleitoral at\u00e9 5 de agosto de 2012.<\/p>\n<p><strong>Justificativa e divulga\u00e7\u00e3o dos resultados<\/strong><\/p>\n<p>Ainda na sess\u00e3o de ontem, o TSE aprovou a resolu\u00e7\u00e3o que disciplina, entre outros assuntos, os atos preparat\u00f3rios, a justificativa eleitoral, a divulga\u00e7\u00e3o e a proclama\u00e7\u00e3o dos resultados.<\/p>\n<p><strong>Justificativa<\/strong><strong><\/p>\n<p><\/strong>O voto \u00e9 obrigat\u00f3rio para os maiores de 18 anos. Quem n\u00e3o votar, ter\u00e1 de justificar a aus\u00eancia, no pr\u00f3prio dia da vota\u00e7\u00e3o, nos locais a serem designados pelos ju\u00edzes eleitorais. Para os analfabetos, os maiores de 70 anos e os jovens entre 16 e 18 anos o voto \u00e9 facultativo.<\/p>\n<p><strong>Diploma\u00e7\u00e3o<\/strong><strong><br \/>\n<\/strong><br \/>\nOs candidatos eleitos aos cargos de prefeito e vereador dever\u00e3o ser diplomados at\u00e9 o dia 19 de dezembro de 2012<\/p>\n","protected":false},"excerpt":{"rendered":"<p>O Tribunal Superior Eleitoral (TSE) aprovou, na sess\u00e3o administrativa da noite de quarta-feira (14), as resolu\u00e7\u00f5es que regulamentam a escolha [&hellip;]<\/p>\n","protected":false},"author":8,"featured_media":0,"comment_status":"open","ping_status":"open","sticky":false,"template":"","format":"standard","meta":{"site-sidebar-layout":"default","site-content-layout":"","ast-site-content-layout":"default","site-content-style":"default","site-sidebar-style":"default","ast-global-header-display":"","ast-banner-title-visibility":"","ast-main-header-display":"","ast-hfb-above-header-display":"","ast-hfb-below-header-display":"","ast-hfb-mobile-header-display":"","site-post-title":"","ast-breadcrumbs-content":"","ast-featured-img":"","footer-sml-layout":"","ast-disable-related-posts":"","theme-transparent-header-meta":"","adv-header-id-meta":"","stick-header-meta":"","header-above-stick-meta":"","header-main-stick-meta":"","header-below-stick-meta":"","astra-migrate-meta-layouts":"default","ast-page-background-enabled":"default","ast-page-background-meta":{"desktop":{"background-color":"var(--ast-global-color-5)","background-image":"","background-repeat":"repeat","background-position":"center center","background-size":"auto","background-attachment":"scroll","background-type":"","background-media":"","overlay-type":"","overlay-color":"","overlay-opacity":"","overlay-gradient":""},"tablet":{"background-color":"","background-image":"","background-repeat":"repeat","background-position":"center center","background-size":"auto","background-attachment":"scroll","background-type":"","background-media":"","overlay-type":"","overlay-color":"","overlay-opacity":"","overlay-gradient":""},"mobile":{"background-color":"","background-image":"","background-repeat":"repeat","background-position":"center center","background-size":"auto","background-attachment":"scroll","background-type":"","background-media":"","overlay-type":"","overlay-color":"","overlay-opacity":"","overlay-gradient":""}},"ast-content-background-meta":{"desktop":{"background-color":"var(--ast-global-color-4)","background-image":"","background-repeat":"repeat","background-position":"center center","background-size":"auto","background-attachment":"scroll","background-type":"","background-media":"","overlay-type":"","overlay-color":"","overlay-opacity":"","overlay-gradient":""},"tablet":{"background-color":"var(--ast-global-color-4)","background-image":"","background-repeat":"repeat","background-position":"center center","background-size":"auto","background-attachment":"scroll","background-type":"","background-media":"","overlay-type":"","overlay-color":"","overlay-opacity":"","overlay-gradient":""},"mobile":{"background-color":"var(--ast-global-color-4)","background-image":"","background-repeat":"repeat","background-position":"center center","background-size":"auto","background-attachment":"scroll","background-type":"","background-media":"","overlay-type":"","overlay-color":"","overlay-opacity":"","overlay-gradient":""}},"footnotes":""},"categories":[1],"tags":[],"class_list":["post-1710","post","type-post","status-publish","format-standard","hentry","category-sem-categoria"],"yoast_head":"<!-- This site is optimized with the Yoast SEO plugin v26.6 - https:\/\/yoast.com\/wordpress\/plugins\/seo\/ -->\n<title>TSE aprova resolu\u00e7\u00f5es sobre registro de candidatura e atos preparat\u00f3rios para 2012 - Fl\u00e1vio Braga<\/title>\n<meta name=\"robots\" content=\"index, follow, max-snippet:-1, max-image-preview:large, max-video-preview:-1\" \/>\n<link rel=\"canonical\" href=\"https:\/\/www.blogsoestado.com\/flaviobraga\/tse-aprova-resolucoes-sobre-registro-de-candidatura-e-atos-preparatorios-para-2012\/\" \/>\n<meta property=\"og:locale\" content=\"pt_BR\" \/>\n<meta property=\"og:type\" content=\"article\" \/>\n<meta property=\"og:title\" content=\"TSE aprova resolu\u00e7\u00f5es sobre registro de candidatura e atos preparat\u00f3rios para 2012 - Fl\u00e1vio Braga\" \/>\n<meta property=\"og:description\" content=\"O Tribunal Superior Eleitoral (TSE) aprovou, na sess\u00e3o administrativa da noite de quarta-feira (14), as resolu\u00e7\u00f5es que regulamentam a escolha [&hellip;]\" \/>\n<meta property=\"og:url\" content=\"https:\/\/www.blogsoestado.com\/flaviobraga\/tse-aprova-resolucoes-sobre-registro-de-candidatura-e-atos-preparatorios-para-2012\/\" \/>\n<meta property=\"og:site_name\" content=\"Fl\u00e1vio Braga\" \/>\n<meta property=\"article:published_time\" content=\"2011-12-16T15:07:28+00:00\" \/>\n<meta name=\"author\" content=\"Flavio Braga\" \/>\n<meta name=\"twitter:card\" content=\"summary_large_image\" \/>\n<meta name=\"twitter:label1\" content=\"Escrito por\" \/>\n\t<meta name=\"twitter:data1\" content=\"Flavio Braga\" \/>\n\t<meta name=\"twitter:label2\" content=\"Est. tempo de leitura\" \/>\n\t<meta name=\"twitter:data2\" content=\"3 minutos\" \/>\n<script type=\"application\/ld+json\" class=\"yoast-schema-graph\">{\"@context\":\"https:\/\/schema.org\",\"@graph\":[{\"@type\":\"WebPage\",\"@id\":\"https:\/\/www.blogsoestado.com\/flaviobraga\/tse-aprova-resolucoes-sobre-registro-de-candidatura-e-atos-preparatorios-para-2012\/\",\"url\":\"https:\/\/www.blogsoestado.com\/flaviobraga\/tse-aprova-resolucoes-sobre-registro-de-candidatura-e-atos-preparatorios-para-2012\/\",\"name\":\"TSE aprova resolu\u00e7\u00f5es sobre registro de candidatura e atos preparat\u00f3rios para 2012 - Fl\u00e1vio Braga\",\"isPartOf\":{\"@id\":\"https:\/\/www.blogsoestado.com\/flaviobraga\/#website\"},\"datePublished\":\"2011-12-16T15:07:28+00:00\",\"author\":{\"@id\":\"https:\/\/www.blogsoestado.com\/flaviobraga\/#\/schema\/person\/6c6c778331775c757a82d15206bd8733\"},\"breadcrumb\":{\"@id\":\"https:\/\/www.blogsoestado.com\/flaviobraga\/tse-aprova-resolucoes-sobre-registro-de-candidatura-e-atos-preparatorios-para-2012\/#breadcrumb\"},\"inLanguage\":\"pt-BR\",\"potentialAction\":[{\"@type\":\"ReadAction\",\"target\":[\"https:\/\/www.blogsoestado.com\/flaviobraga\/tse-aprova-resolucoes-sobre-registro-de-candidatura-e-atos-preparatorios-para-2012\/\"]}]},{\"@type\":\"BreadcrumbList\",\"@id\":\"https:\/\/www.blogsoestado.com\/flaviobraga\/tse-aprova-resolucoes-sobre-registro-de-candidatura-e-atos-preparatorios-para-2012\/#breadcrumb\",\"itemListElement\":[{\"@type\":\"ListItem\",\"position\":1,\"name\":\"In\u00edcio\",\"item\":\"https:\/\/www.blogsoestado.com\/flaviobraga\/\"},{\"@type\":\"ListItem\",\"position\":2,\"name\":\"TSE aprova resolu\u00e7\u00f5es sobre registro de candidatura e atos preparat\u00f3rios para 2012\"}]},{\"@type\":\"WebSite\",\"@id\":\"https:\/\/www.blogsoestado.com\/flaviobraga\/#website\",\"url\":\"https:\/\/www.blogsoestado.com\/flaviobraga\/\",\"name\":\"Fl\u00e1vio Braga\",\"description\":\"\",\"potentialAction\":[{\"@type\":\"SearchAction\",\"target\":{\"@type\":\"EntryPoint\",\"urlTemplate\":\"https:\/\/www.blogsoestado.com\/flaviobraga\/?s={search_term_string}\"},\"query-input\":{\"@type\":\"PropertyValueSpecification\",\"valueRequired\":true,\"valueName\":\"search_term_string\"}}],\"inLanguage\":\"pt-BR\"},{\"@type\":\"Person\",\"@id\":\"https:\/\/www.blogsoestado.com\/flaviobraga\/#\/schema\/person\/6c6c778331775c757a82d15206bd8733\",\"name\":\"Flavio Braga\",\"image\":{\"@type\":\"ImageObject\",\"inLanguage\":\"pt-BR\",\"@id\":\"https:\/\/www.blogsoestado.com\/flaviobraga\/#\/schema\/person\/image\/\",\"url\":\"https:\/\/secure.gravatar.com\/avatar\/ab173937dad8d78195c87778be8a0285d069ede375ce0ae24aac1cf8e58ccb2c?s=96&d=mm&r=g\",\"contentUrl\":\"https:\/\/secure.gravatar.com\/avatar\/ab173937dad8d78195c87778be8a0285d069ede375ce0ae24aac1cf8e58ccb2c?s=96&d=mm&r=g\",\"caption\":\"Flavio Braga\"},\"url\":\"https:\/\/www.blogsoestado.com\/flaviobraga\/author\/flaviobraga\/\"}]}<\/script>\n<!-- \/ Yoast SEO plugin. -->","yoast_head_json":{"title":"TSE aprova resolu\u00e7\u00f5es sobre registro de candidatura e atos preparat\u00f3rios para 2012 - Fl\u00e1vio Braga","robots":{"index":"index","follow":"follow","max-snippet":"max-snippet:-1","max-image-preview":"max-image-preview:large","max-video-preview":"max-video-preview:-1"},"canonical":"https:\/\/www.blogsoestado.com\/flaviobraga\/tse-aprova-resolucoes-sobre-registro-de-candidatura-e-atos-preparatorios-para-2012\/","og_locale":"pt_BR","og_type":"article","og_title":"TSE aprova resolu\u00e7\u00f5es sobre registro de candidatura e atos preparat\u00f3rios para 2012 - Fl\u00e1vio Braga","og_description":"O Tribunal Superior Eleitoral (TSE) aprovou, na sess\u00e3o administrativa da noite de quarta-feira (14), as resolu\u00e7\u00f5es que regulamentam a escolha [&hellip;]","og_url":"https:\/\/www.blogsoestado.com\/flaviobraga\/tse-aprova-resolucoes-sobre-registro-de-candidatura-e-atos-preparatorios-para-2012\/","og_site_name":"Fl\u00e1vio Braga","article_published_time":"2011-12-16T15:07:28+00:00","author":"Flavio Braga","twitter_card":"summary_large_image","twitter_misc":{"Escrito por":"Flavio Braga","Est. tempo de leitura":"3 minutos"},"schema":{"@context":"https:\/\/schema.org","@graph":[{"@type":"WebPage","@id":"https:\/\/www.blogsoestado.com\/flaviobraga\/tse-aprova-resolucoes-sobre-registro-de-candidatura-e-atos-preparatorios-para-2012\/","url":"https:\/\/www.blogsoestado.com\/flaviobraga\/tse-aprova-resolucoes-sobre-registro-de-candidatura-e-atos-preparatorios-para-2012\/","name":"TSE aprova resolu\u00e7\u00f5es sobre registro de candidatura e atos preparat\u00f3rios para 2012 - Fl\u00e1vio Braga","isPartOf":{"@id":"https:\/\/www.blogsoestado.com\/flaviobraga\/#website"},"datePublished":"2011-12-16T15:07:28+00:00","author":{"@id":"https:\/\/www.blogsoestado.com\/flaviobraga\/#\/schema\/person\/6c6c778331775c757a82d15206bd8733"},"breadcrumb":{"@id":"https:\/\/www.blogsoestado.com\/flaviobraga\/tse-aprova-resolucoes-sobre-registro-de-candidatura-e-atos-preparatorios-para-2012\/#breadcrumb"},"inLanguage":"pt-BR","potentialAction":[{"@type":"ReadAction","target":["https:\/\/www.blogsoestado.com\/flaviobraga\/tse-aprova-resolucoes-sobre-registro-de-candidatura-e-atos-preparatorios-para-2012\/"]}]},{"@type":"BreadcrumbList","@id":"https:\/\/www.blogsoestado.com\/flaviobraga\/tse-aprova-resolucoes-sobre-registro-de-candidatura-e-atos-preparatorios-para-2012\/#breadcrumb","itemListElement":[{"@type":"ListItem","position":1,"name":"In\u00edcio","item":"https:\/\/www.blogsoestado.com\/flaviobraga\/"},{"@type":"ListItem","position":2,"name":"TSE aprova resolu\u00e7\u00f5es sobre registro de candidatura e atos preparat\u00f3rios para 2012"}]},{"@type":"WebSite","@id":"https:\/\/www.blogsoestado.com\/flaviobraga\/#website","url":"https:\/\/www.blogsoestado.com\/flaviobraga\/","name":"Fl\u00e1vio Braga","description":"","potentialAction":[{"@type":"SearchAction","target":{"@type":"EntryPoint","urlTemplate":"https:\/\/www.blogsoestado.com\/flaviobraga\/?s={search_term_string}"},"query-input":{"@type":"PropertyValueSpecification","valueRequired":true,"valueName":"search_term_string"}}],"inLanguage":"pt-BR"},{"@type":"Person","@id":"https:\/\/www.blogsoestado.com\/flaviobraga\/#\/schema\/person\/6c6c778331775c757a82d15206bd8733","name":"Flavio Braga","image":{"@type":"ImageObject","inLanguage":"pt-BR","@id":"https:\/\/www.blogsoestado.com\/flaviobraga\/#\/schema\/person\/image\/","url":"https:\/\/secure.gravatar.com\/avatar\/ab173937dad8d78195c87778be8a0285d069ede375ce0ae24aac1cf8e58ccb2c?s=96&d=mm&r=g","contentUrl":"https:\/\/secure.gravatar.com\/avatar\/ab173937dad8d78195c87778be8a0285d069ede375ce0ae24aac1cf8e58ccb2c?s=96&d=mm&r=g","caption":"Flavio Braga"},"url":"https:\/\/www.blogsoestado.com\/flaviobraga\/author\/flaviobraga\/"}]}},"jetpack_featured_media_url":"","_links":{"self":[{"href":"https:\/\/www.blogsoestado.com\/flaviobraga\/wp-json\/wp\/v2\/posts\/1710","targetHints":{"allow":["GET"]}}],"collection":[{"href":"https:\/\/www.blogsoestado.com\/flaviobraga\/wp-json\/wp\/v2\/posts"}],"about":[{"href":"https:\/\/www.blogsoestado.com\/flaviobraga\/wp-json\/wp\/v2\/types\/post"}],"author":[{"embeddable":true,"href":"https:\/\/www.blogsoestado.com\/flaviobraga\/wp-json\/wp\/v2\/users\/8"}],"replies":[{"embeddable":true,"href":"https:\/\/www.blogsoestado.com\/flaviobraga\/wp-json\/wp\/v2\/comments?post=1710"}],"version-history":[{"count":0,"href":"https:\/\/www.blogsoestado.com\/flaviobraga\/wp-json\/wp\/v2\/posts\/1710\/revisions"}],"wp:attachment":[{"href":"https:\/\/www.blogsoestado.com\/flaviobraga\/wp-json\/wp\/v2\/media?parent=1710"}],"wp:term":[{"taxonomy":"category","embeddable":true,"href":"https:\/\/www.blogsoestado.com\/flaviobraga\/wp-json\/wp\/v2\/categories?post=1710"},{"taxonomy":"post_tag","embeddable":true,"href":"https:\/\/www.blogsoestado.com\/flaviobraga\/wp-json\/wp\/v2\/tags?post=1710"}],"curies":[{"name":"wp","href":"https:\/\/api.w.org\/{rel}","templated":true}]}}