{"id":1734,"date":"2012-02-09T11:40:17","date_gmt":"2012-02-09T13:40:17","guid":{"rendered":"https:\/\/www.blogsoestado.com\/flaviobraga\/?p=1734"},"modified":"2012-02-09T11:40:17","modified_gmt":"2012-02-09T13:40:17","slug":"infidelidade-partidaria-ministra-do-stf-arquiva-mandado-de-seguranca-sobre-ordem-de-suplencia-na-camara","status":"publish","type":"post","link":"https:\/\/www.blogsoestado.com\/flaviobraga\/infidelidade-partidaria-ministra-do-stf-arquiva-mandado-de-seguranca-sobre-ordem-de-suplencia-na-camara\/","title":{"rendered":"Infidelidade Partid\u00e1ria: Ministra do STF arquiva Mandado de Seguran\u00e7a sobre ordem de supl\u00eancia na C\u00e2mara"},"content":{"rendered":"<p>A ministra do Supremo Tribunal Federal (STF) C\u00e1rmen L\u00facia Antunes Rocha negou seguimento (arquivou) ao Mandado de Seguran\u00e7a (MS 31117) impetrado pelo Partido Progressista (PP) e pelo segundo suplente de deputado federal pelo Estado do Mato Grosso, Neri Geller. Eles pretendiam impedir que o presidente da C\u00e2mara dos Deputados empossasse o primeiro suplente e, consequentemente, nomeasse o segundo suplente na vaga aberta com a sa\u00edda do titular do mandato.<\/p>\n<p>De acordo com o partido, o primeiro suplente, Roberto Dorner, n\u00e3o poderia tomar posse como parlamentar porque mudou de partido, migrando do PP para o PSD (Partido Social Democr\u00e1tico). Dessa forma, para a vaga permanecer com o partido seria necess\u00e1rio que o segundo suplente, filiado ao PP, tomasse posse em seu lugar.<\/p>\n<p><strong>Liminar<\/strong><\/p>\n<p>A liminar j\u00e1 havia sido negada pelo presidente do STF, ministro Cezar Peluso, em janeiro deste ano, durante seu plant\u00e3o ao longo do recesso forense. Na ocasi\u00e3o, o presidente considerou que n\u00e3o era o caso de conceder a liminar porque \u201cal\u00e9m de o suposto ato coator n\u00e3o ter sido praticado\u201d a C\u00e2mara dos Deputados estava em recesso parlamentar, o que descaracterizou a urg\u00eancia do pedido.<\/p>\n<p><strong>Decis\u00e3o<\/strong><\/p>\n<p>Ao ser sorteada como relatora do MS, a ministra C\u00e1rmen L\u00facia analisou o pedido e decidiu pelo arquivamento por entender que, neste caso, n\u00e3o deve ser aplicada a regra segundo a qual as vagas obtidas pelo sistema proporcional devem ser mantidas em favor dos partidos pol\u00edticos e das coliga\u00e7\u00f5es quando houver desfilia\u00e7\u00e3o do titular.<\/p>\n<p>Isso porque, segundo lembrou a ministra, a resolu\u00e7\u00e3o que trata da perda do cargo eletivo por infidelidade partid\u00e1ria (Resolu\u00e7\u00e3o TSE 22.610) \u201cn\u00e3o tratou, por \u00f3bvio, da situa\u00e7\u00e3o daqueles que n\u00e3o exercem mandato eletivo e que se desfiliam de partido pol\u00edtico\u201d.<\/p>\n<p><span style=\"color: #0000ff;text-decoration: underline\">Dessa forma, destacou a relatora, \u201ca quest\u00e3o permanecer\u00e1 na al\u00e7ada dos partidos enquanto n\u00e3o envolver a assun\u00e7\u00e3o do suplente ao exerc\u00edcio do mandato\u201d.<\/span><\/p>\n<p>Al\u00e9m disso, a ministra afirmou que a possibilidade de negar ao suplente o direito de exercer cargo eletivo vago sob o argumento de infidelidade partid\u00e1ria configura <span style=\"text-decoration: underline\">\u201cinstaurada a compet\u00eancia da Justi\u00e7a Eleitoral para a causa, conforme decidiu o Tribunal Superior Eleitoral (TSE)\u201d.<\/span><\/p>\n<p>A ministra ainda afirmou que \u201co alegado direito l\u00edquido e certo n\u00e3o prescinde da desconstitui\u00e7\u00e3o do diploma de outro suplente\u201d bem como que esse direito n\u00e3o poderia ser alcan\u00e7ado por meio de mandado de <span style=\"text-decoration: underline\">seguran\u00e7a \u201cpor depender de dila\u00e7\u00e3o probat\u00f3ria\u201d.<\/span><\/p>\n<p>Al\u00e9m disso, a ministra lembrou que h\u00e1 a possibilidade de o primeiro suplente suscitar, com o objetivo de justificar a sua desfilia\u00e7\u00e3o do partido, a mudan\u00e7a substancial ou desvio do programa partid\u00e1rio ou, ainda, a ocorr\u00eancia de grave discrimina\u00e7\u00e3o pessoal, que s\u00e3o as raz\u00f5es necess\u00e1rias para que o parlamentar n\u00e3o seja considerado infiel ao seu partido e continue como detentor do mandato. Em outras palavras, ap\u00f3s a posse do primeiro suplente, ele ter\u00e1 o direito de apresentar sua defesa e tentar justificar sua sa\u00edda antes de ser punido com a perda do mandato que ainda n\u00e3o assumiu.<\/p>\n","protected":false},"excerpt":{"rendered":"<p>A ministra do Supremo Tribunal Federal (STF) C\u00e1rmen L\u00facia Antunes Rocha negou seguimento (arquivou) ao Mandado de Seguran\u00e7a (MS 31117) [&hellip;]<\/p>\n","protected":false},"author":8,"featured_media":0,"comment_status":"open","ping_status":"open","sticky":false,"template":"","format":"standard","meta":{"site-sidebar-layout":"default","site-content-layout":"","ast-site-content-layout":"default","site-content-style":"default","site-sidebar-style":"default","ast-global-header-display":"","ast-banner-title-visibility":"","ast-main-header-display":"","ast-hfb-above-header-display":"","ast-hfb-below-header-display":"","ast-hfb-mobile-header-display":"","site-post-title":"","ast-breadcrumbs-content":"","ast-featured-img":"","footer-sml-layout":"","ast-disable-related-posts":"","theme-transparent-header-meta":"","adv-header-id-meta":"","stick-header-meta":"","header-above-stick-meta":"","header-main-stick-meta":"","header-below-stick-meta":"","astra-migrate-meta-layouts":"default","ast-page-background-enabled":"default","ast-page-background-meta":{"desktop":{"background-color":"var(--ast-global-color-5)","background-image":"","background-repeat":"repeat","background-position":"center center","background-size":"auto","background-attachment":"scroll","background-type":"","background-media":"","overlay-type":"","overlay-color":"","overlay-opacity":"","overlay-gradient":""},"tablet":{"background-color":"","background-image":"","background-repeat":"repeat","background-position":"center center","background-size":"auto","background-attachment":"scroll","background-type":"","background-media":"","overlay-type":"","overlay-color":"","overlay-opacity":"","overlay-gradient":""},"mobile":{"background-color":"","background-image":"","background-repeat":"repeat","background-position":"center center","background-size":"auto","background-attachment":"scroll","background-type":"","background-media":"","overlay-type":"","overlay-color":"","overlay-opacity":"","overlay-gradient":""}},"ast-content-background-meta":{"desktop":{"background-color":"var(--ast-global-color-4)","background-image":"","background-repeat":"repeat","background-position":"center center","background-size":"auto","background-attachment":"scroll","background-type":"","background-media":"","overlay-type":"","overlay-color":"","overlay-opacity":"","overlay-gradient":""},"tablet":{"background-color":"var(--ast-global-color-4)","background-image":"","background-repeat":"repeat","background-position":"center center","background-size":"auto","background-attachment":"scroll","background-type":"","background-media":"","overlay-type":"","overlay-color":"","overlay-opacity":"","overlay-gradient":""},"mobile":{"background-color":"var(--ast-global-color-4)","background-image":"","background-repeat":"repeat","background-position":"center center","background-size":"auto","background-attachment":"scroll","background-type":"","background-media":"","overlay-type":"","overlay-color":"","overlay-opacity":"","overlay-gradient":""}},"footnotes":""},"categories":[1],"tags":[],"class_list":["post-1734","post","type-post","status-publish","format-standard","hentry","category-sem-categoria"],"yoast_head":"<!-- This site is optimized with the Yoast SEO plugin v26.6 - https:\/\/yoast.com\/wordpress\/plugins\/seo\/ -->\n<title>Infidelidade Partid\u00e1ria: Ministra do STF arquiva Mandado de Seguran\u00e7a sobre ordem de supl\u00eancia na C\u00e2mara - Fl\u00e1vio Braga<\/title>\n<meta name=\"robots\" content=\"index, follow, max-snippet:-1, max-image-preview:large, max-video-preview:-1\" \/>\n<link rel=\"canonical\" href=\"https:\/\/www.blogsoestado.com\/flaviobraga\/infidelidade-partidaria-ministra-do-stf-arquiva-mandado-de-seguranca-sobre-ordem-de-suplencia-na-camara\/\" \/>\n<meta property=\"og:locale\" content=\"pt_BR\" \/>\n<meta property=\"og:type\" content=\"article\" \/>\n<meta property=\"og:title\" content=\"Infidelidade Partid\u00e1ria: Ministra do STF arquiva Mandado de Seguran\u00e7a sobre ordem de supl\u00eancia na C\u00e2mara - Fl\u00e1vio Braga\" \/>\n<meta property=\"og:description\" content=\"A ministra do Supremo Tribunal Federal (STF) C\u00e1rmen L\u00facia Antunes Rocha negou seguimento (arquivou) ao Mandado de Seguran\u00e7a (MS 31117) [&hellip;]\" \/>\n<meta property=\"og:url\" content=\"https:\/\/www.blogsoestado.com\/flaviobraga\/infidelidade-partidaria-ministra-do-stf-arquiva-mandado-de-seguranca-sobre-ordem-de-suplencia-na-camara\/\" \/>\n<meta property=\"og:site_name\" content=\"Fl\u00e1vio Braga\" \/>\n<meta property=\"article:published_time\" content=\"2012-02-09T13:40:17+00:00\" \/>\n<meta name=\"author\" content=\"Flavio Braga\" \/>\n<meta name=\"twitter:card\" content=\"summary_large_image\" \/>\n<meta name=\"twitter:label1\" content=\"Escrito por\" \/>\n\t<meta name=\"twitter:data1\" content=\"Flavio Braga\" \/>\n\t<meta name=\"twitter:label2\" content=\"Est. tempo de leitura\" \/>\n\t<meta name=\"twitter:data2\" content=\"3 minutos\" \/>\n<script type=\"application\/ld+json\" class=\"yoast-schema-graph\">{\"@context\":\"https:\/\/schema.org\",\"@graph\":[{\"@type\":\"WebPage\",\"@id\":\"https:\/\/www.blogsoestado.com\/flaviobraga\/infidelidade-partidaria-ministra-do-stf-arquiva-mandado-de-seguranca-sobre-ordem-de-suplencia-na-camara\/\",\"url\":\"https:\/\/www.blogsoestado.com\/flaviobraga\/infidelidade-partidaria-ministra-do-stf-arquiva-mandado-de-seguranca-sobre-ordem-de-suplencia-na-camara\/\",\"name\":\"Infidelidade Partid\u00e1ria: Ministra do STF arquiva Mandado de Seguran\u00e7a sobre ordem de supl\u00eancia na C\u00e2mara - Fl\u00e1vio Braga\",\"isPartOf\":{\"@id\":\"https:\/\/www.blogsoestado.com\/flaviobraga\/#website\"},\"datePublished\":\"2012-02-09T13:40:17+00:00\",\"author\":{\"@id\":\"https:\/\/www.blogsoestado.com\/flaviobraga\/#\/schema\/person\/6c6c778331775c757a82d15206bd8733\"},\"breadcrumb\":{\"@id\":\"https:\/\/www.blogsoestado.com\/flaviobraga\/infidelidade-partidaria-ministra-do-stf-arquiva-mandado-de-seguranca-sobre-ordem-de-suplencia-na-camara\/#breadcrumb\"},\"inLanguage\":\"pt-BR\",\"potentialAction\":[{\"@type\":\"ReadAction\",\"target\":[\"https:\/\/www.blogsoestado.com\/flaviobraga\/infidelidade-partidaria-ministra-do-stf-arquiva-mandado-de-seguranca-sobre-ordem-de-suplencia-na-camara\/\"]}]},{\"@type\":\"BreadcrumbList\",\"@id\":\"https:\/\/www.blogsoestado.com\/flaviobraga\/infidelidade-partidaria-ministra-do-stf-arquiva-mandado-de-seguranca-sobre-ordem-de-suplencia-na-camara\/#breadcrumb\",\"itemListElement\":[{\"@type\":\"ListItem\",\"position\":1,\"name\":\"In\u00edcio\",\"item\":\"https:\/\/www.blogsoestado.com\/flaviobraga\/\"},{\"@type\":\"ListItem\",\"position\":2,\"name\":\"Infidelidade Partid\u00e1ria: Ministra do STF arquiva Mandado de Seguran\u00e7a sobre ordem de supl\u00eancia na C\u00e2mara\"}]},{\"@type\":\"WebSite\",\"@id\":\"https:\/\/www.blogsoestado.com\/flaviobraga\/#website\",\"url\":\"https:\/\/www.blogsoestado.com\/flaviobraga\/\",\"name\":\"Fl\u00e1vio Braga\",\"description\":\"\",\"potentialAction\":[{\"@type\":\"SearchAction\",\"target\":{\"@type\":\"EntryPoint\",\"urlTemplate\":\"https:\/\/www.blogsoestado.com\/flaviobraga\/?s={search_term_string}\"},\"query-input\":{\"@type\":\"PropertyValueSpecification\",\"valueRequired\":true,\"valueName\":\"search_term_string\"}}],\"inLanguage\":\"pt-BR\"},{\"@type\":\"Person\",\"@id\":\"https:\/\/www.blogsoestado.com\/flaviobraga\/#\/schema\/person\/6c6c778331775c757a82d15206bd8733\",\"name\":\"Flavio Braga\",\"image\":{\"@type\":\"ImageObject\",\"inLanguage\":\"pt-BR\",\"@id\":\"https:\/\/www.blogsoestado.com\/flaviobraga\/#\/schema\/person\/image\/\",\"url\":\"https:\/\/secure.gravatar.com\/avatar\/ab173937dad8d78195c87778be8a0285d069ede375ce0ae24aac1cf8e58ccb2c?s=96&d=mm&r=g\",\"contentUrl\":\"https:\/\/secure.gravatar.com\/avatar\/ab173937dad8d78195c87778be8a0285d069ede375ce0ae24aac1cf8e58ccb2c?s=96&d=mm&r=g\",\"caption\":\"Flavio Braga\"},\"url\":\"https:\/\/www.blogsoestado.com\/flaviobraga\/author\/flaviobraga\/\"}]}<\/script>\n<!-- \/ Yoast SEO plugin. -->","yoast_head_json":{"title":"Infidelidade Partid\u00e1ria: Ministra do STF arquiva Mandado de Seguran\u00e7a sobre ordem de supl\u00eancia na C\u00e2mara - Fl\u00e1vio Braga","robots":{"index":"index","follow":"follow","max-snippet":"max-snippet:-1","max-image-preview":"max-image-preview:large","max-video-preview":"max-video-preview:-1"},"canonical":"https:\/\/www.blogsoestado.com\/flaviobraga\/infidelidade-partidaria-ministra-do-stf-arquiva-mandado-de-seguranca-sobre-ordem-de-suplencia-na-camara\/","og_locale":"pt_BR","og_type":"article","og_title":"Infidelidade Partid\u00e1ria: Ministra do STF arquiva Mandado de Seguran\u00e7a sobre ordem de supl\u00eancia na C\u00e2mara - Fl\u00e1vio Braga","og_description":"A ministra do Supremo Tribunal Federal (STF) C\u00e1rmen L\u00facia Antunes Rocha negou seguimento (arquivou) ao Mandado de Seguran\u00e7a (MS 31117) [&hellip;]","og_url":"https:\/\/www.blogsoestado.com\/flaviobraga\/infidelidade-partidaria-ministra-do-stf-arquiva-mandado-de-seguranca-sobre-ordem-de-suplencia-na-camara\/","og_site_name":"Fl\u00e1vio Braga","article_published_time":"2012-02-09T13:40:17+00:00","author":"Flavio Braga","twitter_card":"summary_large_image","twitter_misc":{"Escrito por":"Flavio Braga","Est. tempo de leitura":"3 minutos"},"schema":{"@context":"https:\/\/schema.org","@graph":[{"@type":"WebPage","@id":"https:\/\/www.blogsoestado.com\/flaviobraga\/infidelidade-partidaria-ministra-do-stf-arquiva-mandado-de-seguranca-sobre-ordem-de-suplencia-na-camara\/","url":"https:\/\/www.blogsoestado.com\/flaviobraga\/infidelidade-partidaria-ministra-do-stf-arquiva-mandado-de-seguranca-sobre-ordem-de-suplencia-na-camara\/","name":"Infidelidade Partid\u00e1ria: Ministra do STF arquiva Mandado de Seguran\u00e7a sobre ordem de supl\u00eancia na C\u00e2mara - Fl\u00e1vio Braga","isPartOf":{"@id":"https:\/\/www.blogsoestado.com\/flaviobraga\/#website"},"datePublished":"2012-02-09T13:40:17+00:00","author":{"@id":"https:\/\/www.blogsoestado.com\/flaviobraga\/#\/schema\/person\/6c6c778331775c757a82d15206bd8733"},"breadcrumb":{"@id":"https:\/\/www.blogsoestado.com\/flaviobraga\/infidelidade-partidaria-ministra-do-stf-arquiva-mandado-de-seguranca-sobre-ordem-de-suplencia-na-camara\/#breadcrumb"},"inLanguage":"pt-BR","potentialAction":[{"@type":"ReadAction","target":["https:\/\/www.blogsoestado.com\/flaviobraga\/infidelidade-partidaria-ministra-do-stf-arquiva-mandado-de-seguranca-sobre-ordem-de-suplencia-na-camara\/"]}]},{"@type":"BreadcrumbList","@id":"https:\/\/www.blogsoestado.com\/flaviobraga\/infidelidade-partidaria-ministra-do-stf-arquiva-mandado-de-seguranca-sobre-ordem-de-suplencia-na-camara\/#breadcrumb","itemListElement":[{"@type":"ListItem","position":1,"name":"In\u00edcio","item":"https:\/\/www.blogsoestado.com\/flaviobraga\/"},{"@type":"ListItem","position":2,"name":"Infidelidade Partid\u00e1ria: Ministra do STF arquiva Mandado de Seguran\u00e7a sobre ordem de supl\u00eancia na C\u00e2mara"}]},{"@type":"WebSite","@id":"https:\/\/www.blogsoestado.com\/flaviobraga\/#website","url":"https:\/\/www.blogsoestado.com\/flaviobraga\/","name":"Fl\u00e1vio Braga","description":"","potentialAction":[{"@type":"SearchAction","target":{"@type":"EntryPoint","urlTemplate":"https:\/\/www.blogsoestado.com\/flaviobraga\/?s={search_term_string}"},"query-input":{"@type":"PropertyValueSpecification","valueRequired":true,"valueName":"search_term_string"}}],"inLanguage":"pt-BR"},{"@type":"Person","@id":"https:\/\/www.blogsoestado.com\/flaviobraga\/#\/schema\/person\/6c6c778331775c757a82d15206bd8733","name":"Flavio Braga","image":{"@type":"ImageObject","inLanguage":"pt-BR","@id":"https:\/\/www.blogsoestado.com\/flaviobraga\/#\/schema\/person\/image\/","url":"https:\/\/secure.gravatar.com\/avatar\/ab173937dad8d78195c87778be8a0285d069ede375ce0ae24aac1cf8e58ccb2c?s=96&d=mm&r=g","contentUrl":"https:\/\/secure.gravatar.com\/avatar\/ab173937dad8d78195c87778be8a0285d069ede375ce0ae24aac1cf8e58ccb2c?s=96&d=mm&r=g","caption":"Flavio Braga"},"url":"https:\/\/www.blogsoestado.com\/flaviobraga\/author\/flaviobraga\/"}]}},"jetpack_featured_media_url":"","_links":{"self":[{"href":"https:\/\/www.blogsoestado.com\/flaviobraga\/wp-json\/wp\/v2\/posts\/1734","targetHints":{"allow":["GET"]}}],"collection":[{"href":"https:\/\/www.blogsoestado.com\/flaviobraga\/wp-json\/wp\/v2\/posts"}],"about":[{"href":"https:\/\/www.blogsoestado.com\/flaviobraga\/wp-json\/wp\/v2\/types\/post"}],"author":[{"embeddable":true,"href":"https:\/\/www.blogsoestado.com\/flaviobraga\/wp-json\/wp\/v2\/users\/8"}],"replies":[{"embeddable":true,"href":"https:\/\/www.blogsoestado.com\/flaviobraga\/wp-json\/wp\/v2\/comments?post=1734"}],"version-history":[{"count":0,"href":"https:\/\/www.blogsoestado.com\/flaviobraga\/wp-json\/wp\/v2\/posts\/1734\/revisions"}],"wp:attachment":[{"href":"https:\/\/www.blogsoestado.com\/flaviobraga\/wp-json\/wp\/v2\/media?parent=1734"}],"wp:term":[{"taxonomy":"category","embeddable":true,"href":"https:\/\/www.blogsoestado.com\/flaviobraga\/wp-json\/wp\/v2\/categories?post=1734"},{"taxonomy":"post_tag","embeddable":true,"href":"https:\/\/www.blogsoestado.com\/flaviobraga\/wp-json\/wp\/v2\/tags?post=1734"}],"curies":[{"name":"wp","href":"https:\/\/api.w.org\/{rel}","templated":true}]}}