{"id":1771,"date":"2012-04-14T11:08:22","date_gmt":"2012-04-14T14:08:22","guid":{"rendered":"https:\/\/www.blogsoestado.com\/flaviobraga\/?p=1771"},"modified":"2012-04-14T11:08:22","modified_gmt":"2012-04-14T14:08:22","slug":"codigo-eleitoral-anotado-de-2012-ja-esta-disponivel-no-site-do-tse","status":"publish","type":"post","link":"https:\/\/www.blogsoestado.com\/flaviobraga\/codigo-eleitoral-anotado-de-2012-ja-esta-disponivel-no-site-do-tse\/","title":{"rendered":"C\u00f3digo Eleitoral Anotado de 2012 j\u00e1 est\u00e1 dispon\u00edvel no site do TSE"},"content":{"rendered":"<p>\u00a0<\/p>\n<p>A partir desta sexta-feira (13), os interessados em ter acesso ao conte\u00fado do C\u00f3digo Eleitoral Anotado com todas as atualiza\u00e7\u00f5es para as Elei\u00e7\u00f5es 2012 j\u00e1 podem baixar o arquivo que est\u00e1 dispon\u00edvel na p\u00e1gina do Tribunal Superior Eleitoral (<a href=\"http:\/\/www.tse.jus.br\/\">www.tse.jus.br<\/a>).<\/p>\n<p>O arquivo em PDF pode ser acessado na p\u00e1gina principal, na op\u00e7\u00e3o \u201cLegisla\u00e7\u00e3o\u201d. Esta \u00e9 a 10\u00aa edi\u00e7\u00e3o do C\u00f3digo, que \u00e9 organizado pela Se\u00e7\u00e3o de Sele\u00e7\u00e3o e Divulga\u00e7\u00e3o de Jurisprud\u00eancia (Sedjur), ligada \u00e0 Coordenadoria de Jurisprud\u00eancia do TSE.<\/p>\n<p>De acordo com o chefe da Sedjur, Gustavo Minucci, a edi\u00e7\u00e3o traz as atualiza\u00e7\u00f5es legislativas de interesse eleitoral e, mais especificamente, para as elei\u00e7\u00f5es. Segundo ele, essa \u00e9 a publica\u00e7\u00e3o mais completa na \u00e1rea do Direito Eleitoral, pois cont\u00e9m al\u00e9m da Lei 4.737\/1965, as posteriores modifica\u00e7\u00f5es como a Lei n\u00b0 9.504\/1997 e as editadas mais recentemente pelo Congresso Nacional como a Lei da Ficha Limpa (Lei Complementar 135\/2010) e a Lei da Minireforma Eleitoral (Lei 12.034\/2009).<\/p>\n<p>Especificamente sobre a Lei da Ficha Limpa, h\u00e1 uma \u00e1rea especial que trata das decis\u00f5es e julgamentos ocorridos logo ap\u00f3s a edi\u00e7\u00e3o da lei, mas que n\u00e3o tiveram efetividade, uma vez que o Supremo Tribunal Federal (STF) determinou que a aplica\u00e7\u00e3o da lei s\u00f3 poderia ocorrer a partir de 2012. Apesar de essas decis\u00f5es n\u00e3o terem sido efetivadas em 2010, elas servir\u00e3o de base para as discuss\u00f5es que surgir\u00e3o sobre o tema ao longo deste ano.<\/p>\n<p>Al\u00e9m das leis, o C\u00f3digo Anotado traz as resolu\u00e7\u00f5es normativas e portarias do TSE, e tamb\u00e9m as S\u00famulas do TSE, STF e STJ e resolu\u00e7\u00f5es do TCU atinentes ao processo eleitoral.<\/p>\n<p>De f\u00e1cil leitura, o C\u00f3digo traz 800 notas sobre as legisla\u00e7\u00f5es. Essas notas aparecem logo abaixo do artigo, com uma explica\u00e7\u00e3o sobre o tema tratado.<\/p>\n<p>O C\u00f3digo Eleitoral Anotado \u00e9 publicado a cada dois anos, sempre em ano de elei\u00e7\u00e3o. Ele \u00e9 voltado para os agentes que atuam diretamente no processo eleitoral, como magistrados, advogados, servidores da Justi\u00e7a Eleitoral, al\u00e9m de ser utilizado tamb\u00e9m por estudantes e todos os interessados.<\/p>\n<p>A tiragem da publica\u00e7\u00e3o este ano ser\u00e1 de 13 mil exemplares e cada exemplar poder\u00e1 ser adquirido a pre\u00e7o de custo de aproximadamente R$ 13,00. Quem tiver interesse na vers\u00e3o impressa com capa dura poder\u00e1 adquirir na Se\u00e7\u00e3o de Arquivo do TSE a partir de junho.<\/p>\n<p><strong>Vers\u00e3o eletr\u00f4nica<\/strong><\/p>\n<p>Ao longo deste ano, a Sedjur ir\u00e1 atualizar o C\u00f3digo Eleitoral Anotado em uma vers\u00e3o eletr\u00f4nica que estar\u00e1 dispon\u00edvel na internet. Ao contr\u00e1rio da vers\u00e3o em PDF, que tem uma forma est\u00e1tica, a vers\u00e3o eletr\u00f4nica ser\u00e1 din\u00e2mica e vai reunir as altera\u00e7\u00f5es mais atuais a cada julgamento que altere a jurisprud\u00eancia na \u00e1rea eleitoral. Essa vers\u00e3o eletr\u00f4nica dever\u00e1 entrar no ar tamb\u00e9m em junho deste ano.<\/p>\n<p>A vantagem da vers\u00e3o eletr\u00f4nica \u00e9 que o C\u00f3digo ser\u00e1 constantemente atualizado e, na ocasi\u00e3o da\u00a0pr\u00f3xima edi\u00e7\u00e3o, bastar\u00e1 imprimir sem necessidade de um longo trabalho de atualiza\u00e7\u00e3o.<\/p>\n","protected":false},"excerpt":{"rendered":"<p>\u00a0 A partir desta sexta-feira (13), os interessados em ter acesso ao conte\u00fado do C\u00f3digo Eleitoral Anotado com todas as [&hellip;]<\/p>\n","protected":false},"author":8,"featured_media":0,"comment_status":"open","ping_status":"open","sticky":false,"template":"","format":"standard","meta":{"site-sidebar-layout":"default","site-content-layout":"","ast-site-content-layout":"default","site-content-style":"default","site-sidebar-style":"default","ast-global-header-display":"","ast-banner-title-visibility":"","ast-main-header-display":"","ast-hfb-above-header-display":"","ast-hfb-below-header-display":"","ast-hfb-mobile-header-display":"","site-post-title":"","ast-breadcrumbs-content":"","ast-featured-img":"","footer-sml-layout":"","ast-disable-related-posts":"","theme-transparent-header-meta":"","adv-header-id-meta":"","stick-header-meta":"","header-above-stick-meta":"","header-main-stick-meta":"","header-below-stick-meta":"","astra-migrate-meta-layouts":"default","ast-page-background-enabled":"default","ast-page-background-meta":{"desktop":{"background-color":"var(--ast-global-color-5)","background-image":"","background-repeat":"repeat","background-position":"center center","background-size":"auto","background-attachment":"scroll","background-type":"","background-media":"","overlay-type":"","overlay-color":"","overlay-opacity":"","overlay-gradient":""},"tablet":{"background-color":"","background-image":"","background-repeat":"repeat","background-position":"center center","background-size":"auto","background-attachment":"scroll","background-type":"","background-media":"","overlay-type":"","overlay-color":"","overlay-opacity":"","overlay-gradient":""},"mobile":{"background-color":"","background-image":"","background-repeat":"repeat","background-position":"center center","background-size":"auto","background-attachment":"scroll","background-type":"","background-media":"","overlay-type":"","overlay-color":"","overlay-opacity":"","overlay-gradient":""}},"ast-content-background-meta":{"desktop":{"background-color":"var(--ast-global-color-4)","background-image":"","background-repeat":"repeat","background-position":"center center","background-size":"auto","background-attachment":"scroll","background-type":"","background-media":"","overlay-type":"","overlay-color":"","overlay-opacity":"","overlay-gradient":""},"tablet":{"background-color":"var(--ast-global-color-4)","background-image":"","background-repeat":"repeat","background-position":"center center","background-size":"auto","background-attachment":"scroll","background-type":"","background-media":"","overlay-type":"","overlay-color":"","overlay-opacity":"","overlay-gradient":""},"mobile":{"background-color":"var(--ast-global-color-4)","background-image":"","background-repeat":"repeat","background-position":"center center","background-size":"auto","background-attachment":"scroll","background-type":"","background-media":"","overlay-type":"","overlay-color":"","overlay-opacity":"","overlay-gradient":""}},"footnotes":""},"categories":[1],"tags":[],"class_list":["post-1771","post","type-post","status-publish","format-standard","hentry","category-sem-categoria"],"yoast_head":"<!-- This site is optimized with the Yoast SEO plugin v26.6 - https:\/\/yoast.com\/wordpress\/plugins\/seo\/ -->\n<title>C\u00f3digo Eleitoral Anotado de 2012 j\u00e1 est\u00e1 dispon\u00edvel no site do TSE - Fl\u00e1vio Braga<\/title>\n<meta name=\"robots\" content=\"index, follow, max-snippet:-1, max-image-preview:large, max-video-preview:-1\" \/>\n<link rel=\"canonical\" href=\"https:\/\/www.blogsoestado.com\/flaviobraga\/codigo-eleitoral-anotado-de-2012-ja-esta-disponivel-no-site-do-tse\/\" \/>\n<meta property=\"og:locale\" content=\"pt_BR\" \/>\n<meta property=\"og:type\" content=\"article\" \/>\n<meta property=\"og:title\" content=\"C\u00f3digo Eleitoral Anotado de 2012 j\u00e1 est\u00e1 dispon\u00edvel no site do TSE - Fl\u00e1vio Braga\" \/>\n<meta property=\"og:description\" content=\"\u00a0 A partir desta sexta-feira (13), os interessados em ter acesso ao conte\u00fado do C\u00f3digo Eleitoral Anotado com todas as [&hellip;]\" \/>\n<meta property=\"og:url\" content=\"https:\/\/www.blogsoestado.com\/flaviobraga\/codigo-eleitoral-anotado-de-2012-ja-esta-disponivel-no-site-do-tse\/\" \/>\n<meta property=\"og:site_name\" content=\"Fl\u00e1vio Braga\" \/>\n<meta property=\"article:published_time\" content=\"2012-04-14T14:08:22+00:00\" \/>\n<meta name=\"author\" content=\"Flavio Braga\" \/>\n<meta name=\"twitter:card\" content=\"summary_large_image\" \/>\n<meta name=\"twitter:label1\" content=\"Escrito por\" \/>\n\t<meta name=\"twitter:data1\" content=\"Flavio Braga\" \/>\n\t<meta name=\"twitter:label2\" content=\"Est. tempo de leitura\" \/>\n\t<meta name=\"twitter:data2\" content=\"3 minutos\" \/>\n<script type=\"application\/ld+json\" class=\"yoast-schema-graph\">{\"@context\":\"https:\/\/schema.org\",\"@graph\":[{\"@type\":\"WebPage\",\"@id\":\"https:\/\/www.blogsoestado.com\/flaviobraga\/codigo-eleitoral-anotado-de-2012-ja-esta-disponivel-no-site-do-tse\/\",\"url\":\"https:\/\/www.blogsoestado.com\/flaviobraga\/codigo-eleitoral-anotado-de-2012-ja-esta-disponivel-no-site-do-tse\/\",\"name\":\"C\u00f3digo Eleitoral Anotado de 2012 j\u00e1 est\u00e1 dispon\u00edvel no site do TSE - Fl\u00e1vio Braga\",\"isPartOf\":{\"@id\":\"https:\/\/www.blogsoestado.com\/flaviobraga\/#website\"},\"datePublished\":\"2012-04-14T14:08:22+00:00\",\"author\":{\"@id\":\"https:\/\/www.blogsoestado.com\/flaviobraga\/#\/schema\/person\/6c6c778331775c757a82d15206bd8733\"},\"breadcrumb\":{\"@id\":\"https:\/\/www.blogsoestado.com\/flaviobraga\/codigo-eleitoral-anotado-de-2012-ja-esta-disponivel-no-site-do-tse\/#breadcrumb\"},\"inLanguage\":\"pt-BR\",\"potentialAction\":[{\"@type\":\"ReadAction\",\"target\":[\"https:\/\/www.blogsoestado.com\/flaviobraga\/codigo-eleitoral-anotado-de-2012-ja-esta-disponivel-no-site-do-tse\/\"]}]},{\"@type\":\"BreadcrumbList\",\"@id\":\"https:\/\/www.blogsoestado.com\/flaviobraga\/codigo-eleitoral-anotado-de-2012-ja-esta-disponivel-no-site-do-tse\/#breadcrumb\",\"itemListElement\":[{\"@type\":\"ListItem\",\"position\":1,\"name\":\"In\u00edcio\",\"item\":\"https:\/\/www.blogsoestado.com\/flaviobraga\/\"},{\"@type\":\"ListItem\",\"position\":2,\"name\":\"C\u00f3digo Eleitoral Anotado de 2012 j\u00e1 est\u00e1 dispon\u00edvel no site do TSE\"}]},{\"@type\":\"WebSite\",\"@id\":\"https:\/\/www.blogsoestado.com\/flaviobraga\/#website\",\"url\":\"https:\/\/www.blogsoestado.com\/flaviobraga\/\",\"name\":\"Fl\u00e1vio Braga\",\"description\":\"\",\"potentialAction\":[{\"@type\":\"SearchAction\",\"target\":{\"@type\":\"EntryPoint\",\"urlTemplate\":\"https:\/\/www.blogsoestado.com\/flaviobraga\/?s={search_term_string}\"},\"query-input\":{\"@type\":\"PropertyValueSpecification\",\"valueRequired\":true,\"valueName\":\"search_term_string\"}}],\"inLanguage\":\"pt-BR\"},{\"@type\":\"Person\",\"@id\":\"https:\/\/www.blogsoestado.com\/flaviobraga\/#\/schema\/person\/6c6c778331775c757a82d15206bd8733\",\"name\":\"Flavio Braga\",\"image\":{\"@type\":\"ImageObject\",\"inLanguage\":\"pt-BR\",\"@id\":\"https:\/\/www.blogsoestado.com\/flaviobraga\/#\/schema\/person\/image\/\",\"url\":\"https:\/\/secure.gravatar.com\/avatar\/ab173937dad8d78195c87778be8a0285d069ede375ce0ae24aac1cf8e58ccb2c?s=96&d=mm&r=g\",\"contentUrl\":\"https:\/\/secure.gravatar.com\/avatar\/ab173937dad8d78195c87778be8a0285d069ede375ce0ae24aac1cf8e58ccb2c?s=96&d=mm&r=g\",\"caption\":\"Flavio Braga\"},\"url\":\"https:\/\/www.blogsoestado.com\/flaviobraga\/author\/flaviobraga\/\"}]}<\/script>\n<!-- \/ Yoast SEO plugin. -->","yoast_head_json":{"title":"C\u00f3digo Eleitoral Anotado de 2012 j\u00e1 est\u00e1 dispon\u00edvel no site do TSE - Fl\u00e1vio Braga","robots":{"index":"index","follow":"follow","max-snippet":"max-snippet:-1","max-image-preview":"max-image-preview:large","max-video-preview":"max-video-preview:-1"},"canonical":"https:\/\/www.blogsoestado.com\/flaviobraga\/codigo-eleitoral-anotado-de-2012-ja-esta-disponivel-no-site-do-tse\/","og_locale":"pt_BR","og_type":"article","og_title":"C\u00f3digo Eleitoral Anotado de 2012 j\u00e1 est\u00e1 dispon\u00edvel no site do TSE - Fl\u00e1vio Braga","og_description":"\u00a0 A partir desta sexta-feira (13), os interessados em ter acesso ao conte\u00fado do C\u00f3digo Eleitoral Anotado com todas as [&hellip;]","og_url":"https:\/\/www.blogsoestado.com\/flaviobraga\/codigo-eleitoral-anotado-de-2012-ja-esta-disponivel-no-site-do-tse\/","og_site_name":"Fl\u00e1vio Braga","article_published_time":"2012-04-14T14:08:22+00:00","author":"Flavio Braga","twitter_card":"summary_large_image","twitter_misc":{"Escrito por":"Flavio Braga","Est. tempo de leitura":"3 minutos"},"schema":{"@context":"https:\/\/schema.org","@graph":[{"@type":"WebPage","@id":"https:\/\/www.blogsoestado.com\/flaviobraga\/codigo-eleitoral-anotado-de-2012-ja-esta-disponivel-no-site-do-tse\/","url":"https:\/\/www.blogsoestado.com\/flaviobraga\/codigo-eleitoral-anotado-de-2012-ja-esta-disponivel-no-site-do-tse\/","name":"C\u00f3digo Eleitoral Anotado de 2012 j\u00e1 est\u00e1 dispon\u00edvel no site do TSE - Fl\u00e1vio Braga","isPartOf":{"@id":"https:\/\/www.blogsoestado.com\/flaviobraga\/#website"},"datePublished":"2012-04-14T14:08:22+00:00","author":{"@id":"https:\/\/www.blogsoestado.com\/flaviobraga\/#\/schema\/person\/6c6c778331775c757a82d15206bd8733"},"breadcrumb":{"@id":"https:\/\/www.blogsoestado.com\/flaviobraga\/codigo-eleitoral-anotado-de-2012-ja-esta-disponivel-no-site-do-tse\/#breadcrumb"},"inLanguage":"pt-BR","potentialAction":[{"@type":"ReadAction","target":["https:\/\/www.blogsoestado.com\/flaviobraga\/codigo-eleitoral-anotado-de-2012-ja-esta-disponivel-no-site-do-tse\/"]}]},{"@type":"BreadcrumbList","@id":"https:\/\/www.blogsoestado.com\/flaviobraga\/codigo-eleitoral-anotado-de-2012-ja-esta-disponivel-no-site-do-tse\/#breadcrumb","itemListElement":[{"@type":"ListItem","position":1,"name":"In\u00edcio","item":"https:\/\/www.blogsoestado.com\/flaviobraga\/"},{"@type":"ListItem","position":2,"name":"C\u00f3digo Eleitoral Anotado de 2012 j\u00e1 est\u00e1 dispon\u00edvel no site do TSE"}]},{"@type":"WebSite","@id":"https:\/\/www.blogsoestado.com\/flaviobraga\/#website","url":"https:\/\/www.blogsoestado.com\/flaviobraga\/","name":"Fl\u00e1vio Braga","description":"","potentialAction":[{"@type":"SearchAction","target":{"@type":"EntryPoint","urlTemplate":"https:\/\/www.blogsoestado.com\/flaviobraga\/?s={search_term_string}"},"query-input":{"@type":"PropertyValueSpecification","valueRequired":true,"valueName":"search_term_string"}}],"inLanguage":"pt-BR"},{"@type":"Person","@id":"https:\/\/www.blogsoestado.com\/flaviobraga\/#\/schema\/person\/6c6c778331775c757a82d15206bd8733","name":"Flavio Braga","image":{"@type":"ImageObject","inLanguage":"pt-BR","@id":"https:\/\/www.blogsoestado.com\/flaviobraga\/#\/schema\/person\/image\/","url":"https:\/\/secure.gravatar.com\/avatar\/ab173937dad8d78195c87778be8a0285d069ede375ce0ae24aac1cf8e58ccb2c?s=96&d=mm&r=g","contentUrl":"https:\/\/secure.gravatar.com\/avatar\/ab173937dad8d78195c87778be8a0285d069ede375ce0ae24aac1cf8e58ccb2c?s=96&d=mm&r=g","caption":"Flavio Braga"},"url":"https:\/\/www.blogsoestado.com\/flaviobraga\/author\/flaviobraga\/"}]}},"jetpack_featured_media_url":"","_links":{"self":[{"href":"https:\/\/www.blogsoestado.com\/flaviobraga\/wp-json\/wp\/v2\/posts\/1771","targetHints":{"allow":["GET"]}}],"collection":[{"href":"https:\/\/www.blogsoestado.com\/flaviobraga\/wp-json\/wp\/v2\/posts"}],"about":[{"href":"https:\/\/www.blogsoestado.com\/flaviobraga\/wp-json\/wp\/v2\/types\/post"}],"author":[{"embeddable":true,"href":"https:\/\/www.blogsoestado.com\/flaviobraga\/wp-json\/wp\/v2\/users\/8"}],"replies":[{"embeddable":true,"href":"https:\/\/www.blogsoestado.com\/flaviobraga\/wp-json\/wp\/v2\/comments?post=1771"}],"version-history":[{"count":0,"href":"https:\/\/www.blogsoestado.com\/flaviobraga\/wp-json\/wp\/v2\/posts\/1771\/revisions"}],"wp:attachment":[{"href":"https:\/\/www.blogsoestado.com\/flaviobraga\/wp-json\/wp\/v2\/media?parent=1771"}],"wp:term":[{"taxonomy":"category","embeddable":true,"href":"https:\/\/www.blogsoestado.com\/flaviobraga\/wp-json\/wp\/v2\/categories?post=1771"},{"taxonomy":"post_tag","embeddable":true,"href":"https:\/\/www.blogsoestado.com\/flaviobraga\/wp-json\/wp\/v2\/tags?post=1771"}],"curies":[{"name":"wp","href":"https:\/\/api.w.org\/{rel}","templated":true}]}}