{"id":1777,"date":"2012-04-26T19:21:17","date_gmt":"2012-04-26T22:21:17","guid":{"rendered":"https:\/\/www.blogsoestado.com\/flaviobraga\/?p=1777"},"modified":"2012-04-26T19:21:17","modified_gmt":"2012-04-26T22:21:17","slug":"ministro-gilson-dipp-reforma-decisao-do-tre-mg-e-desaprova-contas-de-helio-costa","status":"publish","type":"post","link":"https:\/\/www.blogsoestado.com\/flaviobraga\/ministro-gilson-dipp-reforma-decisao-do-tre-mg-e-desaprova-contas-de-helio-costa\/","title":{"rendered":"Ministro Gilson Dipp reforma decis\u00e3o do TRE-MG e desaprova contas de H\u00e9lio Costa"},"content":{"rendered":"<p>O ministro do Tribunal Superior Eleitoral (TSE) Gilson Dipp deu provimento a recurso apresentado pelo Minist\u00e9rio P\u00fablico Eleitoral (MPE) para reprovar as contas de campanha de H\u00e9lio Calixto da\u00a0Costa, candidato a governador de Minas Gerais pelo PMDB nas elei\u00e7\u00f5es de 2010. O relator rejeitou as contas do candidato por irregularidade n\u00e3o resolvida referente ao controle deficit\u00e1rio de gastos com pessoal de campanha.<\/p>\n<p>O ministro Gilson Dipp informa, em sua decis\u00e3o, que o Tribunal Regional Eleitoral de Minas Gerais (TRE-MG) afastou quatro das cinco irregularidades encontradas nas contas, por avaliar que elas representaram somente 0,38% das despesas de campanha.<\/p>\n<p>No entanto, informa que, em rela\u00e7\u00e3o \u00e0 quinta irregularidade, no caso o controle deficit\u00e1rio de gastos com pessoal, a corte regional a considerou \u201cde grande monta\u201d, n\u00e3o tendo sido sanada com as presta\u00e7\u00f5es retificadoras apresentadas por H\u00e9lio Costa. Essa irregularidade, por volta de R$ 9,5 milh\u00f5es, corresponde a 30,21% dos gastos da campanha do candidato.<\/p>\n<p>O TRE de Minas Gerais afastou o argumento do candidato de que a falha se deveu a erro t\u00e9cnico na utiliza\u00e7\u00e3o do sistema operacional de funcion\u00e1rios. Apesar disso, a corte regional concluiu pela aprova\u00e7\u00e3o das contas com ressalvas.<\/p>\n<p>No recurso apresentado ao TSE, o Minist\u00e9rio P\u00fablico afirma que as retifica\u00e7\u00f5es apresentadas pelo candidato deveriam ter sido acompanhadas da respectiva documenta\u00e7\u00e3o, raz\u00e3o pela qual as contas deveriam ser reprovadas.<\/p>\n<p><strong>Decis\u00e3o<\/strong><\/p>\n<p>Lembra o ministro Gilson Dipp que a Resolu\u00e7\u00e3o do TSE n\u00ba 23.217\/ 2010, que disp\u00f5e sobre arrecada\u00e7\u00e3o e gastos de recursos por partidos pol\u00edticos, candidatos e comit\u00eas financeiros, \u00e9 clara ao \u201cincumbir o \u00f4nus de provar a regularidade das contas de campanha ao candidato, que deve apresentar a documenta\u00e7\u00e3o necess\u00e1ria ao respectivo exame pela Justi\u00e7a Eleitoral\u201d.<\/p>\n<p>Afirma o ministro que a aprova\u00e7\u00e3o de contas de campanha de candidato, com ressalvas, somente deve ocorrer quando verificadas falhas que n\u00e3o comprometam a regularidade das contas.<\/p>\n<p>\u201cN\u00e3o \u00e9 o caso dos autos, porquanto a falha apresentada \u00e9 vultosa, representando, repita-se, 30,21% do gasto total da campanha, consoante registra o ac\u00f3rd\u00e3o regional. O TRE mineiro, ao n\u00e3o encontrar documenta\u00e7\u00e3o suficiente para concluir pela regularidade das contas de campanha do candidato, n\u00e3o poderia aprov\u00e1-las com ressalva, porque \u00e9, de fato, dele o \u00f4nus, sob pena at\u00e9 mesmo de t\u00ea-las como n\u00e3o apresentadas\u201d, destaca o ministro Gilson Dipp.<\/p>\n","protected":false},"excerpt":{"rendered":"<p>O ministro do Tribunal Superior Eleitoral (TSE) Gilson Dipp deu provimento a recurso apresentado pelo Minist\u00e9rio P\u00fablico Eleitoral (MPE) para [&hellip;]<\/p>\n","protected":false},"author":8,"featured_media":0,"comment_status":"open","ping_status":"open","sticky":false,"template":"","format":"standard","meta":{"site-sidebar-layout":"default","site-content-layout":"","ast-site-content-layout":"default","site-content-style":"default","site-sidebar-style":"default","ast-global-header-display":"","ast-banner-title-visibility":"","ast-main-header-display":"","ast-hfb-above-header-display":"","ast-hfb-below-header-display":"","ast-hfb-mobile-header-display":"","site-post-title":"","ast-breadcrumbs-content":"","ast-featured-img":"","footer-sml-layout":"","ast-disable-related-posts":"","theme-transparent-header-meta":"","adv-header-id-meta":"","stick-header-meta":"","header-above-stick-meta":"","header-main-stick-meta":"","header-below-stick-meta":"","astra-migrate-meta-layouts":"default","ast-page-background-enabled":"default","ast-page-background-meta":{"desktop":{"background-color":"var(--ast-global-color-5)","background-image":"","background-repeat":"repeat","background-position":"center center","background-size":"auto","background-attachment":"scroll","background-type":"","background-media":"","overlay-type":"","overlay-color":"","overlay-opacity":"","overlay-gradient":""},"tablet":{"background-color":"","background-image":"","background-repeat":"repeat","background-position":"center center","background-size":"auto","background-attachment":"scroll","background-type":"","background-media":"","overlay-type":"","overlay-color":"","overlay-opacity":"","overlay-gradient":""},"mobile":{"background-color":"","background-image":"","background-repeat":"repeat","background-position":"center center","background-size":"auto","background-attachment":"scroll","background-type":"","background-media":"","overlay-type":"","overlay-color":"","overlay-opacity":"","overlay-gradient":""}},"ast-content-background-meta":{"desktop":{"background-color":"var(--ast-global-color-4)","background-image":"","background-repeat":"repeat","background-position":"center center","background-size":"auto","background-attachment":"scroll","background-type":"","background-media":"","overlay-type":"","overlay-color":"","overlay-opacity":"","overlay-gradient":""},"tablet":{"background-color":"var(--ast-global-color-4)","background-image":"","background-repeat":"repeat","background-position":"center center","background-size":"auto","background-attachment":"scroll","background-type":"","background-media":"","overlay-type":"","overlay-color":"","overlay-opacity":"","overlay-gradient":""},"mobile":{"background-color":"var(--ast-global-color-4)","background-image":"","background-repeat":"repeat","background-position":"center center","background-size":"auto","background-attachment":"scroll","background-type":"","background-media":"","overlay-type":"","overlay-color":"","overlay-opacity":"","overlay-gradient":""}},"footnotes":""},"categories":[1],"tags":[],"class_list":["post-1777","post","type-post","status-publish","format-standard","hentry","category-sem-categoria"],"yoast_head":"<!-- This site is optimized with the Yoast SEO plugin v26.6 - https:\/\/yoast.com\/wordpress\/plugins\/seo\/ -->\n<title>Ministro Gilson Dipp reforma decis\u00e3o do TRE-MG e desaprova contas de H\u00e9lio Costa - Fl\u00e1vio Braga<\/title>\n<meta name=\"robots\" content=\"index, follow, max-snippet:-1, max-image-preview:large, max-video-preview:-1\" \/>\n<link rel=\"canonical\" href=\"https:\/\/www.blogsoestado.com\/flaviobraga\/ministro-gilson-dipp-reforma-decisao-do-tre-mg-e-desaprova-contas-de-helio-costa\/\" \/>\n<meta property=\"og:locale\" content=\"pt_BR\" \/>\n<meta property=\"og:type\" content=\"article\" \/>\n<meta property=\"og:title\" content=\"Ministro Gilson Dipp reforma decis\u00e3o do TRE-MG e desaprova contas de H\u00e9lio Costa - Fl\u00e1vio Braga\" \/>\n<meta property=\"og:description\" content=\"O ministro do Tribunal Superior Eleitoral (TSE) Gilson Dipp deu provimento a recurso apresentado pelo Minist\u00e9rio P\u00fablico Eleitoral (MPE) para [&hellip;]\" \/>\n<meta property=\"og:url\" content=\"https:\/\/www.blogsoestado.com\/flaviobraga\/ministro-gilson-dipp-reforma-decisao-do-tre-mg-e-desaprova-contas-de-helio-costa\/\" \/>\n<meta property=\"og:site_name\" content=\"Fl\u00e1vio Braga\" \/>\n<meta property=\"article:published_time\" content=\"2012-04-26T22:21:17+00:00\" \/>\n<meta name=\"author\" content=\"Flavio Braga\" \/>\n<meta name=\"twitter:card\" content=\"summary_large_image\" \/>\n<meta name=\"twitter:label1\" content=\"Escrito por\" \/>\n\t<meta name=\"twitter:data1\" content=\"Flavio Braga\" \/>\n\t<meta name=\"twitter:label2\" content=\"Est. tempo de leitura\" \/>\n\t<meta name=\"twitter:data2\" content=\"2 minutos\" \/>\n<script type=\"application\/ld+json\" class=\"yoast-schema-graph\">{\"@context\":\"https:\/\/schema.org\",\"@graph\":[{\"@type\":\"WebPage\",\"@id\":\"https:\/\/www.blogsoestado.com\/flaviobraga\/ministro-gilson-dipp-reforma-decisao-do-tre-mg-e-desaprova-contas-de-helio-costa\/\",\"url\":\"https:\/\/www.blogsoestado.com\/flaviobraga\/ministro-gilson-dipp-reforma-decisao-do-tre-mg-e-desaprova-contas-de-helio-costa\/\",\"name\":\"Ministro Gilson Dipp reforma decis\u00e3o do TRE-MG e desaprova contas de H\u00e9lio Costa - Fl\u00e1vio Braga\",\"isPartOf\":{\"@id\":\"https:\/\/www.blogsoestado.com\/flaviobraga\/#website\"},\"datePublished\":\"2012-04-26T22:21:17+00:00\",\"author\":{\"@id\":\"https:\/\/www.blogsoestado.com\/flaviobraga\/#\/schema\/person\/6c6c778331775c757a82d15206bd8733\"},\"breadcrumb\":{\"@id\":\"https:\/\/www.blogsoestado.com\/flaviobraga\/ministro-gilson-dipp-reforma-decisao-do-tre-mg-e-desaprova-contas-de-helio-costa\/#breadcrumb\"},\"inLanguage\":\"pt-BR\",\"potentialAction\":[{\"@type\":\"ReadAction\",\"target\":[\"https:\/\/www.blogsoestado.com\/flaviobraga\/ministro-gilson-dipp-reforma-decisao-do-tre-mg-e-desaprova-contas-de-helio-costa\/\"]}]},{\"@type\":\"BreadcrumbList\",\"@id\":\"https:\/\/www.blogsoestado.com\/flaviobraga\/ministro-gilson-dipp-reforma-decisao-do-tre-mg-e-desaprova-contas-de-helio-costa\/#breadcrumb\",\"itemListElement\":[{\"@type\":\"ListItem\",\"position\":1,\"name\":\"In\u00edcio\",\"item\":\"https:\/\/www.blogsoestado.com\/flaviobraga\/\"},{\"@type\":\"ListItem\",\"position\":2,\"name\":\"Ministro Gilson Dipp reforma decis\u00e3o do TRE-MG e desaprova contas de H\u00e9lio Costa\"}]},{\"@type\":\"WebSite\",\"@id\":\"https:\/\/www.blogsoestado.com\/flaviobraga\/#website\",\"url\":\"https:\/\/www.blogsoestado.com\/flaviobraga\/\",\"name\":\"Fl\u00e1vio Braga\",\"description\":\"\",\"potentialAction\":[{\"@type\":\"SearchAction\",\"target\":{\"@type\":\"EntryPoint\",\"urlTemplate\":\"https:\/\/www.blogsoestado.com\/flaviobraga\/?s={search_term_string}\"},\"query-input\":{\"@type\":\"PropertyValueSpecification\",\"valueRequired\":true,\"valueName\":\"search_term_string\"}}],\"inLanguage\":\"pt-BR\"},{\"@type\":\"Person\",\"@id\":\"https:\/\/www.blogsoestado.com\/flaviobraga\/#\/schema\/person\/6c6c778331775c757a82d15206bd8733\",\"name\":\"Flavio Braga\",\"image\":{\"@type\":\"ImageObject\",\"inLanguage\":\"pt-BR\",\"@id\":\"https:\/\/www.blogsoestado.com\/flaviobraga\/#\/schema\/person\/image\/\",\"url\":\"https:\/\/secure.gravatar.com\/avatar\/ab173937dad8d78195c87778be8a0285d069ede375ce0ae24aac1cf8e58ccb2c?s=96&d=mm&r=g\",\"contentUrl\":\"https:\/\/secure.gravatar.com\/avatar\/ab173937dad8d78195c87778be8a0285d069ede375ce0ae24aac1cf8e58ccb2c?s=96&d=mm&r=g\",\"caption\":\"Flavio Braga\"},\"url\":\"https:\/\/www.blogsoestado.com\/flaviobraga\/author\/flaviobraga\/\"}]}<\/script>\n<!-- \/ Yoast SEO plugin. -->","yoast_head_json":{"title":"Ministro Gilson Dipp reforma decis\u00e3o do TRE-MG e desaprova contas de H\u00e9lio Costa - Fl\u00e1vio Braga","robots":{"index":"index","follow":"follow","max-snippet":"max-snippet:-1","max-image-preview":"max-image-preview:large","max-video-preview":"max-video-preview:-1"},"canonical":"https:\/\/www.blogsoestado.com\/flaviobraga\/ministro-gilson-dipp-reforma-decisao-do-tre-mg-e-desaprova-contas-de-helio-costa\/","og_locale":"pt_BR","og_type":"article","og_title":"Ministro Gilson Dipp reforma decis\u00e3o do TRE-MG e desaprova contas de H\u00e9lio Costa - Fl\u00e1vio Braga","og_description":"O ministro do Tribunal Superior Eleitoral (TSE) Gilson Dipp deu provimento a recurso apresentado pelo Minist\u00e9rio P\u00fablico Eleitoral (MPE) para [&hellip;]","og_url":"https:\/\/www.blogsoestado.com\/flaviobraga\/ministro-gilson-dipp-reforma-decisao-do-tre-mg-e-desaprova-contas-de-helio-costa\/","og_site_name":"Fl\u00e1vio Braga","article_published_time":"2012-04-26T22:21:17+00:00","author":"Flavio Braga","twitter_card":"summary_large_image","twitter_misc":{"Escrito por":"Flavio Braga","Est. tempo de leitura":"2 minutos"},"schema":{"@context":"https:\/\/schema.org","@graph":[{"@type":"WebPage","@id":"https:\/\/www.blogsoestado.com\/flaviobraga\/ministro-gilson-dipp-reforma-decisao-do-tre-mg-e-desaprova-contas-de-helio-costa\/","url":"https:\/\/www.blogsoestado.com\/flaviobraga\/ministro-gilson-dipp-reforma-decisao-do-tre-mg-e-desaprova-contas-de-helio-costa\/","name":"Ministro Gilson Dipp reforma decis\u00e3o do TRE-MG e desaprova contas de H\u00e9lio Costa - Fl\u00e1vio Braga","isPartOf":{"@id":"https:\/\/www.blogsoestado.com\/flaviobraga\/#website"},"datePublished":"2012-04-26T22:21:17+00:00","author":{"@id":"https:\/\/www.blogsoestado.com\/flaviobraga\/#\/schema\/person\/6c6c778331775c757a82d15206bd8733"},"breadcrumb":{"@id":"https:\/\/www.blogsoestado.com\/flaviobraga\/ministro-gilson-dipp-reforma-decisao-do-tre-mg-e-desaprova-contas-de-helio-costa\/#breadcrumb"},"inLanguage":"pt-BR","potentialAction":[{"@type":"ReadAction","target":["https:\/\/www.blogsoestado.com\/flaviobraga\/ministro-gilson-dipp-reforma-decisao-do-tre-mg-e-desaprova-contas-de-helio-costa\/"]}]},{"@type":"BreadcrumbList","@id":"https:\/\/www.blogsoestado.com\/flaviobraga\/ministro-gilson-dipp-reforma-decisao-do-tre-mg-e-desaprova-contas-de-helio-costa\/#breadcrumb","itemListElement":[{"@type":"ListItem","position":1,"name":"In\u00edcio","item":"https:\/\/www.blogsoestado.com\/flaviobraga\/"},{"@type":"ListItem","position":2,"name":"Ministro Gilson Dipp reforma decis\u00e3o do TRE-MG e desaprova contas de H\u00e9lio Costa"}]},{"@type":"WebSite","@id":"https:\/\/www.blogsoestado.com\/flaviobraga\/#website","url":"https:\/\/www.blogsoestado.com\/flaviobraga\/","name":"Fl\u00e1vio Braga","description":"","potentialAction":[{"@type":"SearchAction","target":{"@type":"EntryPoint","urlTemplate":"https:\/\/www.blogsoestado.com\/flaviobraga\/?s={search_term_string}"},"query-input":{"@type":"PropertyValueSpecification","valueRequired":true,"valueName":"search_term_string"}}],"inLanguage":"pt-BR"},{"@type":"Person","@id":"https:\/\/www.blogsoestado.com\/flaviobraga\/#\/schema\/person\/6c6c778331775c757a82d15206bd8733","name":"Flavio Braga","image":{"@type":"ImageObject","inLanguage":"pt-BR","@id":"https:\/\/www.blogsoestado.com\/flaviobraga\/#\/schema\/person\/image\/","url":"https:\/\/secure.gravatar.com\/avatar\/ab173937dad8d78195c87778be8a0285d069ede375ce0ae24aac1cf8e58ccb2c?s=96&d=mm&r=g","contentUrl":"https:\/\/secure.gravatar.com\/avatar\/ab173937dad8d78195c87778be8a0285d069ede375ce0ae24aac1cf8e58ccb2c?s=96&d=mm&r=g","caption":"Flavio Braga"},"url":"https:\/\/www.blogsoestado.com\/flaviobraga\/author\/flaviobraga\/"}]}},"jetpack_featured_media_url":"","_links":{"self":[{"href":"https:\/\/www.blogsoestado.com\/flaviobraga\/wp-json\/wp\/v2\/posts\/1777","targetHints":{"allow":["GET"]}}],"collection":[{"href":"https:\/\/www.blogsoestado.com\/flaviobraga\/wp-json\/wp\/v2\/posts"}],"about":[{"href":"https:\/\/www.blogsoestado.com\/flaviobraga\/wp-json\/wp\/v2\/types\/post"}],"author":[{"embeddable":true,"href":"https:\/\/www.blogsoestado.com\/flaviobraga\/wp-json\/wp\/v2\/users\/8"}],"replies":[{"embeddable":true,"href":"https:\/\/www.blogsoestado.com\/flaviobraga\/wp-json\/wp\/v2\/comments?post=1777"}],"version-history":[{"count":0,"href":"https:\/\/www.blogsoestado.com\/flaviobraga\/wp-json\/wp\/v2\/posts\/1777\/revisions"}],"wp:attachment":[{"href":"https:\/\/www.blogsoestado.com\/flaviobraga\/wp-json\/wp\/v2\/media?parent=1777"}],"wp:term":[{"taxonomy":"category","embeddable":true,"href":"https:\/\/www.blogsoestado.com\/flaviobraga\/wp-json\/wp\/v2\/categories?post=1777"},{"taxonomy":"post_tag","embeddable":true,"href":"https:\/\/www.blogsoestado.com\/flaviobraga\/wp-json\/wp\/v2\/tags?post=1777"}],"curies":[{"name":"wp","href":"https:\/\/api.w.org\/{rel}","templated":true}]}}