{"id":1835,"date":"2012-08-14T09:20:37","date_gmt":"2012-08-14T12:20:37","guid":{"rendered":"https:\/\/www.blogsoestado.com\/flaviobraga\/?p=1835"},"modified":"2012-08-14T09:20:37","modified_gmt":"2012-08-14T12:20:37","slug":"cotas-eleitorais-de-genero","status":"publish","type":"post","link":"https:\/\/www.blogsoestado.com\/flaviobraga\/cotas-eleitorais-de-genero\/","title":{"rendered":"Cotas eleitorais de g\u00eanero"},"content":{"rendered":"<p><a href=\"https:\/\/www.blogsoestado.com\/flaviobraga\/wp-content\/uploads\/sites\/7\/2012\/08\/Mulher-1.jpg\"><img fetchpriority=\"high\" decoding=\"async\" class=\"aligncenter size-full wp-image-1836\" title=\"Mulher\" src=\"https:\/\/www.blogsoestado.com\/flaviobraga\/wp-content\/uploads\/sites\/7\/2012\/08\/Mulher-1.jpg\" alt=\"\" width=\"258\" height=\"195\" \/><\/a><\/p>\n<p>A reda\u00e7\u00e3o do artigo 20, \u00a7 2\u00ba da Resolu\u00e7\u00e3o TSE n\u00ba 23.373\/2011 (instru\u00e7\u00f5es sobre registro de candidatos) estabelece que do total de vagas requeridas, na elei\u00e7\u00e3o proporcional, cada partido ou coliga\u00e7\u00e3o preencher\u00e1 o m\u00ednimo de 30% e o m\u00e1ximo de 70% para candidaturas de cada sexo.<\/p>\n<p>\u00a0Como a incid\u00eancia dos percentuais incide sobre o total de vagas requeridas, e n\u00e3o sobre o n\u00famero de candidaturas dispon\u00edveis, os partidos e coliga\u00e7\u00f5es, na elei\u00e7\u00e3o de 2012, tiveram mais facilidade para obedecer ao mandamento legal.\u00a0<\/p>\n<p>\u00a0Cumpre salientar que n\u00e3o pode haver eventual saldo de lugares. O preceito legal \u00e9 perempt\u00f3rio: o partido \u00e9 obrigado a preencher a percentagem m\u00ednima de 30 % das vagas requeridas com pessoas do sexo que constitui minoria. Assim sendo, o g\u00eanero majorit\u00e1rio nunca ir\u00e1 extrapolar os 70% que lhe cabem.<\/p>\n<p>\u00a0Nesse panorama, parte da doutrina entende que n\u00e3o se mostra razo\u00e1vel compelir os partidos a registrarem candidatas com o \u00fanico prop\u00f3sito de atingir o percentual m\u00ednimo de 30%, uma vez que essa exig\u00eancia pode acarretar a apresenta\u00e7\u00e3o de pedidos de registro fraudulentos.<\/p>\n<p>\u00a0A rigor, a lei n\u00e3o imp\u00f5e uma cota de 30% para candidaturas de mulheres, mas para o sexo minorit\u00e1rio. Se assim fosse, estaria impondo um tratamento preconceituoso e discriminat\u00f3rio, o que restou vedado na Carta Pol\u00edtica de 1988, ao consagrar a paridade de direitos entre homens e mulheres.<\/p>\n<p>\u00a0Jos\u00e9 Jairo Gomes enfatiza que, conquanto se aplique indistintamente a ambos os sexos, a regra em apre\u00e7o foi concebida para resguardar a posi\u00e7\u00e3o das mulheres, que tradicionalmente n\u00e3o desfrutam de espa\u00e7o relevante no cen\u00e1rio pol\u00edtico, em geral controlado por homens.<\/p>\n<p>\u00a0Particularmente, entendemos que o cen\u00e1rio republicano ideal seria aquele em que n\u00e3o houvesse necessidade de se editar uma norma imperativa para fomentar a participa\u00e7\u00e3o feminina na vida pol\u00edtica do Pa\u00eds. O exerc\u00edcio da cidadania deveria ser uma atitude espont\u00e2nea, de modo que os partidos n\u00e3o precisassem ser submetidos \u00e0 pol\u00edtica de cotas eleitorais de g\u00eanero.<\/p>\n<p>\u00a0Entretanto, como efeito da nossa ancestralidade pol\u00edtica machista e patriarcal, ainda \u00e9 insignificante o n\u00famero de mulheres que disputam mandato eletivo, sendo o percentual maior (70%) monopolizado pelos homens. Nesse contexto, temos que a norma em comento veicula uma a\u00e7\u00e3o afirmativa de inclus\u00e3o pol\u00edtico-partid\u00e1ria, que contribui para o fortalecimento do Estado Democr\u00e1tico de Direito.<\/p>\n","protected":false},"excerpt":{"rendered":"<p>A reda\u00e7\u00e3o do artigo 20, \u00a7 2\u00ba da Resolu\u00e7\u00e3o TSE n\u00ba 23.373\/2011 (instru\u00e7\u00f5es sobre registro de candidatos) estabelece que do [&hellip;]<\/p>\n","protected":false},"author":8,"featured_media":0,"comment_status":"open","ping_status":"open","sticky":false,"template":"","format":"standard","meta":{"site-sidebar-layout":"default","site-content-layout":"","ast-site-content-layout":"default","site-content-style":"default","site-sidebar-style":"default","ast-global-header-display":"","ast-banner-title-visibility":"","ast-main-header-display":"","ast-hfb-above-header-display":"","ast-hfb-below-header-display":"","ast-hfb-mobile-header-display":"","site-post-title":"","ast-breadcrumbs-content":"","ast-featured-img":"","footer-sml-layout":"","ast-disable-related-posts":"","theme-transparent-header-meta":"","adv-header-id-meta":"","stick-header-meta":"","header-above-stick-meta":"","header-main-stick-meta":"","header-below-stick-meta":"","astra-migrate-meta-layouts":"default","ast-page-background-enabled":"default","ast-page-background-meta":{"desktop":{"background-color":"var(--ast-global-color-5)","background-image":"","background-repeat":"repeat","background-position":"center center","background-size":"auto","background-attachment":"scroll","background-type":"","background-media":"","overlay-type":"","overlay-color":"","overlay-opacity":"","overlay-gradient":""},"tablet":{"background-color":"","background-image":"","background-repeat":"repeat","background-position":"center center","background-size":"auto","background-attachment":"scroll","background-type":"","background-media":"","overlay-type":"","overlay-color":"","overlay-opacity":"","overlay-gradient":""},"mobile":{"background-color":"","background-image":"","background-repeat":"repeat","background-position":"center center","background-size":"auto","background-attachment":"scroll","background-type":"","background-media":"","overlay-type":"","overlay-color":"","overlay-opacity":"","overlay-gradient":""}},"ast-content-background-meta":{"desktop":{"background-color":"var(--ast-global-color-4)","background-image":"","background-repeat":"repeat","background-position":"center center","background-size":"auto","background-attachment":"scroll","background-type":"","background-media":"","overlay-type":"","overlay-color":"","overlay-opacity":"","overlay-gradient":""},"tablet":{"background-color":"var(--ast-global-color-4)","background-image":"","background-repeat":"repeat","background-position":"center center","background-size":"auto","background-attachment":"scroll","background-type":"","background-media":"","overlay-type":"","overlay-color":"","overlay-opacity":"","overlay-gradient":""},"mobile":{"background-color":"var(--ast-global-color-4)","background-image":"","background-repeat":"repeat","background-position":"center center","background-size":"auto","background-attachment":"scroll","background-type":"","background-media":"","overlay-type":"","overlay-color":"","overlay-opacity":"","overlay-gradient":""}},"footnotes":""},"categories":[1],"tags":[],"class_list":["post-1835","post","type-post","status-publish","format-standard","hentry","category-sem-categoria"],"yoast_head":"<!-- This site is optimized with the Yoast SEO plugin v26.6 - https:\/\/yoast.com\/wordpress\/plugins\/seo\/ -->\n<title>Cotas eleitorais de g\u00eanero - Fl\u00e1vio Braga<\/title>\n<meta name=\"robots\" content=\"index, follow, max-snippet:-1, max-image-preview:large, max-video-preview:-1\" \/>\n<link rel=\"canonical\" href=\"https:\/\/www.blogsoestado.com\/flaviobraga\/cotas-eleitorais-de-genero\/\" \/>\n<meta property=\"og:locale\" content=\"pt_BR\" \/>\n<meta property=\"og:type\" content=\"article\" \/>\n<meta property=\"og:title\" content=\"Cotas eleitorais de g\u00eanero - Fl\u00e1vio Braga\" \/>\n<meta property=\"og:description\" content=\"A reda\u00e7\u00e3o do artigo 20, \u00a7 2\u00ba da Resolu\u00e7\u00e3o TSE n\u00ba 23.373\/2011 (instru\u00e7\u00f5es sobre registro de candidatos) estabelece que do [&hellip;]\" \/>\n<meta property=\"og:url\" content=\"https:\/\/www.blogsoestado.com\/flaviobraga\/cotas-eleitorais-de-genero\/\" \/>\n<meta property=\"og:site_name\" content=\"Fl\u00e1vio Braga\" \/>\n<meta property=\"article:published_time\" content=\"2012-08-14T12:20:37+00:00\" \/>\n<meta property=\"og:image\" content=\"https:\/\/www.blogsoestado.com\/flaviobraga\/wp-content\/uploads\/sites\/7\/2012\/08\/Mulher-1.jpg\" \/>\n<meta name=\"author\" content=\"Flavio Braga\" \/>\n<meta name=\"twitter:card\" content=\"summary_large_image\" \/>\n<meta name=\"twitter:label1\" content=\"Escrito por\" \/>\n\t<meta name=\"twitter:data1\" content=\"Flavio Braga\" \/>\n\t<meta name=\"twitter:label2\" content=\"Est. tempo de leitura\" \/>\n\t<meta name=\"twitter:data2\" content=\"2 minutos\" \/>\n<script type=\"application\/ld+json\" class=\"yoast-schema-graph\">{\"@context\":\"https:\/\/schema.org\",\"@graph\":[{\"@type\":\"WebPage\",\"@id\":\"https:\/\/www.blogsoestado.com\/flaviobraga\/cotas-eleitorais-de-genero\/\",\"url\":\"https:\/\/www.blogsoestado.com\/flaviobraga\/cotas-eleitorais-de-genero\/\",\"name\":\"Cotas eleitorais de g\u00eanero - Fl\u00e1vio Braga\",\"isPartOf\":{\"@id\":\"https:\/\/www.blogsoestado.com\/flaviobraga\/#website\"},\"primaryImageOfPage\":{\"@id\":\"https:\/\/www.blogsoestado.com\/flaviobraga\/cotas-eleitorais-de-genero\/#primaryimage\"},\"image\":{\"@id\":\"https:\/\/www.blogsoestado.com\/flaviobraga\/cotas-eleitorais-de-genero\/#primaryimage\"},\"thumbnailUrl\":\"https:\/\/www.blogsoestado.com\/flaviobraga\/wp-content\/uploads\/sites\/7\/2012\/08\/Mulher-1.jpg\",\"datePublished\":\"2012-08-14T12:20:37+00:00\",\"author\":{\"@id\":\"https:\/\/www.blogsoestado.com\/flaviobraga\/#\/schema\/person\/6c6c778331775c757a82d15206bd8733\"},\"breadcrumb\":{\"@id\":\"https:\/\/www.blogsoestado.com\/flaviobraga\/cotas-eleitorais-de-genero\/#breadcrumb\"},\"inLanguage\":\"pt-BR\",\"potentialAction\":[{\"@type\":\"ReadAction\",\"target\":[\"https:\/\/www.blogsoestado.com\/flaviobraga\/cotas-eleitorais-de-genero\/\"]}]},{\"@type\":\"ImageObject\",\"inLanguage\":\"pt-BR\",\"@id\":\"https:\/\/www.blogsoestado.com\/flaviobraga\/cotas-eleitorais-de-genero\/#primaryimage\",\"url\":\"https:\/\/www.blogsoestado.com\/flaviobraga\/wp-content\/uploads\/sites\/7\/2012\/08\/Mulher-1.jpg\",\"contentUrl\":\"https:\/\/www.blogsoestado.com\/flaviobraga\/wp-content\/uploads\/sites\/7\/2012\/08\/Mulher-1.jpg\",\"width\":258,\"height\":195},{\"@type\":\"BreadcrumbList\",\"@id\":\"https:\/\/www.blogsoestado.com\/flaviobraga\/cotas-eleitorais-de-genero\/#breadcrumb\",\"itemListElement\":[{\"@type\":\"ListItem\",\"position\":1,\"name\":\"In\u00edcio\",\"item\":\"https:\/\/www.blogsoestado.com\/flaviobraga\/\"},{\"@type\":\"ListItem\",\"position\":2,\"name\":\"Cotas eleitorais de g\u00eanero\"}]},{\"@type\":\"WebSite\",\"@id\":\"https:\/\/www.blogsoestado.com\/flaviobraga\/#website\",\"url\":\"https:\/\/www.blogsoestado.com\/flaviobraga\/\",\"name\":\"Fl\u00e1vio Braga\",\"description\":\"\",\"potentialAction\":[{\"@type\":\"SearchAction\",\"target\":{\"@type\":\"EntryPoint\",\"urlTemplate\":\"https:\/\/www.blogsoestado.com\/flaviobraga\/?s={search_term_string}\"},\"query-input\":{\"@type\":\"PropertyValueSpecification\",\"valueRequired\":true,\"valueName\":\"search_term_string\"}}],\"inLanguage\":\"pt-BR\"},{\"@type\":\"Person\",\"@id\":\"https:\/\/www.blogsoestado.com\/flaviobraga\/#\/schema\/person\/6c6c778331775c757a82d15206bd8733\",\"name\":\"Flavio Braga\",\"image\":{\"@type\":\"ImageObject\",\"inLanguage\":\"pt-BR\",\"@id\":\"https:\/\/www.blogsoestado.com\/flaviobraga\/#\/schema\/person\/image\/\",\"url\":\"https:\/\/secure.gravatar.com\/avatar\/ab173937dad8d78195c87778be8a0285d069ede375ce0ae24aac1cf8e58ccb2c?s=96&d=mm&r=g\",\"contentUrl\":\"https:\/\/secure.gravatar.com\/avatar\/ab173937dad8d78195c87778be8a0285d069ede375ce0ae24aac1cf8e58ccb2c?s=96&d=mm&r=g\",\"caption\":\"Flavio Braga\"},\"url\":\"https:\/\/www.blogsoestado.com\/flaviobraga\/author\/flaviobraga\/\"}]}<\/script>\n<!-- \/ Yoast SEO plugin. -->","yoast_head_json":{"title":"Cotas eleitorais de g\u00eanero - Fl\u00e1vio Braga","robots":{"index":"index","follow":"follow","max-snippet":"max-snippet:-1","max-image-preview":"max-image-preview:large","max-video-preview":"max-video-preview:-1"},"canonical":"https:\/\/www.blogsoestado.com\/flaviobraga\/cotas-eleitorais-de-genero\/","og_locale":"pt_BR","og_type":"article","og_title":"Cotas eleitorais de g\u00eanero - Fl\u00e1vio Braga","og_description":"A reda\u00e7\u00e3o do artigo 20, \u00a7 2\u00ba da Resolu\u00e7\u00e3o TSE n\u00ba 23.373\/2011 (instru\u00e7\u00f5es sobre registro de candidatos) estabelece que do [&hellip;]","og_url":"https:\/\/www.blogsoestado.com\/flaviobraga\/cotas-eleitorais-de-genero\/","og_site_name":"Fl\u00e1vio Braga","article_published_time":"2012-08-14T12:20:37+00:00","og_image":[{"url":"https:\/\/www.blogsoestado.com\/flaviobraga\/wp-content\/uploads\/sites\/7\/2012\/08\/Mulher-1.jpg","type":"","width":"","height":""}],"author":"Flavio Braga","twitter_card":"summary_large_image","twitter_misc":{"Escrito por":"Flavio Braga","Est. tempo de leitura":"2 minutos"},"schema":{"@context":"https:\/\/schema.org","@graph":[{"@type":"WebPage","@id":"https:\/\/www.blogsoestado.com\/flaviobraga\/cotas-eleitorais-de-genero\/","url":"https:\/\/www.blogsoestado.com\/flaviobraga\/cotas-eleitorais-de-genero\/","name":"Cotas eleitorais de g\u00eanero - Fl\u00e1vio Braga","isPartOf":{"@id":"https:\/\/www.blogsoestado.com\/flaviobraga\/#website"},"primaryImageOfPage":{"@id":"https:\/\/www.blogsoestado.com\/flaviobraga\/cotas-eleitorais-de-genero\/#primaryimage"},"image":{"@id":"https:\/\/www.blogsoestado.com\/flaviobraga\/cotas-eleitorais-de-genero\/#primaryimage"},"thumbnailUrl":"https:\/\/www.blogsoestado.com\/flaviobraga\/wp-content\/uploads\/sites\/7\/2012\/08\/Mulher-1.jpg","datePublished":"2012-08-14T12:20:37+00:00","author":{"@id":"https:\/\/www.blogsoestado.com\/flaviobraga\/#\/schema\/person\/6c6c778331775c757a82d15206bd8733"},"breadcrumb":{"@id":"https:\/\/www.blogsoestado.com\/flaviobraga\/cotas-eleitorais-de-genero\/#breadcrumb"},"inLanguage":"pt-BR","potentialAction":[{"@type":"ReadAction","target":["https:\/\/www.blogsoestado.com\/flaviobraga\/cotas-eleitorais-de-genero\/"]}]},{"@type":"ImageObject","inLanguage":"pt-BR","@id":"https:\/\/www.blogsoestado.com\/flaviobraga\/cotas-eleitorais-de-genero\/#primaryimage","url":"https:\/\/www.blogsoestado.com\/flaviobraga\/wp-content\/uploads\/sites\/7\/2012\/08\/Mulher-1.jpg","contentUrl":"https:\/\/www.blogsoestado.com\/flaviobraga\/wp-content\/uploads\/sites\/7\/2012\/08\/Mulher-1.jpg","width":258,"height":195},{"@type":"BreadcrumbList","@id":"https:\/\/www.blogsoestado.com\/flaviobraga\/cotas-eleitorais-de-genero\/#breadcrumb","itemListElement":[{"@type":"ListItem","position":1,"name":"In\u00edcio","item":"https:\/\/www.blogsoestado.com\/flaviobraga\/"},{"@type":"ListItem","position":2,"name":"Cotas eleitorais de g\u00eanero"}]},{"@type":"WebSite","@id":"https:\/\/www.blogsoestado.com\/flaviobraga\/#website","url":"https:\/\/www.blogsoestado.com\/flaviobraga\/","name":"Fl\u00e1vio Braga","description":"","potentialAction":[{"@type":"SearchAction","target":{"@type":"EntryPoint","urlTemplate":"https:\/\/www.blogsoestado.com\/flaviobraga\/?s={search_term_string}"},"query-input":{"@type":"PropertyValueSpecification","valueRequired":true,"valueName":"search_term_string"}}],"inLanguage":"pt-BR"},{"@type":"Person","@id":"https:\/\/www.blogsoestado.com\/flaviobraga\/#\/schema\/person\/6c6c778331775c757a82d15206bd8733","name":"Flavio Braga","image":{"@type":"ImageObject","inLanguage":"pt-BR","@id":"https:\/\/www.blogsoestado.com\/flaviobraga\/#\/schema\/person\/image\/","url":"https:\/\/secure.gravatar.com\/avatar\/ab173937dad8d78195c87778be8a0285d069ede375ce0ae24aac1cf8e58ccb2c?s=96&d=mm&r=g","contentUrl":"https:\/\/secure.gravatar.com\/avatar\/ab173937dad8d78195c87778be8a0285d069ede375ce0ae24aac1cf8e58ccb2c?s=96&d=mm&r=g","caption":"Flavio Braga"},"url":"https:\/\/www.blogsoestado.com\/flaviobraga\/author\/flaviobraga\/"}]}},"jetpack_featured_media_url":"","_links":{"self":[{"href":"https:\/\/www.blogsoestado.com\/flaviobraga\/wp-json\/wp\/v2\/posts\/1835","targetHints":{"allow":["GET"]}}],"collection":[{"href":"https:\/\/www.blogsoestado.com\/flaviobraga\/wp-json\/wp\/v2\/posts"}],"about":[{"href":"https:\/\/www.blogsoestado.com\/flaviobraga\/wp-json\/wp\/v2\/types\/post"}],"author":[{"embeddable":true,"href":"https:\/\/www.blogsoestado.com\/flaviobraga\/wp-json\/wp\/v2\/users\/8"}],"replies":[{"embeddable":true,"href":"https:\/\/www.blogsoestado.com\/flaviobraga\/wp-json\/wp\/v2\/comments?post=1835"}],"version-history":[{"count":0,"href":"https:\/\/www.blogsoestado.com\/flaviobraga\/wp-json\/wp\/v2\/posts\/1835\/revisions"}],"wp:attachment":[{"href":"https:\/\/www.blogsoestado.com\/flaviobraga\/wp-json\/wp\/v2\/media?parent=1835"}],"wp:term":[{"taxonomy":"category","embeddable":true,"href":"https:\/\/www.blogsoestado.com\/flaviobraga\/wp-json\/wp\/v2\/categories?post=1835"},{"taxonomy":"post_tag","embeddable":true,"href":"https:\/\/www.blogsoestado.com\/flaviobraga\/wp-json\/wp\/v2\/tags?post=1835"}],"curies":[{"name":"wp","href":"https:\/\/api.w.org\/{rel}","templated":true}]}}