{"id":1856,"date":"2012-08-27T15:33:05","date_gmt":"2012-08-27T18:33:05","guid":{"rendered":"https:\/\/www.blogsoestado.com\/flaviobraga\/?p=1856"},"modified":"2012-08-27T15:33:05","modified_gmt":"2012-08-27T18:33:05","slug":"propaganda-eleitoral-no-radio-e-televisao","status":"publish","type":"post","link":"https:\/\/www.blogsoestado.com\/flaviobraga\/propaganda-eleitoral-no-radio-e-televisao\/","title":{"rendered":"Propaganda eleitoral no r\u00e1dio e televis\u00e3o"},"content":{"rendered":"<p><a href=\"https:\/\/www.blogsoestado.com\/flaviobraga\/wp-content\/uploads\/sites\/7\/2012\/08\/Propag-TV-1.jpg\"><img fetchpriority=\"high\" decoding=\"async\" class=\"aligncenter size-full wp-image-1857\" title=\"Propag TV\" src=\"https:\/\/www.blogsoestado.com\/flaviobraga\/wp-content\/uploads\/sites\/7\/2012\/08\/Propag-TV-1.jpg\" alt=\"\" width=\"280\" height=\"200\" \/><\/a><\/p>\n<p>A propaganda eleitoral gratuita no r\u00e1dio e na televis\u00e3o \u00e9 transmitida, em bloco ou em inser\u00e7\u00f5es, durante os quarenta e cinco dias anteriores \u00e0 antev\u00e9spera do pleito.<\/p>\n<p>De acordo com a legisla\u00e7\u00e3o em vigor, \u00e9 proibida a divulga\u00e7\u00e3o de propaganda pol\u00edtica paga nas emissoras de r\u00e1dio e TV, bem como o desvirtuamento do hor\u00e1rio eleitoral para veicula\u00e7\u00e3o de propaganda comercial, ainda que realizada de forma sub-rept\u00edcia. Tamb\u00e9m \u00e9 vedada a participa\u00e7\u00e3o de qualquer apoiador mediante remunera\u00e7\u00e3o.<\/p>\n<p>Como vivemos sob o imp\u00e9rio do Estado Democr\u00e1tico de Direito, a lei n\u00e3o admite cortes instant\u00e2neos ou qualquer tipo de censura pr\u00e9via nos programas eleitorais nem permite a exibi\u00e7\u00e3o de propaganda que possa degradar ou ridicularizar candidatos, sujeitando-se o partido ou coliga\u00e7\u00e3o infratores \u00e0 perda do direito \u00e0 veicula\u00e7\u00e3o de propaganda nos dias seguintes. Uma vez provocada por parte leg\u00edtima, a Justi\u00e7a Eleitoral impedir\u00e1 a reapresenta\u00e7\u00e3o de propaganda ofensiva \u00e0 honra de candidato, \u00e0 moral e aos bons costumes.<\/p>\n<p>Cumpre ressaltar que a mera cr\u00edtica pol\u00edtico-administrativa n\u00e3o configura menoscabo nem \u00e9 suficiente para ensejar direito de resposta, uma vez que o homem p\u00fablico n\u00e3o se encontra no mesmo patamar do homem comum em rela\u00e7\u00e3o a ofensas pessoais, pois est\u00e1 naturalmente exposto \u00e0 cr\u00edtica acerba e \u00e0s alterca\u00e7\u00f5es inerentes ao embate eleitoral.\u00a0<\/p>\n<p>Com efeito, \u00e9 firme a jurisprud\u00eancia do TSE no sentido de que a cr\u00edtica ao mandat\u00e1rio p\u00fablico, por suas desvirtudes, seus equ\u00edvocos, falta de cumprimento de promessas eleitorais, por mais \u00e1cida que seja, n\u00e3o deve acarretar penalidade ao seu autor.<\/p>\n<p>Conquanto muitas pessoas n\u00e3o saibam, a propaganda eleitoral no r\u00e1dio e televis\u00e3o \u00e9 gratuita apenas para os candidatos, partidos e coliga\u00e7\u00f5es. O ressarcimento concedido \u00e0s emissoras \u00e9 suportado pelo er\u00e1rio federal, uma vez que o artigo 99 da Lei Geral das Elei\u00e7\u00f5es determina a compensa\u00e7\u00e3o fiscal pela ced\u00eancia do hor\u00e1rio eleitoral gratuito.<\/p>\n<p><strong>\u00a0<\/strong>Al\u00e9m de a propaganda eleitoral no r\u00e1dio e TV ser custeada compulsoriamente pelo eleitor-contribuinte, existe uma outra modalidade de financiamento p\u00fablico de campanha eleitoral. Trata-se dos recursos oriundos do Fundo Partid\u00e1rio, o qual \u00e9 constitu\u00eddo primordialmente por dota\u00e7\u00f5es or\u00e7ament\u00e1rias fixadas no Or\u00e7amento Geral da Uni\u00e3o. A legisla\u00e7\u00e3o eleitoral e partid\u00e1ria permite expressamente a aplica\u00e7\u00e3o dos recursos do Fundo Partid\u00e1rio nas campanhas eleitorais.<\/p>\n","protected":false},"excerpt":{"rendered":"<p>A propaganda eleitoral gratuita no r\u00e1dio e na televis\u00e3o \u00e9 transmitida, em bloco ou em inser\u00e7\u00f5es, durante os quarenta e [&hellip;]<\/p>\n","protected":false},"author":8,"featured_media":0,"comment_status":"open","ping_status":"open","sticky":false,"template":"","format":"standard","meta":{"site-sidebar-layout":"default","site-content-layout":"","ast-site-content-layout":"default","site-content-style":"default","site-sidebar-style":"default","ast-global-header-display":"","ast-banner-title-visibility":"","ast-main-header-display":"","ast-hfb-above-header-display":"","ast-hfb-below-header-display":"","ast-hfb-mobile-header-display":"","site-post-title":"","ast-breadcrumbs-content":"","ast-featured-img":"","footer-sml-layout":"","ast-disable-related-posts":"","theme-transparent-header-meta":"","adv-header-id-meta":"","stick-header-meta":"","header-above-stick-meta":"","header-main-stick-meta":"","header-below-stick-meta":"","astra-migrate-meta-layouts":"default","ast-page-background-enabled":"default","ast-page-background-meta":{"desktop":{"background-color":"var(--ast-global-color-5)","background-image":"","background-repeat":"repeat","background-position":"center center","background-size":"auto","background-attachment":"scroll","background-type":"","background-media":"","overlay-type":"","overlay-color":"","overlay-opacity":"","overlay-gradient":""},"tablet":{"background-color":"","background-image":"","background-repeat":"repeat","background-position":"center center","background-size":"auto","background-attachment":"scroll","background-type":"","background-media":"","overlay-type":"","overlay-color":"","overlay-opacity":"","overlay-gradient":""},"mobile":{"background-color":"","background-image":"","background-repeat":"repeat","background-position":"center center","background-size":"auto","background-attachment":"scroll","background-type":"","background-media":"","overlay-type":"","overlay-color":"","overlay-opacity":"","overlay-gradient":""}},"ast-content-background-meta":{"desktop":{"background-color":"var(--ast-global-color-4)","background-image":"","background-repeat":"repeat","background-position":"center center","background-size":"auto","background-attachment":"scroll","background-type":"","background-media":"","overlay-type":"","overlay-color":"","overlay-opacity":"","overlay-gradient":""},"tablet":{"background-color":"var(--ast-global-color-4)","background-image":"","background-repeat":"repeat","background-position":"center center","background-size":"auto","background-attachment":"scroll","background-type":"","background-media":"","overlay-type":"","overlay-color":"","overlay-opacity":"","overlay-gradient":""},"mobile":{"background-color":"var(--ast-global-color-4)","background-image":"","background-repeat":"repeat","background-position":"center center","background-size":"auto","background-attachment":"scroll","background-type":"","background-media":"","overlay-type":"","overlay-color":"","overlay-opacity":"","overlay-gradient":""}},"footnotes":""},"categories":[1],"tags":[],"class_list":["post-1856","post","type-post","status-publish","format-standard","hentry","category-sem-categoria"],"yoast_head":"<!-- This site is optimized with the Yoast SEO plugin v26.6 - https:\/\/yoast.com\/wordpress\/plugins\/seo\/ -->\n<title>Propaganda eleitoral no r\u00e1dio e televis\u00e3o - Fl\u00e1vio Braga<\/title>\n<meta name=\"robots\" content=\"index, follow, max-snippet:-1, max-image-preview:large, max-video-preview:-1\" \/>\n<link rel=\"canonical\" href=\"https:\/\/www.blogsoestado.com\/flaviobraga\/propaganda-eleitoral-no-radio-e-televisao\/\" \/>\n<meta property=\"og:locale\" content=\"pt_BR\" \/>\n<meta property=\"og:type\" content=\"article\" \/>\n<meta property=\"og:title\" content=\"Propaganda eleitoral no r\u00e1dio e televis\u00e3o - Fl\u00e1vio Braga\" \/>\n<meta property=\"og:description\" content=\"A propaganda eleitoral gratuita no r\u00e1dio e na televis\u00e3o \u00e9 transmitida, em bloco ou em inser\u00e7\u00f5es, durante os quarenta e [&hellip;]\" \/>\n<meta property=\"og:url\" content=\"https:\/\/www.blogsoestado.com\/flaviobraga\/propaganda-eleitoral-no-radio-e-televisao\/\" \/>\n<meta property=\"og:site_name\" content=\"Fl\u00e1vio Braga\" \/>\n<meta property=\"article:published_time\" content=\"2012-08-27T18:33:05+00:00\" \/>\n<meta property=\"og:image\" content=\"https:\/\/www.blogsoestado.com\/flaviobraga\/wp-content\/uploads\/sites\/7\/2012\/08\/Propag-TV-1.jpg\" \/>\n<meta name=\"author\" content=\"Flavio Braga\" \/>\n<meta name=\"twitter:card\" content=\"summary_large_image\" \/>\n<meta name=\"twitter:label1\" content=\"Escrito por\" \/>\n\t<meta name=\"twitter:data1\" content=\"Flavio Braga\" \/>\n\t<meta name=\"twitter:label2\" content=\"Est. tempo de leitura\" \/>\n\t<meta name=\"twitter:data2\" content=\"2 minutos\" \/>\n<script type=\"application\/ld+json\" class=\"yoast-schema-graph\">{\"@context\":\"https:\/\/schema.org\",\"@graph\":[{\"@type\":\"WebPage\",\"@id\":\"https:\/\/www.blogsoestado.com\/flaviobraga\/propaganda-eleitoral-no-radio-e-televisao\/\",\"url\":\"https:\/\/www.blogsoestado.com\/flaviobraga\/propaganda-eleitoral-no-radio-e-televisao\/\",\"name\":\"Propaganda eleitoral no r\u00e1dio e televis\u00e3o - Fl\u00e1vio Braga\",\"isPartOf\":{\"@id\":\"https:\/\/www.blogsoestado.com\/flaviobraga\/#website\"},\"primaryImageOfPage\":{\"@id\":\"https:\/\/www.blogsoestado.com\/flaviobraga\/propaganda-eleitoral-no-radio-e-televisao\/#primaryimage\"},\"image\":{\"@id\":\"https:\/\/www.blogsoestado.com\/flaviobraga\/propaganda-eleitoral-no-radio-e-televisao\/#primaryimage\"},\"thumbnailUrl\":\"https:\/\/www.blogsoestado.com\/flaviobraga\/wp-content\/uploads\/sites\/7\/2012\/08\/Propag-TV-1.jpg\",\"datePublished\":\"2012-08-27T18:33:05+00:00\",\"author\":{\"@id\":\"https:\/\/www.blogsoestado.com\/flaviobraga\/#\/schema\/person\/6c6c778331775c757a82d15206bd8733\"},\"breadcrumb\":{\"@id\":\"https:\/\/www.blogsoestado.com\/flaviobraga\/propaganda-eleitoral-no-radio-e-televisao\/#breadcrumb\"},\"inLanguage\":\"pt-BR\",\"potentialAction\":[{\"@type\":\"ReadAction\",\"target\":[\"https:\/\/www.blogsoestado.com\/flaviobraga\/propaganda-eleitoral-no-radio-e-televisao\/\"]}]},{\"@type\":\"ImageObject\",\"inLanguage\":\"pt-BR\",\"@id\":\"https:\/\/www.blogsoestado.com\/flaviobraga\/propaganda-eleitoral-no-radio-e-televisao\/#primaryimage\",\"url\":\"https:\/\/www.blogsoestado.com\/flaviobraga\/wp-content\/uploads\/sites\/7\/2012\/08\/Propag-TV-1.jpg\",\"contentUrl\":\"https:\/\/www.blogsoestado.com\/flaviobraga\/wp-content\/uploads\/sites\/7\/2012\/08\/Propag-TV-1.jpg\",\"width\":280,\"height\":200},{\"@type\":\"BreadcrumbList\",\"@id\":\"https:\/\/www.blogsoestado.com\/flaviobraga\/propaganda-eleitoral-no-radio-e-televisao\/#breadcrumb\",\"itemListElement\":[{\"@type\":\"ListItem\",\"position\":1,\"name\":\"In\u00edcio\",\"item\":\"https:\/\/www.blogsoestado.com\/flaviobraga\/\"},{\"@type\":\"ListItem\",\"position\":2,\"name\":\"Propaganda eleitoral no r\u00e1dio e televis\u00e3o\"}]},{\"@type\":\"WebSite\",\"@id\":\"https:\/\/www.blogsoestado.com\/flaviobraga\/#website\",\"url\":\"https:\/\/www.blogsoestado.com\/flaviobraga\/\",\"name\":\"Fl\u00e1vio Braga\",\"description\":\"\",\"potentialAction\":[{\"@type\":\"SearchAction\",\"target\":{\"@type\":\"EntryPoint\",\"urlTemplate\":\"https:\/\/www.blogsoestado.com\/flaviobraga\/?s={search_term_string}\"},\"query-input\":{\"@type\":\"PropertyValueSpecification\",\"valueRequired\":true,\"valueName\":\"search_term_string\"}}],\"inLanguage\":\"pt-BR\"},{\"@type\":\"Person\",\"@id\":\"https:\/\/www.blogsoestado.com\/flaviobraga\/#\/schema\/person\/6c6c778331775c757a82d15206bd8733\",\"name\":\"Flavio Braga\",\"image\":{\"@type\":\"ImageObject\",\"inLanguage\":\"pt-BR\",\"@id\":\"https:\/\/www.blogsoestado.com\/flaviobraga\/#\/schema\/person\/image\/\",\"url\":\"https:\/\/secure.gravatar.com\/avatar\/ab173937dad8d78195c87778be8a0285d069ede375ce0ae24aac1cf8e58ccb2c?s=96&d=mm&r=g\",\"contentUrl\":\"https:\/\/secure.gravatar.com\/avatar\/ab173937dad8d78195c87778be8a0285d069ede375ce0ae24aac1cf8e58ccb2c?s=96&d=mm&r=g\",\"caption\":\"Flavio Braga\"},\"url\":\"https:\/\/www.blogsoestado.com\/flaviobraga\/author\/flaviobraga\/\"}]}<\/script>\n<!-- \/ Yoast SEO plugin. -->","yoast_head_json":{"title":"Propaganda eleitoral no r\u00e1dio e televis\u00e3o - Fl\u00e1vio Braga","robots":{"index":"index","follow":"follow","max-snippet":"max-snippet:-1","max-image-preview":"max-image-preview:large","max-video-preview":"max-video-preview:-1"},"canonical":"https:\/\/www.blogsoestado.com\/flaviobraga\/propaganda-eleitoral-no-radio-e-televisao\/","og_locale":"pt_BR","og_type":"article","og_title":"Propaganda eleitoral no r\u00e1dio e televis\u00e3o - Fl\u00e1vio Braga","og_description":"A propaganda eleitoral gratuita no r\u00e1dio e na televis\u00e3o \u00e9 transmitida, em bloco ou em inser\u00e7\u00f5es, durante os quarenta e [&hellip;]","og_url":"https:\/\/www.blogsoestado.com\/flaviobraga\/propaganda-eleitoral-no-radio-e-televisao\/","og_site_name":"Fl\u00e1vio Braga","article_published_time":"2012-08-27T18:33:05+00:00","og_image":[{"url":"https:\/\/www.blogsoestado.com\/flaviobraga\/wp-content\/uploads\/sites\/7\/2012\/08\/Propag-TV-1.jpg","type":"","width":"","height":""}],"author":"Flavio Braga","twitter_card":"summary_large_image","twitter_misc":{"Escrito por":"Flavio Braga","Est. tempo de leitura":"2 minutos"},"schema":{"@context":"https:\/\/schema.org","@graph":[{"@type":"WebPage","@id":"https:\/\/www.blogsoestado.com\/flaviobraga\/propaganda-eleitoral-no-radio-e-televisao\/","url":"https:\/\/www.blogsoestado.com\/flaviobraga\/propaganda-eleitoral-no-radio-e-televisao\/","name":"Propaganda eleitoral no r\u00e1dio e televis\u00e3o - Fl\u00e1vio Braga","isPartOf":{"@id":"https:\/\/www.blogsoestado.com\/flaviobraga\/#website"},"primaryImageOfPage":{"@id":"https:\/\/www.blogsoestado.com\/flaviobraga\/propaganda-eleitoral-no-radio-e-televisao\/#primaryimage"},"image":{"@id":"https:\/\/www.blogsoestado.com\/flaviobraga\/propaganda-eleitoral-no-radio-e-televisao\/#primaryimage"},"thumbnailUrl":"https:\/\/www.blogsoestado.com\/flaviobraga\/wp-content\/uploads\/sites\/7\/2012\/08\/Propag-TV-1.jpg","datePublished":"2012-08-27T18:33:05+00:00","author":{"@id":"https:\/\/www.blogsoestado.com\/flaviobraga\/#\/schema\/person\/6c6c778331775c757a82d15206bd8733"},"breadcrumb":{"@id":"https:\/\/www.blogsoestado.com\/flaviobraga\/propaganda-eleitoral-no-radio-e-televisao\/#breadcrumb"},"inLanguage":"pt-BR","potentialAction":[{"@type":"ReadAction","target":["https:\/\/www.blogsoestado.com\/flaviobraga\/propaganda-eleitoral-no-radio-e-televisao\/"]}]},{"@type":"ImageObject","inLanguage":"pt-BR","@id":"https:\/\/www.blogsoestado.com\/flaviobraga\/propaganda-eleitoral-no-radio-e-televisao\/#primaryimage","url":"https:\/\/www.blogsoestado.com\/flaviobraga\/wp-content\/uploads\/sites\/7\/2012\/08\/Propag-TV-1.jpg","contentUrl":"https:\/\/www.blogsoestado.com\/flaviobraga\/wp-content\/uploads\/sites\/7\/2012\/08\/Propag-TV-1.jpg","width":280,"height":200},{"@type":"BreadcrumbList","@id":"https:\/\/www.blogsoestado.com\/flaviobraga\/propaganda-eleitoral-no-radio-e-televisao\/#breadcrumb","itemListElement":[{"@type":"ListItem","position":1,"name":"In\u00edcio","item":"https:\/\/www.blogsoestado.com\/flaviobraga\/"},{"@type":"ListItem","position":2,"name":"Propaganda eleitoral no r\u00e1dio e televis\u00e3o"}]},{"@type":"WebSite","@id":"https:\/\/www.blogsoestado.com\/flaviobraga\/#website","url":"https:\/\/www.blogsoestado.com\/flaviobraga\/","name":"Fl\u00e1vio Braga","description":"","potentialAction":[{"@type":"SearchAction","target":{"@type":"EntryPoint","urlTemplate":"https:\/\/www.blogsoestado.com\/flaviobraga\/?s={search_term_string}"},"query-input":{"@type":"PropertyValueSpecification","valueRequired":true,"valueName":"search_term_string"}}],"inLanguage":"pt-BR"},{"@type":"Person","@id":"https:\/\/www.blogsoestado.com\/flaviobraga\/#\/schema\/person\/6c6c778331775c757a82d15206bd8733","name":"Flavio Braga","image":{"@type":"ImageObject","inLanguage":"pt-BR","@id":"https:\/\/www.blogsoestado.com\/flaviobraga\/#\/schema\/person\/image\/","url":"https:\/\/secure.gravatar.com\/avatar\/ab173937dad8d78195c87778be8a0285d069ede375ce0ae24aac1cf8e58ccb2c?s=96&d=mm&r=g","contentUrl":"https:\/\/secure.gravatar.com\/avatar\/ab173937dad8d78195c87778be8a0285d069ede375ce0ae24aac1cf8e58ccb2c?s=96&d=mm&r=g","caption":"Flavio Braga"},"url":"https:\/\/www.blogsoestado.com\/flaviobraga\/author\/flaviobraga\/"}]}},"jetpack_featured_media_url":"","_links":{"self":[{"href":"https:\/\/www.blogsoestado.com\/flaviobraga\/wp-json\/wp\/v2\/posts\/1856","targetHints":{"allow":["GET"]}}],"collection":[{"href":"https:\/\/www.blogsoestado.com\/flaviobraga\/wp-json\/wp\/v2\/posts"}],"about":[{"href":"https:\/\/www.blogsoestado.com\/flaviobraga\/wp-json\/wp\/v2\/types\/post"}],"author":[{"embeddable":true,"href":"https:\/\/www.blogsoestado.com\/flaviobraga\/wp-json\/wp\/v2\/users\/8"}],"replies":[{"embeddable":true,"href":"https:\/\/www.blogsoestado.com\/flaviobraga\/wp-json\/wp\/v2\/comments?post=1856"}],"version-history":[{"count":0,"href":"https:\/\/www.blogsoestado.com\/flaviobraga\/wp-json\/wp\/v2\/posts\/1856\/revisions"}],"wp:attachment":[{"href":"https:\/\/www.blogsoestado.com\/flaviobraga\/wp-json\/wp\/v2\/media?parent=1856"}],"wp:term":[{"taxonomy":"category","embeddable":true,"href":"https:\/\/www.blogsoestado.com\/flaviobraga\/wp-json\/wp\/v2\/categories?post=1856"},{"taxonomy":"post_tag","embeddable":true,"href":"https:\/\/www.blogsoestado.com\/flaviobraga\/wp-json\/wp\/v2\/tags?post=1856"}],"curies":[{"name":"wp","href":"https:\/\/api.w.org\/{rel}","templated":true}]}}