{"id":1915,"date":"2012-10-06T14:00:10","date_gmt":"2012-10-06T17:00:10","guid":{"rendered":"https:\/\/www.blogsoestado.com\/flaviobraga\/?p=1915"},"modified":"2012-10-06T14:00:10","modified_gmt":"2012-10-06T17:00:10","slug":"confira-tudo-o-que-e-preciso-para-votar-com-tranquilidade-no-domingo-7","status":"publish","type":"post","link":"https:\/\/www.blogsoestado.com\/flaviobraga\/confira-tudo-o-que-e-preciso-para-votar-com-tranquilidade-no-domingo-7\/","title":{"rendered":"Confira tudo o que \u00e9 preciso para votar com tranquilidade no domingo (7)"},"content":{"rendered":"<p>&nbsp;<\/p>\n<p>Amanh\u00e3, (7), 138.544.348 brasileiros v\u00e3o \u00e0s urnas para escolher 5.568 prefeitos e 57.434 vereadores. S\u00f3 n\u00e3o v\u00e3o votar neste pleito municipal os eleitores do Distrito Federal e de Fernando de Noronha, onde n\u00e3o h\u00e1 representantes desses cargos, e os que est\u00e3o cadastrados para votar no exterior, que s\u00f3 escolhem o presidente da Rep\u00fablica.<\/p>\n<p>Confira tudo sobre a vota\u00e7\u00e3o, o que \u00e9 permitido e o que n\u00e3o se pode fazer no dia da elei\u00e7\u00e3o:<\/p>\n<p><strong>Hor\u00e1rio da vota\u00e7\u00e3o<\/strong><\/p>\n<p>O eleitor pode ir \u00e0 sua se\u00e7\u00e3o eleitoral e votar das 8h \u00e0s 17h, considerado o hor\u00e1rio local de seu munic\u00edpio.<br \/>\n<strong>Local da vota\u00e7\u00e3o<\/strong><\/p>\n<p>Em seu t\u00edtulo de eleitor constam informa\u00e7\u00f5es sobre a zona eleitoral e a se\u00e7\u00e3o onde voc\u00ea vota. Mas, se voc\u00ea n\u00e3o sabe onde vota ou perdeu o t\u00edtulo, pode consultar o local de vota\u00e7\u00e3o e o n\u00famero do seu t\u00edtulo no site do TSE. Para esta consulta, basta informar o seu nome, data de nascimento e nome da m\u00e3e (<a href=\"http:\/\/www.tse.jus.br\/eleitor\/titulo-e-local-de-votacao\/consulta-por-nome\" target=\"_blank\">consulte seu local de vota\u00e7\u00e3o<\/a>).<br \/>\n<strong>Documento<br \/>\n<\/strong>\u00c9 necess\u00e1rio levar um documento oficial com foto (carteira de identidade, passaporte, carteira de categoria profissional reconhecida por lei, certificado de reservista, carteira de trabalho ou carteira nacional de habilita\u00e7\u00e3o). N\u00e3o ser\u00e1 admitida a certid\u00e3o de nascimento nem de casamento.<\/p>\n<p>N\u00e3o \u00e9 obrigat\u00f3ria a apresenta\u00e7\u00e3o do t\u00edtulo de eleitor. No entanto, o n\u00famero deste documento \u00e9 indispens\u00e1vel para o preenchimento da justificativa eleitoral.<br \/>\n<strong>Posso ou n\u00e3o posso?<\/strong><\/p>\n<p>No dia da vota\u00e7\u00e3o \u00e9 permitida a manifesta\u00e7\u00e3o individual e silenciosa de apoio ao partido e\/ou candidato de sua prefer\u00eancia. Entretanto, n\u00e3o \u00e9 permitido utilizar vestu\u00e1rio padronizado.<\/p>\n<p>No recinto da cabina de vota\u00e7\u00e3o, \u00e9 proibido portar aparelho de telefonia celular, m\u00e1quinas fotogr\u00e1ficas, filmadoras, equipamento de radiocomunica\u00e7\u00e3o ou quaisquer instrumentos que possam comprometer o sigilo do voto. Esses aparelhos devem ficar retidos com o mes\u00e1rio enquanto o eleitor vota.<\/p>\n<p>Para votar, o eleitor com defici\u00eancia ou mobilidade reduzida poder\u00e1 contar com o aux\u00edlio de pessoa de sua confian\u00e7a, ainda que n\u00e3o tenha feito o pedido antecipadamente ao juiz eleitoral.<\/p>\n<p><strong>Como votar\u00a0<\/strong><\/p>\n<p>Todos os eleitores brasileiros votam na urna eletr\u00f4nica. Nela \u00e9 mais f\u00e1cil, r\u00e1pido e seguro exercer o direito ao voto. Primeiro, o eleitor escolher\u00e1 o candidato a vereador e depois a prefeito. O eleitor deve levar a colinha com os n\u00fameros dos candidatos nos quais quer votar. A colinha \u00e9 muito \u00fatil para agilizar a vota\u00e7\u00e3o (<a href=\"http:\/\/www.justicaeleitoral.jus.br\/arquivos\/tse-cartaz-cola-na-votacao\" target=\"_blank\">imprima aqui a sua colinha!<\/a>).<\/p>\n<p><strong>Vereador<br \/>\n<\/strong>O primeiro voto ser\u00e1 para o cargo de vereador. O eleitor pode votar em um candidato ou somente na legenda. Para votar no candidato de sua prefer\u00eancia, digite os cinco n\u00fameros do candidato, confira o nome e\/ou a foto dele e, caso esteja correto, tecle confirma. Se voc\u00ea errou o n\u00famero, tecle corrige, digite os n\u00fameros corretos, e confirme o seu voto.<\/p>\n<p>Para votar somente no partido, o chamado voto de legenda, o eleitor deve digitar somente os dois primeiros n\u00fameros, pois esses identificam o partido. Antes da confirma\u00e7\u00e3o do voto, a urna apresentar\u00e1 a informa\u00e7\u00e3o do respectivo partido e mensagem alertando ao eleitor que, se confirmado o voto, ele ser\u00e1 computado para a legenda. Dessa forma, o votante ajuda o partido de sua prefer\u00eancia a conquistar mais vagas na c\u00e2mara dos vereadores, sem escolher um candidato espec\u00edfico para preench\u00ea-la.<\/p>\n<p><strong>Prefeito<br \/>\n<\/strong>O segundo voto ser\u00e1 para o cargo de prefeito. Para votar no candidato de sua prefer\u00eancia, digite os dois n\u00fameros do candidato, confira o nome e\/ou a foto dele e, caso esteja correto, tecle confirma. Se voc\u00ea errou o n\u00famero, tecle CORRIGE e digite os n\u00fameros corretos, repetindo a opera\u00e7\u00e3o at\u00e9 confirmar o seu voto. Ao final da vota\u00e7\u00e3o, a urna eletr\u00f4nica exibe a palavra FIM e emite um sinal sonoro indicando a conclus\u00e3o do voto.<\/p>\n<p><strong>Justificativa<br \/>\n<\/strong>O eleitor que n\u00e3o puder comparecer ao seu local de vota\u00e7\u00e3o e, em consequ\u00eancia, n\u00e3o votar, deve justificar a aus\u00eancia. \u00c9 necess\u00e1ria uma justificativa para cada turno em que o eleitor foi ausente, ou seja, se faltou \u00e0 vota\u00e7\u00e3o no primeiro turno, deve fazer uma justificativa; se faltar ao segundo turno, outra justificativa.<\/p>\n<p>A justificativa pode ser feita no dia da elei\u00e7\u00e3o em um dos postos de justificativa ou em at\u00e9 60 dias ap\u00f3s a aus\u00eancia. Para justificar a falta no primeiro turno, o eleitor deve comparecer ao cart\u00f3rio eleitoral at\u00e9 o dia 6 de dezembro. Se a falta for no segundo turno, o cart\u00f3rio eleitoral receber\u00e1 a justificativa at\u00e9 o dia 27 de dezembro.<\/p>\n<p>Para preenchimento do formul\u00e1rio de justificativa no dia da elei\u00e7\u00e3o \u00e9 indispens\u00e1vel o n\u00famero do t\u00edtulo de eleitor. O ausente pode preencher o formul\u00e1rio antecipadamente, mas s\u00f3 deve assin\u00e1-lo quando da entrega, na presen\u00e7a do mes\u00e1rio.<\/p>\n<p><a href=\"http:\/\/www.tse.jus.br\/eleitor\/justificativa-eleitoral\" target=\"_blank\">Imprima aqui o seu formul\u00e1rio de justificativa<\/a>.<\/p>\n","protected":false},"excerpt":{"rendered":"<p>&nbsp; Amanh\u00e3, (7), 138.544.348 brasileiros v\u00e3o \u00e0s urnas para escolher 5.568 prefeitos e 57.434 vereadores. S\u00f3 n\u00e3o v\u00e3o votar neste [&hellip;]<\/p>\n","protected":false},"author":8,"featured_media":0,"comment_status":"open","ping_status":"open","sticky":false,"template":"","format":"standard","meta":{"site-sidebar-layout":"default","site-content-layout":"","ast-site-content-layout":"default","site-content-style":"default","site-sidebar-style":"default","ast-global-header-display":"","ast-banner-title-visibility":"","ast-main-header-display":"","ast-hfb-above-header-display":"","ast-hfb-below-header-display":"","ast-hfb-mobile-header-display":"","site-post-title":"","ast-breadcrumbs-content":"","ast-featured-img":"","footer-sml-layout":"","ast-disable-related-posts":"","theme-transparent-header-meta":"","adv-header-id-meta":"","stick-header-meta":"","header-above-stick-meta":"","header-main-stick-meta":"","header-below-stick-meta":"","astra-migrate-meta-layouts":"default","ast-page-background-enabled":"default","ast-page-background-meta":{"desktop":{"background-color":"var(--ast-global-color-5)","background-image":"","background-repeat":"repeat","background-position":"center center","background-size":"auto","background-attachment":"scroll","background-type":"","background-media":"","overlay-type":"","overlay-color":"","overlay-opacity":"","overlay-gradient":""},"tablet":{"background-color":"","background-image":"","background-repeat":"repeat","background-position":"center center","background-size":"auto","background-attachment":"scroll","background-type":"","background-media":"","overlay-type":"","overlay-color":"","overlay-opacity":"","overlay-gradient":""},"mobile":{"background-color":"","background-image":"","background-repeat":"repeat","background-position":"center center","background-size":"auto","background-attachment":"scroll","background-type":"","background-media":"","overlay-type":"","overlay-color":"","overlay-opacity":"","overlay-gradient":""}},"ast-content-background-meta":{"desktop":{"background-color":"var(--ast-global-color-4)","background-image":"","background-repeat":"repeat","background-position":"center center","background-size":"auto","background-attachment":"scroll","background-type":"","background-media":"","overlay-type":"","overlay-color":"","overlay-opacity":"","overlay-gradient":""},"tablet":{"background-color":"var(--ast-global-color-4)","background-image":"","background-repeat":"repeat","background-position":"center center","background-size":"auto","background-attachment":"scroll","background-type":"","background-media":"","overlay-type":"","overlay-color":"","overlay-opacity":"","overlay-gradient":""},"mobile":{"background-color":"var(--ast-global-color-4)","background-image":"","background-repeat":"repeat","background-position":"center center","background-size":"auto","background-attachment":"scroll","background-type":"","background-media":"","overlay-type":"","overlay-color":"","overlay-opacity":"","overlay-gradient":""}},"footnotes":""},"categories":[1],"tags":[],"class_list":["post-1915","post","type-post","status-publish","format-standard","hentry","category-sem-categoria"],"yoast_head":"<!-- This site is optimized with the Yoast SEO plugin v26.6 - https:\/\/yoast.com\/wordpress\/plugins\/seo\/ -->\n<title>Confira tudo o que \u00e9 preciso para votar com tranquilidade no domingo (7) - Fl\u00e1vio Braga<\/title>\n<meta name=\"robots\" content=\"index, follow, max-snippet:-1, max-image-preview:large, max-video-preview:-1\" \/>\n<link rel=\"canonical\" href=\"https:\/\/www.blogsoestado.com\/flaviobraga\/confira-tudo-o-que-e-preciso-para-votar-com-tranquilidade-no-domingo-7\/\" \/>\n<meta property=\"og:locale\" content=\"pt_BR\" \/>\n<meta property=\"og:type\" content=\"article\" \/>\n<meta property=\"og:title\" content=\"Confira tudo o que \u00e9 preciso para votar com tranquilidade no domingo (7) - Fl\u00e1vio Braga\" \/>\n<meta property=\"og:description\" content=\"&nbsp; Amanh\u00e3, (7), 138.544.348 brasileiros v\u00e3o \u00e0s urnas para escolher 5.568 prefeitos e 57.434 vereadores. S\u00f3 n\u00e3o v\u00e3o votar neste [&hellip;]\" \/>\n<meta property=\"og:url\" content=\"https:\/\/www.blogsoestado.com\/flaviobraga\/confira-tudo-o-que-e-preciso-para-votar-com-tranquilidade-no-domingo-7\/\" \/>\n<meta property=\"og:site_name\" content=\"Fl\u00e1vio Braga\" \/>\n<meta property=\"article:published_time\" content=\"2012-10-06T17:00:10+00:00\" \/>\n<meta name=\"author\" content=\"Flavio Braga\" \/>\n<meta name=\"twitter:card\" content=\"summary_large_image\" \/>\n<meta name=\"twitter:label1\" content=\"Escrito por\" \/>\n\t<meta name=\"twitter:data1\" content=\"Flavio Braga\" \/>\n\t<meta name=\"twitter:label2\" content=\"Est. tempo de leitura\" \/>\n\t<meta name=\"twitter:data2\" content=\"4 minutos\" \/>\n<script type=\"application\/ld+json\" class=\"yoast-schema-graph\">{\"@context\":\"https:\/\/schema.org\",\"@graph\":[{\"@type\":\"WebPage\",\"@id\":\"https:\/\/www.blogsoestado.com\/flaviobraga\/confira-tudo-o-que-e-preciso-para-votar-com-tranquilidade-no-domingo-7\/\",\"url\":\"https:\/\/www.blogsoestado.com\/flaviobraga\/confira-tudo-o-que-e-preciso-para-votar-com-tranquilidade-no-domingo-7\/\",\"name\":\"Confira tudo o que \u00e9 preciso para votar com tranquilidade no domingo (7) - Fl\u00e1vio Braga\",\"isPartOf\":{\"@id\":\"https:\/\/www.blogsoestado.com\/flaviobraga\/#website\"},\"datePublished\":\"2012-10-06T17:00:10+00:00\",\"author\":{\"@id\":\"https:\/\/www.blogsoestado.com\/flaviobraga\/#\/schema\/person\/6c6c778331775c757a82d15206bd8733\"},\"breadcrumb\":{\"@id\":\"https:\/\/www.blogsoestado.com\/flaviobraga\/confira-tudo-o-que-e-preciso-para-votar-com-tranquilidade-no-domingo-7\/#breadcrumb\"},\"inLanguage\":\"pt-BR\",\"potentialAction\":[{\"@type\":\"ReadAction\",\"target\":[\"https:\/\/www.blogsoestado.com\/flaviobraga\/confira-tudo-o-que-e-preciso-para-votar-com-tranquilidade-no-domingo-7\/\"]}]},{\"@type\":\"BreadcrumbList\",\"@id\":\"https:\/\/www.blogsoestado.com\/flaviobraga\/confira-tudo-o-que-e-preciso-para-votar-com-tranquilidade-no-domingo-7\/#breadcrumb\",\"itemListElement\":[{\"@type\":\"ListItem\",\"position\":1,\"name\":\"In\u00edcio\",\"item\":\"https:\/\/www.blogsoestado.com\/flaviobraga\/\"},{\"@type\":\"ListItem\",\"position\":2,\"name\":\"Confira tudo o que \u00e9 preciso para votar com tranquilidade no domingo (7)\"}]},{\"@type\":\"WebSite\",\"@id\":\"https:\/\/www.blogsoestado.com\/flaviobraga\/#website\",\"url\":\"https:\/\/www.blogsoestado.com\/flaviobraga\/\",\"name\":\"Fl\u00e1vio Braga\",\"description\":\"\",\"potentialAction\":[{\"@type\":\"SearchAction\",\"target\":{\"@type\":\"EntryPoint\",\"urlTemplate\":\"https:\/\/www.blogsoestado.com\/flaviobraga\/?s={search_term_string}\"},\"query-input\":{\"@type\":\"PropertyValueSpecification\",\"valueRequired\":true,\"valueName\":\"search_term_string\"}}],\"inLanguage\":\"pt-BR\"},{\"@type\":\"Person\",\"@id\":\"https:\/\/www.blogsoestado.com\/flaviobraga\/#\/schema\/person\/6c6c778331775c757a82d15206bd8733\",\"name\":\"Flavio Braga\",\"image\":{\"@type\":\"ImageObject\",\"inLanguage\":\"pt-BR\",\"@id\":\"https:\/\/www.blogsoestado.com\/flaviobraga\/#\/schema\/person\/image\/\",\"url\":\"https:\/\/secure.gravatar.com\/avatar\/ab173937dad8d78195c87778be8a0285d069ede375ce0ae24aac1cf8e58ccb2c?s=96&d=mm&r=g\",\"contentUrl\":\"https:\/\/secure.gravatar.com\/avatar\/ab173937dad8d78195c87778be8a0285d069ede375ce0ae24aac1cf8e58ccb2c?s=96&d=mm&r=g\",\"caption\":\"Flavio Braga\"},\"url\":\"https:\/\/www.blogsoestado.com\/flaviobraga\/author\/flaviobraga\/\"}]}<\/script>\n<!-- \/ Yoast SEO plugin. -->","yoast_head_json":{"title":"Confira tudo o que \u00e9 preciso para votar com tranquilidade no domingo (7) - Fl\u00e1vio Braga","robots":{"index":"index","follow":"follow","max-snippet":"max-snippet:-1","max-image-preview":"max-image-preview:large","max-video-preview":"max-video-preview:-1"},"canonical":"https:\/\/www.blogsoestado.com\/flaviobraga\/confira-tudo-o-que-e-preciso-para-votar-com-tranquilidade-no-domingo-7\/","og_locale":"pt_BR","og_type":"article","og_title":"Confira tudo o que \u00e9 preciso para votar com tranquilidade no domingo (7) - Fl\u00e1vio Braga","og_description":"&nbsp; Amanh\u00e3, (7), 138.544.348 brasileiros v\u00e3o \u00e0s urnas para escolher 5.568 prefeitos e 57.434 vereadores. S\u00f3 n\u00e3o v\u00e3o votar neste [&hellip;]","og_url":"https:\/\/www.blogsoestado.com\/flaviobraga\/confira-tudo-o-que-e-preciso-para-votar-com-tranquilidade-no-domingo-7\/","og_site_name":"Fl\u00e1vio Braga","article_published_time":"2012-10-06T17:00:10+00:00","author":"Flavio Braga","twitter_card":"summary_large_image","twitter_misc":{"Escrito por":"Flavio Braga","Est. tempo de leitura":"4 minutos"},"schema":{"@context":"https:\/\/schema.org","@graph":[{"@type":"WebPage","@id":"https:\/\/www.blogsoestado.com\/flaviobraga\/confira-tudo-o-que-e-preciso-para-votar-com-tranquilidade-no-domingo-7\/","url":"https:\/\/www.blogsoestado.com\/flaviobraga\/confira-tudo-o-que-e-preciso-para-votar-com-tranquilidade-no-domingo-7\/","name":"Confira tudo o que \u00e9 preciso para votar com tranquilidade no domingo (7) - Fl\u00e1vio Braga","isPartOf":{"@id":"https:\/\/www.blogsoestado.com\/flaviobraga\/#website"},"datePublished":"2012-10-06T17:00:10+00:00","author":{"@id":"https:\/\/www.blogsoestado.com\/flaviobraga\/#\/schema\/person\/6c6c778331775c757a82d15206bd8733"},"breadcrumb":{"@id":"https:\/\/www.blogsoestado.com\/flaviobraga\/confira-tudo-o-que-e-preciso-para-votar-com-tranquilidade-no-domingo-7\/#breadcrumb"},"inLanguage":"pt-BR","potentialAction":[{"@type":"ReadAction","target":["https:\/\/www.blogsoestado.com\/flaviobraga\/confira-tudo-o-que-e-preciso-para-votar-com-tranquilidade-no-domingo-7\/"]}]},{"@type":"BreadcrumbList","@id":"https:\/\/www.blogsoestado.com\/flaviobraga\/confira-tudo-o-que-e-preciso-para-votar-com-tranquilidade-no-domingo-7\/#breadcrumb","itemListElement":[{"@type":"ListItem","position":1,"name":"In\u00edcio","item":"https:\/\/www.blogsoestado.com\/flaviobraga\/"},{"@type":"ListItem","position":2,"name":"Confira tudo o que \u00e9 preciso para votar com tranquilidade no domingo (7)"}]},{"@type":"WebSite","@id":"https:\/\/www.blogsoestado.com\/flaviobraga\/#website","url":"https:\/\/www.blogsoestado.com\/flaviobraga\/","name":"Fl\u00e1vio Braga","description":"","potentialAction":[{"@type":"SearchAction","target":{"@type":"EntryPoint","urlTemplate":"https:\/\/www.blogsoestado.com\/flaviobraga\/?s={search_term_string}"},"query-input":{"@type":"PropertyValueSpecification","valueRequired":true,"valueName":"search_term_string"}}],"inLanguage":"pt-BR"},{"@type":"Person","@id":"https:\/\/www.blogsoestado.com\/flaviobraga\/#\/schema\/person\/6c6c778331775c757a82d15206bd8733","name":"Flavio Braga","image":{"@type":"ImageObject","inLanguage":"pt-BR","@id":"https:\/\/www.blogsoestado.com\/flaviobraga\/#\/schema\/person\/image\/","url":"https:\/\/secure.gravatar.com\/avatar\/ab173937dad8d78195c87778be8a0285d069ede375ce0ae24aac1cf8e58ccb2c?s=96&d=mm&r=g","contentUrl":"https:\/\/secure.gravatar.com\/avatar\/ab173937dad8d78195c87778be8a0285d069ede375ce0ae24aac1cf8e58ccb2c?s=96&d=mm&r=g","caption":"Flavio Braga"},"url":"https:\/\/www.blogsoestado.com\/flaviobraga\/author\/flaviobraga\/"}]}},"jetpack_featured_media_url":"","_links":{"self":[{"href":"https:\/\/www.blogsoestado.com\/flaviobraga\/wp-json\/wp\/v2\/posts\/1915","targetHints":{"allow":["GET"]}}],"collection":[{"href":"https:\/\/www.blogsoestado.com\/flaviobraga\/wp-json\/wp\/v2\/posts"}],"about":[{"href":"https:\/\/www.blogsoestado.com\/flaviobraga\/wp-json\/wp\/v2\/types\/post"}],"author":[{"embeddable":true,"href":"https:\/\/www.blogsoestado.com\/flaviobraga\/wp-json\/wp\/v2\/users\/8"}],"replies":[{"embeddable":true,"href":"https:\/\/www.blogsoestado.com\/flaviobraga\/wp-json\/wp\/v2\/comments?post=1915"}],"version-history":[{"count":0,"href":"https:\/\/www.blogsoestado.com\/flaviobraga\/wp-json\/wp\/v2\/posts\/1915\/revisions"}],"wp:attachment":[{"href":"https:\/\/www.blogsoestado.com\/flaviobraga\/wp-json\/wp\/v2\/media?parent=1915"}],"wp:term":[{"taxonomy":"category","embeddable":true,"href":"https:\/\/www.blogsoestado.com\/flaviobraga\/wp-json\/wp\/v2\/categories?post=1915"},{"taxonomy":"post_tag","embeddable":true,"href":"https:\/\/www.blogsoestado.com\/flaviobraga\/wp-json\/wp\/v2\/tags?post=1915"}],"curies":[{"name":"wp","href":"https:\/\/api.w.org\/{rel}","templated":true}]}}