{"id":1917,"date":"2012-10-06T19:03:47","date_gmt":"2012-10-06T22:03:47","guid":{"rendered":"https:\/\/www.blogsoestado.com\/flaviobraga\/?p=1917"},"modified":"2012-10-06T19:03:47","modified_gmt":"2012-10-06T22:03:47","slug":"indeferido-registro-de-candidatura-de-ronaldo-lessa-para-prefeitura-de-maceio","status":"publish","type":"post","link":"https:\/\/www.blogsoestado.com\/flaviobraga\/indeferido-registro-de-candidatura-de-ronaldo-lessa-para-prefeitura-de-maceio\/","title":{"rendered":"Indeferido registro de candidatura de Ronaldo Lessa para Prefeitura de Macei\u00f3-"},"content":{"rendered":"<p>O candidato \u00e0 Prefeitura de Macei\u00f3, em Alagoas, Ronaldo Lessa (PDT) teve seu registro indeferido <strong><span style=\"text-decoration: underline\">por unanimidade<\/span><\/strong> pelo Tribunal Superior Eleitoral (TSE) na sess\u00e3o plen\u00e1ria desta quinta-feira (4). A decis\u00e3o acompanhou o entendimento do Tribunal Regional Eleitoral de Alagoas (TRE-AL) que indeferiu sua candidatura pela n\u00e3o quita\u00e7\u00e3o, pelo candidato, de multa eleitoral no valor de R$ 41 mil.<\/p>\n<p>A a\u00e7\u00e3o de execu\u00e7\u00e3o fiscal foi promovida pela Fazenda Nacional em agosto de 2011 para receber multa eleitoral por propaganda antecipada em 2004. Em mar\u00e7o de 2012, Ronaldo Lessa alegou prescri\u00e7\u00e3o porque o lan\u00e7amento da multa teria sido realizado em junho de 2006, j\u00e1 decorrido o prazo prescricional. O pedido foi negado.<\/p>\n<p><strong>Ronaldo Lessa pagou a multa em 25 de julho de 2012, ap\u00f3s ter feito o pedido de registro de candidatura no dia 5 de julho de 2012.<\/strong><\/p>\n<p>A defesa de Ronaldo Lessa defendeu a exist\u00eancia de peculiaridades que afastariam o impedimento de <strong>quita\u00e7\u00e3o eleitoral<\/strong> e, portanto, que a multa estaria suspensa por ocasi\u00e3o do pedido de registro. Alegou tamb\u00e9m excessiva demora da Justi\u00e7a Eleitoral no julgamento do pedido de parcelamento ou emiss\u00e3o da guia de pagamento da multa, o que teria prejudicado o candidato.<\/p>\n<p><strong>Voto<\/strong><\/p>\n<p>Ao conduzir o voto, a ministra relatora, Laurita Vaz, ressaltou que o pagamento da multa foi efetivado <strong><span style=\"text-decoration: underline\">em 27 de julho de 2012<\/span><\/strong>, ou seja, ap\u00f3s o pedido do registro, em 5 de julho, e citou a Lei das Elei\u00e7\u00f5es, segundo a qual as condi\u00e7\u00f5es de elegibilidade e as causas de inelegibilidade <span style=\"text-decoration: underline\">s\u00e3o aferidas no momento do pedido do registro de candidatura<\/span>.<\/p>\n<p>Quanto \u00e0 alega\u00e7\u00e3o da defesa do candidato de que houve <strong>demora<\/strong> da Justi\u00e7a Eleitoral na an\u00e1lise no pedido formulado de parcelamento ou emiss\u00e3o da guia de pagamento da multa, a ministra sustentou que, de acordo com a decis\u00e3o regional, ficou claro que Lessa pagou multas eleitorais, em outras ocasi\u00f5es, por meio de documento emitido pela internet.<\/p>\n<p>\u201cExistem nos autos documentos comprovando que as multas eleitorais podem ser quitadas mediante documento extra\u00eddo diretamente pela internet sem depender de autoriza\u00e7\u00e3o judicial\u201d, afirmou a ministra, apesar de Ronaldo Lessa alegar, no caso, que seria exclusividade da Justi\u00e7a Eleitoral a emiss\u00e3o de guia de recolhimento da uni\u00e3o para o pagamento pecuni\u00e1rio.<\/p>\n<p>Dessa forma, a ministra sustentou que n\u00e3o houve viola\u00e7\u00e3o aos dispositivos legais alegados pela defesa do candidato.<\/p>\n","protected":false},"excerpt":{"rendered":"<p>O candidato \u00e0 Prefeitura de Macei\u00f3, em Alagoas, Ronaldo Lessa (PDT) teve seu registro indeferido por unanimidade pelo Tribunal Superior [&hellip;]<\/p>\n","protected":false},"author":8,"featured_media":0,"comment_status":"open","ping_status":"open","sticky":false,"template":"","format":"standard","meta":{"site-sidebar-layout":"default","site-content-layout":"","ast-site-content-layout":"default","site-content-style":"default","site-sidebar-style":"default","ast-global-header-display":"","ast-banner-title-visibility":"","ast-main-header-display":"","ast-hfb-above-header-display":"","ast-hfb-below-header-display":"","ast-hfb-mobile-header-display":"","site-post-title":"","ast-breadcrumbs-content":"","ast-featured-img":"","footer-sml-layout":"","ast-disable-related-posts":"","theme-transparent-header-meta":"","adv-header-id-meta":"","stick-header-meta":"","header-above-stick-meta":"","header-main-stick-meta":"","header-below-stick-meta":"","astra-migrate-meta-layouts":"default","ast-page-background-enabled":"default","ast-page-background-meta":{"desktop":{"background-color":"var(--ast-global-color-5)","background-image":"","background-repeat":"repeat","background-position":"center center","background-size":"auto","background-attachment":"scroll","background-type":"","background-media":"","overlay-type":"","overlay-color":"","overlay-opacity":"","overlay-gradient":""},"tablet":{"background-color":"","background-image":"","background-repeat":"repeat","background-position":"center center","background-size":"auto","background-attachment":"scroll","background-type":"","background-media":"","overlay-type":"","overlay-color":"","overlay-opacity":"","overlay-gradient":""},"mobile":{"background-color":"","background-image":"","background-repeat":"repeat","background-position":"center center","background-size":"auto","background-attachment":"scroll","background-type":"","background-media":"","overlay-type":"","overlay-color":"","overlay-opacity":"","overlay-gradient":""}},"ast-content-background-meta":{"desktop":{"background-color":"var(--ast-global-color-4)","background-image":"","background-repeat":"repeat","background-position":"center center","background-size":"auto","background-attachment":"scroll","background-type":"","background-media":"","overlay-type":"","overlay-color":"","overlay-opacity":"","overlay-gradient":""},"tablet":{"background-color":"var(--ast-global-color-4)","background-image":"","background-repeat":"repeat","background-position":"center center","background-size":"auto","background-attachment":"scroll","background-type":"","background-media":"","overlay-type":"","overlay-color":"","overlay-opacity":"","overlay-gradient":""},"mobile":{"background-color":"var(--ast-global-color-4)","background-image":"","background-repeat":"repeat","background-position":"center center","background-size":"auto","background-attachment":"scroll","background-type":"","background-media":"","overlay-type":"","overlay-color":"","overlay-opacity":"","overlay-gradient":""}},"footnotes":""},"categories":[1],"tags":[],"class_list":["post-1917","post","type-post","status-publish","format-standard","hentry","category-sem-categoria"],"yoast_head":"<!-- This site is optimized with the Yoast SEO plugin v26.6 - https:\/\/yoast.com\/wordpress\/plugins\/seo\/ -->\n<title>Indeferido registro de candidatura de Ronaldo Lessa para Prefeitura de Macei\u00f3- Fl\u00e1vio Braga<\/title>\n<meta name=\"robots\" content=\"index, follow, max-snippet:-1, max-image-preview:large, max-video-preview:-1\" \/>\n<link rel=\"canonical\" href=\"https:\/\/www.blogsoestado.com\/flaviobraga\/indeferido-registro-de-candidatura-de-ronaldo-lessa-para-prefeitura-de-maceio\/\" \/>\n<meta property=\"og:locale\" content=\"pt_BR\" \/>\n<meta property=\"og:type\" content=\"article\" \/>\n<meta property=\"og:title\" content=\"Indeferido registro de candidatura de Ronaldo Lessa para Prefeitura de Macei\u00f3- Fl\u00e1vio Braga\" \/>\n<meta property=\"og:description\" content=\"O candidato \u00e0 Prefeitura de Macei\u00f3, em Alagoas, Ronaldo Lessa (PDT) teve seu registro indeferido por unanimidade pelo Tribunal Superior [&hellip;]\" \/>\n<meta property=\"og:url\" content=\"https:\/\/www.blogsoestado.com\/flaviobraga\/indeferido-registro-de-candidatura-de-ronaldo-lessa-para-prefeitura-de-maceio\/\" \/>\n<meta property=\"og:site_name\" content=\"Fl\u00e1vio Braga\" \/>\n<meta property=\"article:published_time\" content=\"2012-10-06T22:03:47+00:00\" \/>\n<meta name=\"author\" content=\"Flavio Braga\" \/>\n<meta name=\"twitter:card\" content=\"summary_large_image\" \/>\n<meta name=\"twitter:label1\" content=\"Escrito por\" \/>\n\t<meta name=\"twitter:data1\" content=\"Flavio Braga\" \/>\n\t<meta name=\"twitter:label2\" content=\"Est. tempo de leitura\" \/>\n\t<meta name=\"twitter:data2\" content=\"2 minutos\" \/>\n<script type=\"application\/ld+json\" class=\"yoast-schema-graph\">{\"@context\":\"https:\/\/schema.org\",\"@graph\":[{\"@type\":\"WebPage\",\"@id\":\"https:\/\/www.blogsoestado.com\/flaviobraga\/indeferido-registro-de-candidatura-de-ronaldo-lessa-para-prefeitura-de-maceio\/\",\"url\":\"https:\/\/www.blogsoestado.com\/flaviobraga\/indeferido-registro-de-candidatura-de-ronaldo-lessa-para-prefeitura-de-maceio\/\",\"name\":\"Indeferido registro de candidatura de Ronaldo Lessa para Prefeitura de Macei\u00f3- Fl\u00e1vio Braga\",\"isPartOf\":{\"@id\":\"https:\/\/www.blogsoestado.com\/flaviobraga\/#website\"},\"datePublished\":\"2012-10-06T22:03:47+00:00\",\"author\":{\"@id\":\"https:\/\/www.blogsoestado.com\/flaviobraga\/#\/schema\/person\/6c6c778331775c757a82d15206bd8733\"},\"breadcrumb\":{\"@id\":\"https:\/\/www.blogsoestado.com\/flaviobraga\/indeferido-registro-de-candidatura-de-ronaldo-lessa-para-prefeitura-de-maceio\/#breadcrumb\"},\"inLanguage\":\"pt-BR\",\"potentialAction\":[{\"@type\":\"ReadAction\",\"target\":[\"https:\/\/www.blogsoestado.com\/flaviobraga\/indeferido-registro-de-candidatura-de-ronaldo-lessa-para-prefeitura-de-maceio\/\"]}]},{\"@type\":\"BreadcrumbList\",\"@id\":\"https:\/\/www.blogsoestado.com\/flaviobraga\/indeferido-registro-de-candidatura-de-ronaldo-lessa-para-prefeitura-de-maceio\/#breadcrumb\",\"itemListElement\":[{\"@type\":\"ListItem\",\"position\":1,\"name\":\"In\u00edcio\",\"item\":\"https:\/\/www.blogsoestado.com\/flaviobraga\/\"},{\"@type\":\"ListItem\",\"position\":2,\"name\":\"Indeferido registro de candidatura de Ronaldo Lessa para Prefeitura de Macei\u00f3-\"}]},{\"@type\":\"WebSite\",\"@id\":\"https:\/\/www.blogsoestado.com\/flaviobraga\/#website\",\"url\":\"https:\/\/www.blogsoestado.com\/flaviobraga\/\",\"name\":\"Fl\u00e1vio Braga\",\"description\":\"\",\"potentialAction\":[{\"@type\":\"SearchAction\",\"target\":{\"@type\":\"EntryPoint\",\"urlTemplate\":\"https:\/\/www.blogsoestado.com\/flaviobraga\/?s={search_term_string}\"},\"query-input\":{\"@type\":\"PropertyValueSpecification\",\"valueRequired\":true,\"valueName\":\"search_term_string\"}}],\"inLanguage\":\"pt-BR\"},{\"@type\":\"Person\",\"@id\":\"https:\/\/www.blogsoestado.com\/flaviobraga\/#\/schema\/person\/6c6c778331775c757a82d15206bd8733\",\"name\":\"Flavio Braga\",\"image\":{\"@type\":\"ImageObject\",\"inLanguage\":\"pt-BR\",\"@id\":\"https:\/\/www.blogsoestado.com\/flaviobraga\/#\/schema\/person\/image\/\",\"url\":\"https:\/\/secure.gravatar.com\/avatar\/ab173937dad8d78195c87778be8a0285d069ede375ce0ae24aac1cf8e58ccb2c?s=96&d=mm&r=g\",\"contentUrl\":\"https:\/\/secure.gravatar.com\/avatar\/ab173937dad8d78195c87778be8a0285d069ede375ce0ae24aac1cf8e58ccb2c?s=96&d=mm&r=g\",\"caption\":\"Flavio Braga\"},\"url\":\"https:\/\/www.blogsoestado.com\/flaviobraga\/author\/flaviobraga\/\"}]}<\/script>\n<!-- \/ Yoast SEO plugin. -->","yoast_head_json":{"title":"Indeferido registro de candidatura de Ronaldo Lessa para Prefeitura de Macei\u00f3- Fl\u00e1vio Braga","robots":{"index":"index","follow":"follow","max-snippet":"max-snippet:-1","max-image-preview":"max-image-preview:large","max-video-preview":"max-video-preview:-1"},"canonical":"https:\/\/www.blogsoestado.com\/flaviobraga\/indeferido-registro-de-candidatura-de-ronaldo-lessa-para-prefeitura-de-maceio\/","og_locale":"pt_BR","og_type":"article","og_title":"Indeferido registro de candidatura de Ronaldo Lessa para Prefeitura de Macei\u00f3- Fl\u00e1vio Braga","og_description":"O candidato \u00e0 Prefeitura de Macei\u00f3, em Alagoas, Ronaldo Lessa (PDT) teve seu registro indeferido por unanimidade pelo Tribunal Superior [&hellip;]","og_url":"https:\/\/www.blogsoestado.com\/flaviobraga\/indeferido-registro-de-candidatura-de-ronaldo-lessa-para-prefeitura-de-maceio\/","og_site_name":"Fl\u00e1vio Braga","article_published_time":"2012-10-06T22:03:47+00:00","author":"Flavio Braga","twitter_card":"summary_large_image","twitter_misc":{"Escrito por":"Flavio Braga","Est. tempo de leitura":"2 minutos"},"schema":{"@context":"https:\/\/schema.org","@graph":[{"@type":"WebPage","@id":"https:\/\/www.blogsoestado.com\/flaviobraga\/indeferido-registro-de-candidatura-de-ronaldo-lessa-para-prefeitura-de-maceio\/","url":"https:\/\/www.blogsoestado.com\/flaviobraga\/indeferido-registro-de-candidatura-de-ronaldo-lessa-para-prefeitura-de-maceio\/","name":"Indeferido registro de candidatura de Ronaldo Lessa para Prefeitura de Macei\u00f3- Fl\u00e1vio Braga","isPartOf":{"@id":"https:\/\/www.blogsoestado.com\/flaviobraga\/#website"},"datePublished":"2012-10-06T22:03:47+00:00","author":{"@id":"https:\/\/www.blogsoestado.com\/flaviobraga\/#\/schema\/person\/6c6c778331775c757a82d15206bd8733"},"breadcrumb":{"@id":"https:\/\/www.blogsoestado.com\/flaviobraga\/indeferido-registro-de-candidatura-de-ronaldo-lessa-para-prefeitura-de-maceio\/#breadcrumb"},"inLanguage":"pt-BR","potentialAction":[{"@type":"ReadAction","target":["https:\/\/www.blogsoestado.com\/flaviobraga\/indeferido-registro-de-candidatura-de-ronaldo-lessa-para-prefeitura-de-maceio\/"]}]},{"@type":"BreadcrumbList","@id":"https:\/\/www.blogsoestado.com\/flaviobraga\/indeferido-registro-de-candidatura-de-ronaldo-lessa-para-prefeitura-de-maceio\/#breadcrumb","itemListElement":[{"@type":"ListItem","position":1,"name":"In\u00edcio","item":"https:\/\/www.blogsoestado.com\/flaviobraga\/"},{"@type":"ListItem","position":2,"name":"Indeferido registro de candidatura de Ronaldo Lessa para Prefeitura de Macei\u00f3-"}]},{"@type":"WebSite","@id":"https:\/\/www.blogsoestado.com\/flaviobraga\/#website","url":"https:\/\/www.blogsoestado.com\/flaviobraga\/","name":"Fl\u00e1vio Braga","description":"","potentialAction":[{"@type":"SearchAction","target":{"@type":"EntryPoint","urlTemplate":"https:\/\/www.blogsoestado.com\/flaviobraga\/?s={search_term_string}"},"query-input":{"@type":"PropertyValueSpecification","valueRequired":true,"valueName":"search_term_string"}}],"inLanguage":"pt-BR"},{"@type":"Person","@id":"https:\/\/www.blogsoestado.com\/flaviobraga\/#\/schema\/person\/6c6c778331775c757a82d15206bd8733","name":"Flavio Braga","image":{"@type":"ImageObject","inLanguage":"pt-BR","@id":"https:\/\/www.blogsoestado.com\/flaviobraga\/#\/schema\/person\/image\/","url":"https:\/\/secure.gravatar.com\/avatar\/ab173937dad8d78195c87778be8a0285d069ede375ce0ae24aac1cf8e58ccb2c?s=96&d=mm&r=g","contentUrl":"https:\/\/secure.gravatar.com\/avatar\/ab173937dad8d78195c87778be8a0285d069ede375ce0ae24aac1cf8e58ccb2c?s=96&d=mm&r=g","caption":"Flavio Braga"},"url":"https:\/\/www.blogsoestado.com\/flaviobraga\/author\/flaviobraga\/"}]}},"jetpack_featured_media_url":"","_links":{"self":[{"href":"https:\/\/www.blogsoestado.com\/flaviobraga\/wp-json\/wp\/v2\/posts\/1917","targetHints":{"allow":["GET"]}}],"collection":[{"href":"https:\/\/www.blogsoestado.com\/flaviobraga\/wp-json\/wp\/v2\/posts"}],"about":[{"href":"https:\/\/www.blogsoestado.com\/flaviobraga\/wp-json\/wp\/v2\/types\/post"}],"author":[{"embeddable":true,"href":"https:\/\/www.blogsoestado.com\/flaviobraga\/wp-json\/wp\/v2\/users\/8"}],"replies":[{"embeddable":true,"href":"https:\/\/www.blogsoestado.com\/flaviobraga\/wp-json\/wp\/v2\/comments?post=1917"}],"version-history":[{"count":0,"href":"https:\/\/www.blogsoestado.com\/flaviobraga\/wp-json\/wp\/v2\/posts\/1917\/revisions"}],"wp:attachment":[{"href":"https:\/\/www.blogsoestado.com\/flaviobraga\/wp-json\/wp\/v2\/media?parent=1917"}],"wp:term":[{"taxonomy":"category","embeddable":true,"href":"https:\/\/www.blogsoestado.com\/flaviobraga\/wp-json\/wp\/v2\/categories?post=1917"},{"taxonomy":"post_tag","embeddable":true,"href":"https:\/\/www.blogsoestado.com\/flaviobraga\/wp-json\/wp\/v2\/tags?post=1917"}],"curies":[{"name":"wp","href":"https:\/\/api.w.org\/{rel}","templated":true}]}}