{"id":1931,"date":"2012-10-26T15:21:20","date_gmt":"2012-10-26T18:21:20","guid":{"rendered":"https:\/\/www.blogsoestado.com\/flaviobraga\/?p=1931"},"modified":"2012-10-26T15:21:20","modified_gmt":"2012-10-26T18:21:20","slug":"urna-nao-e-lavanderia","status":"publish","type":"post","link":"https:\/\/www.blogsoestado.com\/flaviobraga\/urna-nao-e-lavanderia\/","title":{"rendered":"Urna n\u00e3o \u00e9 lavanderia"},"content":{"rendered":"<p><strong><em>Por Dora Kramer<\/em><\/strong><\/p>\n<p>A \u00faltima sess\u00e3o de vota\u00e7\u00e3o sobre o m\u00e9rito da den\u00fancia do mensal\u00e3o proporcionou um desfecho de precis\u00e3o magistral contida na constata\u00e7\u00e3o do ministro Celso de Mello: \u201cEstamos a condenar n\u00e3o atores ou agentes pol\u00edticos, mas agentes de crimes\u201d.<\/p>\n<p>N\u00e3o foi um mero resultado de6 a4 pela condena\u00e7\u00e3o dos r\u00e9us nem s\u00f3 a confirma\u00e7\u00e3o de que uma quadrilha tomou de assalto o aparelho de Estado atuando por dois anos e meio sob as vistas do ent\u00e3o presidente Luiz In\u00e1cio da Silva.<\/p>\n<p>Foi bem mais que isso: deu-se a indispens\u00e1vel separa\u00e7\u00e3o entre a atividade pol\u00edtica e o exerc\u00edcio da ilegalidade continuada. Por ora uma dissocia\u00e7\u00e3o te\u00f3rica, mas que servir\u00e1 \u00e0 melhoria das pr\u00e1ticas pelo que encerra de exemplar.<\/p>\n<p>O decano da Corte expressou-se mais uma vez did\u00e1tico. Deu \u00e0s coisas os nomes que elas realmente t\u00eam. O processo que agora se encerra tratou de delinqu\u00eancia pura e simples, n\u00e3o julgou o exerc\u00edcio da pol\u00edtica.<\/p>\n<p>Se esta foi contaminada por aquela, mais que depressa \u00e9 preciso sanear o ambiente. Em primeiro lugar n\u00e3o confundindo as duas, muito menos se justificando uma (a pol\u00edtica) com a outra (a ilegalidade) como se houvesse a\u00ed uma rela\u00e7\u00e3o de indissoci\u00e1vel depend\u00eancia.<\/p>\n<p>Em outras palavras, n\u00e3o precisa ser assim, n\u00e3o deve ser assim e, se houver quem ainda insista que assim seja est\u00e1 consignado pelo Supremo Tribunal Federal: seus autores n\u00e3o esperem ser tratados como pol\u00edticos, pois ser\u00e3o vistos como os meliantes que efetivamente s\u00e3o.<\/p>\n<p>Criminosos comuns, pass\u00edveis de cumprir pena de pris\u00e3o, comparados a mafiosos e a bandidos de fac\u00e7\u00f5es que infestam as grandes cidades.<\/p>\n<p>Pessoas que, daqui em diante, n\u00e3o ter\u00e3o como recorrer ao discurso de que as urnas os absolvem, pois, como disse o ministro Celso de Mello, \u201cvota\u00e7\u00f5es expressivas, embora significativas, n\u00e3o constituem causas para a extin\u00e7\u00e3o da punibilidade\u201d.<\/p>\n<p>Na sess\u00e3o do \u201cfecho\u201d do processo, destacaram-se tamb\u00e9m os ministros Luiz Fux, Gilmar Mendes, Marco Aur\u00e9lio Mello e Ayres Britto na exposi\u00e7\u00e3o detalhada do car\u00e1ter social e legalmente pernicioso da atua\u00e7\u00e3o desse tipo de quadrilha.<\/p>\n<p>Celso de Mello, por\u00e9m, foi ao ponto que ainda n\u00e3o havia sido esmiu\u00e7ado ao dizer que urna n\u00e3o \u00e9 lavanderia de il\u00edcitos, voto n\u00e3o \u00e9 indulto e elei\u00e7\u00e3o n\u00e3o torna ningu\u00e9m imune \u00e0s exig\u00eancias do devido processo legal.<\/p>\n","protected":false},"excerpt":{"rendered":"<p>Por Dora Kramer A \u00faltima sess\u00e3o de vota\u00e7\u00e3o sobre o m\u00e9rito da den\u00fancia do mensal\u00e3o proporcionou um desfecho de precis\u00e3o [&hellip;]<\/p>\n","protected":false},"author":8,"featured_media":0,"comment_status":"open","ping_status":"open","sticky":false,"template":"","format":"standard","meta":{"site-sidebar-layout":"default","site-content-layout":"","ast-site-content-layout":"default","site-content-style":"default","site-sidebar-style":"default","ast-global-header-display":"","ast-banner-title-visibility":"","ast-main-header-display":"","ast-hfb-above-header-display":"","ast-hfb-below-header-display":"","ast-hfb-mobile-header-display":"","site-post-title":"","ast-breadcrumbs-content":"","ast-featured-img":"","footer-sml-layout":"","ast-disable-related-posts":"","theme-transparent-header-meta":"","adv-header-id-meta":"","stick-header-meta":"","header-above-stick-meta":"","header-main-stick-meta":"","header-below-stick-meta":"","astra-migrate-meta-layouts":"default","ast-page-background-enabled":"default","ast-page-background-meta":{"desktop":{"background-color":"var(--ast-global-color-5)","background-image":"","background-repeat":"repeat","background-position":"center center","background-size":"auto","background-attachment":"scroll","background-type":"","background-media":"","overlay-type":"","overlay-color":"","overlay-opacity":"","overlay-gradient":""},"tablet":{"background-color":"","background-image":"","background-repeat":"repeat","background-position":"center center","background-size":"auto","background-attachment":"scroll","background-type":"","background-media":"","overlay-type":"","overlay-color":"","overlay-opacity":"","overlay-gradient":""},"mobile":{"background-color":"","background-image":"","background-repeat":"repeat","background-position":"center center","background-size":"auto","background-attachment":"scroll","background-type":"","background-media":"","overlay-type":"","overlay-color":"","overlay-opacity":"","overlay-gradient":""}},"ast-content-background-meta":{"desktop":{"background-color":"var(--ast-global-color-4)","background-image":"","background-repeat":"repeat","background-position":"center center","background-size":"auto","background-attachment":"scroll","background-type":"","background-media":"","overlay-type":"","overlay-color":"","overlay-opacity":"","overlay-gradient":""},"tablet":{"background-color":"var(--ast-global-color-4)","background-image":"","background-repeat":"repeat","background-position":"center center","background-size":"auto","background-attachment":"scroll","background-type":"","background-media":"","overlay-type":"","overlay-color":"","overlay-opacity":"","overlay-gradient":""},"mobile":{"background-color":"var(--ast-global-color-4)","background-image":"","background-repeat":"repeat","background-position":"center center","background-size":"auto","background-attachment":"scroll","background-type":"","background-media":"","overlay-type":"","overlay-color":"","overlay-opacity":"","overlay-gradient":""}},"footnotes":""},"categories":[1],"tags":[],"class_list":["post-1931","post","type-post","status-publish","format-standard","hentry","category-sem-categoria"],"yoast_head":"<!-- This site is optimized with the Yoast SEO plugin v26.6 - https:\/\/yoast.com\/wordpress\/plugins\/seo\/ -->\n<title>Urna n\u00e3o \u00e9 lavanderia - Fl\u00e1vio Braga<\/title>\n<meta name=\"robots\" content=\"index, follow, max-snippet:-1, max-image-preview:large, max-video-preview:-1\" \/>\n<link rel=\"canonical\" href=\"https:\/\/www.blogsoestado.com\/flaviobraga\/urna-nao-e-lavanderia\/\" \/>\n<meta property=\"og:locale\" content=\"pt_BR\" \/>\n<meta property=\"og:type\" content=\"article\" \/>\n<meta property=\"og:title\" content=\"Urna n\u00e3o \u00e9 lavanderia - Fl\u00e1vio Braga\" \/>\n<meta property=\"og:description\" content=\"Por Dora Kramer A \u00faltima sess\u00e3o de vota\u00e7\u00e3o sobre o m\u00e9rito da den\u00fancia do mensal\u00e3o proporcionou um desfecho de precis\u00e3o [&hellip;]\" \/>\n<meta property=\"og:url\" content=\"https:\/\/www.blogsoestado.com\/flaviobraga\/urna-nao-e-lavanderia\/\" \/>\n<meta property=\"og:site_name\" content=\"Fl\u00e1vio Braga\" \/>\n<meta property=\"article:published_time\" content=\"2012-10-26T18:21:20+00:00\" \/>\n<meta name=\"author\" content=\"Flavio Braga\" \/>\n<meta name=\"twitter:card\" content=\"summary_large_image\" \/>\n<meta name=\"twitter:label1\" content=\"Escrito por\" \/>\n\t<meta name=\"twitter:data1\" content=\"Flavio Braga\" \/>\n\t<meta name=\"twitter:label2\" content=\"Est. tempo de leitura\" \/>\n\t<meta name=\"twitter:data2\" content=\"2 minutos\" \/>\n<script type=\"application\/ld+json\" class=\"yoast-schema-graph\">{\"@context\":\"https:\/\/schema.org\",\"@graph\":[{\"@type\":\"WebPage\",\"@id\":\"https:\/\/www.blogsoestado.com\/flaviobraga\/urna-nao-e-lavanderia\/\",\"url\":\"https:\/\/www.blogsoestado.com\/flaviobraga\/urna-nao-e-lavanderia\/\",\"name\":\"Urna n\u00e3o \u00e9 lavanderia - Fl\u00e1vio Braga\",\"isPartOf\":{\"@id\":\"https:\/\/www.blogsoestado.com\/flaviobraga\/#website\"},\"datePublished\":\"2012-10-26T18:21:20+00:00\",\"author\":{\"@id\":\"https:\/\/www.blogsoestado.com\/flaviobraga\/#\/schema\/person\/6c6c778331775c757a82d15206bd8733\"},\"breadcrumb\":{\"@id\":\"https:\/\/www.blogsoestado.com\/flaviobraga\/urna-nao-e-lavanderia\/#breadcrumb\"},\"inLanguage\":\"pt-BR\",\"potentialAction\":[{\"@type\":\"ReadAction\",\"target\":[\"https:\/\/www.blogsoestado.com\/flaviobraga\/urna-nao-e-lavanderia\/\"]}]},{\"@type\":\"BreadcrumbList\",\"@id\":\"https:\/\/www.blogsoestado.com\/flaviobraga\/urna-nao-e-lavanderia\/#breadcrumb\",\"itemListElement\":[{\"@type\":\"ListItem\",\"position\":1,\"name\":\"In\u00edcio\",\"item\":\"https:\/\/www.blogsoestado.com\/flaviobraga\/\"},{\"@type\":\"ListItem\",\"position\":2,\"name\":\"Urna n\u00e3o \u00e9 lavanderia\"}]},{\"@type\":\"WebSite\",\"@id\":\"https:\/\/www.blogsoestado.com\/flaviobraga\/#website\",\"url\":\"https:\/\/www.blogsoestado.com\/flaviobraga\/\",\"name\":\"Fl\u00e1vio Braga\",\"description\":\"\",\"potentialAction\":[{\"@type\":\"SearchAction\",\"target\":{\"@type\":\"EntryPoint\",\"urlTemplate\":\"https:\/\/www.blogsoestado.com\/flaviobraga\/?s={search_term_string}\"},\"query-input\":{\"@type\":\"PropertyValueSpecification\",\"valueRequired\":true,\"valueName\":\"search_term_string\"}}],\"inLanguage\":\"pt-BR\"},{\"@type\":\"Person\",\"@id\":\"https:\/\/www.blogsoestado.com\/flaviobraga\/#\/schema\/person\/6c6c778331775c757a82d15206bd8733\",\"name\":\"Flavio Braga\",\"image\":{\"@type\":\"ImageObject\",\"inLanguage\":\"pt-BR\",\"@id\":\"https:\/\/www.blogsoestado.com\/flaviobraga\/#\/schema\/person\/image\/\",\"url\":\"https:\/\/secure.gravatar.com\/avatar\/ab173937dad8d78195c87778be8a0285d069ede375ce0ae24aac1cf8e58ccb2c?s=96&d=mm&r=g\",\"contentUrl\":\"https:\/\/secure.gravatar.com\/avatar\/ab173937dad8d78195c87778be8a0285d069ede375ce0ae24aac1cf8e58ccb2c?s=96&d=mm&r=g\",\"caption\":\"Flavio Braga\"},\"url\":\"https:\/\/www.blogsoestado.com\/flaviobraga\/author\/flaviobraga\/\"}]}<\/script>\n<!-- \/ Yoast SEO plugin. -->","yoast_head_json":{"title":"Urna n\u00e3o \u00e9 lavanderia - Fl\u00e1vio Braga","robots":{"index":"index","follow":"follow","max-snippet":"max-snippet:-1","max-image-preview":"max-image-preview:large","max-video-preview":"max-video-preview:-1"},"canonical":"https:\/\/www.blogsoestado.com\/flaviobraga\/urna-nao-e-lavanderia\/","og_locale":"pt_BR","og_type":"article","og_title":"Urna n\u00e3o \u00e9 lavanderia - Fl\u00e1vio Braga","og_description":"Por Dora Kramer A \u00faltima sess\u00e3o de vota\u00e7\u00e3o sobre o m\u00e9rito da den\u00fancia do mensal\u00e3o proporcionou um desfecho de precis\u00e3o [&hellip;]","og_url":"https:\/\/www.blogsoestado.com\/flaviobraga\/urna-nao-e-lavanderia\/","og_site_name":"Fl\u00e1vio Braga","article_published_time":"2012-10-26T18:21:20+00:00","author":"Flavio Braga","twitter_card":"summary_large_image","twitter_misc":{"Escrito por":"Flavio Braga","Est. tempo de leitura":"2 minutos"},"schema":{"@context":"https:\/\/schema.org","@graph":[{"@type":"WebPage","@id":"https:\/\/www.blogsoestado.com\/flaviobraga\/urna-nao-e-lavanderia\/","url":"https:\/\/www.blogsoestado.com\/flaviobraga\/urna-nao-e-lavanderia\/","name":"Urna n\u00e3o \u00e9 lavanderia - Fl\u00e1vio Braga","isPartOf":{"@id":"https:\/\/www.blogsoestado.com\/flaviobraga\/#website"},"datePublished":"2012-10-26T18:21:20+00:00","author":{"@id":"https:\/\/www.blogsoestado.com\/flaviobraga\/#\/schema\/person\/6c6c778331775c757a82d15206bd8733"},"breadcrumb":{"@id":"https:\/\/www.blogsoestado.com\/flaviobraga\/urna-nao-e-lavanderia\/#breadcrumb"},"inLanguage":"pt-BR","potentialAction":[{"@type":"ReadAction","target":["https:\/\/www.blogsoestado.com\/flaviobraga\/urna-nao-e-lavanderia\/"]}]},{"@type":"BreadcrumbList","@id":"https:\/\/www.blogsoestado.com\/flaviobraga\/urna-nao-e-lavanderia\/#breadcrumb","itemListElement":[{"@type":"ListItem","position":1,"name":"In\u00edcio","item":"https:\/\/www.blogsoestado.com\/flaviobraga\/"},{"@type":"ListItem","position":2,"name":"Urna n\u00e3o \u00e9 lavanderia"}]},{"@type":"WebSite","@id":"https:\/\/www.blogsoestado.com\/flaviobraga\/#website","url":"https:\/\/www.blogsoestado.com\/flaviobraga\/","name":"Fl\u00e1vio Braga","description":"","potentialAction":[{"@type":"SearchAction","target":{"@type":"EntryPoint","urlTemplate":"https:\/\/www.blogsoestado.com\/flaviobraga\/?s={search_term_string}"},"query-input":{"@type":"PropertyValueSpecification","valueRequired":true,"valueName":"search_term_string"}}],"inLanguage":"pt-BR"},{"@type":"Person","@id":"https:\/\/www.blogsoestado.com\/flaviobraga\/#\/schema\/person\/6c6c778331775c757a82d15206bd8733","name":"Flavio Braga","image":{"@type":"ImageObject","inLanguage":"pt-BR","@id":"https:\/\/www.blogsoestado.com\/flaviobraga\/#\/schema\/person\/image\/","url":"https:\/\/secure.gravatar.com\/avatar\/ab173937dad8d78195c87778be8a0285d069ede375ce0ae24aac1cf8e58ccb2c?s=96&d=mm&r=g","contentUrl":"https:\/\/secure.gravatar.com\/avatar\/ab173937dad8d78195c87778be8a0285d069ede375ce0ae24aac1cf8e58ccb2c?s=96&d=mm&r=g","caption":"Flavio Braga"},"url":"https:\/\/www.blogsoestado.com\/flaviobraga\/author\/flaviobraga\/"}]}},"jetpack_featured_media_url":"","_links":{"self":[{"href":"https:\/\/www.blogsoestado.com\/flaviobraga\/wp-json\/wp\/v2\/posts\/1931","targetHints":{"allow":["GET"]}}],"collection":[{"href":"https:\/\/www.blogsoestado.com\/flaviobraga\/wp-json\/wp\/v2\/posts"}],"about":[{"href":"https:\/\/www.blogsoestado.com\/flaviobraga\/wp-json\/wp\/v2\/types\/post"}],"author":[{"embeddable":true,"href":"https:\/\/www.blogsoestado.com\/flaviobraga\/wp-json\/wp\/v2\/users\/8"}],"replies":[{"embeddable":true,"href":"https:\/\/www.blogsoestado.com\/flaviobraga\/wp-json\/wp\/v2\/comments?post=1931"}],"version-history":[{"count":0,"href":"https:\/\/www.blogsoestado.com\/flaviobraga\/wp-json\/wp\/v2\/posts\/1931\/revisions"}],"wp:attachment":[{"href":"https:\/\/www.blogsoestado.com\/flaviobraga\/wp-json\/wp\/v2\/media?parent=1931"}],"wp:term":[{"taxonomy":"category","embeddable":true,"href":"https:\/\/www.blogsoestado.com\/flaviobraga\/wp-json\/wp\/v2\/categories?post=1931"},{"taxonomy":"post_tag","embeddable":true,"href":"https:\/\/www.blogsoestado.com\/flaviobraga\/wp-json\/wp\/v2\/tags?post=1931"}],"curies":[{"name":"wp","href":"https:\/\/api.w.org\/{rel}","templated":true}]}}