{"id":1934,"date":"2012-10-26T15:26:15","date_gmt":"2012-10-26T18:26:15","guid":{"rendered":"https:\/\/www.blogsoestado.com\/flaviobraga\/?p=1934"},"modified":"2012-10-26T15:26:15","modified_gmt":"2012-10-26T18:26:15","slug":"a-condenacao-do-pt","status":"publish","type":"post","link":"https:\/\/www.blogsoestado.com\/flaviobraga\/a-condenacao-do-pt\/","title":{"rendered":"A condena\u00e7\u00e3o do PT"},"content":{"rendered":"<p><strong><span style=\"text-decoration: underline\">Por\u00a0 Marco Antonio Villa*<\/span><\/strong><\/p>\n<p>O julgamento do mensal\u00e3o atingiu duramente o Partido dos Trabalhadores. As revela\u00e7\u00f5es acabaram por enterrar definitivamente o figurino constru\u00eddo ao longo de d\u00e9cadas de um partido \u00e9tico, republicano e defensor dos mais pobres. Agora \u00e9 poss\u00edvel entender as raz\u00f5es da sua lideran\u00e7a de tentar, por todos os meios, impedir a realiza\u00e7\u00e3o do julgamento. N\u00e3o queriam a publiciza\u00e7\u00e3o das pr\u00e1ticas criminosas, das reuni\u00f5es clandestinas, algumas delas ocorridas no interior do pr\u00f3prio Pal\u00e1cio do Planalto, caso \u00fanico na hist\u00f3ria brasileira.<\/p>\n<p>Muito distante das pesquisas acad\u00eamicas \u2014 instrumentalizadas por petistas \u2014 e, portanto, mais pr\u00f3ximos da realidade, os ministros do STF acertaram na mosca ao definir a lideran\u00e7a petista, em 2005, como uma sofisticada organiza\u00e7\u00e3o criminosa e que, no entender do ministro Joaquim Barbosa, tinha como chefe Jos\u00e9 Dirceu, ex-presidente do PT e ministro da Casa Civil de Lula. Segundo o ministro Celso de Mello: \u201cEste processo criminal revela a face sombria daqueles que, no controle do aparelho de Estado, transformaram a cultura da transgress\u00e3o em pr\u00e1tica ordin\u00e1ria e desonesta de poder.\u201d E concluiu: \u201c\u00c9 macrodelinqu\u00eancia governamental.\u201d O presidente Ayres Brito foi direto: \u201c\u00c9 continu\u00edsmo governamental. \u00c9 golpe.\u201d<\/p>\n<p>O julgamento do mensal\u00e3o desnudou o PT, da\u00ed o \u00f3dio dos seus fan\u00e1ticos militantes com a Suprema Corte e, principalmente, contra o que eles consideram os \u201cministros traidores\u201d, isto \u00e9, aqueles que julgaram segundo os autos do processo e n\u00e3o de acordo com as determina\u00e7\u00f5es emanadas da dire\u00e7\u00e3o partid\u00e1ria. Como est\u00e3o acostumados a lotear as fun\u00e7\u00f5es p\u00fablicas, at\u00e9 hoje n\u00e3o entenderam o significado da exist\u00eancia de tr\u00eas poderes independentes e, mais ainda, o que \u00e9 ser ministro do STF. Para eles, especialmente Lula, ministro da Suprema Corte \u00e9 cargo de confian\u00e7a, como os milhares criados pelo partido desde 2003. Da\u00ed que j\u00e1 come\u00e7aram a fazer campanha para que os pr\u00f3ximos nomeados, a come\u00e7ar do substituto de Ayres Brito, sejam somente aqueles de absoluta confian\u00e7a do PT, uma esp\u00e9cie de ministro companheiro. E assim, sucessivamente, at\u00e9 conseguirem ter um STF absolutamente sob controle partid\u00e1rio.<\/p>\n<p>A recep\u00e7\u00e3o da lideran\u00e7a \u00e0s condena\u00e7\u00f5es demonstra como os petistas t\u00eam uma enorme dificuldade de conviver com a democracia. Primeiramente, logo ap\u00f3s a eclos\u00e3o do esc\u00e2ndalo, Lula pediu desculpas em pronunciamento por rede nacional. No final do governo mudou de opini\u00e3o: iria investigar o que aconteceu, sem explicar como e com quais instrumentos, pois seria um ex-presidente. Em 2011 apresentou uma terceira explica\u00e7\u00e3o: tudo era uma farsa, n\u00e3o tinha existido o mensal\u00e3o. Agora apresentou uma quarta vers\u00e3o: disse que foi absolvido pelas urnas \u2014 um ato falho, registre-se, pois n\u00e3o eram um dos r\u00e9us do processo. Ao associar uma simples elei\u00e7\u00e3o com um julgamento demonstrou mais uma vez o seu desconhecimento do funcionamento das institui\u00e7\u00f5es \u2014 registre-se que, em todas estas vers\u00f5es, Lula sempre contou com o benepl\u00e1cito dos intelectuais chapas-brancas para ecoar sua fala.<\/p>\n<p>As lideran\u00e7as condenadas pelo STF insistem em dizer que o partido tem que manter seu projeto estrat\u00e9gico. Qual? O socialismo foi abandonado e faz muito tempo. A ret\u00f3rica anticapitalista \u00e9 reservada para os bate-papos nost\u00e1lgicos de suas velhas lideran\u00e7as, assim como fazem parte do passado o uso das indefect\u00edveis bolsas de couro, as sand\u00e1lias, as roupas desalinhadas e a barba por fazer. A \u00fanica revolu\u00e7\u00e3o petista foi na apar\u00eancia das suas lideran\u00e7as. O look guevarista foi abandonado. Ficou reservado somente \u00e0 base partid\u00e1ria. A dire\u00e7\u00e3o, como eles pr\u00f3prios diriam em 1980, \u201cse aburguesou\u201d. Vestem roupas caras, fizeram pl\u00e1sticas, aplicam botox a tr\u00eas por quatro. S\u00f3 frequentam restaurantes caros e a cacha\u00e7a foi substitu\u00edda pelo u\u00edsque e o vinho, sempre importados, claro.<\/p>\n<p>O \u00fanico projeto da aristocracia petista \u2014 conservadora, oportunista e reacion\u00e1ria \u2014 \u00e9 de se perpetuar no poder. Para isso precisa contar com uma sociedade civil amorfa, invertebrada. N\u00e3o \u00e9 acidental que passaram a falar em controle social da imprensa e&#8230; do Judici\u00e1rio. Sabem que a imprensa e o Judici\u00e1rio acabaram se tornando, mesmo sem o querer, nos maiores obst\u00e1culos \u00e0 ditadura de novo tipo que almejam criar, dada aus\u00eancia de uma oposi\u00e7\u00e3o pol\u00edtico-partid\u00e1ria.<\/p>\n<p>A estrat\u00e9gia petista conta com o apoio do que h\u00e1 de pior no Brasil. \u00c9 uma associa\u00e7\u00e3o entre pol\u00edticos corruptos, empres\u00e1rios inescrupulosos e oportunistas de todos os tipos. O que os une \u00e9 o desejo de saquear o Estado. O PT acabou virando o instrumento de uma burguesia predat\u00f3ria, que sobrevive gra\u00e7as \u00e0s benesses do Estado. De uma burguesia corrupta que, no fundo, odeia o capitalismo e a concorr\u00eancia. E que encontrou no partido \u2014 depois de um s\u00e9culo de desencontros, namorando os militares e setores pol\u00edticos ultraconservadores \u2014 o melhor instrumento para a manuten\u00e7\u00e3o e expans\u00e3o dos seus interesses. N\u00e3o deram nenhum passo atr\u00e1s na defesa dos seus interesses de classe. Ficaram onde sempre estiveram. Quem se movimentou em dire\u00e7\u00e3o a eles foi o PT.<\/p>\n<p>Vivemos uma quadra muito dif\u00edcil. Remar contra a corrente n\u00e3o \u00e9 tarefa das mais f\u00e1ceis. As hordas governistas est\u00e3o sempre prontas para calar seus advers\u00e1rios.<\/p>\n<p>Mas as decis\u00f5es do STF d\u00e3o um alento, uma esperan\u00e7a, de que \u00e9 poss\u00edvel imaginar uma rep\u00fablica em que os valores predominantes n\u00e3o sejam o da malandragem e da corrup\u00e7\u00e3o, onde o desrespeito \u00e0 coisa p\u00fablica \u00e9 uma esp\u00e9cie de lema governamental e a mala recheada de dinheiro roubado do Er\u00e1rio tenha se transformado em s\u00edmbolo nacional.<\/p>\n<p>*Marco Antonio Villa \u00e9 historiador e professor do Departamento de Ci\u00eancias Sociais da Universidade Federal de S\u00e3o Carlos<\/p>\n","protected":false},"excerpt":{"rendered":"<p>Por\u00a0 Marco Antonio Villa* O julgamento do mensal\u00e3o atingiu duramente o Partido dos Trabalhadores. As revela\u00e7\u00f5es acabaram por enterrar definitivamente [&hellip;]<\/p>\n","protected":false},"author":8,"featured_media":0,"comment_status":"open","ping_status":"open","sticky":false,"template":"","format":"standard","meta":{"site-sidebar-layout":"default","site-content-layout":"","ast-site-content-layout":"default","site-content-style":"default","site-sidebar-style":"default","ast-global-header-display":"","ast-banner-title-visibility":"","ast-main-header-display":"","ast-hfb-above-header-display":"","ast-hfb-below-header-display":"","ast-hfb-mobile-header-display":"","site-post-title":"","ast-breadcrumbs-content":"","ast-featured-img":"","footer-sml-layout":"","ast-disable-related-posts":"","theme-transparent-header-meta":"","adv-header-id-meta":"","stick-header-meta":"","header-above-stick-meta":"","header-main-stick-meta":"","header-below-stick-meta":"","astra-migrate-meta-layouts":"default","ast-page-background-enabled":"default","ast-page-background-meta":{"desktop":{"background-color":"var(--ast-global-color-5)","background-image":"","background-repeat":"repeat","background-position":"center center","background-size":"auto","background-attachment":"scroll","background-type":"","background-media":"","overlay-type":"","overlay-color":"","overlay-opacity":"","overlay-gradient":""},"tablet":{"background-color":"","background-image":"","background-repeat":"repeat","background-position":"center center","background-size":"auto","background-attachment":"scroll","background-type":"","background-media":"","overlay-type":"","overlay-color":"","overlay-opacity":"","overlay-gradient":""},"mobile":{"background-color":"","background-image":"","background-repeat":"repeat","background-position":"center center","background-size":"auto","background-attachment":"scroll","background-type":"","background-media":"","overlay-type":"","overlay-color":"","overlay-opacity":"","overlay-gradient":""}},"ast-content-background-meta":{"desktop":{"background-color":"var(--ast-global-color-4)","background-image":"","background-repeat":"repeat","background-position":"center center","background-size":"auto","background-attachment":"scroll","background-type":"","background-media":"","overlay-type":"","overlay-color":"","overlay-opacity":"","overlay-gradient":""},"tablet":{"background-color":"var(--ast-global-color-4)","background-image":"","background-repeat":"repeat","background-position":"center center","background-size":"auto","background-attachment":"scroll","background-type":"","background-media":"","overlay-type":"","overlay-color":"","overlay-opacity":"","overlay-gradient":""},"mobile":{"background-color":"var(--ast-global-color-4)","background-image":"","background-repeat":"repeat","background-position":"center center","background-size":"auto","background-attachment":"scroll","background-type":"","background-media":"","overlay-type":"","overlay-color":"","overlay-opacity":"","overlay-gradient":""}},"footnotes":""},"categories":[1],"tags":[],"class_list":["post-1934","post","type-post","status-publish","format-standard","hentry","category-sem-categoria"],"yoast_head":"<!-- This site is optimized with the Yoast SEO plugin v26.6 - https:\/\/yoast.com\/wordpress\/plugins\/seo\/ -->\n<title>A condena\u00e7\u00e3o do PT - Fl\u00e1vio Braga<\/title>\n<meta name=\"robots\" content=\"index, follow, max-snippet:-1, max-image-preview:large, max-video-preview:-1\" \/>\n<link rel=\"canonical\" href=\"https:\/\/www.blogsoestado.com\/flaviobraga\/a-condenacao-do-pt\/\" \/>\n<meta property=\"og:locale\" content=\"pt_BR\" \/>\n<meta property=\"og:type\" content=\"article\" \/>\n<meta property=\"og:title\" content=\"A condena\u00e7\u00e3o do PT - Fl\u00e1vio Braga\" \/>\n<meta property=\"og:description\" content=\"Por\u00a0 Marco Antonio Villa* O julgamento do mensal\u00e3o atingiu duramente o Partido dos Trabalhadores. As revela\u00e7\u00f5es acabaram por enterrar definitivamente [&hellip;]\" \/>\n<meta property=\"og:url\" content=\"https:\/\/www.blogsoestado.com\/flaviobraga\/a-condenacao-do-pt\/\" \/>\n<meta property=\"og:site_name\" content=\"Fl\u00e1vio Braga\" \/>\n<meta property=\"article:published_time\" content=\"2012-10-26T18:26:15+00:00\" \/>\n<meta name=\"author\" content=\"Flavio Braga\" \/>\n<meta name=\"twitter:card\" content=\"summary_large_image\" \/>\n<meta name=\"twitter:label1\" content=\"Escrito por\" \/>\n\t<meta name=\"twitter:data1\" content=\"Flavio Braga\" \/>\n\t<meta name=\"twitter:label2\" content=\"Est. tempo de leitura\" \/>\n\t<meta name=\"twitter:data2\" content=\"5 minutos\" \/>\n<script type=\"application\/ld+json\" class=\"yoast-schema-graph\">{\"@context\":\"https:\/\/schema.org\",\"@graph\":[{\"@type\":\"WebPage\",\"@id\":\"https:\/\/www.blogsoestado.com\/flaviobraga\/a-condenacao-do-pt\/\",\"url\":\"https:\/\/www.blogsoestado.com\/flaviobraga\/a-condenacao-do-pt\/\",\"name\":\"A condena\u00e7\u00e3o do PT - Fl\u00e1vio Braga\",\"isPartOf\":{\"@id\":\"https:\/\/www.blogsoestado.com\/flaviobraga\/#website\"},\"datePublished\":\"2012-10-26T18:26:15+00:00\",\"author\":{\"@id\":\"https:\/\/www.blogsoestado.com\/flaviobraga\/#\/schema\/person\/6c6c778331775c757a82d15206bd8733\"},\"breadcrumb\":{\"@id\":\"https:\/\/www.blogsoestado.com\/flaviobraga\/a-condenacao-do-pt\/#breadcrumb\"},\"inLanguage\":\"pt-BR\",\"potentialAction\":[{\"@type\":\"ReadAction\",\"target\":[\"https:\/\/www.blogsoestado.com\/flaviobraga\/a-condenacao-do-pt\/\"]}]},{\"@type\":\"BreadcrumbList\",\"@id\":\"https:\/\/www.blogsoestado.com\/flaviobraga\/a-condenacao-do-pt\/#breadcrumb\",\"itemListElement\":[{\"@type\":\"ListItem\",\"position\":1,\"name\":\"In\u00edcio\",\"item\":\"https:\/\/www.blogsoestado.com\/flaviobraga\/\"},{\"@type\":\"ListItem\",\"position\":2,\"name\":\"A condena\u00e7\u00e3o do PT\"}]},{\"@type\":\"WebSite\",\"@id\":\"https:\/\/www.blogsoestado.com\/flaviobraga\/#website\",\"url\":\"https:\/\/www.blogsoestado.com\/flaviobraga\/\",\"name\":\"Fl\u00e1vio Braga\",\"description\":\"\",\"potentialAction\":[{\"@type\":\"SearchAction\",\"target\":{\"@type\":\"EntryPoint\",\"urlTemplate\":\"https:\/\/www.blogsoestado.com\/flaviobraga\/?s={search_term_string}\"},\"query-input\":{\"@type\":\"PropertyValueSpecification\",\"valueRequired\":true,\"valueName\":\"search_term_string\"}}],\"inLanguage\":\"pt-BR\"},{\"@type\":\"Person\",\"@id\":\"https:\/\/www.blogsoestado.com\/flaviobraga\/#\/schema\/person\/6c6c778331775c757a82d15206bd8733\",\"name\":\"Flavio Braga\",\"image\":{\"@type\":\"ImageObject\",\"inLanguage\":\"pt-BR\",\"@id\":\"https:\/\/www.blogsoestado.com\/flaviobraga\/#\/schema\/person\/image\/\",\"url\":\"https:\/\/secure.gravatar.com\/avatar\/ab173937dad8d78195c87778be8a0285d069ede375ce0ae24aac1cf8e58ccb2c?s=96&d=mm&r=g\",\"contentUrl\":\"https:\/\/secure.gravatar.com\/avatar\/ab173937dad8d78195c87778be8a0285d069ede375ce0ae24aac1cf8e58ccb2c?s=96&d=mm&r=g\",\"caption\":\"Flavio Braga\"},\"url\":\"https:\/\/www.blogsoestado.com\/flaviobraga\/author\/flaviobraga\/\"}]}<\/script>\n<!-- \/ Yoast SEO plugin. -->","yoast_head_json":{"title":"A condena\u00e7\u00e3o do PT - Fl\u00e1vio Braga","robots":{"index":"index","follow":"follow","max-snippet":"max-snippet:-1","max-image-preview":"max-image-preview:large","max-video-preview":"max-video-preview:-1"},"canonical":"https:\/\/www.blogsoestado.com\/flaviobraga\/a-condenacao-do-pt\/","og_locale":"pt_BR","og_type":"article","og_title":"A condena\u00e7\u00e3o do PT - Fl\u00e1vio Braga","og_description":"Por\u00a0 Marco Antonio Villa* O julgamento do mensal\u00e3o atingiu duramente o Partido dos Trabalhadores. As revela\u00e7\u00f5es acabaram por enterrar definitivamente [&hellip;]","og_url":"https:\/\/www.blogsoestado.com\/flaviobraga\/a-condenacao-do-pt\/","og_site_name":"Fl\u00e1vio Braga","article_published_time":"2012-10-26T18:26:15+00:00","author":"Flavio Braga","twitter_card":"summary_large_image","twitter_misc":{"Escrito por":"Flavio Braga","Est. tempo de leitura":"5 minutos"},"schema":{"@context":"https:\/\/schema.org","@graph":[{"@type":"WebPage","@id":"https:\/\/www.blogsoestado.com\/flaviobraga\/a-condenacao-do-pt\/","url":"https:\/\/www.blogsoestado.com\/flaviobraga\/a-condenacao-do-pt\/","name":"A condena\u00e7\u00e3o do PT - Fl\u00e1vio Braga","isPartOf":{"@id":"https:\/\/www.blogsoestado.com\/flaviobraga\/#website"},"datePublished":"2012-10-26T18:26:15+00:00","author":{"@id":"https:\/\/www.blogsoestado.com\/flaviobraga\/#\/schema\/person\/6c6c778331775c757a82d15206bd8733"},"breadcrumb":{"@id":"https:\/\/www.blogsoestado.com\/flaviobraga\/a-condenacao-do-pt\/#breadcrumb"},"inLanguage":"pt-BR","potentialAction":[{"@type":"ReadAction","target":["https:\/\/www.blogsoestado.com\/flaviobraga\/a-condenacao-do-pt\/"]}]},{"@type":"BreadcrumbList","@id":"https:\/\/www.blogsoestado.com\/flaviobraga\/a-condenacao-do-pt\/#breadcrumb","itemListElement":[{"@type":"ListItem","position":1,"name":"In\u00edcio","item":"https:\/\/www.blogsoestado.com\/flaviobraga\/"},{"@type":"ListItem","position":2,"name":"A condena\u00e7\u00e3o do PT"}]},{"@type":"WebSite","@id":"https:\/\/www.blogsoestado.com\/flaviobraga\/#website","url":"https:\/\/www.blogsoestado.com\/flaviobraga\/","name":"Fl\u00e1vio Braga","description":"","potentialAction":[{"@type":"SearchAction","target":{"@type":"EntryPoint","urlTemplate":"https:\/\/www.blogsoestado.com\/flaviobraga\/?s={search_term_string}"},"query-input":{"@type":"PropertyValueSpecification","valueRequired":true,"valueName":"search_term_string"}}],"inLanguage":"pt-BR"},{"@type":"Person","@id":"https:\/\/www.blogsoestado.com\/flaviobraga\/#\/schema\/person\/6c6c778331775c757a82d15206bd8733","name":"Flavio Braga","image":{"@type":"ImageObject","inLanguage":"pt-BR","@id":"https:\/\/www.blogsoestado.com\/flaviobraga\/#\/schema\/person\/image\/","url":"https:\/\/secure.gravatar.com\/avatar\/ab173937dad8d78195c87778be8a0285d069ede375ce0ae24aac1cf8e58ccb2c?s=96&d=mm&r=g","contentUrl":"https:\/\/secure.gravatar.com\/avatar\/ab173937dad8d78195c87778be8a0285d069ede375ce0ae24aac1cf8e58ccb2c?s=96&d=mm&r=g","caption":"Flavio Braga"},"url":"https:\/\/www.blogsoestado.com\/flaviobraga\/author\/flaviobraga\/"}]}},"jetpack_featured_media_url":"","_links":{"self":[{"href":"https:\/\/www.blogsoestado.com\/flaviobraga\/wp-json\/wp\/v2\/posts\/1934","targetHints":{"allow":["GET"]}}],"collection":[{"href":"https:\/\/www.blogsoestado.com\/flaviobraga\/wp-json\/wp\/v2\/posts"}],"about":[{"href":"https:\/\/www.blogsoestado.com\/flaviobraga\/wp-json\/wp\/v2\/types\/post"}],"author":[{"embeddable":true,"href":"https:\/\/www.blogsoestado.com\/flaviobraga\/wp-json\/wp\/v2\/users\/8"}],"replies":[{"embeddable":true,"href":"https:\/\/www.blogsoestado.com\/flaviobraga\/wp-json\/wp\/v2\/comments?post=1934"}],"version-history":[{"count":0,"href":"https:\/\/www.blogsoestado.com\/flaviobraga\/wp-json\/wp\/v2\/posts\/1934\/revisions"}],"wp:attachment":[{"href":"https:\/\/www.blogsoestado.com\/flaviobraga\/wp-json\/wp\/v2\/media?parent=1934"}],"wp:term":[{"taxonomy":"category","embeddable":true,"href":"https:\/\/www.blogsoestado.com\/flaviobraga\/wp-json\/wp\/v2\/categories?post=1934"},{"taxonomy":"post_tag","embeddable":true,"href":"https:\/\/www.blogsoestado.com\/flaviobraga\/wp-json\/wp\/v2\/tags?post=1934"}],"curies":[{"name":"wp","href":"https:\/\/api.w.org\/{rel}","templated":true}]}}