{"id":2003,"date":"2012-12-03T13:24:59","date_gmt":"2012-12-03T16:24:59","guid":{"rendered":"https:\/\/www.blogsoestado.com\/flaviobraga\/?p=2003"},"modified":"2012-12-03T13:24:59","modified_gmt":"2012-12-03T16:24:59","slug":"critica-a-proposta-de-unificacao-das-eleicoes","status":"publish","type":"post","link":"https:\/\/www.blogsoestado.com\/flaviobraga\/critica-a-proposta-de-unificacao-das-eleicoes\/","title":{"rendered":"Cr\u00edtica \u00e0 proposta de unifica\u00e7\u00e3o das elei\u00e7\u00f5es"},"content":{"rendered":"<p>Mais uma vez a proposta de unifica\u00e7\u00e3o das elei\u00e7\u00f5es em todos os n\u00edveis da Federa\u00e7\u00e3o est\u00e1 na agenda pol\u00edtica nacional. As principais vantagens alegadas pelos seus defensores s\u00e3o o barateamento das campanhas eleitorais, racionaliza\u00e7\u00e3o do processo eleitoral com economia de recursos p\u00fablicos, maior efici\u00eancia da gest\u00e3o p\u00fablica, ininterrup\u00e7\u00e3o do funcionamento das casas legislativas e cansa\u00e7o do eleitorado.<\/p>\n<p>Sustentam que, <tt>com a realiza\u00e7\u00e3o de elei\u00e7\u00f5es simult\u00e2neas para todos os cargos eletivos, haver\u00e1 uma \u00fanica campanha eleitoral a cada quatro ou cinco anos. Nos anos n\u00e3o-eleitorais, os Poderes Executivo e Legislativo poderiam realizar seus trabalhos sem a necessidade de envolvimento com a mobiliza\u00e7\u00e3o eleitoral de candidatos e partidos.<\/tt><\/p>\n<p>Particularmente, tenho muitas reservas em rela\u00e7\u00e3o \u00e0 essa proposi\u00e7\u00e3o legislativa, por entender que a tarefa de constru\u00e7\u00e3o e amadurecimento de um pa\u00eds democr\u00e1tico deve ser uma pr\u00e1tica quotidiana, no bojo de um processo de melhoria cont\u00ednua.<\/p>\n<p>A realiza\u00e7\u00e3o de elei\u00e7\u00f5es a cada dois anos traz uma contribui\u00e7\u00e3o magistral para a politiza\u00e7\u00e3o das pessoas, tonificando e robustecendo o exerc\u00edcio da cidadania. Inequivocamente, o alargamento desse interregno produziria resultados mais negativos do que positivos. E o mais grave: como conseq\u00fc\u00eancia direta e imediata, provocaria o recrudescimento da aliena\u00e7\u00e3o e do analfabetismo pol\u00edticos.<\/p>\n<p>Quando a popula\u00e7\u00e3o \u00e9 estimulada a exercitar a soberania popular e vivenciar o debate pol\u00edtico, a tend\u00eancia \u00e9 aumentar a sua conscientiza\u00e7\u00e3o e a higidez do Estado Democr\u00e1tico de Direito. \u00c9 uma forma cl\u00e1ssica de agregar valor ao sistema pol\u00edtico. Portanto, quanto mais elei\u00e7\u00e3o melhor. Quanto mais participa\u00e7\u00e3o pol\u00edtico-popular melhor. Faz parte da ess\u00eancia do termo \u201cdemocracia\u201d.<\/p>\n<p>A cada pleito a Rep\u00fablica amadurece um pouco mais, o processo eleitoral se aprimora e as institui\u00e7\u00f5es democr\u00e1ticas se fortalecem. Possibilita-se, assim, uma intera\u00e7\u00e3o maior do eleitorado com os atores pol\u00edticos e o sistema representativo, aprofundando a discuss\u00e3o cr\u00edtica em torno da busca de solu\u00e7\u00f5es para os tormentosos problemas sociais, pol\u00edticos e econ\u00f4micos.<\/p>\n<p>Em verdade, trata-se de uma proposta elitista e aristocr\u00e1tica, na medida em que carrega o escopo subjacente de excluir a participa\u00e7\u00e3o do eleitorado do cen\u00e1rio pol\u00edtico, resguardando o monop\u00f3lio do seu protagonismo apenas para pol\u00edticos profissionais e tecnocratas.<\/p>\n","protected":false},"excerpt":{"rendered":"<p>Mais uma vez a proposta de unifica\u00e7\u00e3o das elei\u00e7\u00f5es em todos os n\u00edveis da Federa\u00e7\u00e3o est\u00e1 na agenda pol\u00edtica nacional. [&hellip;]<\/p>\n","protected":false},"author":8,"featured_media":0,"comment_status":"open","ping_status":"open","sticky":false,"template":"","format":"standard","meta":{"site-sidebar-layout":"default","site-content-layout":"","ast-site-content-layout":"default","site-content-style":"default","site-sidebar-style":"default","ast-global-header-display":"","ast-banner-title-visibility":"","ast-main-header-display":"","ast-hfb-above-header-display":"","ast-hfb-below-header-display":"","ast-hfb-mobile-header-display":"","site-post-title":"","ast-breadcrumbs-content":"","ast-featured-img":"","footer-sml-layout":"","ast-disable-related-posts":"","theme-transparent-header-meta":"","adv-header-id-meta":"","stick-header-meta":"","header-above-stick-meta":"","header-main-stick-meta":"","header-below-stick-meta":"","astra-migrate-meta-layouts":"default","ast-page-background-enabled":"default","ast-page-background-meta":{"desktop":{"background-color":"var(--ast-global-color-5)","background-image":"","background-repeat":"repeat","background-position":"center center","background-size":"auto","background-attachment":"scroll","background-type":"","background-media":"","overlay-type":"","overlay-color":"","overlay-opacity":"","overlay-gradient":""},"tablet":{"background-color":"","background-image":"","background-repeat":"repeat","background-position":"center center","background-size":"auto","background-attachment":"scroll","background-type":"","background-media":"","overlay-type":"","overlay-color":"","overlay-opacity":"","overlay-gradient":""},"mobile":{"background-color":"","background-image":"","background-repeat":"repeat","background-position":"center center","background-size":"auto","background-attachment":"scroll","background-type":"","background-media":"","overlay-type":"","overlay-color":"","overlay-opacity":"","overlay-gradient":""}},"ast-content-background-meta":{"desktop":{"background-color":"var(--ast-global-color-4)","background-image":"","background-repeat":"repeat","background-position":"center center","background-size":"auto","background-attachment":"scroll","background-type":"","background-media":"","overlay-type":"","overlay-color":"","overlay-opacity":"","overlay-gradient":""},"tablet":{"background-color":"var(--ast-global-color-4)","background-image":"","background-repeat":"repeat","background-position":"center center","background-size":"auto","background-attachment":"scroll","background-type":"","background-media":"","overlay-type":"","overlay-color":"","overlay-opacity":"","overlay-gradient":""},"mobile":{"background-color":"var(--ast-global-color-4)","background-image":"","background-repeat":"repeat","background-position":"center center","background-size":"auto","background-attachment":"scroll","background-type":"","background-media":"","overlay-type":"","overlay-color":"","overlay-opacity":"","overlay-gradient":""}},"footnotes":""},"categories":[1],"tags":[],"class_list":["post-2003","post","type-post","status-publish","format-standard","hentry","category-sem-categoria"],"yoast_head":"<!-- This site is optimized with the Yoast SEO plugin v26.6 - https:\/\/yoast.com\/wordpress\/plugins\/seo\/ -->\n<title>Cr\u00edtica \u00e0 proposta de unifica\u00e7\u00e3o das elei\u00e7\u00f5es - Fl\u00e1vio Braga<\/title>\n<meta name=\"robots\" content=\"index, follow, max-snippet:-1, max-image-preview:large, max-video-preview:-1\" \/>\n<link rel=\"canonical\" href=\"https:\/\/www.blogsoestado.com\/flaviobraga\/critica-a-proposta-de-unificacao-das-eleicoes\/\" \/>\n<meta property=\"og:locale\" content=\"pt_BR\" \/>\n<meta property=\"og:type\" content=\"article\" \/>\n<meta property=\"og:title\" content=\"Cr\u00edtica \u00e0 proposta de unifica\u00e7\u00e3o das elei\u00e7\u00f5es - Fl\u00e1vio Braga\" \/>\n<meta property=\"og:description\" content=\"Mais uma vez a proposta de unifica\u00e7\u00e3o das elei\u00e7\u00f5es em todos os n\u00edveis da Federa\u00e7\u00e3o est\u00e1 na agenda pol\u00edtica nacional. [&hellip;]\" \/>\n<meta property=\"og:url\" content=\"https:\/\/www.blogsoestado.com\/flaviobraga\/critica-a-proposta-de-unificacao-das-eleicoes\/\" \/>\n<meta property=\"og:site_name\" content=\"Fl\u00e1vio Braga\" \/>\n<meta property=\"article:published_time\" content=\"2012-12-03T16:24:59+00:00\" \/>\n<meta name=\"author\" content=\"Flavio Braga\" \/>\n<meta name=\"twitter:card\" content=\"summary_large_image\" \/>\n<meta name=\"twitter:label1\" content=\"Escrito por\" \/>\n\t<meta name=\"twitter:data1\" content=\"Flavio Braga\" \/>\n\t<meta name=\"twitter:label2\" content=\"Est. tempo de leitura\" \/>\n\t<meta name=\"twitter:data2\" content=\"2 minutos\" \/>\n<script type=\"application\/ld+json\" class=\"yoast-schema-graph\">{\"@context\":\"https:\/\/schema.org\",\"@graph\":[{\"@type\":\"WebPage\",\"@id\":\"https:\/\/www.blogsoestado.com\/flaviobraga\/critica-a-proposta-de-unificacao-das-eleicoes\/\",\"url\":\"https:\/\/www.blogsoestado.com\/flaviobraga\/critica-a-proposta-de-unificacao-das-eleicoes\/\",\"name\":\"Cr\u00edtica \u00e0 proposta de unifica\u00e7\u00e3o das elei\u00e7\u00f5es - Fl\u00e1vio Braga\",\"isPartOf\":{\"@id\":\"https:\/\/www.blogsoestado.com\/flaviobraga\/#website\"},\"datePublished\":\"2012-12-03T16:24:59+00:00\",\"author\":{\"@id\":\"https:\/\/www.blogsoestado.com\/flaviobraga\/#\/schema\/person\/6c6c778331775c757a82d15206bd8733\"},\"breadcrumb\":{\"@id\":\"https:\/\/www.blogsoestado.com\/flaviobraga\/critica-a-proposta-de-unificacao-das-eleicoes\/#breadcrumb\"},\"inLanguage\":\"pt-BR\",\"potentialAction\":[{\"@type\":\"ReadAction\",\"target\":[\"https:\/\/www.blogsoestado.com\/flaviobraga\/critica-a-proposta-de-unificacao-das-eleicoes\/\"]}]},{\"@type\":\"BreadcrumbList\",\"@id\":\"https:\/\/www.blogsoestado.com\/flaviobraga\/critica-a-proposta-de-unificacao-das-eleicoes\/#breadcrumb\",\"itemListElement\":[{\"@type\":\"ListItem\",\"position\":1,\"name\":\"In\u00edcio\",\"item\":\"https:\/\/www.blogsoestado.com\/flaviobraga\/\"},{\"@type\":\"ListItem\",\"position\":2,\"name\":\"Cr\u00edtica \u00e0 proposta de unifica\u00e7\u00e3o das elei\u00e7\u00f5es\"}]},{\"@type\":\"WebSite\",\"@id\":\"https:\/\/www.blogsoestado.com\/flaviobraga\/#website\",\"url\":\"https:\/\/www.blogsoestado.com\/flaviobraga\/\",\"name\":\"Fl\u00e1vio Braga\",\"description\":\"\",\"potentialAction\":[{\"@type\":\"SearchAction\",\"target\":{\"@type\":\"EntryPoint\",\"urlTemplate\":\"https:\/\/www.blogsoestado.com\/flaviobraga\/?s={search_term_string}\"},\"query-input\":{\"@type\":\"PropertyValueSpecification\",\"valueRequired\":true,\"valueName\":\"search_term_string\"}}],\"inLanguage\":\"pt-BR\"},{\"@type\":\"Person\",\"@id\":\"https:\/\/www.blogsoestado.com\/flaviobraga\/#\/schema\/person\/6c6c778331775c757a82d15206bd8733\",\"name\":\"Flavio Braga\",\"image\":{\"@type\":\"ImageObject\",\"inLanguage\":\"pt-BR\",\"@id\":\"https:\/\/www.blogsoestado.com\/flaviobraga\/#\/schema\/person\/image\/\",\"url\":\"https:\/\/secure.gravatar.com\/avatar\/ab173937dad8d78195c87778be8a0285d069ede375ce0ae24aac1cf8e58ccb2c?s=96&d=mm&r=g\",\"contentUrl\":\"https:\/\/secure.gravatar.com\/avatar\/ab173937dad8d78195c87778be8a0285d069ede375ce0ae24aac1cf8e58ccb2c?s=96&d=mm&r=g\",\"caption\":\"Flavio Braga\"},\"url\":\"https:\/\/www.blogsoestado.com\/flaviobraga\/author\/flaviobraga\/\"}]}<\/script>\n<!-- \/ Yoast SEO plugin. -->","yoast_head_json":{"title":"Cr\u00edtica \u00e0 proposta de unifica\u00e7\u00e3o das elei\u00e7\u00f5es - Fl\u00e1vio Braga","robots":{"index":"index","follow":"follow","max-snippet":"max-snippet:-1","max-image-preview":"max-image-preview:large","max-video-preview":"max-video-preview:-1"},"canonical":"https:\/\/www.blogsoestado.com\/flaviobraga\/critica-a-proposta-de-unificacao-das-eleicoes\/","og_locale":"pt_BR","og_type":"article","og_title":"Cr\u00edtica \u00e0 proposta de unifica\u00e7\u00e3o das elei\u00e7\u00f5es - Fl\u00e1vio Braga","og_description":"Mais uma vez a proposta de unifica\u00e7\u00e3o das elei\u00e7\u00f5es em todos os n\u00edveis da Federa\u00e7\u00e3o est\u00e1 na agenda pol\u00edtica nacional. [&hellip;]","og_url":"https:\/\/www.blogsoestado.com\/flaviobraga\/critica-a-proposta-de-unificacao-das-eleicoes\/","og_site_name":"Fl\u00e1vio Braga","article_published_time":"2012-12-03T16:24:59+00:00","author":"Flavio Braga","twitter_card":"summary_large_image","twitter_misc":{"Escrito por":"Flavio Braga","Est. tempo de leitura":"2 minutos"},"schema":{"@context":"https:\/\/schema.org","@graph":[{"@type":"WebPage","@id":"https:\/\/www.blogsoestado.com\/flaviobraga\/critica-a-proposta-de-unificacao-das-eleicoes\/","url":"https:\/\/www.blogsoestado.com\/flaviobraga\/critica-a-proposta-de-unificacao-das-eleicoes\/","name":"Cr\u00edtica \u00e0 proposta de unifica\u00e7\u00e3o das elei\u00e7\u00f5es - Fl\u00e1vio Braga","isPartOf":{"@id":"https:\/\/www.blogsoestado.com\/flaviobraga\/#website"},"datePublished":"2012-12-03T16:24:59+00:00","author":{"@id":"https:\/\/www.blogsoestado.com\/flaviobraga\/#\/schema\/person\/6c6c778331775c757a82d15206bd8733"},"breadcrumb":{"@id":"https:\/\/www.blogsoestado.com\/flaviobraga\/critica-a-proposta-de-unificacao-das-eleicoes\/#breadcrumb"},"inLanguage":"pt-BR","potentialAction":[{"@type":"ReadAction","target":["https:\/\/www.blogsoestado.com\/flaviobraga\/critica-a-proposta-de-unificacao-das-eleicoes\/"]}]},{"@type":"BreadcrumbList","@id":"https:\/\/www.blogsoestado.com\/flaviobraga\/critica-a-proposta-de-unificacao-das-eleicoes\/#breadcrumb","itemListElement":[{"@type":"ListItem","position":1,"name":"In\u00edcio","item":"https:\/\/www.blogsoestado.com\/flaviobraga\/"},{"@type":"ListItem","position":2,"name":"Cr\u00edtica \u00e0 proposta de unifica\u00e7\u00e3o das elei\u00e7\u00f5es"}]},{"@type":"WebSite","@id":"https:\/\/www.blogsoestado.com\/flaviobraga\/#website","url":"https:\/\/www.blogsoestado.com\/flaviobraga\/","name":"Fl\u00e1vio Braga","description":"","potentialAction":[{"@type":"SearchAction","target":{"@type":"EntryPoint","urlTemplate":"https:\/\/www.blogsoestado.com\/flaviobraga\/?s={search_term_string}"},"query-input":{"@type":"PropertyValueSpecification","valueRequired":true,"valueName":"search_term_string"}}],"inLanguage":"pt-BR"},{"@type":"Person","@id":"https:\/\/www.blogsoestado.com\/flaviobraga\/#\/schema\/person\/6c6c778331775c757a82d15206bd8733","name":"Flavio Braga","image":{"@type":"ImageObject","inLanguage":"pt-BR","@id":"https:\/\/www.blogsoestado.com\/flaviobraga\/#\/schema\/person\/image\/","url":"https:\/\/secure.gravatar.com\/avatar\/ab173937dad8d78195c87778be8a0285d069ede375ce0ae24aac1cf8e58ccb2c?s=96&d=mm&r=g","contentUrl":"https:\/\/secure.gravatar.com\/avatar\/ab173937dad8d78195c87778be8a0285d069ede375ce0ae24aac1cf8e58ccb2c?s=96&d=mm&r=g","caption":"Flavio Braga"},"url":"https:\/\/www.blogsoestado.com\/flaviobraga\/author\/flaviobraga\/"}]}},"jetpack_featured_media_url":"","_links":{"self":[{"href":"https:\/\/www.blogsoestado.com\/flaviobraga\/wp-json\/wp\/v2\/posts\/2003","targetHints":{"allow":["GET"]}}],"collection":[{"href":"https:\/\/www.blogsoestado.com\/flaviobraga\/wp-json\/wp\/v2\/posts"}],"about":[{"href":"https:\/\/www.blogsoestado.com\/flaviobraga\/wp-json\/wp\/v2\/types\/post"}],"author":[{"embeddable":true,"href":"https:\/\/www.blogsoestado.com\/flaviobraga\/wp-json\/wp\/v2\/users\/8"}],"replies":[{"embeddable":true,"href":"https:\/\/www.blogsoestado.com\/flaviobraga\/wp-json\/wp\/v2\/comments?post=2003"}],"version-history":[{"count":0,"href":"https:\/\/www.blogsoestado.com\/flaviobraga\/wp-json\/wp\/v2\/posts\/2003\/revisions"}],"wp:attachment":[{"href":"https:\/\/www.blogsoestado.com\/flaviobraga\/wp-json\/wp\/v2\/media?parent=2003"}],"wp:term":[{"taxonomy":"category","embeddable":true,"href":"https:\/\/www.blogsoestado.com\/flaviobraga\/wp-json\/wp\/v2\/categories?post=2003"},{"taxonomy":"post_tag","embeddable":true,"href":"https:\/\/www.blogsoestado.com\/flaviobraga\/wp-json\/wp\/v2\/tags?post=2003"}],"curies":[{"name":"wp","href":"https:\/\/api.w.org\/{rel}","templated":true}]}}