{"id":2031,"date":"2013-01-16T13:02:18","date_gmt":"2013-01-16T16:02:18","guid":{"rendered":"https:\/\/www.blogsoestado.com\/flaviobraga\/?p=2031"},"modified":"2013-01-16T13:02:18","modified_gmt":"2013-01-16T16:02:18","slug":"pec-preve-mudanca-no-sistema-de-votacao-para-parlamentares","status":"publish","type":"post","link":"https:\/\/www.blogsoestado.com\/flaviobraga\/pec-preve-mudanca-no-sistema-de-votacao-para-parlamentares\/","title":{"rendered":"PEC prev\u00ea mudan\u00e7a no sistema de vota\u00e7\u00e3o para parlamentares"},"content":{"rendered":"<p>Bras\u00edlia &#8211; A ado\u00e7\u00e3o do voto majorit\u00e1rio para a elei\u00e7\u00e3o de vereadores, deputados estaduais e tamb\u00e9m dos federais \u00e9 tema de uma proposta de emenda constitucional (PEC 54\/2007) pronta para exame em plen\u00e1rio.<\/p>\n<p>Se esse mecanismo vier a prevalecer, as vagas nas casas legislativas passariam a ser ocupadas pelos candidatos com maior quantidade absoluta de votos, do mesmo modo como se faz na elei\u00e7\u00e3o para cargos no Executivo e para senadores.<\/p>\n<p>Atualmente, o sistema utilizado \u00e9 o do voto proporcional, em que as vagas s\u00e3o distribu\u00eddas de acordo com a vota\u00e7\u00e3o obtida por cada partido ou coliga\u00e7\u00e3o no confronto com o total de votos v\u00e1lidos. No voto proporcional, o mandato no Legislativo \u00e9 mais do que tudo do partido e n\u00e3o propriamente do candidato. Por isso, pode acontecer de ser eleito um candidato com poucos votos, beneficiado pela forte vota\u00e7\u00e3o de um companheiro de legenda. De forma contr\u00e1ria, um campe\u00e3o de votos pode ficar de fora se a vota\u00e7\u00e3o global de seu partido tiver sido muito fraca.<\/p>\n<p>A PEC 54\/2007 foi apresentada pelo senador Francisco Dornelles (PP-RJ), com o apoio de 29 colegas. Foi aprovada pela Comiss\u00e3o de Constitui\u00e7\u00e3o, Justi\u00e7a e Cidadania (CCJ) em maio de 2010, com base em parecer favor\u00e1vel do ent\u00e3o senador C\u00e9sar Borges, da Bahia.<\/p>\n<p>Dornelles argumentou \u00e0 \u00e9poca que o voto majorit\u00e1rio evitar\u00e1 situa\u00e7\u00f5es que ele considera &#8220;paradoxais&#8221; e que s\u00e3o hoje comuns, com candidatos inexpressivos se elegendo na &#8220;esteira&#8221; de colegas bons de voto.<\/p>\n<p>No relat\u00f3rio, C\u00e9sar Borges argumentou que o sistema proporcional tem sido motivo de insatisfa\u00e7\u00e3o crescente. Segundo ele, o eleitor &#8220;n\u00e3o entende e desconfia&#8221; de um sistema que exclui candidatos representativos nas suas comunidades.<\/p>\n<p><i>(Portal Imirante)<\/i><\/p>\n","protected":false},"excerpt":{"rendered":"<p>Bras\u00edlia &#8211; A ado\u00e7\u00e3o do voto majorit\u00e1rio para a elei\u00e7\u00e3o de vereadores, deputados estaduais e tamb\u00e9m dos federais \u00e9 tema [&hellip;]<\/p>\n","protected":false},"author":8,"featured_media":0,"comment_status":"open","ping_status":"open","sticky":false,"template":"","format":"standard","meta":{"site-sidebar-layout":"default","site-content-layout":"","ast-site-content-layout":"default","site-content-style":"default","site-sidebar-style":"default","ast-global-header-display":"","ast-banner-title-visibility":"","ast-main-header-display":"","ast-hfb-above-header-display":"","ast-hfb-below-header-display":"","ast-hfb-mobile-header-display":"","site-post-title":"","ast-breadcrumbs-content":"","ast-featured-img":"","footer-sml-layout":"","ast-disable-related-posts":"","theme-transparent-header-meta":"","adv-header-id-meta":"","stick-header-meta":"","header-above-stick-meta":"","header-main-stick-meta":"","header-below-stick-meta":"","astra-migrate-meta-layouts":"default","ast-page-background-enabled":"default","ast-page-background-meta":{"desktop":{"background-color":"var(--ast-global-color-5)","background-image":"","background-repeat":"repeat","background-position":"center center","background-size":"auto","background-attachment":"scroll","background-type":"","background-media":"","overlay-type":"","overlay-color":"","overlay-opacity":"","overlay-gradient":""},"tablet":{"background-color":"","background-image":"","background-repeat":"repeat","background-position":"center center","background-size":"auto","background-attachment":"scroll","background-type":"","background-media":"","overlay-type":"","overlay-color":"","overlay-opacity":"","overlay-gradient":""},"mobile":{"background-color":"","background-image":"","background-repeat":"repeat","background-position":"center center","background-size":"auto","background-attachment":"scroll","background-type":"","background-media":"","overlay-type":"","overlay-color":"","overlay-opacity":"","overlay-gradient":""}},"ast-content-background-meta":{"desktop":{"background-color":"var(--ast-global-color-4)","background-image":"","background-repeat":"repeat","background-position":"center center","background-size":"auto","background-attachment":"scroll","background-type":"","background-media":"","overlay-type":"","overlay-color":"","overlay-opacity":"","overlay-gradient":""},"tablet":{"background-color":"var(--ast-global-color-4)","background-image":"","background-repeat":"repeat","background-position":"center center","background-size":"auto","background-attachment":"scroll","background-type":"","background-media":"","overlay-type":"","overlay-color":"","overlay-opacity":"","overlay-gradient":""},"mobile":{"background-color":"var(--ast-global-color-4)","background-image":"","background-repeat":"repeat","background-position":"center center","background-size":"auto","background-attachment":"scroll","background-type":"","background-media":"","overlay-type":"","overlay-color":"","overlay-opacity":"","overlay-gradient":""}},"footnotes":""},"categories":[1],"tags":[],"class_list":["post-2031","post","type-post","status-publish","format-standard","hentry","category-sem-categoria"],"yoast_head":"<!-- This site is optimized with the Yoast SEO plugin v26.6 - https:\/\/yoast.com\/wordpress\/plugins\/seo\/ -->\n<title>PEC prev\u00ea mudan\u00e7a no sistema de vota\u00e7\u00e3o para parlamentares - Fl\u00e1vio Braga<\/title>\n<meta name=\"robots\" content=\"index, follow, max-snippet:-1, max-image-preview:large, max-video-preview:-1\" \/>\n<link rel=\"canonical\" href=\"https:\/\/www.blogsoestado.com\/flaviobraga\/pec-preve-mudanca-no-sistema-de-votacao-para-parlamentares\/\" \/>\n<meta property=\"og:locale\" content=\"pt_BR\" \/>\n<meta property=\"og:type\" content=\"article\" \/>\n<meta property=\"og:title\" content=\"PEC prev\u00ea mudan\u00e7a no sistema de vota\u00e7\u00e3o para parlamentares - Fl\u00e1vio Braga\" \/>\n<meta property=\"og:description\" content=\"Bras\u00edlia &#8211; A ado\u00e7\u00e3o do voto majorit\u00e1rio para a elei\u00e7\u00e3o de vereadores, deputados estaduais e tamb\u00e9m dos federais \u00e9 tema [&hellip;]\" \/>\n<meta property=\"og:url\" content=\"https:\/\/www.blogsoestado.com\/flaviobraga\/pec-preve-mudanca-no-sistema-de-votacao-para-parlamentares\/\" \/>\n<meta property=\"og:site_name\" content=\"Fl\u00e1vio Braga\" \/>\n<meta property=\"article:published_time\" content=\"2013-01-16T16:02:18+00:00\" \/>\n<meta name=\"author\" content=\"Flavio Braga\" \/>\n<meta name=\"twitter:card\" content=\"summary_large_image\" \/>\n<meta name=\"twitter:label1\" content=\"Escrito por\" \/>\n\t<meta name=\"twitter:data1\" content=\"Flavio Braga\" \/>\n\t<meta name=\"twitter:label2\" content=\"Est. tempo de leitura\" \/>\n\t<meta name=\"twitter:data2\" content=\"1 minuto\" \/>\n<script type=\"application\/ld+json\" class=\"yoast-schema-graph\">{\"@context\":\"https:\/\/schema.org\",\"@graph\":[{\"@type\":\"WebPage\",\"@id\":\"https:\/\/www.blogsoestado.com\/flaviobraga\/pec-preve-mudanca-no-sistema-de-votacao-para-parlamentares\/\",\"url\":\"https:\/\/www.blogsoestado.com\/flaviobraga\/pec-preve-mudanca-no-sistema-de-votacao-para-parlamentares\/\",\"name\":\"PEC prev\u00ea mudan\u00e7a no sistema de vota\u00e7\u00e3o para parlamentares - Fl\u00e1vio Braga\",\"isPartOf\":{\"@id\":\"https:\/\/www.blogsoestado.com\/flaviobraga\/#website\"},\"datePublished\":\"2013-01-16T16:02:18+00:00\",\"author\":{\"@id\":\"https:\/\/www.blogsoestado.com\/flaviobraga\/#\/schema\/person\/6c6c778331775c757a82d15206bd8733\"},\"breadcrumb\":{\"@id\":\"https:\/\/www.blogsoestado.com\/flaviobraga\/pec-preve-mudanca-no-sistema-de-votacao-para-parlamentares\/#breadcrumb\"},\"inLanguage\":\"pt-BR\",\"potentialAction\":[{\"@type\":\"ReadAction\",\"target\":[\"https:\/\/www.blogsoestado.com\/flaviobraga\/pec-preve-mudanca-no-sistema-de-votacao-para-parlamentares\/\"]}]},{\"@type\":\"BreadcrumbList\",\"@id\":\"https:\/\/www.blogsoestado.com\/flaviobraga\/pec-preve-mudanca-no-sistema-de-votacao-para-parlamentares\/#breadcrumb\",\"itemListElement\":[{\"@type\":\"ListItem\",\"position\":1,\"name\":\"In\u00edcio\",\"item\":\"https:\/\/www.blogsoestado.com\/flaviobraga\/\"},{\"@type\":\"ListItem\",\"position\":2,\"name\":\"PEC prev\u00ea mudan\u00e7a no sistema de vota\u00e7\u00e3o para parlamentares\"}]},{\"@type\":\"WebSite\",\"@id\":\"https:\/\/www.blogsoestado.com\/flaviobraga\/#website\",\"url\":\"https:\/\/www.blogsoestado.com\/flaviobraga\/\",\"name\":\"Fl\u00e1vio Braga\",\"description\":\"\",\"potentialAction\":[{\"@type\":\"SearchAction\",\"target\":{\"@type\":\"EntryPoint\",\"urlTemplate\":\"https:\/\/www.blogsoestado.com\/flaviobraga\/?s={search_term_string}\"},\"query-input\":{\"@type\":\"PropertyValueSpecification\",\"valueRequired\":true,\"valueName\":\"search_term_string\"}}],\"inLanguage\":\"pt-BR\"},{\"@type\":\"Person\",\"@id\":\"https:\/\/www.blogsoestado.com\/flaviobraga\/#\/schema\/person\/6c6c778331775c757a82d15206bd8733\",\"name\":\"Flavio Braga\",\"image\":{\"@type\":\"ImageObject\",\"inLanguage\":\"pt-BR\",\"@id\":\"https:\/\/www.blogsoestado.com\/flaviobraga\/#\/schema\/person\/image\/\",\"url\":\"https:\/\/secure.gravatar.com\/avatar\/ab173937dad8d78195c87778be8a0285d069ede375ce0ae24aac1cf8e58ccb2c?s=96&d=mm&r=g\",\"contentUrl\":\"https:\/\/secure.gravatar.com\/avatar\/ab173937dad8d78195c87778be8a0285d069ede375ce0ae24aac1cf8e58ccb2c?s=96&d=mm&r=g\",\"caption\":\"Flavio Braga\"},\"url\":\"https:\/\/www.blogsoestado.com\/flaviobraga\/author\/flaviobraga\/\"}]}<\/script>\n<!-- \/ Yoast SEO plugin. -->","yoast_head_json":{"title":"PEC prev\u00ea mudan\u00e7a no sistema de vota\u00e7\u00e3o para parlamentares - Fl\u00e1vio Braga","robots":{"index":"index","follow":"follow","max-snippet":"max-snippet:-1","max-image-preview":"max-image-preview:large","max-video-preview":"max-video-preview:-1"},"canonical":"https:\/\/www.blogsoestado.com\/flaviobraga\/pec-preve-mudanca-no-sistema-de-votacao-para-parlamentares\/","og_locale":"pt_BR","og_type":"article","og_title":"PEC prev\u00ea mudan\u00e7a no sistema de vota\u00e7\u00e3o para parlamentares - Fl\u00e1vio Braga","og_description":"Bras\u00edlia &#8211; A ado\u00e7\u00e3o do voto majorit\u00e1rio para a elei\u00e7\u00e3o de vereadores, deputados estaduais e tamb\u00e9m dos federais \u00e9 tema [&hellip;]","og_url":"https:\/\/www.blogsoestado.com\/flaviobraga\/pec-preve-mudanca-no-sistema-de-votacao-para-parlamentares\/","og_site_name":"Fl\u00e1vio Braga","article_published_time":"2013-01-16T16:02:18+00:00","author":"Flavio Braga","twitter_card":"summary_large_image","twitter_misc":{"Escrito por":"Flavio Braga","Est. tempo de leitura":"1 minuto"},"schema":{"@context":"https:\/\/schema.org","@graph":[{"@type":"WebPage","@id":"https:\/\/www.blogsoestado.com\/flaviobraga\/pec-preve-mudanca-no-sistema-de-votacao-para-parlamentares\/","url":"https:\/\/www.blogsoestado.com\/flaviobraga\/pec-preve-mudanca-no-sistema-de-votacao-para-parlamentares\/","name":"PEC prev\u00ea mudan\u00e7a no sistema de vota\u00e7\u00e3o para parlamentares - Fl\u00e1vio Braga","isPartOf":{"@id":"https:\/\/www.blogsoestado.com\/flaviobraga\/#website"},"datePublished":"2013-01-16T16:02:18+00:00","author":{"@id":"https:\/\/www.blogsoestado.com\/flaviobraga\/#\/schema\/person\/6c6c778331775c757a82d15206bd8733"},"breadcrumb":{"@id":"https:\/\/www.blogsoestado.com\/flaviobraga\/pec-preve-mudanca-no-sistema-de-votacao-para-parlamentares\/#breadcrumb"},"inLanguage":"pt-BR","potentialAction":[{"@type":"ReadAction","target":["https:\/\/www.blogsoestado.com\/flaviobraga\/pec-preve-mudanca-no-sistema-de-votacao-para-parlamentares\/"]}]},{"@type":"BreadcrumbList","@id":"https:\/\/www.blogsoestado.com\/flaviobraga\/pec-preve-mudanca-no-sistema-de-votacao-para-parlamentares\/#breadcrumb","itemListElement":[{"@type":"ListItem","position":1,"name":"In\u00edcio","item":"https:\/\/www.blogsoestado.com\/flaviobraga\/"},{"@type":"ListItem","position":2,"name":"PEC prev\u00ea mudan\u00e7a no sistema de vota\u00e7\u00e3o para parlamentares"}]},{"@type":"WebSite","@id":"https:\/\/www.blogsoestado.com\/flaviobraga\/#website","url":"https:\/\/www.blogsoestado.com\/flaviobraga\/","name":"Fl\u00e1vio Braga","description":"","potentialAction":[{"@type":"SearchAction","target":{"@type":"EntryPoint","urlTemplate":"https:\/\/www.blogsoestado.com\/flaviobraga\/?s={search_term_string}"},"query-input":{"@type":"PropertyValueSpecification","valueRequired":true,"valueName":"search_term_string"}}],"inLanguage":"pt-BR"},{"@type":"Person","@id":"https:\/\/www.blogsoestado.com\/flaviobraga\/#\/schema\/person\/6c6c778331775c757a82d15206bd8733","name":"Flavio Braga","image":{"@type":"ImageObject","inLanguage":"pt-BR","@id":"https:\/\/www.blogsoestado.com\/flaviobraga\/#\/schema\/person\/image\/","url":"https:\/\/secure.gravatar.com\/avatar\/ab173937dad8d78195c87778be8a0285d069ede375ce0ae24aac1cf8e58ccb2c?s=96&d=mm&r=g","contentUrl":"https:\/\/secure.gravatar.com\/avatar\/ab173937dad8d78195c87778be8a0285d069ede375ce0ae24aac1cf8e58ccb2c?s=96&d=mm&r=g","caption":"Flavio Braga"},"url":"https:\/\/www.blogsoestado.com\/flaviobraga\/author\/flaviobraga\/"}]}},"jetpack_featured_media_url":"","_links":{"self":[{"href":"https:\/\/www.blogsoestado.com\/flaviobraga\/wp-json\/wp\/v2\/posts\/2031","targetHints":{"allow":["GET"]}}],"collection":[{"href":"https:\/\/www.blogsoestado.com\/flaviobraga\/wp-json\/wp\/v2\/posts"}],"about":[{"href":"https:\/\/www.blogsoestado.com\/flaviobraga\/wp-json\/wp\/v2\/types\/post"}],"author":[{"embeddable":true,"href":"https:\/\/www.blogsoestado.com\/flaviobraga\/wp-json\/wp\/v2\/users\/8"}],"replies":[{"embeddable":true,"href":"https:\/\/www.blogsoestado.com\/flaviobraga\/wp-json\/wp\/v2\/comments?post=2031"}],"version-history":[{"count":0,"href":"https:\/\/www.blogsoestado.com\/flaviobraga\/wp-json\/wp\/v2\/posts\/2031\/revisions"}],"wp:attachment":[{"href":"https:\/\/www.blogsoestado.com\/flaviobraga\/wp-json\/wp\/v2\/media?parent=2031"}],"wp:term":[{"taxonomy":"category","embeddable":true,"href":"https:\/\/www.blogsoestado.com\/flaviobraga\/wp-json\/wp\/v2\/categories?post=2031"},{"taxonomy":"post_tag","embeddable":true,"href":"https:\/\/www.blogsoestado.com\/flaviobraga\/wp-json\/wp\/v2\/tags?post=2031"}],"curies":[{"name":"wp","href":"https:\/\/api.w.org\/{rel}","templated":true}]}}