{"id":2062,"date":"2013-02-18T18:45:52","date_gmt":"2013-02-18T21:45:52","guid":{"rendered":"https:\/\/www.blogsoestado.com\/flaviobraga\/?p=2062"},"modified":"2013-02-18T18:45:52","modified_gmt":"2013-02-18T21:45:52","slug":"lista-com-eleitor-faltoso-comeca-a-ser-divulgada-no-dia-20-de-fevereiro","status":"publish","type":"post","link":"https:\/\/www.blogsoestado.com\/flaviobraga\/lista-com-eleitor-faltoso-comeca-a-ser-divulgada-no-dia-20-de-fevereiro\/","title":{"rendered":"Lista com eleitor faltoso come\u00e7a a ser divulgada no dia 20 de fevereiro"},"content":{"rendered":"<p>A partir da pr\u00f3xima quarta-feira (20), os Tribunais Regionais Eleitorais come\u00e7am a divulgar os nomes e inscri\u00e7\u00f5es dos eleitores que deixaram de votar nas tr\u00eas \u00faltimas elei\u00e7\u00f5es. A rela\u00e7\u00e3o das inscri\u00e7\u00f5es pass\u00edveis de cancelamento ficar\u00e1 dispon\u00edvel nos cart\u00f3rios eleitorais para consulta pelos interessados.<\/p>\n<p>O eleitor que tiver o nome inclu\u00eddo na rela\u00e7\u00e3o dever\u00e1 comparecer ao cart\u00f3rio eleitoral no per\u00edodo de 25 de fevereiro e 25 de abril para regularizar sua situa\u00e7\u00e3o portando documento oficial com foto, t\u00edtulo eleitoral, comprovantes de vota\u00e7\u00e3o, de justificativa eleitoral e de recolhimento ou dispensa de recolhimento de multa.<\/p>\n<p>A Justi\u00e7a Eleitoral ressalta que n\u00e3o ser\u00e1 expedido qualquer tipo de notifica\u00e7\u00e3o ao eleitor, seja de forma impressa (correspond\u00eancia) ou eletr\u00f4nica (e-mail). O n\u00e3o comparecimento no cart\u00f3rio eleitoral para comprova\u00e7\u00e3o do exerc\u00edcio do voto, da justificativa de aus\u00eancia ou do pagamento das multas correspondentes implicar\u00e1 no cancelamento autom\u00e1tico do t\u00edtulo de eleitor, que ser\u00e1 efetivado entre 10 e 12 de maio de 2013.<\/p>\n<p>Os prazos e procedimentos para cancelamento de inscri\u00e7\u00f5es e regulariza\u00e7\u00e3o da situa\u00e7\u00e3o de eleitores que n\u00e3o votaram nas tr\u00eas \u00faltimas elei\u00e7\u00f5es foram definidos em provimento publicado pela Corregedoria-Geral da Justi\u00e7a Eleitoral.<\/p>\n<p>Os eleitores no exerc\u00edcio do voto facultativo &#8211; menores de 18 anos, maiores de 70 anos e os analfabetos \u2013 n\u00e3o ser\u00e3o identificados nas rela\u00e7\u00f5es de faltosos. As pessoas com defici\u00eancia que torne imposs\u00edvel ou extremamente oneroso o cumprimento das obriga\u00e7\u00f5es eleitorais tamb\u00e9m n\u00e3o ter\u00e3o o t\u00edtulo cancelado.<\/p>\n<p>Nos demais casos, o eleitor que n\u00e3o votou e n\u00e3o justificou sua aus\u00eancia pagar\u00e1 multa de R$ 3,50 por cada elei\u00e7\u00e3o em que deixou de votar. Se o eleitor n\u00e3o tiver condi\u00e7\u00e3o financeira de efetuar o pagamento da multa, o juiz eleitoral poder\u00e1 dispensar o recolhimento.<\/p>\n<p>S\u00e3o considerados faltosos os eleitores que n\u00e3o votaram nem justificaram a aus\u00eancia aos pleitos com data fixada pela Constitui\u00e7\u00e3o, ou seja, municipal e presidencial, e tamb\u00e9m os faltantes \u00e0s novas elei\u00e7\u00f5es determinadas pelos Tribunais Regionais Eleitorais, chamadas de elei\u00e7\u00f5es suplementares. Para efeito de cancelamento, cada turno \u00e9 contado como uma elei\u00e7\u00e3o.<\/p>\n<p>O eleitor pode consultar a sua situa\u00e7\u00e3o eleitoral atual no <a href=\"http:\/\/www.tse.jus.br\/eleitor\/situacao-eleitoral\/consulta-por-nome\" target=\"_blank\">site do TSE<\/a>.<\/p>\n<p>Quem\u00a0est\u00e1 em d\u00e9bito com a Justi\u00e7a Eleitoral fica impedido, por exemplo, de obter passaporte ou carteira de identidade, receber sal\u00e1rios de fun\u00e7\u00e3o ou emprego p\u00fablico, participar de concorr\u00eancia p\u00fablica ou administrativa, contrair empr\u00e9stimo em institui\u00e7\u00e3o financeira p\u00fablica e ser nomeado, caso passe em concurso p\u00fablico.<\/p>\n","protected":false},"excerpt":{"rendered":"<p>A partir da pr\u00f3xima quarta-feira (20), os Tribunais Regionais Eleitorais come\u00e7am a divulgar os nomes e inscri\u00e7\u00f5es dos eleitores que [&hellip;]<\/p>\n","protected":false},"author":8,"featured_media":0,"comment_status":"open","ping_status":"open","sticky":false,"template":"","format":"standard","meta":{"site-sidebar-layout":"default","site-content-layout":"","ast-site-content-layout":"default","site-content-style":"default","site-sidebar-style":"default","ast-global-header-display":"","ast-banner-title-visibility":"","ast-main-header-display":"","ast-hfb-above-header-display":"","ast-hfb-below-header-display":"","ast-hfb-mobile-header-display":"","site-post-title":"","ast-breadcrumbs-content":"","ast-featured-img":"","footer-sml-layout":"","ast-disable-related-posts":"","theme-transparent-header-meta":"","adv-header-id-meta":"","stick-header-meta":"","header-above-stick-meta":"","header-main-stick-meta":"","header-below-stick-meta":"","astra-migrate-meta-layouts":"default","ast-page-background-enabled":"default","ast-page-background-meta":{"desktop":{"background-color":"var(--ast-global-color-5)","background-image":"","background-repeat":"repeat","background-position":"center center","background-size":"auto","background-attachment":"scroll","background-type":"","background-media":"","overlay-type":"","overlay-color":"","overlay-opacity":"","overlay-gradient":""},"tablet":{"background-color":"","background-image":"","background-repeat":"repeat","background-position":"center center","background-size":"auto","background-attachment":"scroll","background-type":"","background-media":"","overlay-type":"","overlay-color":"","overlay-opacity":"","overlay-gradient":""},"mobile":{"background-color":"","background-image":"","background-repeat":"repeat","background-position":"center center","background-size":"auto","background-attachment":"scroll","background-type":"","background-media":"","overlay-type":"","overlay-color":"","overlay-opacity":"","overlay-gradient":""}},"ast-content-background-meta":{"desktop":{"background-color":"var(--ast-global-color-4)","background-image":"","background-repeat":"repeat","background-position":"center center","background-size":"auto","background-attachment":"scroll","background-type":"","background-media":"","overlay-type":"","overlay-color":"","overlay-opacity":"","overlay-gradient":""},"tablet":{"background-color":"var(--ast-global-color-4)","background-image":"","background-repeat":"repeat","background-position":"center center","background-size":"auto","background-attachment":"scroll","background-type":"","background-media":"","overlay-type":"","overlay-color":"","overlay-opacity":"","overlay-gradient":""},"mobile":{"background-color":"var(--ast-global-color-4)","background-image":"","background-repeat":"repeat","background-position":"center center","background-size":"auto","background-attachment":"scroll","background-type":"","background-media":"","overlay-type":"","overlay-color":"","overlay-opacity":"","overlay-gradient":""}},"footnotes":""},"categories":[1],"tags":[],"class_list":["post-2062","post","type-post","status-publish","format-standard","hentry","category-sem-categoria"],"yoast_head":"<!-- This site is optimized with the Yoast SEO plugin v26.6 - https:\/\/yoast.com\/wordpress\/plugins\/seo\/ -->\n<title>Lista com eleitor faltoso come\u00e7a a ser divulgada no dia 20 de fevereiro - Fl\u00e1vio Braga<\/title>\n<meta name=\"robots\" content=\"index, follow, max-snippet:-1, max-image-preview:large, max-video-preview:-1\" \/>\n<link rel=\"canonical\" href=\"https:\/\/www.blogsoestado.com\/flaviobraga\/lista-com-eleitor-faltoso-comeca-a-ser-divulgada-no-dia-20-de-fevereiro\/\" \/>\n<meta property=\"og:locale\" content=\"pt_BR\" \/>\n<meta property=\"og:type\" content=\"article\" \/>\n<meta property=\"og:title\" content=\"Lista com eleitor faltoso come\u00e7a a ser divulgada no dia 20 de fevereiro - Fl\u00e1vio Braga\" \/>\n<meta property=\"og:description\" content=\"A partir da pr\u00f3xima quarta-feira (20), os Tribunais Regionais Eleitorais come\u00e7am a divulgar os nomes e inscri\u00e7\u00f5es dos eleitores que [&hellip;]\" \/>\n<meta property=\"og:url\" content=\"https:\/\/www.blogsoestado.com\/flaviobraga\/lista-com-eleitor-faltoso-comeca-a-ser-divulgada-no-dia-20-de-fevereiro\/\" \/>\n<meta property=\"og:site_name\" content=\"Fl\u00e1vio Braga\" \/>\n<meta property=\"article:published_time\" content=\"2013-02-18T21:45:52+00:00\" \/>\n<meta name=\"author\" content=\"Flavio Braga\" \/>\n<meta name=\"twitter:card\" content=\"summary_large_image\" \/>\n<meta name=\"twitter:label1\" content=\"Escrito por\" \/>\n\t<meta name=\"twitter:data1\" content=\"Flavio Braga\" \/>\n\t<meta name=\"twitter:label2\" content=\"Est. tempo de leitura\" \/>\n\t<meta name=\"twitter:data2\" content=\"2 minutos\" \/>\n<script type=\"application\/ld+json\" class=\"yoast-schema-graph\">{\"@context\":\"https:\/\/schema.org\",\"@graph\":[{\"@type\":\"WebPage\",\"@id\":\"https:\/\/www.blogsoestado.com\/flaviobraga\/lista-com-eleitor-faltoso-comeca-a-ser-divulgada-no-dia-20-de-fevereiro\/\",\"url\":\"https:\/\/www.blogsoestado.com\/flaviobraga\/lista-com-eleitor-faltoso-comeca-a-ser-divulgada-no-dia-20-de-fevereiro\/\",\"name\":\"Lista com eleitor faltoso come\u00e7a a ser divulgada no dia 20 de fevereiro - Fl\u00e1vio Braga\",\"isPartOf\":{\"@id\":\"https:\/\/www.blogsoestado.com\/flaviobraga\/#website\"},\"datePublished\":\"2013-02-18T21:45:52+00:00\",\"author\":{\"@id\":\"https:\/\/www.blogsoestado.com\/flaviobraga\/#\/schema\/person\/6c6c778331775c757a82d15206bd8733\"},\"breadcrumb\":{\"@id\":\"https:\/\/www.blogsoestado.com\/flaviobraga\/lista-com-eleitor-faltoso-comeca-a-ser-divulgada-no-dia-20-de-fevereiro\/#breadcrumb\"},\"inLanguage\":\"pt-BR\",\"potentialAction\":[{\"@type\":\"ReadAction\",\"target\":[\"https:\/\/www.blogsoestado.com\/flaviobraga\/lista-com-eleitor-faltoso-comeca-a-ser-divulgada-no-dia-20-de-fevereiro\/\"]}]},{\"@type\":\"BreadcrumbList\",\"@id\":\"https:\/\/www.blogsoestado.com\/flaviobraga\/lista-com-eleitor-faltoso-comeca-a-ser-divulgada-no-dia-20-de-fevereiro\/#breadcrumb\",\"itemListElement\":[{\"@type\":\"ListItem\",\"position\":1,\"name\":\"In\u00edcio\",\"item\":\"https:\/\/www.blogsoestado.com\/flaviobraga\/\"},{\"@type\":\"ListItem\",\"position\":2,\"name\":\"Lista com eleitor faltoso come\u00e7a a ser divulgada no dia 20 de fevereiro\"}]},{\"@type\":\"WebSite\",\"@id\":\"https:\/\/www.blogsoestado.com\/flaviobraga\/#website\",\"url\":\"https:\/\/www.blogsoestado.com\/flaviobraga\/\",\"name\":\"Fl\u00e1vio Braga\",\"description\":\"\",\"potentialAction\":[{\"@type\":\"SearchAction\",\"target\":{\"@type\":\"EntryPoint\",\"urlTemplate\":\"https:\/\/www.blogsoestado.com\/flaviobraga\/?s={search_term_string}\"},\"query-input\":{\"@type\":\"PropertyValueSpecification\",\"valueRequired\":true,\"valueName\":\"search_term_string\"}}],\"inLanguage\":\"pt-BR\"},{\"@type\":\"Person\",\"@id\":\"https:\/\/www.blogsoestado.com\/flaviobraga\/#\/schema\/person\/6c6c778331775c757a82d15206bd8733\",\"name\":\"Flavio Braga\",\"image\":{\"@type\":\"ImageObject\",\"inLanguage\":\"pt-BR\",\"@id\":\"https:\/\/www.blogsoestado.com\/flaviobraga\/#\/schema\/person\/image\/\",\"url\":\"https:\/\/secure.gravatar.com\/avatar\/ab173937dad8d78195c87778be8a0285d069ede375ce0ae24aac1cf8e58ccb2c?s=96&d=mm&r=g\",\"contentUrl\":\"https:\/\/secure.gravatar.com\/avatar\/ab173937dad8d78195c87778be8a0285d069ede375ce0ae24aac1cf8e58ccb2c?s=96&d=mm&r=g\",\"caption\":\"Flavio Braga\"},\"url\":\"https:\/\/www.blogsoestado.com\/flaviobraga\/author\/flaviobraga\/\"}]}<\/script>\n<!-- \/ Yoast SEO plugin. -->","yoast_head_json":{"title":"Lista com eleitor faltoso come\u00e7a a ser divulgada no dia 20 de fevereiro - Fl\u00e1vio Braga","robots":{"index":"index","follow":"follow","max-snippet":"max-snippet:-1","max-image-preview":"max-image-preview:large","max-video-preview":"max-video-preview:-1"},"canonical":"https:\/\/www.blogsoestado.com\/flaviobraga\/lista-com-eleitor-faltoso-comeca-a-ser-divulgada-no-dia-20-de-fevereiro\/","og_locale":"pt_BR","og_type":"article","og_title":"Lista com eleitor faltoso come\u00e7a a ser divulgada no dia 20 de fevereiro - Fl\u00e1vio Braga","og_description":"A partir da pr\u00f3xima quarta-feira (20), os Tribunais Regionais Eleitorais come\u00e7am a divulgar os nomes e inscri\u00e7\u00f5es dos eleitores que [&hellip;]","og_url":"https:\/\/www.blogsoestado.com\/flaviobraga\/lista-com-eleitor-faltoso-comeca-a-ser-divulgada-no-dia-20-de-fevereiro\/","og_site_name":"Fl\u00e1vio Braga","article_published_time":"2013-02-18T21:45:52+00:00","author":"Flavio Braga","twitter_card":"summary_large_image","twitter_misc":{"Escrito por":"Flavio Braga","Est. tempo de leitura":"2 minutos"},"schema":{"@context":"https:\/\/schema.org","@graph":[{"@type":"WebPage","@id":"https:\/\/www.blogsoestado.com\/flaviobraga\/lista-com-eleitor-faltoso-comeca-a-ser-divulgada-no-dia-20-de-fevereiro\/","url":"https:\/\/www.blogsoestado.com\/flaviobraga\/lista-com-eleitor-faltoso-comeca-a-ser-divulgada-no-dia-20-de-fevereiro\/","name":"Lista com eleitor faltoso come\u00e7a a ser divulgada no dia 20 de fevereiro - Fl\u00e1vio Braga","isPartOf":{"@id":"https:\/\/www.blogsoestado.com\/flaviobraga\/#website"},"datePublished":"2013-02-18T21:45:52+00:00","author":{"@id":"https:\/\/www.blogsoestado.com\/flaviobraga\/#\/schema\/person\/6c6c778331775c757a82d15206bd8733"},"breadcrumb":{"@id":"https:\/\/www.blogsoestado.com\/flaviobraga\/lista-com-eleitor-faltoso-comeca-a-ser-divulgada-no-dia-20-de-fevereiro\/#breadcrumb"},"inLanguage":"pt-BR","potentialAction":[{"@type":"ReadAction","target":["https:\/\/www.blogsoestado.com\/flaviobraga\/lista-com-eleitor-faltoso-comeca-a-ser-divulgada-no-dia-20-de-fevereiro\/"]}]},{"@type":"BreadcrumbList","@id":"https:\/\/www.blogsoestado.com\/flaviobraga\/lista-com-eleitor-faltoso-comeca-a-ser-divulgada-no-dia-20-de-fevereiro\/#breadcrumb","itemListElement":[{"@type":"ListItem","position":1,"name":"In\u00edcio","item":"https:\/\/www.blogsoestado.com\/flaviobraga\/"},{"@type":"ListItem","position":2,"name":"Lista com eleitor faltoso come\u00e7a a ser divulgada no dia 20 de fevereiro"}]},{"@type":"WebSite","@id":"https:\/\/www.blogsoestado.com\/flaviobraga\/#website","url":"https:\/\/www.blogsoestado.com\/flaviobraga\/","name":"Fl\u00e1vio Braga","description":"","potentialAction":[{"@type":"SearchAction","target":{"@type":"EntryPoint","urlTemplate":"https:\/\/www.blogsoestado.com\/flaviobraga\/?s={search_term_string}"},"query-input":{"@type":"PropertyValueSpecification","valueRequired":true,"valueName":"search_term_string"}}],"inLanguage":"pt-BR"},{"@type":"Person","@id":"https:\/\/www.blogsoestado.com\/flaviobraga\/#\/schema\/person\/6c6c778331775c757a82d15206bd8733","name":"Flavio Braga","image":{"@type":"ImageObject","inLanguage":"pt-BR","@id":"https:\/\/www.blogsoestado.com\/flaviobraga\/#\/schema\/person\/image\/","url":"https:\/\/secure.gravatar.com\/avatar\/ab173937dad8d78195c87778be8a0285d069ede375ce0ae24aac1cf8e58ccb2c?s=96&d=mm&r=g","contentUrl":"https:\/\/secure.gravatar.com\/avatar\/ab173937dad8d78195c87778be8a0285d069ede375ce0ae24aac1cf8e58ccb2c?s=96&d=mm&r=g","caption":"Flavio Braga"},"url":"https:\/\/www.blogsoestado.com\/flaviobraga\/author\/flaviobraga\/"}]}},"jetpack_featured_media_url":"","_links":{"self":[{"href":"https:\/\/www.blogsoestado.com\/flaviobraga\/wp-json\/wp\/v2\/posts\/2062","targetHints":{"allow":["GET"]}}],"collection":[{"href":"https:\/\/www.blogsoestado.com\/flaviobraga\/wp-json\/wp\/v2\/posts"}],"about":[{"href":"https:\/\/www.blogsoestado.com\/flaviobraga\/wp-json\/wp\/v2\/types\/post"}],"author":[{"embeddable":true,"href":"https:\/\/www.blogsoestado.com\/flaviobraga\/wp-json\/wp\/v2\/users\/8"}],"replies":[{"embeddable":true,"href":"https:\/\/www.blogsoestado.com\/flaviobraga\/wp-json\/wp\/v2\/comments?post=2062"}],"version-history":[{"count":0,"href":"https:\/\/www.blogsoestado.com\/flaviobraga\/wp-json\/wp\/v2\/posts\/2062\/revisions"}],"wp:attachment":[{"href":"https:\/\/www.blogsoestado.com\/flaviobraga\/wp-json\/wp\/v2\/media?parent=2062"}],"wp:term":[{"taxonomy":"category","embeddable":true,"href":"https:\/\/www.blogsoestado.com\/flaviobraga\/wp-json\/wp\/v2\/categories?post=2062"},{"taxonomy":"post_tag","embeddable":true,"href":"https:\/\/www.blogsoestado.com\/flaviobraga\/wp-json\/wp\/v2\/tags?post=2062"}],"curies":[{"name":"wp","href":"https:\/\/api.w.org\/{rel}","templated":true}]}}