{"id":2071,"date":"2013-02-20T13:06:48","date_gmt":"2013-02-20T16:06:48","guid":{"rendered":"https:\/\/www.blogsoestado.com\/flaviobraga\/?p=2071"},"modified":"2013-02-20T13:06:48","modified_gmt":"2013-02-20T16:06:48","slug":"oab-e-mec-estudam-nova-politica-regulatoria-de-ensino-juridico","status":"publish","type":"post","link":"https:\/\/www.blogsoestado.com\/flaviobraga\/oab-e-mec-estudam-nova-politica-regulatoria-de-ensino-juridico\/","title":{"rendered":"OAB e MEC estudam nova pol\u00edtica regulat\u00f3ria de ensino jur\u00eddico"},"content":{"rendered":"<p>O presidente nacional da Ordem dos Advogados do Brasil (OAB), Marcus Vinicius Furtado, e o ministro da Educa\u00e7\u00e3o, Aloizio Mercadante, assinar\u00e3o, no pr\u00f3ximo dia 11 de mar\u00e7o, durante a sess\u00e3o do Conselho Pleno, na sede da OAB, um acordo de coopera\u00e7\u00e3o para a elabora\u00e7\u00e3o de uma nova pol\u00edtica regulat\u00f3ria do ensino jur\u00eddico no Pa\u00eds.<\/p>\n<p>A decis\u00e3o foi tomada nesta ter\u00e7a-feira (19) em reuni\u00e3o no Minist\u00e9rio da Educa\u00e7\u00e3o que contou tamb\u00e9m com a presen\u00e7a do presidente da Comiss\u00e3o Nacional de Educa\u00e7\u00e3o Jur\u00eddica da OAB, Eid Badr, do coordenador do Col\u00e9gio de Presidentes de Seccionais da OAB, Luis Claudio da Silva Chaves, e do secret\u00e1rio de Regula\u00e7\u00e3o e Supervis\u00e3o de Educa\u00e7\u00e3o Superior do MEC, Jorge Messias.<\/p>\n<p>A nova pol\u00edtica instituir\u00e1 regras para a cria\u00e7\u00e3o e o funcionamento de cursos de gradua\u00e7\u00e3o e p\u00f3s-gradua\u00e7\u00e3o de Direito no Brasil. A OAB e o MEC ir\u00e3o definir, por exemplo, quais aspectos ser\u00e3o avaliados na an\u00e1lise de pedidos de abertura de novas vagas, como campo de pr\u00e1tica, necessidade social e qualidade de ensino. Al\u00e9m disso, ser\u00e3o criados os procedimentos de monitoramento permanente das faculdades j\u00e1 em funcionamento.<\/p>\n<p>\u201cEssa parceria ser\u00e1 fundamental para que a educa\u00e7\u00e3o jur\u00eddica n\u00e3o seja um estelionato em nosso pa\u00eds, para que as pessoas n\u00e3o sejam induzidas em erro, participando de cursos de Direito que n\u00e3o preparam minimamente para o exerc\u00edcio profissional\u201d, disse Marcus Vinicius, ao sair da reuni\u00e3o com o ministro da Educa\u00e7\u00e3o.<\/p>\n<p>A mudan\u00e7a no car\u00e1ter dos pareceres da OAB quanto \u00e0 cria\u00e7\u00e3o de cursos de Direito tamb\u00e9m ser\u00e1 objeto de estudo do grupo que ser\u00e1 formado a partir do acordo de coopera\u00e7\u00e3o. Atualmente, a Comiss\u00e3o Nacional de Educa\u00e7\u00e3o Jur\u00eddica do Conselho Federal opina previamente nos processos de cria\u00e7\u00e3o, reconhecimento ou credenciamento de faculdades junto ao Minist\u00e9rio da Educa\u00e7\u00e3o. Os pareceres, apesar de sua previs\u00e3o legal, t\u00eam car\u00e1ter meramente opinativo. \u201cTransformar os pareceres em um ato vinculativo \u00e9 uma aspira\u00e7\u00e3o da OAB e esta pode ser uma das consequ\u00eancias pr\u00e1ticas desse acordo\u201d, destacou Marcus Vinicius.<\/p>\n","protected":false},"excerpt":{"rendered":"<p>O presidente nacional da Ordem dos Advogados do Brasil (OAB), Marcus Vinicius Furtado, e o ministro da Educa\u00e7\u00e3o, Aloizio Mercadante, [&hellip;]<\/p>\n","protected":false},"author":8,"featured_media":0,"comment_status":"open","ping_status":"open","sticky":false,"template":"","format":"standard","meta":{"site-sidebar-layout":"default","site-content-layout":"","ast-site-content-layout":"default","site-content-style":"default","site-sidebar-style":"default","ast-global-header-display":"","ast-banner-title-visibility":"","ast-main-header-display":"","ast-hfb-above-header-display":"","ast-hfb-below-header-display":"","ast-hfb-mobile-header-display":"","site-post-title":"","ast-breadcrumbs-content":"","ast-featured-img":"","footer-sml-layout":"","ast-disable-related-posts":"","theme-transparent-header-meta":"","adv-header-id-meta":"","stick-header-meta":"","header-above-stick-meta":"","header-main-stick-meta":"","header-below-stick-meta":"","astra-migrate-meta-layouts":"default","ast-page-background-enabled":"default","ast-page-background-meta":{"desktop":{"background-color":"var(--ast-global-color-5)","background-image":"","background-repeat":"repeat","background-position":"center center","background-size":"auto","background-attachment":"scroll","background-type":"","background-media":"","overlay-type":"","overlay-color":"","overlay-opacity":"","overlay-gradient":""},"tablet":{"background-color":"","background-image":"","background-repeat":"repeat","background-position":"center center","background-size":"auto","background-attachment":"scroll","background-type":"","background-media":"","overlay-type":"","overlay-color":"","overlay-opacity":"","overlay-gradient":""},"mobile":{"background-color":"","background-image":"","background-repeat":"repeat","background-position":"center center","background-size":"auto","background-attachment":"scroll","background-type":"","background-media":"","overlay-type":"","overlay-color":"","overlay-opacity":"","overlay-gradient":""}},"ast-content-background-meta":{"desktop":{"background-color":"var(--ast-global-color-4)","background-image":"","background-repeat":"repeat","background-position":"center center","background-size":"auto","background-attachment":"scroll","background-type":"","background-media":"","overlay-type":"","overlay-color":"","overlay-opacity":"","overlay-gradient":""},"tablet":{"background-color":"var(--ast-global-color-4)","background-image":"","background-repeat":"repeat","background-position":"center center","background-size":"auto","background-attachment":"scroll","background-type":"","background-media":"","overlay-type":"","overlay-color":"","overlay-opacity":"","overlay-gradient":""},"mobile":{"background-color":"var(--ast-global-color-4)","background-image":"","background-repeat":"repeat","background-position":"center center","background-size":"auto","background-attachment":"scroll","background-type":"","background-media":"","overlay-type":"","overlay-color":"","overlay-opacity":"","overlay-gradient":""}},"footnotes":""},"categories":[1],"tags":[],"class_list":["post-2071","post","type-post","status-publish","format-standard","hentry","category-sem-categoria"],"yoast_head":"<!-- This site is optimized with the Yoast SEO plugin v26.6 - https:\/\/yoast.com\/wordpress\/plugins\/seo\/ -->\n<title>OAB e MEC estudam nova pol\u00edtica regulat\u00f3ria de ensino jur\u00eddico - Fl\u00e1vio Braga<\/title>\n<meta name=\"robots\" content=\"index, follow, max-snippet:-1, max-image-preview:large, max-video-preview:-1\" \/>\n<link rel=\"canonical\" href=\"https:\/\/www.blogsoestado.com\/flaviobraga\/oab-e-mec-estudam-nova-politica-regulatoria-de-ensino-juridico\/\" \/>\n<meta property=\"og:locale\" content=\"pt_BR\" \/>\n<meta property=\"og:type\" content=\"article\" \/>\n<meta property=\"og:title\" content=\"OAB e MEC estudam nova pol\u00edtica regulat\u00f3ria de ensino jur\u00eddico - Fl\u00e1vio Braga\" \/>\n<meta property=\"og:description\" content=\"O presidente nacional da Ordem dos Advogados do Brasil (OAB), Marcus Vinicius Furtado, e o ministro da Educa\u00e7\u00e3o, Aloizio Mercadante, [&hellip;]\" \/>\n<meta property=\"og:url\" content=\"https:\/\/www.blogsoestado.com\/flaviobraga\/oab-e-mec-estudam-nova-politica-regulatoria-de-ensino-juridico\/\" \/>\n<meta property=\"og:site_name\" content=\"Fl\u00e1vio Braga\" \/>\n<meta property=\"article:published_time\" content=\"2013-02-20T16:06:48+00:00\" \/>\n<meta name=\"author\" content=\"Flavio Braga\" \/>\n<meta name=\"twitter:card\" content=\"summary_large_image\" \/>\n<meta name=\"twitter:label1\" content=\"Escrito por\" \/>\n\t<meta name=\"twitter:data1\" content=\"Flavio Braga\" \/>\n\t<meta name=\"twitter:label2\" content=\"Est. tempo de leitura\" \/>\n\t<meta name=\"twitter:data2\" content=\"2 minutos\" \/>\n<script type=\"application\/ld+json\" class=\"yoast-schema-graph\">{\"@context\":\"https:\/\/schema.org\",\"@graph\":[{\"@type\":\"WebPage\",\"@id\":\"https:\/\/www.blogsoestado.com\/flaviobraga\/oab-e-mec-estudam-nova-politica-regulatoria-de-ensino-juridico\/\",\"url\":\"https:\/\/www.blogsoestado.com\/flaviobraga\/oab-e-mec-estudam-nova-politica-regulatoria-de-ensino-juridico\/\",\"name\":\"OAB e MEC estudam nova pol\u00edtica regulat\u00f3ria de ensino jur\u00eddico - Fl\u00e1vio Braga\",\"isPartOf\":{\"@id\":\"https:\/\/www.blogsoestado.com\/flaviobraga\/#website\"},\"datePublished\":\"2013-02-20T16:06:48+00:00\",\"author\":{\"@id\":\"https:\/\/www.blogsoestado.com\/flaviobraga\/#\/schema\/person\/6c6c778331775c757a82d15206bd8733\"},\"breadcrumb\":{\"@id\":\"https:\/\/www.blogsoestado.com\/flaviobraga\/oab-e-mec-estudam-nova-politica-regulatoria-de-ensino-juridico\/#breadcrumb\"},\"inLanguage\":\"pt-BR\",\"potentialAction\":[{\"@type\":\"ReadAction\",\"target\":[\"https:\/\/www.blogsoestado.com\/flaviobraga\/oab-e-mec-estudam-nova-politica-regulatoria-de-ensino-juridico\/\"]}]},{\"@type\":\"BreadcrumbList\",\"@id\":\"https:\/\/www.blogsoestado.com\/flaviobraga\/oab-e-mec-estudam-nova-politica-regulatoria-de-ensino-juridico\/#breadcrumb\",\"itemListElement\":[{\"@type\":\"ListItem\",\"position\":1,\"name\":\"In\u00edcio\",\"item\":\"https:\/\/www.blogsoestado.com\/flaviobraga\/\"},{\"@type\":\"ListItem\",\"position\":2,\"name\":\"OAB e MEC estudam nova pol\u00edtica regulat\u00f3ria de ensino jur\u00eddico\"}]},{\"@type\":\"WebSite\",\"@id\":\"https:\/\/www.blogsoestado.com\/flaviobraga\/#website\",\"url\":\"https:\/\/www.blogsoestado.com\/flaviobraga\/\",\"name\":\"Fl\u00e1vio Braga\",\"description\":\"\",\"potentialAction\":[{\"@type\":\"SearchAction\",\"target\":{\"@type\":\"EntryPoint\",\"urlTemplate\":\"https:\/\/www.blogsoestado.com\/flaviobraga\/?s={search_term_string}\"},\"query-input\":{\"@type\":\"PropertyValueSpecification\",\"valueRequired\":true,\"valueName\":\"search_term_string\"}}],\"inLanguage\":\"pt-BR\"},{\"@type\":\"Person\",\"@id\":\"https:\/\/www.blogsoestado.com\/flaviobraga\/#\/schema\/person\/6c6c778331775c757a82d15206bd8733\",\"name\":\"Flavio Braga\",\"image\":{\"@type\":\"ImageObject\",\"inLanguage\":\"pt-BR\",\"@id\":\"https:\/\/www.blogsoestado.com\/flaviobraga\/#\/schema\/person\/image\/\",\"url\":\"https:\/\/secure.gravatar.com\/avatar\/ab173937dad8d78195c87778be8a0285d069ede375ce0ae24aac1cf8e58ccb2c?s=96&d=mm&r=g\",\"contentUrl\":\"https:\/\/secure.gravatar.com\/avatar\/ab173937dad8d78195c87778be8a0285d069ede375ce0ae24aac1cf8e58ccb2c?s=96&d=mm&r=g\",\"caption\":\"Flavio Braga\"},\"url\":\"https:\/\/www.blogsoestado.com\/flaviobraga\/author\/flaviobraga\/\"}]}<\/script>\n<!-- \/ Yoast SEO plugin. -->","yoast_head_json":{"title":"OAB e MEC estudam nova pol\u00edtica regulat\u00f3ria de ensino jur\u00eddico - Fl\u00e1vio Braga","robots":{"index":"index","follow":"follow","max-snippet":"max-snippet:-1","max-image-preview":"max-image-preview:large","max-video-preview":"max-video-preview:-1"},"canonical":"https:\/\/www.blogsoestado.com\/flaviobraga\/oab-e-mec-estudam-nova-politica-regulatoria-de-ensino-juridico\/","og_locale":"pt_BR","og_type":"article","og_title":"OAB e MEC estudam nova pol\u00edtica regulat\u00f3ria de ensino jur\u00eddico - Fl\u00e1vio Braga","og_description":"O presidente nacional da Ordem dos Advogados do Brasil (OAB), Marcus Vinicius Furtado, e o ministro da Educa\u00e7\u00e3o, Aloizio Mercadante, [&hellip;]","og_url":"https:\/\/www.blogsoestado.com\/flaviobraga\/oab-e-mec-estudam-nova-politica-regulatoria-de-ensino-juridico\/","og_site_name":"Fl\u00e1vio Braga","article_published_time":"2013-02-20T16:06:48+00:00","author":"Flavio Braga","twitter_card":"summary_large_image","twitter_misc":{"Escrito por":"Flavio Braga","Est. tempo de leitura":"2 minutos"},"schema":{"@context":"https:\/\/schema.org","@graph":[{"@type":"WebPage","@id":"https:\/\/www.blogsoestado.com\/flaviobraga\/oab-e-mec-estudam-nova-politica-regulatoria-de-ensino-juridico\/","url":"https:\/\/www.blogsoestado.com\/flaviobraga\/oab-e-mec-estudam-nova-politica-regulatoria-de-ensino-juridico\/","name":"OAB e MEC estudam nova pol\u00edtica regulat\u00f3ria de ensino jur\u00eddico - Fl\u00e1vio Braga","isPartOf":{"@id":"https:\/\/www.blogsoestado.com\/flaviobraga\/#website"},"datePublished":"2013-02-20T16:06:48+00:00","author":{"@id":"https:\/\/www.blogsoestado.com\/flaviobraga\/#\/schema\/person\/6c6c778331775c757a82d15206bd8733"},"breadcrumb":{"@id":"https:\/\/www.blogsoestado.com\/flaviobraga\/oab-e-mec-estudam-nova-politica-regulatoria-de-ensino-juridico\/#breadcrumb"},"inLanguage":"pt-BR","potentialAction":[{"@type":"ReadAction","target":["https:\/\/www.blogsoestado.com\/flaviobraga\/oab-e-mec-estudam-nova-politica-regulatoria-de-ensino-juridico\/"]}]},{"@type":"BreadcrumbList","@id":"https:\/\/www.blogsoestado.com\/flaviobraga\/oab-e-mec-estudam-nova-politica-regulatoria-de-ensino-juridico\/#breadcrumb","itemListElement":[{"@type":"ListItem","position":1,"name":"In\u00edcio","item":"https:\/\/www.blogsoestado.com\/flaviobraga\/"},{"@type":"ListItem","position":2,"name":"OAB e MEC estudam nova pol\u00edtica regulat\u00f3ria de ensino jur\u00eddico"}]},{"@type":"WebSite","@id":"https:\/\/www.blogsoestado.com\/flaviobraga\/#website","url":"https:\/\/www.blogsoestado.com\/flaviobraga\/","name":"Fl\u00e1vio Braga","description":"","potentialAction":[{"@type":"SearchAction","target":{"@type":"EntryPoint","urlTemplate":"https:\/\/www.blogsoestado.com\/flaviobraga\/?s={search_term_string}"},"query-input":{"@type":"PropertyValueSpecification","valueRequired":true,"valueName":"search_term_string"}}],"inLanguage":"pt-BR"},{"@type":"Person","@id":"https:\/\/www.blogsoestado.com\/flaviobraga\/#\/schema\/person\/6c6c778331775c757a82d15206bd8733","name":"Flavio Braga","image":{"@type":"ImageObject","inLanguage":"pt-BR","@id":"https:\/\/www.blogsoestado.com\/flaviobraga\/#\/schema\/person\/image\/","url":"https:\/\/secure.gravatar.com\/avatar\/ab173937dad8d78195c87778be8a0285d069ede375ce0ae24aac1cf8e58ccb2c?s=96&d=mm&r=g","contentUrl":"https:\/\/secure.gravatar.com\/avatar\/ab173937dad8d78195c87778be8a0285d069ede375ce0ae24aac1cf8e58ccb2c?s=96&d=mm&r=g","caption":"Flavio Braga"},"url":"https:\/\/www.blogsoestado.com\/flaviobraga\/author\/flaviobraga\/"}]}},"jetpack_featured_media_url":"","_links":{"self":[{"href":"https:\/\/www.blogsoestado.com\/flaviobraga\/wp-json\/wp\/v2\/posts\/2071","targetHints":{"allow":["GET"]}}],"collection":[{"href":"https:\/\/www.blogsoestado.com\/flaviobraga\/wp-json\/wp\/v2\/posts"}],"about":[{"href":"https:\/\/www.blogsoestado.com\/flaviobraga\/wp-json\/wp\/v2\/types\/post"}],"author":[{"embeddable":true,"href":"https:\/\/www.blogsoestado.com\/flaviobraga\/wp-json\/wp\/v2\/users\/8"}],"replies":[{"embeddable":true,"href":"https:\/\/www.blogsoestado.com\/flaviobraga\/wp-json\/wp\/v2\/comments?post=2071"}],"version-history":[{"count":0,"href":"https:\/\/www.blogsoestado.com\/flaviobraga\/wp-json\/wp\/v2\/posts\/2071\/revisions"}],"wp:attachment":[{"href":"https:\/\/www.blogsoestado.com\/flaviobraga\/wp-json\/wp\/v2\/media?parent=2071"}],"wp:term":[{"taxonomy":"category","embeddable":true,"href":"https:\/\/www.blogsoestado.com\/flaviobraga\/wp-json\/wp\/v2\/categories?post=2071"},{"taxonomy":"post_tag","embeddable":true,"href":"https:\/\/www.blogsoestado.com\/flaviobraga\/wp-json\/wp\/v2\/tags?post=2071"}],"curies":[{"name":"wp","href":"https:\/\/api.w.org\/{rel}","templated":true}]}}