{"id":2073,"date":"2013-02-20T13:09:10","date_gmt":"2013-02-20T16:09:10","guid":{"rendered":"https:\/\/www.blogsoestado.com\/flaviobraga\/?p=2073"},"modified":"2013-02-20T13:09:10","modified_gmt":"2013-02-20T16:09:10","slug":"tre-demonstrara-na-assembleia-legislativa-como-vai-implantar-a-biometria-em-mais-9-municipios","status":"publish","type":"post","link":"https:\/\/www.blogsoestado.com\/flaviobraga\/tre-demonstrara-na-assembleia-legislativa-como-vai-implantar-a-biometria-em-mais-9-municipios\/","title":{"rendered":"TRE demonstrar\u00e1 na Assembleia Legislativa como vai implantar a biometria em mais 9 munic\u00edpios"},"content":{"rendered":"<p>Quinta, dia 21, \u00e0s 11h, o staff do Tribunal Regional Eleitoral do Maranh\u00e3o estar\u00e1 no plen\u00e1rio da Assembleia Legislativa para, em audi\u00eancia p\u00fablica espec\u00edfica, apresentar o projeto de implanta\u00e7\u00e3o do recadastramento biom\u00e9trico em mais 9 munic\u00edpios do estado, incluindo S\u00e3o Lu\u00eds, que tem 678.070 eleitores.<\/p>\n<p>O convite\u00a0foi feito pelo presidente do \u00f3rg\u00e3o, deputado estadual Arnaldo Melo. Na tarde desta ter\u00e7a-feira, 19, o desembargador Jos\u00e9 Bernardo Silva Rodrigues (vice-presidente, corregedor e ouvidor do TRE-MA) estendeu o convite da Assembleia a todos os servidores do Regional e ao p\u00fablico interessado.<\/p>\n<p>\u201cO TRE estar\u00e1 na Assembleia dispon\u00edvel para prestar os devidos esclarecimentos acerca da revis\u00e3o do eleitorado de 9 cidades atrav\u00e9s do recadastramento biom\u00e9trico. Todos est\u00e3o convidados\u201d, disse o membro da Corte.<\/p>\n<p>Evento id\u00eantico ser\u00e1 realizado na C\u00e2mara Municipal de S\u00e3o Lu\u00eds no dia 4 de mar\u00e7o. A identifica\u00e7\u00e3o biom\u00e9trica do eleitor assegura que uma pessoa n\u00e3o se passe por outra na hora de votar. Com a biometria diminuem os riscos de fraudes nos procedimentos de vota\u00e7\u00e3o e fica reduzido o tempo m\u00e9dio de espera do eleitor na fila.<\/p>\n<p><strong>Agendamento<\/strong><\/p>\n<p>O eleitor ludovicense pode agendar o dia e hor\u00e1rio em que quer fazer seu recadastro biom\u00e9trico &#8211; que come\u00e7a no dia 4 de mar\u00e7o e vai at\u00e9 19 de dezembro de 2013 &#8211; acessando o site do Tribunal Regional Eleitoral do Maranh\u00e3o (<a href=\"http:\/\/www.tre-ma.jus.br\/\">www.tre-ma.jus.br<\/a>) ou ligando para o Disque Eleitor (0800 098 5000).<\/p>\n<p>Para o agendamento, basta o eleitor identificar no sistema o n\u00famero de sua inscri\u00e7\u00e3o eleitoral ou nome completo, confirmar os dados que aparecem na tela e comparecer no dia e hora marcados (com anteced\u00eancia de 30 minutos).<\/p>\n<p>O eleitor deve comparecer no local escolhido com a c\u00f3pia e original de documento de identidade e de comprovante de resid\u00eancia (conta de \u00e1gua, luz, telefone, correspond\u00eancia oficial). Os homens nascidos at\u00e9 31\/12\/1993 &#8211; que ir\u00e3o tirar t\u00edtulo pela 1\u00aa vez, s\u00e3o obrigados a apresentar tamb\u00e9m c\u00f3pia e original do comprovante de quita\u00e7\u00e3o militar.<\/p>\n<p>Se for eleitor de outro munic\u00edpio e quiser transferir o t\u00edtulo para S\u00e3o Lu\u00eds, ele deve comprovar que reside na capital h\u00e1 mais de 3 meses (comprovante de no m\u00e1ximo 1 ano). O n\u00e3o comparecimento no dia e hor\u00e1rio marcado acarretar\u00e1 no cancelamento do agendamento, o que implica em marca\u00e7\u00e3o de um novo.<\/p>\n<p><strong>Cidades<\/strong><\/p>\n<p>As cidades do Maranh\u00e3o que passar\u00e3o a usar a biometria na hora de votar em 2014 s\u00e3o: S\u00e3o Lu\u00eds (678.070 eleitores), S\u00e3o Jos\u00e9 de Ribamar (91.033 eleitores), Barra do Corda (56.620 eleitores), Timbiras (19.224 eleitores), Jenipapo dos Vieiras (11.083 eleitores) e Fernando Falc\u00e3o (6.597 eleitores).<\/p>\n<p>Se o Tribunal Superior Eleitoral autorizar, tamb\u00e9m utilizar\u00e3o a biometria os munic\u00edpios de Coroat\u00e1 (45.340 eleitores) Pirapemas (12.603 eleitores) e Peritor\u00f3 (15.918 eleitores).<\/p>\n<p>Os munic\u00edpios que j\u00e1 usam a biometria s\u00e3o: Raposa (14.710 eleitores), Pa\u00e7o do Lumiar (47.422 eleitores), Cajapi\u00f3 (7.689 eleitores), S\u00e3o Vicente de F\u00e9rrer (13.726 eleitores), S\u00e3o Jo\u00e3o Batista (16.089 eleitores) e Benedito Leite (3.474 eleitores).<\/p>\n","protected":false},"excerpt":{"rendered":"<p>Quinta, dia 21, \u00e0s 11h, o staff do Tribunal Regional Eleitoral do Maranh\u00e3o estar\u00e1 no plen\u00e1rio da Assembleia Legislativa para, [&hellip;]<\/p>\n","protected":false},"author":8,"featured_media":0,"comment_status":"open","ping_status":"open","sticky":false,"template":"","format":"standard","meta":{"site-sidebar-layout":"default","site-content-layout":"","ast-site-content-layout":"default","site-content-style":"default","site-sidebar-style":"default","ast-global-header-display":"","ast-banner-title-visibility":"","ast-main-header-display":"","ast-hfb-above-header-display":"","ast-hfb-below-header-display":"","ast-hfb-mobile-header-display":"","site-post-title":"","ast-breadcrumbs-content":"","ast-featured-img":"","footer-sml-layout":"","ast-disable-related-posts":"","theme-transparent-header-meta":"","adv-header-id-meta":"","stick-header-meta":"","header-above-stick-meta":"","header-main-stick-meta":"","header-below-stick-meta":"","astra-migrate-meta-layouts":"default","ast-page-background-enabled":"default","ast-page-background-meta":{"desktop":{"background-color":"var(--ast-global-color-5)","background-image":"","background-repeat":"repeat","background-position":"center center","background-size":"auto","background-attachment":"scroll","background-type":"","background-media":"","overlay-type":"","overlay-color":"","overlay-opacity":"","overlay-gradient":""},"tablet":{"background-color":"","background-image":"","background-repeat":"repeat","background-position":"center center","background-size":"auto","background-attachment":"scroll","background-type":"","background-media":"","overlay-type":"","overlay-color":"","overlay-opacity":"","overlay-gradient":""},"mobile":{"background-color":"","background-image":"","background-repeat":"repeat","background-position":"center center","background-size":"auto","background-attachment":"scroll","background-type":"","background-media":"","overlay-type":"","overlay-color":"","overlay-opacity":"","overlay-gradient":""}},"ast-content-background-meta":{"desktop":{"background-color":"var(--ast-global-color-4)","background-image":"","background-repeat":"repeat","background-position":"center center","background-size":"auto","background-attachment":"scroll","background-type":"","background-media":"","overlay-type":"","overlay-color":"","overlay-opacity":"","overlay-gradient":""},"tablet":{"background-color":"var(--ast-global-color-4)","background-image":"","background-repeat":"repeat","background-position":"center center","background-size":"auto","background-attachment":"scroll","background-type":"","background-media":"","overlay-type":"","overlay-color":"","overlay-opacity":"","overlay-gradient":""},"mobile":{"background-color":"var(--ast-global-color-4)","background-image":"","background-repeat":"repeat","background-position":"center center","background-size":"auto","background-attachment":"scroll","background-type":"","background-media":"","overlay-type":"","overlay-color":"","overlay-opacity":"","overlay-gradient":""}},"footnotes":""},"categories":[1],"tags":[],"class_list":["post-2073","post","type-post","status-publish","format-standard","hentry","category-sem-categoria"],"yoast_head":"<!-- This site is optimized with the Yoast SEO plugin v26.6 - https:\/\/yoast.com\/wordpress\/plugins\/seo\/ -->\n<title>TRE demonstrar\u00e1 na Assembleia Legislativa como vai implantar a biometria em mais 9 munic\u00edpios - Fl\u00e1vio Braga<\/title>\n<meta name=\"robots\" content=\"index, follow, max-snippet:-1, max-image-preview:large, max-video-preview:-1\" \/>\n<link rel=\"canonical\" href=\"https:\/\/www.blogsoestado.com\/flaviobraga\/tre-demonstrara-na-assembleia-legislativa-como-vai-implantar-a-biometria-em-mais-9-municipios\/\" \/>\n<meta property=\"og:locale\" content=\"pt_BR\" \/>\n<meta property=\"og:type\" content=\"article\" \/>\n<meta property=\"og:title\" content=\"TRE demonstrar\u00e1 na Assembleia Legislativa como vai implantar a biometria em mais 9 munic\u00edpios - Fl\u00e1vio Braga\" \/>\n<meta property=\"og:description\" content=\"Quinta, dia 21, \u00e0s 11h, o staff do Tribunal Regional Eleitoral do Maranh\u00e3o estar\u00e1 no plen\u00e1rio da Assembleia Legislativa para, [&hellip;]\" \/>\n<meta property=\"og:url\" content=\"https:\/\/www.blogsoestado.com\/flaviobraga\/tre-demonstrara-na-assembleia-legislativa-como-vai-implantar-a-biometria-em-mais-9-municipios\/\" \/>\n<meta property=\"og:site_name\" content=\"Fl\u00e1vio Braga\" \/>\n<meta property=\"article:published_time\" content=\"2013-02-20T16:09:10+00:00\" \/>\n<meta name=\"author\" content=\"Flavio Braga\" \/>\n<meta name=\"twitter:card\" content=\"summary_large_image\" \/>\n<meta name=\"twitter:label1\" content=\"Escrito por\" \/>\n\t<meta name=\"twitter:data1\" content=\"Flavio Braga\" \/>\n\t<meta name=\"twitter:label2\" content=\"Est. tempo de leitura\" \/>\n\t<meta name=\"twitter:data2\" content=\"3 minutos\" \/>\n<script type=\"application\/ld+json\" class=\"yoast-schema-graph\">{\"@context\":\"https:\/\/schema.org\",\"@graph\":[{\"@type\":\"WebPage\",\"@id\":\"https:\/\/www.blogsoestado.com\/flaviobraga\/tre-demonstrara-na-assembleia-legislativa-como-vai-implantar-a-biometria-em-mais-9-municipios\/\",\"url\":\"https:\/\/www.blogsoestado.com\/flaviobraga\/tre-demonstrara-na-assembleia-legislativa-como-vai-implantar-a-biometria-em-mais-9-municipios\/\",\"name\":\"TRE demonstrar\u00e1 na Assembleia Legislativa como vai implantar a biometria em mais 9 munic\u00edpios - Fl\u00e1vio Braga\",\"isPartOf\":{\"@id\":\"https:\/\/www.blogsoestado.com\/flaviobraga\/#website\"},\"datePublished\":\"2013-02-20T16:09:10+00:00\",\"author\":{\"@id\":\"https:\/\/www.blogsoestado.com\/flaviobraga\/#\/schema\/person\/6c6c778331775c757a82d15206bd8733\"},\"breadcrumb\":{\"@id\":\"https:\/\/www.blogsoestado.com\/flaviobraga\/tre-demonstrara-na-assembleia-legislativa-como-vai-implantar-a-biometria-em-mais-9-municipios\/#breadcrumb\"},\"inLanguage\":\"pt-BR\",\"potentialAction\":[{\"@type\":\"ReadAction\",\"target\":[\"https:\/\/www.blogsoestado.com\/flaviobraga\/tre-demonstrara-na-assembleia-legislativa-como-vai-implantar-a-biometria-em-mais-9-municipios\/\"]}]},{\"@type\":\"BreadcrumbList\",\"@id\":\"https:\/\/www.blogsoestado.com\/flaviobraga\/tre-demonstrara-na-assembleia-legislativa-como-vai-implantar-a-biometria-em-mais-9-municipios\/#breadcrumb\",\"itemListElement\":[{\"@type\":\"ListItem\",\"position\":1,\"name\":\"In\u00edcio\",\"item\":\"https:\/\/www.blogsoestado.com\/flaviobraga\/\"},{\"@type\":\"ListItem\",\"position\":2,\"name\":\"TRE demonstrar\u00e1 na Assembleia Legislativa como vai implantar a biometria em mais 9 munic\u00edpios\"}]},{\"@type\":\"WebSite\",\"@id\":\"https:\/\/www.blogsoestado.com\/flaviobraga\/#website\",\"url\":\"https:\/\/www.blogsoestado.com\/flaviobraga\/\",\"name\":\"Fl\u00e1vio Braga\",\"description\":\"\",\"potentialAction\":[{\"@type\":\"SearchAction\",\"target\":{\"@type\":\"EntryPoint\",\"urlTemplate\":\"https:\/\/www.blogsoestado.com\/flaviobraga\/?s={search_term_string}\"},\"query-input\":{\"@type\":\"PropertyValueSpecification\",\"valueRequired\":true,\"valueName\":\"search_term_string\"}}],\"inLanguage\":\"pt-BR\"},{\"@type\":\"Person\",\"@id\":\"https:\/\/www.blogsoestado.com\/flaviobraga\/#\/schema\/person\/6c6c778331775c757a82d15206bd8733\",\"name\":\"Flavio Braga\",\"image\":{\"@type\":\"ImageObject\",\"inLanguage\":\"pt-BR\",\"@id\":\"https:\/\/www.blogsoestado.com\/flaviobraga\/#\/schema\/person\/image\/\",\"url\":\"https:\/\/secure.gravatar.com\/avatar\/ab173937dad8d78195c87778be8a0285d069ede375ce0ae24aac1cf8e58ccb2c?s=96&d=mm&r=g\",\"contentUrl\":\"https:\/\/secure.gravatar.com\/avatar\/ab173937dad8d78195c87778be8a0285d069ede375ce0ae24aac1cf8e58ccb2c?s=96&d=mm&r=g\",\"caption\":\"Flavio Braga\"},\"url\":\"https:\/\/www.blogsoestado.com\/flaviobraga\/author\/flaviobraga\/\"}]}<\/script>\n<!-- \/ Yoast SEO plugin. -->","yoast_head_json":{"title":"TRE demonstrar\u00e1 na Assembleia Legislativa como vai implantar a biometria em mais 9 munic\u00edpios - Fl\u00e1vio Braga","robots":{"index":"index","follow":"follow","max-snippet":"max-snippet:-1","max-image-preview":"max-image-preview:large","max-video-preview":"max-video-preview:-1"},"canonical":"https:\/\/www.blogsoestado.com\/flaviobraga\/tre-demonstrara-na-assembleia-legislativa-como-vai-implantar-a-biometria-em-mais-9-municipios\/","og_locale":"pt_BR","og_type":"article","og_title":"TRE demonstrar\u00e1 na Assembleia Legislativa como vai implantar a biometria em mais 9 munic\u00edpios - Fl\u00e1vio Braga","og_description":"Quinta, dia 21, \u00e0s 11h, o staff do Tribunal Regional Eleitoral do Maranh\u00e3o estar\u00e1 no plen\u00e1rio da Assembleia Legislativa para, [&hellip;]","og_url":"https:\/\/www.blogsoestado.com\/flaviobraga\/tre-demonstrara-na-assembleia-legislativa-como-vai-implantar-a-biometria-em-mais-9-municipios\/","og_site_name":"Fl\u00e1vio Braga","article_published_time":"2013-02-20T16:09:10+00:00","author":"Flavio Braga","twitter_card":"summary_large_image","twitter_misc":{"Escrito por":"Flavio Braga","Est. tempo de leitura":"3 minutos"},"schema":{"@context":"https:\/\/schema.org","@graph":[{"@type":"WebPage","@id":"https:\/\/www.blogsoestado.com\/flaviobraga\/tre-demonstrara-na-assembleia-legislativa-como-vai-implantar-a-biometria-em-mais-9-municipios\/","url":"https:\/\/www.blogsoestado.com\/flaviobraga\/tre-demonstrara-na-assembleia-legislativa-como-vai-implantar-a-biometria-em-mais-9-municipios\/","name":"TRE demonstrar\u00e1 na Assembleia Legislativa como vai implantar a biometria em mais 9 munic\u00edpios - Fl\u00e1vio Braga","isPartOf":{"@id":"https:\/\/www.blogsoestado.com\/flaviobraga\/#website"},"datePublished":"2013-02-20T16:09:10+00:00","author":{"@id":"https:\/\/www.blogsoestado.com\/flaviobraga\/#\/schema\/person\/6c6c778331775c757a82d15206bd8733"},"breadcrumb":{"@id":"https:\/\/www.blogsoestado.com\/flaviobraga\/tre-demonstrara-na-assembleia-legislativa-como-vai-implantar-a-biometria-em-mais-9-municipios\/#breadcrumb"},"inLanguage":"pt-BR","potentialAction":[{"@type":"ReadAction","target":["https:\/\/www.blogsoestado.com\/flaviobraga\/tre-demonstrara-na-assembleia-legislativa-como-vai-implantar-a-biometria-em-mais-9-municipios\/"]}]},{"@type":"BreadcrumbList","@id":"https:\/\/www.blogsoestado.com\/flaviobraga\/tre-demonstrara-na-assembleia-legislativa-como-vai-implantar-a-biometria-em-mais-9-municipios\/#breadcrumb","itemListElement":[{"@type":"ListItem","position":1,"name":"In\u00edcio","item":"https:\/\/www.blogsoestado.com\/flaviobraga\/"},{"@type":"ListItem","position":2,"name":"TRE demonstrar\u00e1 na Assembleia Legislativa como vai implantar a biometria em mais 9 munic\u00edpios"}]},{"@type":"WebSite","@id":"https:\/\/www.blogsoestado.com\/flaviobraga\/#website","url":"https:\/\/www.blogsoestado.com\/flaviobraga\/","name":"Fl\u00e1vio Braga","description":"","potentialAction":[{"@type":"SearchAction","target":{"@type":"EntryPoint","urlTemplate":"https:\/\/www.blogsoestado.com\/flaviobraga\/?s={search_term_string}"},"query-input":{"@type":"PropertyValueSpecification","valueRequired":true,"valueName":"search_term_string"}}],"inLanguage":"pt-BR"},{"@type":"Person","@id":"https:\/\/www.blogsoestado.com\/flaviobraga\/#\/schema\/person\/6c6c778331775c757a82d15206bd8733","name":"Flavio Braga","image":{"@type":"ImageObject","inLanguage":"pt-BR","@id":"https:\/\/www.blogsoestado.com\/flaviobraga\/#\/schema\/person\/image\/","url":"https:\/\/secure.gravatar.com\/avatar\/ab173937dad8d78195c87778be8a0285d069ede375ce0ae24aac1cf8e58ccb2c?s=96&d=mm&r=g","contentUrl":"https:\/\/secure.gravatar.com\/avatar\/ab173937dad8d78195c87778be8a0285d069ede375ce0ae24aac1cf8e58ccb2c?s=96&d=mm&r=g","caption":"Flavio Braga"},"url":"https:\/\/www.blogsoestado.com\/flaviobraga\/author\/flaviobraga\/"}]}},"jetpack_featured_media_url":"","_links":{"self":[{"href":"https:\/\/www.blogsoestado.com\/flaviobraga\/wp-json\/wp\/v2\/posts\/2073","targetHints":{"allow":["GET"]}}],"collection":[{"href":"https:\/\/www.blogsoestado.com\/flaviobraga\/wp-json\/wp\/v2\/posts"}],"about":[{"href":"https:\/\/www.blogsoestado.com\/flaviobraga\/wp-json\/wp\/v2\/types\/post"}],"author":[{"embeddable":true,"href":"https:\/\/www.blogsoestado.com\/flaviobraga\/wp-json\/wp\/v2\/users\/8"}],"replies":[{"embeddable":true,"href":"https:\/\/www.blogsoestado.com\/flaviobraga\/wp-json\/wp\/v2\/comments?post=2073"}],"version-history":[{"count":0,"href":"https:\/\/www.blogsoestado.com\/flaviobraga\/wp-json\/wp\/v2\/posts\/2073\/revisions"}],"wp:attachment":[{"href":"https:\/\/www.blogsoestado.com\/flaviobraga\/wp-json\/wp\/v2\/media?parent=2073"}],"wp:term":[{"taxonomy":"category","embeddable":true,"href":"https:\/\/www.blogsoestado.com\/flaviobraga\/wp-json\/wp\/v2\/categories?post=2073"},{"taxonomy":"post_tag","embeddable":true,"href":"https:\/\/www.blogsoestado.com\/flaviobraga\/wp-json\/wp\/v2\/tags?post=2073"}],"curies":[{"name":"wp","href":"https:\/\/api.w.org\/{rel}","templated":true}]}}