{"id":2078,"date":"2013-02-22T18:37:08","date_gmt":"2013-02-22T21:37:08","guid":{"rendered":"https:\/\/www.blogsoestado.com\/flaviobraga\/?p=2078"},"modified":"2013-02-22T18:37:08","modified_gmt":"2013-02-22T21:37:08","slug":"marlon-reis-dirceu-esta-desqualificado-para-fazer-analise-da-lei-da-ficha-limpa","status":"publish","type":"post","link":"https:\/\/www.blogsoestado.com\/flaviobraga\/marlon-reis-dirceu-esta-desqualificado-para-fazer-analise-da-lei-da-ficha-limpa\/","title":{"rendered":"M\u00e1rlon Reis: \u201cDirceu est\u00e1 desqualificado para fazer an\u00e1lise da Lei da Ficha Limpa\u201d"},"content":{"rendered":"<p>RIO &#8211; O juiz eleitoral M\u00e1rlon Reis, do Movimento de Combate \u00e0 Corrup\u00e7\u00e3o Eleitoral (MCCE), rebateu nesta sexta-feira as declara\u00e7\u00f5es do ex-ministro da Casa Civil Jos\u00e9 Dirceu.<\/p>\n<p>Em evento na cidade catarinense de Chapec\u00f3, na quinta-feira, o <a href=\"http:\/\/oglobo.globo.com\/pais\/dirceu-lei-da-ficha-limpa-completamente-absurda-7643646\">petista afirmou que a Lei da Ficha Limpa \u00e9 completamente absurda<\/a>. O MCCE foi o movimento que recolheu assinaturas e pressionou pela aprova\u00e7\u00e3o da nova regra.<\/p>\n<p>&#8211; O Jos\u00e9 Dirceu est\u00e1 desqualificado para fazer uma an\u00e1lise mais correta desta lei, j\u00e1 que ele est\u00e1 condenado pelo Supremo Tribunal Federal e enquadrado nela &#8211; disse M\u00e1rlon, que atua na 58\u00aa Zona Eleitoral do Maranh\u00e3o.<\/p>\n<p>Dirceu, apontado como mandante do esquema do mensal\u00e3o, foi condenado no Supremo Tribunal Federal (STF) a 10 anos e 10 meses de pris\u00e3o, mais multa de R$ 676 mil, por forma\u00e7\u00e3o de quadrilha e corrup\u00e7\u00e3o ativa.<\/p>\n<p>M\u00e1rlon reagiu \u00e0 declara\u00e7\u00e3o do petista que, durante o evento em Chapec\u00f3, surpreendeu uma plateia de aproximadamente cem militantes petistas ao criticar a Lei da Ficha Limpa.<\/p>\n<p>&#8211; Criaram a Lei da Ficha Limpa, que \u00e9 uma lei completamente absurda. Porque ela retroagiu. No Brasil, pela Constitui\u00e7\u00e3o, voc\u00ea s\u00f3 pode ser considerado culpado quando transitado em julgado na \u00faltima inst\u00e2ncia&#8230; S\u00f3 que, agora, vale na segunda inst\u00e2ncia. At\u00e9 mesmo quando \u00e9 na primeira inst\u00e2ncia, j\u00e1 est\u00e1 eliminado &#8211; disse Dirceu.<\/p>\n<p>Segundo M\u00e1rlon, esse epis\u00f3dio com Dirceu mostra como a lei tem o impacto real na pol\u00edtica brasileira:<\/p>\n<p>&#8211; Ele mesmo foi afetado pela lei e n\u00e3o tem qualifica\u00e7\u00e3o para analis\u00e1-la porque ele sofre o impacto dela. Acertamos e cada vez nos convencemos mais disso. O que ele diz s\u00e3o palavras marcadas pela parcialidade inerente aos que s\u00e3o submetidos \u00e0 aplica\u00e7\u00e3o da lei.<\/p>\n<p><strong>\u2018Ele tem o transtorno obsessivo compulsivo de tentar denegrir o STF\u2019<\/strong><\/p>\n<p>Fundador do Movimento 31 de Julho, grupo que organizou v\u00e1rios atos que pediam agilidade no julgamento do mensal\u00e3o, Marcelo Medeiros recorreu a uma express\u00e3o utilizada por um ministro do Supremo para comentar a declara\u00e7\u00e3o de Dirceu:<\/p>\n<p>&#8211; Como costuma dizer o ministro Marco Aur\u00e9lio Mello, isso \u00e9 o <em>jus sperniandi<\/em>, \u00e9 o direito de ele espernear. Ele pode espernear o quanto quiser. J\u00e1 foi decidido pela Suprema Corte a constitucionalidade da Lei da Ficha Limpa. Essa \u00e9 uma opini\u00e3o pessoal de Dirceu, nada t\u00e9cnica.<\/p>\n<p>Segundo Marcelo, essa \u00e9 mais uma tentativa de Dirceu de denegrir o STF:<\/p>\n<p>&#8211; Ele tem esse transtorno obsessivo compulsivo de tentar denegrir o STF em causa pr\u00f3pria. Ele n\u00e3o est\u00e1 falando do que \u00e9 bom do ponto de vista da sociedade, mas do que \u00e9 bom para ele. \u00c9 muito estranho que, com o passado que ele tem, venha agora levantar a bandeira contra a sociedade, porque essa lei nasceu na sociedade.<\/p>\n","protected":false},"excerpt":{"rendered":"<p>RIO &#8211; O juiz eleitoral M\u00e1rlon Reis, do Movimento de Combate \u00e0 Corrup\u00e7\u00e3o Eleitoral (MCCE), rebateu nesta sexta-feira as declara\u00e7\u00f5es [&hellip;]<\/p>\n","protected":false},"author":8,"featured_media":0,"comment_status":"open","ping_status":"open","sticky":false,"template":"","format":"standard","meta":{"site-sidebar-layout":"default","site-content-layout":"","ast-site-content-layout":"default","site-content-style":"default","site-sidebar-style":"default","ast-global-header-display":"","ast-banner-title-visibility":"","ast-main-header-display":"","ast-hfb-above-header-display":"","ast-hfb-below-header-display":"","ast-hfb-mobile-header-display":"","site-post-title":"","ast-breadcrumbs-content":"","ast-featured-img":"","footer-sml-layout":"","ast-disable-related-posts":"","theme-transparent-header-meta":"","adv-header-id-meta":"","stick-header-meta":"","header-above-stick-meta":"","header-main-stick-meta":"","header-below-stick-meta":"","astra-migrate-meta-layouts":"default","ast-page-background-enabled":"default","ast-page-background-meta":{"desktop":{"background-color":"var(--ast-global-color-5)","background-image":"","background-repeat":"repeat","background-position":"center center","background-size":"auto","background-attachment":"scroll","background-type":"","background-media":"","overlay-type":"","overlay-color":"","overlay-opacity":"","overlay-gradient":""},"tablet":{"background-color":"","background-image":"","background-repeat":"repeat","background-position":"center center","background-size":"auto","background-attachment":"scroll","background-type":"","background-media":"","overlay-type":"","overlay-color":"","overlay-opacity":"","overlay-gradient":""},"mobile":{"background-color":"","background-image":"","background-repeat":"repeat","background-position":"center center","background-size":"auto","background-attachment":"scroll","background-type":"","background-media":"","overlay-type":"","overlay-color":"","overlay-opacity":"","overlay-gradient":""}},"ast-content-background-meta":{"desktop":{"background-color":"var(--ast-global-color-4)","background-image":"","background-repeat":"repeat","background-position":"center center","background-size":"auto","background-attachment":"scroll","background-type":"","background-media":"","overlay-type":"","overlay-color":"","overlay-opacity":"","overlay-gradient":""},"tablet":{"background-color":"var(--ast-global-color-4)","background-image":"","background-repeat":"repeat","background-position":"center center","background-size":"auto","background-attachment":"scroll","background-type":"","background-media":"","overlay-type":"","overlay-color":"","overlay-opacity":"","overlay-gradient":""},"mobile":{"background-color":"var(--ast-global-color-4)","background-image":"","background-repeat":"repeat","background-position":"center center","background-size":"auto","background-attachment":"scroll","background-type":"","background-media":"","overlay-type":"","overlay-color":"","overlay-opacity":"","overlay-gradient":""}},"footnotes":""},"categories":[1],"tags":[],"class_list":["post-2078","post","type-post","status-publish","format-standard","hentry","category-sem-categoria"],"yoast_head":"<!-- This site is optimized with the Yoast SEO plugin v26.6 - https:\/\/yoast.com\/wordpress\/plugins\/seo\/ -->\n<title>M\u00e1rlon Reis: \u201cDirceu est\u00e1 desqualificado para fazer an\u00e1lise da Lei da Ficha Limpa\u201d - Fl\u00e1vio Braga<\/title>\n<meta name=\"robots\" content=\"index, follow, max-snippet:-1, max-image-preview:large, max-video-preview:-1\" \/>\n<link rel=\"canonical\" href=\"https:\/\/www.blogsoestado.com\/flaviobraga\/marlon-reis-dirceu-esta-desqualificado-para-fazer-analise-da-lei-da-ficha-limpa\/\" \/>\n<meta property=\"og:locale\" content=\"pt_BR\" \/>\n<meta property=\"og:type\" content=\"article\" \/>\n<meta property=\"og:title\" content=\"M\u00e1rlon Reis: \u201cDirceu est\u00e1 desqualificado para fazer an\u00e1lise da Lei da Ficha Limpa\u201d - Fl\u00e1vio Braga\" \/>\n<meta property=\"og:description\" content=\"RIO &#8211; O juiz eleitoral M\u00e1rlon Reis, do Movimento de Combate \u00e0 Corrup\u00e7\u00e3o Eleitoral (MCCE), rebateu nesta sexta-feira as declara\u00e7\u00f5es [&hellip;]\" \/>\n<meta property=\"og:url\" content=\"https:\/\/www.blogsoestado.com\/flaviobraga\/marlon-reis-dirceu-esta-desqualificado-para-fazer-analise-da-lei-da-ficha-limpa\/\" \/>\n<meta property=\"og:site_name\" content=\"Fl\u00e1vio Braga\" \/>\n<meta property=\"article:published_time\" content=\"2013-02-22T21:37:08+00:00\" \/>\n<meta name=\"author\" content=\"Flavio Braga\" \/>\n<meta name=\"twitter:card\" content=\"summary_large_image\" \/>\n<meta name=\"twitter:label1\" content=\"Escrito por\" \/>\n\t<meta name=\"twitter:data1\" content=\"Flavio Braga\" \/>\n\t<meta name=\"twitter:label2\" content=\"Est. tempo de leitura\" \/>\n\t<meta name=\"twitter:data2\" content=\"2 minutos\" \/>\n<script type=\"application\/ld+json\" class=\"yoast-schema-graph\">{\"@context\":\"https:\/\/schema.org\",\"@graph\":[{\"@type\":\"WebPage\",\"@id\":\"https:\/\/www.blogsoestado.com\/flaviobraga\/marlon-reis-dirceu-esta-desqualificado-para-fazer-analise-da-lei-da-ficha-limpa\/\",\"url\":\"https:\/\/www.blogsoestado.com\/flaviobraga\/marlon-reis-dirceu-esta-desqualificado-para-fazer-analise-da-lei-da-ficha-limpa\/\",\"name\":\"M\u00e1rlon Reis: \u201cDirceu est\u00e1 desqualificado para fazer an\u00e1lise da Lei da Ficha Limpa\u201d - Fl\u00e1vio Braga\",\"isPartOf\":{\"@id\":\"https:\/\/www.blogsoestado.com\/flaviobraga\/#website\"},\"datePublished\":\"2013-02-22T21:37:08+00:00\",\"author\":{\"@id\":\"https:\/\/www.blogsoestado.com\/flaviobraga\/#\/schema\/person\/6c6c778331775c757a82d15206bd8733\"},\"breadcrumb\":{\"@id\":\"https:\/\/www.blogsoestado.com\/flaviobraga\/marlon-reis-dirceu-esta-desqualificado-para-fazer-analise-da-lei-da-ficha-limpa\/#breadcrumb\"},\"inLanguage\":\"pt-BR\",\"potentialAction\":[{\"@type\":\"ReadAction\",\"target\":[\"https:\/\/www.blogsoestado.com\/flaviobraga\/marlon-reis-dirceu-esta-desqualificado-para-fazer-analise-da-lei-da-ficha-limpa\/\"]}]},{\"@type\":\"BreadcrumbList\",\"@id\":\"https:\/\/www.blogsoestado.com\/flaviobraga\/marlon-reis-dirceu-esta-desqualificado-para-fazer-analise-da-lei-da-ficha-limpa\/#breadcrumb\",\"itemListElement\":[{\"@type\":\"ListItem\",\"position\":1,\"name\":\"In\u00edcio\",\"item\":\"https:\/\/www.blogsoestado.com\/flaviobraga\/\"},{\"@type\":\"ListItem\",\"position\":2,\"name\":\"M\u00e1rlon Reis: \u201cDirceu est\u00e1 desqualificado para fazer an\u00e1lise da Lei da Ficha Limpa\u201d\"}]},{\"@type\":\"WebSite\",\"@id\":\"https:\/\/www.blogsoestado.com\/flaviobraga\/#website\",\"url\":\"https:\/\/www.blogsoestado.com\/flaviobraga\/\",\"name\":\"Fl\u00e1vio Braga\",\"description\":\"\",\"potentialAction\":[{\"@type\":\"SearchAction\",\"target\":{\"@type\":\"EntryPoint\",\"urlTemplate\":\"https:\/\/www.blogsoestado.com\/flaviobraga\/?s={search_term_string}\"},\"query-input\":{\"@type\":\"PropertyValueSpecification\",\"valueRequired\":true,\"valueName\":\"search_term_string\"}}],\"inLanguage\":\"pt-BR\"},{\"@type\":\"Person\",\"@id\":\"https:\/\/www.blogsoestado.com\/flaviobraga\/#\/schema\/person\/6c6c778331775c757a82d15206bd8733\",\"name\":\"Flavio Braga\",\"image\":{\"@type\":\"ImageObject\",\"inLanguage\":\"pt-BR\",\"@id\":\"https:\/\/www.blogsoestado.com\/flaviobraga\/#\/schema\/person\/image\/\",\"url\":\"https:\/\/secure.gravatar.com\/avatar\/ab173937dad8d78195c87778be8a0285d069ede375ce0ae24aac1cf8e58ccb2c?s=96&d=mm&r=g\",\"contentUrl\":\"https:\/\/secure.gravatar.com\/avatar\/ab173937dad8d78195c87778be8a0285d069ede375ce0ae24aac1cf8e58ccb2c?s=96&d=mm&r=g\",\"caption\":\"Flavio Braga\"},\"url\":\"https:\/\/www.blogsoestado.com\/flaviobraga\/author\/flaviobraga\/\"}]}<\/script>\n<!-- \/ Yoast SEO plugin. -->","yoast_head_json":{"title":"M\u00e1rlon Reis: \u201cDirceu est\u00e1 desqualificado para fazer an\u00e1lise da Lei da Ficha Limpa\u201d - Fl\u00e1vio Braga","robots":{"index":"index","follow":"follow","max-snippet":"max-snippet:-1","max-image-preview":"max-image-preview:large","max-video-preview":"max-video-preview:-1"},"canonical":"https:\/\/www.blogsoestado.com\/flaviobraga\/marlon-reis-dirceu-esta-desqualificado-para-fazer-analise-da-lei-da-ficha-limpa\/","og_locale":"pt_BR","og_type":"article","og_title":"M\u00e1rlon Reis: \u201cDirceu est\u00e1 desqualificado para fazer an\u00e1lise da Lei da Ficha Limpa\u201d - Fl\u00e1vio Braga","og_description":"RIO &#8211; O juiz eleitoral M\u00e1rlon Reis, do Movimento de Combate \u00e0 Corrup\u00e7\u00e3o Eleitoral (MCCE), rebateu nesta sexta-feira as declara\u00e7\u00f5es [&hellip;]","og_url":"https:\/\/www.blogsoestado.com\/flaviobraga\/marlon-reis-dirceu-esta-desqualificado-para-fazer-analise-da-lei-da-ficha-limpa\/","og_site_name":"Fl\u00e1vio Braga","article_published_time":"2013-02-22T21:37:08+00:00","author":"Flavio Braga","twitter_card":"summary_large_image","twitter_misc":{"Escrito por":"Flavio Braga","Est. tempo de leitura":"2 minutos"},"schema":{"@context":"https:\/\/schema.org","@graph":[{"@type":"WebPage","@id":"https:\/\/www.blogsoestado.com\/flaviobraga\/marlon-reis-dirceu-esta-desqualificado-para-fazer-analise-da-lei-da-ficha-limpa\/","url":"https:\/\/www.blogsoestado.com\/flaviobraga\/marlon-reis-dirceu-esta-desqualificado-para-fazer-analise-da-lei-da-ficha-limpa\/","name":"M\u00e1rlon Reis: \u201cDirceu est\u00e1 desqualificado para fazer an\u00e1lise da Lei da Ficha Limpa\u201d - Fl\u00e1vio Braga","isPartOf":{"@id":"https:\/\/www.blogsoestado.com\/flaviobraga\/#website"},"datePublished":"2013-02-22T21:37:08+00:00","author":{"@id":"https:\/\/www.blogsoestado.com\/flaviobraga\/#\/schema\/person\/6c6c778331775c757a82d15206bd8733"},"breadcrumb":{"@id":"https:\/\/www.blogsoestado.com\/flaviobraga\/marlon-reis-dirceu-esta-desqualificado-para-fazer-analise-da-lei-da-ficha-limpa\/#breadcrumb"},"inLanguage":"pt-BR","potentialAction":[{"@type":"ReadAction","target":["https:\/\/www.blogsoestado.com\/flaviobraga\/marlon-reis-dirceu-esta-desqualificado-para-fazer-analise-da-lei-da-ficha-limpa\/"]}]},{"@type":"BreadcrumbList","@id":"https:\/\/www.blogsoestado.com\/flaviobraga\/marlon-reis-dirceu-esta-desqualificado-para-fazer-analise-da-lei-da-ficha-limpa\/#breadcrumb","itemListElement":[{"@type":"ListItem","position":1,"name":"In\u00edcio","item":"https:\/\/www.blogsoestado.com\/flaviobraga\/"},{"@type":"ListItem","position":2,"name":"M\u00e1rlon Reis: \u201cDirceu est\u00e1 desqualificado para fazer an\u00e1lise da Lei da Ficha Limpa\u201d"}]},{"@type":"WebSite","@id":"https:\/\/www.blogsoestado.com\/flaviobraga\/#website","url":"https:\/\/www.blogsoestado.com\/flaviobraga\/","name":"Fl\u00e1vio Braga","description":"","potentialAction":[{"@type":"SearchAction","target":{"@type":"EntryPoint","urlTemplate":"https:\/\/www.blogsoestado.com\/flaviobraga\/?s={search_term_string}"},"query-input":{"@type":"PropertyValueSpecification","valueRequired":true,"valueName":"search_term_string"}}],"inLanguage":"pt-BR"},{"@type":"Person","@id":"https:\/\/www.blogsoestado.com\/flaviobraga\/#\/schema\/person\/6c6c778331775c757a82d15206bd8733","name":"Flavio Braga","image":{"@type":"ImageObject","inLanguage":"pt-BR","@id":"https:\/\/www.blogsoestado.com\/flaviobraga\/#\/schema\/person\/image\/","url":"https:\/\/secure.gravatar.com\/avatar\/ab173937dad8d78195c87778be8a0285d069ede375ce0ae24aac1cf8e58ccb2c?s=96&d=mm&r=g","contentUrl":"https:\/\/secure.gravatar.com\/avatar\/ab173937dad8d78195c87778be8a0285d069ede375ce0ae24aac1cf8e58ccb2c?s=96&d=mm&r=g","caption":"Flavio Braga"},"url":"https:\/\/www.blogsoestado.com\/flaviobraga\/author\/flaviobraga\/"}]}},"jetpack_featured_media_url":"","_links":{"self":[{"href":"https:\/\/www.blogsoestado.com\/flaviobraga\/wp-json\/wp\/v2\/posts\/2078","targetHints":{"allow":["GET"]}}],"collection":[{"href":"https:\/\/www.blogsoestado.com\/flaviobraga\/wp-json\/wp\/v2\/posts"}],"about":[{"href":"https:\/\/www.blogsoestado.com\/flaviobraga\/wp-json\/wp\/v2\/types\/post"}],"author":[{"embeddable":true,"href":"https:\/\/www.blogsoestado.com\/flaviobraga\/wp-json\/wp\/v2\/users\/8"}],"replies":[{"embeddable":true,"href":"https:\/\/www.blogsoestado.com\/flaviobraga\/wp-json\/wp\/v2\/comments?post=2078"}],"version-history":[{"count":0,"href":"https:\/\/www.blogsoestado.com\/flaviobraga\/wp-json\/wp\/v2\/posts\/2078\/revisions"}],"wp:attachment":[{"href":"https:\/\/www.blogsoestado.com\/flaviobraga\/wp-json\/wp\/v2\/media?parent=2078"}],"wp:term":[{"taxonomy":"category","embeddable":true,"href":"https:\/\/www.blogsoestado.com\/flaviobraga\/wp-json\/wp\/v2\/categories?post=2078"},{"taxonomy":"post_tag","embeddable":true,"href":"https:\/\/www.blogsoestado.com\/flaviobraga\/wp-json\/wp\/v2\/tags?post=2078"}],"curies":[{"name":"wp","href":"https:\/\/api.w.org\/{rel}","templated":true}]}}