{"id":2080,"date":"2013-02-25T14:02:47","date_gmt":"2013-02-25T17:02:47","guid":{"rendered":"https:\/\/www.blogsoestado.com\/flaviobraga\/?p=2080"},"modified":"2013-02-25T14:02:47","modified_gmt":"2013-02-25T17:02:47","slug":"quem-nao-realizar-o-recadastramento-eleitoral-biometrico-tera-o-titulo-cancelado","status":"publish","type":"post","link":"https:\/\/www.blogsoestado.com\/flaviobraga\/quem-nao-realizar-o-recadastramento-eleitoral-biometrico-tera-o-titulo-cancelado\/","title":{"rendered":"Quem n\u00e3o realizar o recadastramento eleitoral biom\u00e9trico ter\u00e1 o t\u00edtulo cancelado"},"content":{"rendered":"<p><strong>Biometria<\/strong> &#8211; A identifica\u00e7\u00e3o biom\u00e9trica do eleitor assegura que uma pessoa n\u00e3o se passe por outra na hora de votar. Com a biometria, diminuem os riscos de fraudes nos procedimentos de vota\u00e7\u00e3o e fica reduzido o tempo m\u00e9dio de espera do eleitor na fila.<\/p>\n<p>Nove cidades do estado passar\u00e3o pelo procedimento em 2013. S\u00e3o elas: S\u00e3o Lu\u00eds (678.070 eleitores), S\u00e3o Jos\u00e9 de Ribamar (91.033), Barra do Corda (56.620), Timbiras (19.224), Jenipapo dos Vieiras (11.083) e Fernando Falc\u00e3o (6.597), Coroat\u00e1 (45.340), Pirapemas (12.603) e Peritor\u00f3 (15.918).<\/p>\n<p>Outros 6 munic\u00edpios j\u00e1 utilizam a biometria: Raposa (14.710), Pa\u00e7o do Lumiar (47.422), Cajapi\u00f3 (7.689), S\u00e3o Vicente de F\u00e9rrer (13.726), S\u00e3o Jo\u00e3o Batista (16.089) e Benedito Leite (3.474). Neles, nas outras elei\u00e7\u00f5es, nenhum problema de fraude eleitoral foi detectado.<\/p>\n<p><strong>N\u00fameros &#8211;<\/strong>\u00a0At\u00e9 2012, apenas 2,76% (125.772 eleitores) do eleitorado maranhense votou utilizando o sistema biom\u00e9trico. Em 2014, este n\u00famero subir\u00e1 para 23,88%, j\u00e1 que mais 962 mil 934 eleitores devem se cadastrar\u00a0na\u00a0biometria.<\/p>\n<p>A meta do TRE \u00e9 recadastrar em S\u00e3o Lu\u00eds cerca de 2 mil e 300 eleitores por dia. Em 19 de dezembro encerra o prazo para o recadastro. Para realiz\u00e1-lo, \u00e9 necess\u00e1rio agendar dia, hora e local de atendimento ligando para o Disque Eleitor (0800 089 5000) ou acessando o site <a href=\"http:\/\/www.tre-ma.jus.br\">www.tre-ma.jus.br<\/a>.<\/p>\n<p>Para o agendamento, basta o eleitor identificar no sistema o n\u00famero de sua inscri\u00e7\u00e3o eleitoral ou nome completo, confirmar os dados que aparecem na tela e comparecer no dia e hora marcados (com anteced\u00eancia de 30 minutos).<\/p>\n<p>O eleitor deve comparecer no local escolhido com a c\u00f3pia e original de documento de identidade e de comprovante de resid\u00eancia (conta de \u00e1gua, luz, telefone, correspond\u00eancia oficial). Os homens nascidos at\u00e9 31\/12\/1993\u00a0&#8211; que ir\u00e3o tirar t\u00edtulo pela 1\u00aa vez, s\u00e3o obrigados a apresentar tamb\u00e9m c\u00f3pia e original do comprovante de quita\u00e7\u00e3o militar.<\/p>\n<p>Se for eleitor de outro munic\u00edpio e quiser transferir o t\u00edtulo para S\u00e3o Lu\u00eds, ele deve comprovar que reside na capital h\u00e1 mais de 3 meses (comprovante de no m\u00e1ximo 1 ano). O n\u00e3o comparecimento no dia e hor\u00e1rio marcado acarretar\u00e1 no cancelamento do agendamento, o que implica em marca\u00e7\u00e3o de um novo.<\/p>\n","protected":false},"excerpt":{"rendered":"<p>Biometria &#8211; A identifica\u00e7\u00e3o biom\u00e9trica do eleitor assegura que uma pessoa n\u00e3o se passe por outra na hora de votar. [&hellip;]<\/p>\n","protected":false},"author":8,"featured_media":0,"comment_status":"open","ping_status":"open","sticky":false,"template":"","format":"standard","meta":{"site-sidebar-layout":"default","site-content-layout":"","ast-site-content-layout":"default","site-content-style":"default","site-sidebar-style":"default","ast-global-header-display":"","ast-banner-title-visibility":"","ast-main-header-display":"","ast-hfb-above-header-display":"","ast-hfb-below-header-display":"","ast-hfb-mobile-header-display":"","site-post-title":"","ast-breadcrumbs-content":"","ast-featured-img":"","footer-sml-layout":"","ast-disable-related-posts":"","theme-transparent-header-meta":"","adv-header-id-meta":"","stick-header-meta":"","header-above-stick-meta":"","header-main-stick-meta":"","header-below-stick-meta":"","astra-migrate-meta-layouts":"default","ast-page-background-enabled":"default","ast-page-background-meta":{"desktop":{"background-color":"var(--ast-global-color-5)","background-image":"","background-repeat":"repeat","background-position":"center center","background-size":"auto","background-attachment":"scroll","background-type":"","background-media":"","overlay-type":"","overlay-color":"","overlay-opacity":"","overlay-gradient":""},"tablet":{"background-color":"","background-image":"","background-repeat":"repeat","background-position":"center center","background-size":"auto","background-attachment":"scroll","background-type":"","background-media":"","overlay-type":"","overlay-color":"","overlay-opacity":"","overlay-gradient":""},"mobile":{"background-color":"","background-image":"","background-repeat":"repeat","background-position":"center center","background-size":"auto","background-attachment":"scroll","background-type":"","background-media":"","overlay-type":"","overlay-color":"","overlay-opacity":"","overlay-gradient":""}},"ast-content-background-meta":{"desktop":{"background-color":"var(--ast-global-color-4)","background-image":"","background-repeat":"repeat","background-position":"center center","background-size":"auto","background-attachment":"scroll","background-type":"","background-media":"","overlay-type":"","overlay-color":"","overlay-opacity":"","overlay-gradient":""},"tablet":{"background-color":"var(--ast-global-color-4)","background-image":"","background-repeat":"repeat","background-position":"center center","background-size":"auto","background-attachment":"scroll","background-type":"","background-media":"","overlay-type":"","overlay-color":"","overlay-opacity":"","overlay-gradient":""},"mobile":{"background-color":"var(--ast-global-color-4)","background-image":"","background-repeat":"repeat","background-position":"center center","background-size":"auto","background-attachment":"scroll","background-type":"","background-media":"","overlay-type":"","overlay-color":"","overlay-opacity":"","overlay-gradient":""}},"footnotes":""},"categories":[1],"tags":[],"class_list":["post-2080","post","type-post","status-publish","format-standard","hentry","category-sem-categoria"],"yoast_head":"<!-- This site is optimized with the Yoast SEO plugin v26.6 - https:\/\/yoast.com\/wordpress\/plugins\/seo\/ -->\n<title>Quem n\u00e3o realizar o recadastramento eleitoral biom\u00e9trico ter\u00e1 o t\u00edtulo cancelado - Fl\u00e1vio Braga<\/title>\n<meta name=\"robots\" content=\"index, follow, max-snippet:-1, max-image-preview:large, max-video-preview:-1\" \/>\n<link rel=\"canonical\" href=\"https:\/\/www.blogsoestado.com\/flaviobraga\/quem-nao-realizar-o-recadastramento-eleitoral-biometrico-tera-o-titulo-cancelado\/\" \/>\n<meta property=\"og:locale\" content=\"pt_BR\" \/>\n<meta property=\"og:type\" content=\"article\" \/>\n<meta property=\"og:title\" content=\"Quem n\u00e3o realizar o recadastramento eleitoral biom\u00e9trico ter\u00e1 o t\u00edtulo cancelado - Fl\u00e1vio Braga\" \/>\n<meta property=\"og:description\" content=\"Biometria &#8211; A identifica\u00e7\u00e3o biom\u00e9trica do eleitor assegura que uma pessoa n\u00e3o se passe por outra na hora de votar. [&hellip;]\" \/>\n<meta property=\"og:url\" content=\"https:\/\/www.blogsoestado.com\/flaviobraga\/quem-nao-realizar-o-recadastramento-eleitoral-biometrico-tera-o-titulo-cancelado\/\" \/>\n<meta property=\"og:site_name\" content=\"Fl\u00e1vio Braga\" \/>\n<meta property=\"article:published_time\" content=\"2013-02-25T17:02:47+00:00\" \/>\n<meta name=\"author\" content=\"Flavio Braga\" \/>\n<meta name=\"twitter:card\" content=\"summary_large_image\" \/>\n<meta name=\"twitter:label1\" content=\"Escrito por\" \/>\n\t<meta name=\"twitter:data1\" content=\"Flavio Braga\" \/>\n\t<meta name=\"twitter:label2\" content=\"Est. tempo de leitura\" \/>\n\t<meta name=\"twitter:data2\" content=\"2 minutos\" \/>\n<script type=\"application\/ld+json\" class=\"yoast-schema-graph\">{\"@context\":\"https:\/\/schema.org\",\"@graph\":[{\"@type\":\"WebPage\",\"@id\":\"https:\/\/www.blogsoestado.com\/flaviobraga\/quem-nao-realizar-o-recadastramento-eleitoral-biometrico-tera-o-titulo-cancelado\/\",\"url\":\"https:\/\/www.blogsoestado.com\/flaviobraga\/quem-nao-realizar-o-recadastramento-eleitoral-biometrico-tera-o-titulo-cancelado\/\",\"name\":\"Quem n\u00e3o realizar o recadastramento eleitoral biom\u00e9trico ter\u00e1 o t\u00edtulo cancelado - Fl\u00e1vio Braga\",\"isPartOf\":{\"@id\":\"https:\/\/www.blogsoestado.com\/flaviobraga\/#website\"},\"datePublished\":\"2013-02-25T17:02:47+00:00\",\"author\":{\"@id\":\"https:\/\/www.blogsoestado.com\/flaviobraga\/#\/schema\/person\/6c6c778331775c757a82d15206bd8733\"},\"breadcrumb\":{\"@id\":\"https:\/\/www.blogsoestado.com\/flaviobraga\/quem-nao-realizar-o-recadastramento-eleitoral-biometrico-tera-o-titulo-cancelado\/#breadcrumb\"},\"inLanguage\":\"pt-BR\",\"potentialAction\":[{\"@type\":\"ReadAction\",\"target\":[\"https:\/\/www.blogsoestado.com\/flaviobraga\/quem-nao-realizar-o-recadastramento-eleitoral-biometrico-tera-o-titulo-cancelado\/\"]}]},{\"@type\":\"BreadcrumbList\",\"@id\":\"https:\/\/www.blogsoestado.com\/flaviobraga\/quem-nao-realizar-o-recadastramento-eleitoral-biometrico-tera-o-titulo-cancelado\/#breadcrumb\",\"itemListElement\":[{\"@type\":\"ListItem\",\"position\":1,\"name\":\"In\u00edcio\",\"item\":\"https:\/\/www.blogsoestado.com\/flaviobraga\/\"},{\"@type\":\"ListItem\",\"position\":2,\"name\":\"Quem n\u00e3o realizar o recadastramento eleitoral biom\u00e9trico ter\u00e1 o t\u00edtulo cancelado\"}]},{\"@type\":\"WebSite\",\"@id\":\"https:\/\/www.blogsoestado.com\/flaviobraga\/#website\",\"url\":\"https:\/\/www.blogsoestado.com\/flaviobraga\/\",\"name\":\"Fl\u00e1vio Braga\",\"description\":\"\",\"potentialAction\":[{\"@type\":\"SearchAction\",\"target\":{\"@type\":\"EntryPoint\",\"urlTemplate\":\"https:\/\/www.blogsoestado.com\/flaviobraga\/?s={search_term_string}\"},\"query-input\":{\"@type\":\"PropertyValueSpecification\",\"valueRequired\":true,\"valueName\":\"search_term_string\"}}],\"inLanguage\":\"pt-BR\"},{\"@type\":\"Person\",\"@id\":\"https:\/\/www.blogsoestado.com\/flaviobraga\/#\/schema\/person\/6c6c778331775c757a82d15206bd8733\",\"name\":\"Flavio Braga\",\"image\":{\"@type\":\"ImageObject\",\"inLanguage\":\"pt-BR\",\"@id\":\"https:\/\/www.blogsoestado.com\/flaviobraga\/#\/schema\/person\/image\/\",\"url\":\"https:\/\/secure.gravatar.com\/avatar\/ab173937dad8d78195c87778be8a0285d069ede375ce0ae24aac1cf8e58ccb2c?s=96&d=mm&r=g\",\"contentUrl\":\"https:\/\/secure.gravatar.com\/avatar\/ab173937dad8d78195c87778be8a0285d069ede375ce0ae24aac1cf8e58ccb2c?s=96&d=mm&r=g\",\"caption\":\"Flavio Braga\"},\"url\":\"https:\/\/www.blogsoestado.com\/flaviobraga\/author\/flaviobraga\/\"}]}<\/script>\n<!-- \/ Yoast SEO plugin. -->","yoast_head_json":{"title":"Quem n\u00e3o realizar o recadastramento eleitoral biom\u00e9trico ter\u00e1 o t\u00edtulo cancelado - Fl\u00e1vio Braga","robots":{"index":"index","follow":"follow","max-snippet":"max-snippet:-1","max-image-preview":"max-image-preview:large","max-video-preview":"max-video-preview:-1"},"canonical":"https:\/\/www.blogsoestado.com\/flaviobraga\/quem-nao-realizar-o-recadastramento-eleitoral-biometrico-tera-o-titulo-cancelado\/","og_locale":"pt_BR","og_type":"article","og_title":"Quem n\u00e3o realizar o recadastramento eleitoral biom\u00e9trico ter\u00e1 o t\u00edtulo cancelado - Fl\u00e1vio Braga","og_description":"Biometria &#8211; A identifica\u00e7\u00e3o biom\u00e9trica do eleitor assegura que uma pessoa n\u00e3o se passe por outra na hora de votar. [&hellip;]","og_url":"https:\/\/www.blogsoestado.com\/flaviobraga\/quem-nao-realizar-o-recadastramento-eleitoral-biometrico-tera-o-titulo-cancelado\/","og_site_name":"Fl\u00e1vio Braga","article_published_time":"2013-02-25T17:02:47+00:00","author":"Flavio Braga","twitter_card":"summary_large_image","twitter_misc":{"Escrito por":"Flavio Braga","Est. tempo de leitura":"2 minutos"},"schema":{"@context":"https:\/\/schema.org","@graph":[{"@type":"WebPage","@id":"https:\/\/www.blogsoestado.com\/flaviobraga\/quem-nao-realizar-o-recadastramento-eleitoral-biometrico-tera-o-titulo-cancelado\/","url":"https:\/\/www.blogsoestado.com\/flaviobraga\/quem-nao-realizar-o-recadastramento-eleitoral-biometrico-tera-o-titulo-cancelado\/","name":"Quem n\u00e3o realizar o recadastramento eleitoral biom\u00e9trico ter\u00e1 o t\u00edtulo cancelado - Fl\u00e1vio Braga","isPartOf":{"@id":"https:\/\/www.blogsoestado.com\/flaviobraga\/#website"},"datePublished":"2013-02-25T17:02:47+00:00","author":{"@id":"https:\/\/www.blogsoestado.com\/flaviobraga\/#\/schema\/person\/6c6c778331775c757a82d15206bd8733"},"breadcrumb":{"@id":"https:\/\/www.blogsoestado.com\/flaviobraga\/quem-nao-realizar-o-recadastramento-eleitoral-biometrico-tera-o-titulo-cancelado\/#breadcrumb"},"inLanguage":"pt-BR","potentialAction":[{"@type":"ReadAction","target":["https:\/\/www.blogsoestado.com\/flaviobraga\/quem-nao-realizar-o-recadastramento-eleitoral-biometrico-tera-o-titulo-cancelado\/"]}]},{"@type":"BreadcrumbList","@id":"https:\/\/www.blogsoestado.com\/flaviobraga\/quem-nao-realizar-o-recadastramento-eleitoral-biometrico-tera-o-titulo-cancelado\/#breadcrumb","itemListElement":[{"@type":"ListItem","position":1,"name":"In\u00edcio","item":"https:\/\/www.blogsoestado.com\/flaviobraga\/"},{"@type":"ListItem","position":2,"name":"Quem n\u00e3o realizar o recadastramento eleitoral biom\u00e9trico ter\u00e1 o t\u00edtulo cancelado"}]},{"@type":"WebSite","@id":"https:\/\/www.blogsoestado.com\/flaviobraga\/#website","url":"https:\/\/www.blogsoestado.com\/flaviobraga\/","name":"Fl\u00e1vio Braga","description":"","potentialAction":[{"@type":"SearchAction","target":{"@type":"EntryPoint","urlTemplate":"https:\/\/www.blogsoestado.com\/flaviobraga\/?s={search_term_string}"},"query-input":{"@type":"PropertyValueSpecification","valueRequired":true,"valueName":"search_term_string"}}],"inLanguage":"pt-BR"},{"@type":"Person","@id":"https:\/\/www.blogsoestado.com\/flaviobraga\/#\/schema\/person\/6c6c778331775c757a82d15206bd8733","name":"Flavio Braga","image":{"@type":"ImageObject","inLanguage":"pt-BR","@id":"https:\/\/www.blogsoestado.com\/flaviobraga\/#\/schema\/person\/image\/","url":"https:\/\/secure.gravatar.com\/avatar\/ab173937dad8d78195c87778be8a0285d069ede375ce0ae24aac1cf8e58ccb2c?s=96&d=mm&r=g","contentUrl":"https:\/\/secure.gravatar.com\/avatar\/ab173937dad8d78195c87778be8a0285d069ede375ce0ae24aac1cf8e58ccb2c?s=96&d=mm&r=g","caption":"Flavio Braga"},"url":"https:\/\/www.blogsoestado.com\/flaviobraga\/author\/flaviobraga\/"}]}},"jetpack_featured_media_url":"","_links":{"self":[{"href":"https:\/\/www.blogsoestado.com\/flaviobraga\/wp-json\/wp\/v2\/posts\/2080","targetHints":{"allow":["GET"]}}],"collection":[{"href":"https:\/\/www.blogsoestado.com\/flaviobraga\/wp-json\/wp\/v2\/posts"}],"about":[{"href":"https:\/\/www.blogsoestado.com\/flaviobraga\/wp-json\/wp\/v2\/types\/post"}],"author":[{"embeddable":true,"href":"https:\/\/www.blogsoestado.com\/flaviobraga\/wp-json\/wp\/v2\/users\/8"}],"replies":[{"embeddable":true,"href":"https:\/\/www.blogsoestado.com\/flaviobraga\/wp-json\/wp\/v2\/comments?post=2080"}],"version-history":[{"count":0,"href":"https:\/\/www.blogsoestado.com\/flaviobraga\/wp-json\/wp\/v2\/posts\/2080\/revisions"}],"wp:attachment":[{"href":"https:\/\/www.blogsoestado.com\/flaviobraga\/wp-json\/wp\/v2\/media?parent=2080"}],"wp:term":[{"taxonomy":"category","embeddable":true,"href":"https:\/\/www.blogsoestado.com\/flaviobraga\/wp-json\/wp\/v2\/categories?post=2080"},{"taxonomy":"post_tag","embeddable":true,"href":"https:\/\/www.blogsoestado.com\/flaviobraga\/wp-json\/wp\/v2\/tags?post=2080"}],"curies":[{"name":"wp","href":"https:\/\/api.w.org\/{rel}","templated":true}]}}