{"id":2089,"date":"2013-02-26T15:07:16","date_gmt":"2013-02-26T18:07:16","guid":{"rendered":"https:\/\/www.blogsoestado.com\/flaviobraga\/?p=2089"},"modified":"2013-02-26T15:07:16","modified_gmt":"2013-02-26T18:07:16","slug":"eleito-presidente-do-tre-jose-bernardo-garante-ampliacao-da-biometria","status":"publish","type":"post","link":"https:\/\/www.blogsoestado.com\/flaviobraga\/eleito-presidente-do-tre-jose-bernardo-garante-ampliacao-da-biometria\/","title":{"rendered":"Eleito presidente do TRE, Jos\u00e9 Bernardo garante amplia\u00e7\u00e3o da biometria"},"content":{"rendered":"<p><span style=\"color: #0000ff\"><strong><i>Desembargador tamb\u00e9m afirmou que priorizar\u00e1 a constru\u00e7\u00e3o de novos f\u00f3runs eleitorais no estado.<\/i><\/strong><\/span><\/p>\n<p><a href=\"https:\/\/www.blogsoestado.com\/flaviobraga\/wp-content\/uploads\/sites\/7\/2013\/02\/Copia-de-Froz.jpg\"><img fetchpriority=\"high\" decoding=\"async\" class=\"aligncenter size-full wp-image-2090\" alt=\"C\u00f3pia de Froz\" src=\"https:\/\/www.blogsoestado.com\/flaviobraga\/wp-content\/uploads\/sites\/7\/2013\/02\/Copia-de-Froz.jpg\" width=\"300\" height=\"225\" \/><\/a><\/p>\n<p>Por un\u00e2nimidade, e com o discurso de implementa\u00e7\u00e3o do recadastramento biom\u00e9trico no estado, o desembargador Jos\u00e9 Bernardo Rodrigues foi eleito ontem presidente do Tribunal Regional Eleitoral (TRE) do Maranh\u00e3o.<\/p>\n<p>Ele assumiu o posto deixado pela desembargadora Anildes Cruz, que retornou ao Pleno do Tribunal de Justi\u00e7a do Maranh\u00e3o. Para a vaga de vice-presidente e corregedor eleitoral &#8211; antes ocupada por Jos\u00e9 Bernardo, foi eleito tamb\u00e9m por aclama\u00e7\u00e3o o desembargador Fr\u00f3z Sobrinho, que havia sido referendado \u00e0 Corte Eleitoral na sess\u00e3o administrativa do TJ de 6 de janeiro deste ano.<\/p>\n<p>Os membros do tribunal tamb\u00e9m elegeram de forma un\u00e2nime o juiz Jos\u00e9 Jorge Figueiredo dos Anjos como ouvidor regional eleitoral do Maranh\u00e3o e designaram o juiz Tyrone Jos\u00e9 Silva como auxiliar.<\/p>\n<p>Em seu discurso de posse, o presidente do TRE, desembargador Jos\u00e9 Bernardo, falou ser consciente da nova responsabilidade que assume. Ele afirmou que manter\u00e1 a mesma postura no TRE e desenvolver\u00e1 um trabalho pautado sempre na transpar\u00eancia. &#8220;Pretendemos construir muitos f\u00f3runs, isso com a participa\u00e7\u00e3o dos outros Poderes e pretendemos ampliar o quanto antes o recadastramento biom\u00e9trico no estado. Estou muito otimista e convicto de que devo corresponder \u00e0s expectativas da sociedade&#8221;, disse.<\/p>\n<p>Jos\u00e9 Bernardo lembrou de sua trajet\u00f3riua na magistratura e fez longas refer\u00eancias \u00e0 desembargadora Anildes Cruz, de quem disse ser amigo de inf\u00e2ncia. &#8220;A desembargadora Anildes Cruz, minha colega desde o primeiro ano no Liceu, minha colega na magistratura, no Tribunal Regional Eleitoral, representou e representa muito, pela simplicidade, humildade, pela forma como conduziu essa Corte Eleitoral. Eu n\u00e3o poderia, de forma alguma, deixar de fazer essa refer\u00eancia, pois ela fez tudo o que poderia fazer, para garantir que essa corte realizasse um excelente trabalho&#8221;, completou.<\/p>\n<p>(Com informa\u00e7\u00f5es do Jornal O Estado do Maranh\u00e3o)<\/p>\n","protected":false},"excerpt":{"rendered":"<p>Desembargador tamb\u00e9m afirmou que priorizar\u00e1 a constru\u00e7\u00e3o de novos f\u00f3runs eleitorais no estado. Por un\u00e2nimidade, e com o discurso de [&hellip;]<\/p>\n","protected":false},"author":8,"featured_media":0,"comment_status":"open","ping_status":"open","sticky":false,"template":"","format":"standard","meta":{"site-sidebar-layout":"default","site-content-layout":"","ast-site-content-layout":"default","site-content-style":"default","site-sidebar-style":"default","ast-global-header-display":"","ast-banner-title-visibility":"","ast-main-header-display":"","ast-hfb-above-header-display":"","ast-hfb-below-header-display":"","ast-hfb-mobile-header-display":"","site-post-title":"","ast-breadcrumbs-content":"","ast-featured-img":"","footer-sml-layout":"","ast-disable-related-posts":"","theme-transparent-header-meta":"","adv-header-id-meta":"","stick-header-meta":"","header-above-stick-meta":"","header-main-stick-meta":"","header-below-stick-meta":"","astra-migrate-meta-layouts":"default","ast-page-background-enabled":"default","ast-page-background-meta":{"desktop":{"background-color":"var(--ast-global-color-5)","background-image":"","background-repeat":"repeat","background-position":"center center","background-size":"auto","background-attachment":"scroll","background-type":"","background-media":"","overlay-type":"","overlay-color":"","overlay-opacity":"","overlay-gradient":""},"tablet":{"background-color":"","background-image":"","background-repeat":"repeat","background-position":"center center","background-size":"auto","background-attachment":"scroll","background-type":"","background-media":"","overlay-type":"","overlay-color":"","overlay-opacity":"","overlay-gradient":""},"mobile":{"background-color":"","background-image":"","background-repeat":"repeat","background-position":"center center","background-size":"auto","background-attachment":"scroll","background-type":"","background-media":"","overlay-type":"","overlay-color":"","overlay-opacity":"","overlay-gradient":""}},"ast-content-background-meta":{"desktop":{"background-color":"var(--ast-global-color-4)","background-image":"","background-repeat":"repeat","background-position":"center center","background-size":"auto","background-attachment":"scroll","background-type":"","background-media":"","overlay-type":"","overlay-color":"","overlay-opacity":"","overlay-gradient":""},"tablet":{"background-color":"var(--ast-global-color-4)","background-image":"","background-repeat":"repeat","background-position":"center center","background-size":"auto","background-attachment":"scroll","background-type":"","background-media":"","overlay-type":"","overlay-color":"","overlay-opacity":"","overlay-gradient":""},"mobile":{"background-color":"var(--ast-global-color-4)","background-image":"","background-repeat":"repeat","background-position":"center center","background-size":"auto","background-attachment":"scroll","background-type":"","background-media":"","overlay-type":"","overlay-color":"","overlay-opacity":"","overlay-gradient":""}},"footnotes":""},"categories":[1],"tags":[],"class_list":["post-2089","post","type-post","status-publish","format-standard","hentry","category-sem-categoria"],"yoast_head":"<!-- This site is optimized with the Yoast SEO plugin v26.6 - https:\/\/yoast.com\/wordpress\/plugins\/seo\/ -->\n<title>Eleito presidente do TRE, Jos\u00e9 Bernardo garante amplia\u00e7\u00e3o da biometria - Fl\u00e1vio Braga<\/title>\n<meta name=\"robots\" content=\"index, follow, max-snippet:-1, max-image-preview:large, max-video-preview:-1\" \/>\n<link rel=\"canonical\" href=\"https:\/\/www.blogsoestado.com\/flaviobraga\/eleito-presidente-do-tre-jose-bernardo-garante-ampliacao-da-biometria\/\" \/>\n<meta property=\"og:locale\" content=\"pt_BR\" \/>\n<meta property=\"og:type\" content=\"article\" \/>\n<meta property=\"og:title\" content=\"Eleito presidente do TRE, Jos\u00e9 Bernardo garante amplia\u00e7\u00e3o da biometria - Fl\u00e1vio Braga\" \/>\n<meta property=\"og:description\" content=\"Desembargador tamb\u00e9m afirmou que priorizar\u00e1 a constru\u00e7\u00e3o de novos f\u00f3runs eleitorais no estado. Por un\u00e2nimidade, e com o discurso de [&hellip;]\" \/>\n<meta property=\"og:url\" content=\"https:\/\/www.blogsoestado.com\/flaviobraga\/eleito-presidente-do-tre-jose-bernardo-garante-ampliacao-da-biometria\/\" \/>\n<meta property=\"og:site_name\" content=\"Fl\u00e1vio Braga\" \/>\n<meta property=\"article:published_time\" content=\"2013-02-26T18:07:16+00:00\" \/>\n<meta property=\"og:image\" content=\"https:\/\/www.blogsoestado.com\/flaviobraga\/wp-content\/uploads\/sites\/7\/2013\/02\/Copia-de-Froz.jpg\" \/>\n<meta name=\"author\" content=\"Flavio Braga\" \/>\n<meta name=\"twitter:card\" content=\"summary_large_image\" \/>\n<meta name=\"twitter:label1\" content=\"Escrito por\" \/>\n\t<meta name=\"twitter:data1\" content=\"Flavio Braga\" \/>\n\t<meta name=\"twitter:label2\" content=\"Est. tempo de leitura\" \/>\n\t<meta name=\"twitter:data2\" content=\"2 minutos\" \/>\n<script type=\"application\/ld+json\" class=\"yoast-schema-graph\">{\"@context\":\"https:\/\/schema.org\",\"@graph\":[{\"@type\":\"WebPage\",\"@id\":\"https:\/\/www.blogsoestado.com\/flaviobraga\/eleito-presidente-do-tre-jose-bernardo-garante-ampliacao-da-biometria\/\",\"url\":\"https:\/\/www.blogsoestado.com\/flaviobraga\/eleito-presidente-do-tre-jose-bernardo-garante-ampliacao-da-biometria\/\",\"name\":\"Eleito presidente do TRE, Jos\u00e9 Bernardo garante amplia\u00e7\u00e3o da biometria - Fl\u00e1vio Braga\",\"isPartOf\":{\"@id\":\"https:\/\/www.blogsoestado.com\/flaviobraga\/#website\"},\"primaryImageOfPage\":{\"@id\":\"https:\/\/www.blogsoestado.com\/flaviobraga\/eleito-presidente-do-tre-jose-bernardo-garante-ampliacao-da-biometria\/#primaryimage\"},\"image\":{\"@id\":\"https:\/\/www.blogsoestado.com\/flaviobraga\/eleito-presidente-do-tre-jose-bernardo-garante-ampliacao-da-biometria\/#primaryimage\"},\"thumbnailUrl\":\"https:\/\/www.blogsoestado.com\/flaviobraga\/wp-content\/uploads\/sites\/7\/2013\/02\/Copia-de-Froz.jpg\",\"datePublished\":\"2013-02-26T18:07:16+00:00\",\"author\":{\"@id\":\"https:\/\/www.blogsoestado.com\/flaviobraga\/#\/schema\/person\/6c6c778331775c757a82d15206bd8733\"},\"breadcrumb\":{\"@id\":\"https:\/\/www.blogsoestado.com\/flaviobraga\/eleito-presidente-do-tre-jose-bernardo-garante-ampliacao-da-biometria\/#breadcrumb\"},\"inLanguage\":\"pt-BR\",\"potentialAction\":[{\"@type\":\"ReadAction\",\"target\":[\"https:\/\/www.blogsoestado.com\/flaviobraga\/eleito-presidente-do-tre-jose-bernardo-garante-ampliacao-da-biometria\/\"]}]},{\"@type\":\"ImageObject\",\"inLanguage\":\"pt-BR\",\"@id\":\"https:\/\/www.blogsoestado.com\/flaviobraga\/eleito-presidente-do-tre-jose-bernardo-garante-ampliacao-da-biometria\/#primaryimage\",\"url\":\"https:\/\/www.blogsoestado.com\/flaviobraga\/wp-content\/uploads\/sites\/7\/2013\/02\/Copia-de-Froz.jpg\",\"contentUrl\":\"https:\/\/www.blogsoestado.com\/flaviobraga\/wp-content\/uploads\/sites\/7\/2013\/02\/Copia-de-Froz.jpg\",\"width\":300,\"height\":225},{\"@type\":\"BreadcrumbList\",\"@id\":\"https:\/\/www.blogsoestado.com\/flaviobraga\/eleito-presidente-do-tre-jose-bernardo-garante-ampliacao-da-biometria\/#breadcrumb\",\"itemListElement\":[{\"@type\":\"ListItem\",\"position\":1,\"name\":\"In\u00edcio\",\"item\":\"https:\/\/www.blogsoestado.com\/flaviobraga\/\"},{\"@type\":\"ListItem\",\"position\":2,\"name\":\"Eleito presidente do TRE, Jos\u00e9 Bernardo garante amplia\u00e7\u00e3o da biometria\"}]},{\"@type\":\"WebSite\",\"@id\":\"https:\/\/www.blogsoestado.com\/flaviobraga\/#website\",\"url\":\"https:\/\/www.blogsoestado.com\/flaviobraga\/\",\"name\":\"Fl\u00e1vio Braga\",\"description\":\"\",\"potentialAction\":[{\"@type\":\"SearchAction\",\"target\":{\"@type\":\"EntryPoint\",\"urlTemplate\":\"https:\/\/www.blogsoestado.com\/flaviobraga\/?s={search_term_string}\"},\"query-input\":{\"@type\":\"PropertyValueSpecification\",\"valueRequired\":true,\"valueName\":\"search_term_string\"}}],\"inLanguage\":\"pt-BR\"},{\"@type\":\"Person\",\"@id\":\"https:\/\/www.blogsoestado.com\/flaviobraga\/#\/schema\/person\/6c6c778331775c757a82d15206bd8733\",\"name\":\"Flavio Braga\",\"image\":{\"@type\":\"ImageObject\",\"inLanguage\":\"pt-BR\",\"@id\":\"https:\/\/www.blogsoestado.com\/flaviobraga\/#\/schema\/person\/image\/\",\"url\":\"https:\/\/secure.gravatar.com\/avatar\/ab173937dad8d78195c87778be8a0285d069ede375ce0ae24aac1cf8e58ccb2c?s=96&d=mm&r=g\",\"contentUrl\":\"https:\/\/secure.gravatar.com\/avatar\/ab173937dad8d78195c87778be8a0285d069ede375ce0ae24aac1cf8e58ccb2c?s=96&d=mm&r=g\",\"caption\":\"Flavio Braga\"},\"url\":\"https:\/\/www.blogsoestado.com\/flaviobraga\/author\/flaviobraga\/\"}]}<\/script>\n<!-- \/ Yoast SEO plugin. -->","yoast_head_json":{"title":"Eleito presidente do TRE, Jos\u00e9 Bernardo garante amplia\u00e7\u00e3o da biometria - Fl\u00e1vio Braga","robots":{"index":"index","follow":"follow","max-snippet":"max-snippet:-1","max-image-preview":"max-image-preview:large","max-video-preview":"max-video-preview:-1"},"canonical":"https:\/\/www.blogsoestado.com\/flaviobraga\/eleito-presidente-do-tre-jose-bernardo-garante-ampliacao-da-biometria\/","og_locale":"pt_BR","og_type":"article","og_title":"Eleito presidente do TRE, Jos\u00e9 Bernardo garante amplia\u00e7\u00e3o da biometria - Fl\u00e1vio Braga","og_description":"Desembargador tamb\u00e9m afirmou que priorizar\u00e1 a constru\u00e7\u00e3o de novos f\u00f3runs eleitorais no estado. Por un\u00e2nimidade, e com o discurso de [&hellip;]","og_url":"https:\/\/www.blogsoestado.com\/flaviobraga\/eleito-presidente-do-tre-jose-bernardo-garante-ampliacao-da-biometria\/","og_site_name":"Fl\u00e1vio Braga","article_published_time":"2013-02-26T18:07:16+00:00","og_image":[{"url":"https:\/\/www.blogsoestado.com\/flaviobraga\/wp-content\/uploads\/sites\/7\/2013\/02\/Copia-de-Froz.jpg","type":"","width":"","height":""}],"author":"Flavio Braga","twitter_card":"summary_large_image","twitter_misc":{"Escrito por":"Flavio Braga","Est. tempo de leitura":"2 minutos"},"schema":{"@context":"https:\/\/schema.org","@graph":[{"@type":"WebPage","@id":"https:\/\/www.blogsoestado.com\/flaviobraga\/eleito-presidente-do-tre-jose-bernardo-garante-ampliacao-da-biometria\/","url":"https:\/\/www.blogsoestado.com\/flaviobraga\/eleito-presidente-do-tre-jose-bernardo-garante-ampliacao-da-biometria\/","name":"Eleito presidente do TRE, Jos\u00e9 Bernardo garante amplia\u00e7\u00e3o da biometria - Fl\u00e1vio Braga","isPartOf":{"@id":"https:\/\/www.blogsoestado.com\/flaviobraga\/#website"},"primaryImageOfPage":{"@id":"https:\/\/www.blogsoestado.com\/flaviobraga\/eleito-presidente-do-tre-jose-bernardo-garante-ampliacao-da-biometria\/#primaryimage"},"image":{"@id":"https:\/\/www.blogsoestado.com\/flaviobraga\/eleito-presidente-do-tre-jose-bernardo-garante-ampliacao-da-biometria\/#primaryimage"},"thumbnailUrl":"https:\/\/www.blogsoestado.com\/flaviobraga\/wp-content\/uploads\/sites\/7\/2013\/02\/Copia-de-Froz.jpg","datePublished":"2013-02-26T18:07:16+00:00","author":{"@id":"https:\/\/www.blogsoestado.com\/flaviobraga\/#\/schema\/person\/6c6c778331775c757a82d15206bd8733"},"breadcrumb":{"@id":"https:\/\/www.blogsoestado.com\/flaviobraga\/eleito-presidente-do-tre-jose-bernardo-garante-ampliacao-da-biometria\/#breadcrumb"},"inLanguage":"pt-BR","potentialAction":[{"@type":"ReadAction","target":["https:\/\/www.blogsoestado.com\/flaviobraga\/eleito-presidente-do-tre-jose-bernardo-garante-ampliacao-da-biometria\/"]}]},{"@type":"ImageObject","inLanguage":"pt-BR","@id":"https:\/\/www.blogsoestado.com\/flaviobraga\/eleito-presidente-do-tre-jose-bernardo-garante-ampliacao-da-biometria\/#primaryimage","url":"https:\/\/www.blogsoestado.com\/flaviobraga\/wp-content\/uploads\/sites\/7\/2013\/02\/Copia-de-Froz.jpg","contentUrl":"https:\/\/www.blogsoestado.com\/flaviobraga\/wp-content\/uploads\/sites\/7\/2013\/02\/Copia-de-Froz.jpg","width":300,"height":225},{"@type":"BreadcrumbList","@id":"https:\/\/www.blogsoestado.com\/flaviobraga\/eleito-presidente-do-tre-jose-bernardo-garante-ampliacao-da-biometria\/#breadcrumb","itemListElement":[{"@type":"ListItem","position":1,"name":"In\u00edcio","item":"https:\/\/www.blogsoestado.com\/flaviobraga\/"},{"@type":"ListItem","position":2,"name":"Eleito presidente do TRE, Jos\u00e9 Bernardo garante amplia\u00e7\u00e3o da biometria"}]},{"@type":"WebSite","@id":"https:\/\/www.blogsoestado.com\/flaviobraga\/#website","url":"https:\/\/www.blogsoestado.com\/flaviobraga\/","name":"Fl\u00e1vio Braga","description":"","potentialAction":[{"@type":"SearchAction","target":{"@type":"EntryPoint","urlTemplate":"https:\/\/www.blogsoestado.com\/flaviobraga\/?s={search_term_string}"},"query-input":{"@type":"PropertyValueSpecification","valueRequired":true,"valueName":"search_term_string"}}],"inLanguage":"pt-BR"},{"@type":"Person","@id":"https:\/\/www.blogsoestado.com\/flaviobraga\/#\/schema\/person\/6c6c778331775c757a82d15206bd8733","name":"Flavio Braga","image":{"@type":"ImageObject","inLanguage":"pt-BR","@id":"https:\/\/www.blogsoestado.com\/flaviobraga\/#\/schema\/person\/image\/","url":"https:\/\/secure.gravatar.com\/avatar\/ab173937dad8d78195c87778be8a0285d069ede375ce0ae24aac1cf8e58ccb2c?s=96&d=mm&r=g","contentUrl":"https:\/\/secure.gravatar.com\/avatar\/ab173937dad8d78195c87778be8a0285d069ede375ce0ae24aac1cf8e58ccb2c?s=96&d=mm&r=g","caption":"Flavio Braga"},"url":"https:\/\/www.blogsoestado.com\/flaviobraga\/author\/flaviobraga\/"}]}},"jetpack_featured_media_url":"","_links":{"self":[{"href":"https:\/\/www.blogsoestado.com\/flaviobraga\/wp-json\/wp\/v2\/posts\/2089","targetHints":{"allow":["GET"]}}],"collection":[{"href":"https:\/\/www.blogsoestado.com\/flaviobraga\/wp-json\/wp\/v2\/posts"}],"about":[{"href":"https:\/\/www.blogsoestado.com\/flaviobraga\/wp-json\/wp\/v2\/types\/post"}],"author":[{"embeddable":true,"href":"https:\/\/www.blogsoestado.com\/flaviobraga\/wp-json\/wp\/v2\/users\/8"}],"replies":[{"embeddable":true,"href":"https:\/\/www.blogsoestado.com\/flaviobraga\/wp-json\/wp\/v2\/comments?post=2089"}],"version-history":[{"count":0,"href":"https:\/\/www.blogsoestado.com\/flaviobraga\/wp-json\/wp\/v2\/posts\/2089\/revisions"}],"wp:attachment":[{"href":"https:\/\/www.blogsoestado.com\/flaviobraga\/wp-json\/wp\/v2\/media?parent=2089"}],"wp:term":[{"taxonomy":"category","embeddable":true,"href":"https:\/\/www.blogsoestado.com\/flaviobraga\/wp-json\/wp\/v2\/categories?post=2089"},{"taxonomy":"post_tag","embeddable":true,"href":"https:\/\/www.blogsoestado.com\/flaviobraga\/wp-json\/wp\/v2\/tags?post=2089"}],"curies":[{"name":"wp","href":"https:\/\/api.w.org\/{rel}","templated":true}]}}