{"id":2138,"date":"2013-04-19T19:41:38","date_gmt":"2013-04-19T22:41:38","guid":{"rendered":"https:\/\/www.blogsoestado.com\/flaviobraga\/?p=2138"},"modified":"2013-04-19T19:41:38","modified_gmt":"2013-04-19T22:41:38","slug":"camara-aprova-projeto-que-inibe-a-criacao-de-partidos","status":"publish","type":"post","link":"https:\/\/www.blogsoestado.com\/flaviobraga\/camara-aprova-projeto-que-inibe-a-criacao-de-partidos\/","title":{"rendered":"C\u00e2mara aprova projeto que inibe a cria\u00e7\u00e3o de partidos"},"content":{"rendered":"<p>A C\u00e2mara dos Deputados aprovou na \u00faltima quarta-feira (17) o projeto que inibe a cria\u00e7\u00e3o de novos partidos.<\/p>\n<p>A proposta tira das legendas novatas possibilidade de amplo acesso ao fundo partid\u00e1rio e ao tempo de televis\u00e3o, mecanismos vitais para o funcionamento financeiro e eleitoral das siglas.<\/p>\n<p>Os deputados aprovaram ainda uma emenda ao projeto que diminui ainda mais o tempo de propaganda eleitoral no r\u00e1dio, que \u00e9 dividido igualmente entre os candidatos. Na pr\u00e1tica, isso reduz a fatia do tempo de partidos sem representa\u00e7\u00e3o na C\u00e2mara ou que v\u00e3o ser criados, recuperando o espa\u00e7o perdido com a cria\u00e7\u00e3o do PSD.<\/p>\n<p>O projeto deve ainda passar pela an\u00e1lise do Senado.<\/p>\n<p>Os parlamentares deixaram, no entanto, para a pr\u00f3xima ter\u00e7a-feira a vota\u00e7\u00e3o de cinco sugest\u00f5es de mudan\u00e7as no texto. Uma delas prop\u00f5e que as novas regras s\u00f3 ter\u00e3o validade a partir de 2015, o que salvaria o novo partido da ex-senadora Marina Silva de ser enquadrado pelas medidas.<\/p>\n<p>Patrocinada pelo Planalto nos bastidores, o projeto \u00e9 uma tentativa de esvaziar movimentos como o de Marina Silva, que tenta criar a Rede Sustentabilidade, partido pelo qual pretende se lan\u00e7ar \u00e0 Presid\u00eancia da Rep\u00fablica em 2014.<\/p>\n<p>A aprova\u00e7\u00e3o do projeto tamb\u00e9m pode ter efeito sobre o MD (Mobiliza\u00e7\u00e3o Democr\u00e1tica), criado com a fus\u00e3o do PPS e do PMN. A nova legenda atuar\u00e1 como uma frente em oposi\u00e7\u00e3o ao governo Dilma e tem disposi\u00e7\u00e3o para dar palanque a eventual campanha do governador de Pernambuco, Eduardo Campos (PSB), \u00e0 Presid\u00eancia.<\/p>\n<p>A vota\u00e7\u00e3o da proposta foi orquestrada pelo PT com o PMDB, partidos da presidente Dilma Rousseff e do vice-presidente Michel Temer. No plen\u00e1rio, houve ades\u00e3o de PR, PSD, PDT e PP. Esses partidos sinalizam apoio \u00e0 reelei\u00e7\u00e3o de Dilma.<\/p>\n<p>Nos corredores, governistas admitem que h\u00e1 no Planalto uma preocupa\u00e7\u00e3o com o efeito Marina, que nas \u00faltimas elei\u00e7\u00f5es conquistou 20 milh\u00f5es de votos e for\u00e7ou o segundo turno.<\/p>\n<p>Oficialmente, o governo nega. Nesta quarta, a ministra Ideli Salvatti (Rela\u00e7\u00f5es Institucionais) despachou na C\u00e2mara, recebendo demandas dos parlamentares. Questionada sobre a proposta, ela disse que o Planalto n\u00e3o tinha envolvimento e que essa era uma demanda dos partidos.<\/p>\n<p>Um dos argumentos dos integrantes da base \u00e9 de que \u00e9 preciso frear o que chamam de &#8220;leil\u00e3o de parlamentares&#8221;, atra\u00eddos por novas legendas.<\/p>\n<p>Tamb\u00e9m motivados pela disputa de 2014, PSDB e PSB criticaram a proposta uma vez que trabalham para estimular o maior n\u00famero de candidaturas ao Planalto.<\/p>\n<p>Se virar lei, a discuss\u00e3o deve parar na Justi\u00e7a. Parlamentares do PSDB e do PSB estudam questionar as mudan\u00e7as nas regras eleitorais no STF (Supremo Tribunal Federal). A ideia \u00e9 alegar que o sistema estabelecido no projeto \u00e9 inconstitucional.<\/p>\n<p>Com receio de perder integrantes para o MD, o PSD tamb\u00e9m amea\u00e7a questionar na Justi\u00e7a se houver debandada de deputados da legenda para inflar as novas siglas. O MD ter\u00e1 inicialmente 13 deputados federais, mas trabalha para atrair mais.<\/p>\n","protected":false},"excerpt":{"rendered":"<p>A C\u00e2mara dos Deputados aprovou na \u00faltima quarta-feira (17) o projeto que inibe a cria\u00e7\u00e3o de novos partidos. A proposta [&hellip;]<\/p>\n","protected":false},"author":8,"featured_media":0,"comment_status":"open","ping_status":"open","sticky":false,"template":"","format":"standard","meta":{"site-sidebar-layout":"default","site-content-layout":"","ast-site-content-layout":"default","site-content-style":"default","site-sidebar-style":"default","ast-global-header-display":"","ast-banner-title-visibility":"","ast-main-header-display":"","ast-hfb-above-header-display":"","ast-hfb-below-header-display":"","ast-hfb-mobile-header-display":"","site-post-title":"","ast-breadcrumbs-content":"","ast-featured-img":"","footer-sml-layout":"","ast-disable-related-posts":"","theme-transparent-header-meta":"","adv-header-id-meta":"","stick-header-meta":"","header-above-stick-meta":"","header-main-stick-meta":"","header-below-stick-meta":"","astra-migrate-meta-layouts":"default","ast-page-background-enabled":"default","ast-page-background-meta":{"desktop":{"background-color":"var(--ast-global-color-5)","background-image":"","background-repeat":"repeat","background-position":"center center","background-size":"auto","background-attachment":"scroll","background-type":"","background-media":"","overlay-type":"","overlay-color":"","overlay-opacity":"","overlay-gradient":""},"tablet":{"background-color":"","background-image":"","background-repeat":"repeat","background-position":"center center","background-size":"auto","background-attachment":"scroll","background-type":"","background-media":"","overlay-type":"","overlay-color":"","overlay-opacity":"","overlay-gradient":""},"mobile":{"background-color":"","background-image":"","background-repeat":"repeat","background-position":"center center","background-size":"auto","background-attachment":"scroll","background-type":"","background-media":"","overlay-type":"","overlay-color":"","overlay-opacity":"","overlay-gradient":""}},"ast-content-background-meta":{"desktop":{"background-color":"var(--ast-global-color-4)","background-image":"","background-repeat":"repeat","background-position":"center center","background-size":"auto","background-attachment":"scroll","background-type":"","background-media":"","overlay-type":"","overlay-color":"","overlay-opacity":"","overlay-gradient":""},"tablet":{"background-color":"var(--ast-global-color-4)","background-image":"","background-repeat":"repeat","background-position":"center center","background-size":"auto","background-attachment":"scroll","background-type":"","background-media":"","overlay-type":"","overlay-color":"","overlay-opacity":"","overlay-gradient":""},"mobile":{"background-color":"var(--ast-global-color-4)","background-image":"","background-repeat":"repeat","background-position":"center center","background-size":"auto","background-attachment":"scroll","background-type":"","background-media":"","overlay-type":"","overlay-color":"","overlay-opacity":"","overlay-gradient":""}},"footnotes":""},"categories":[1],"tags":[],"class_list":["post-2138","post","type-post","status-publish","format-standard","hentry","category-sem-categoria"],"yoast_head":"<!-- This site is optimized with the Yoast SEO plugin v26.6 - https:\/\/yoast.com\/wordpress\/plugins\/seo\/ -->\n<title>C\u00e2mara aprova projeto que inibe a cria\u00e7\u00e3o de partidos - Fl\u00e1vio Braga<\/title>\n<meta name=\"robots\" content=\"index, follow, max-snippet:-1, max-image-preview:large, max-video-preview:-1\" \/>\n<link rel=\"canonical\" href=\"https:\/\/www.blogsoestado.com\/flaviobraga\/camara-aprova-projeto-que-inibe-a-criacao-de-partidos\/\" \/>\n<meta property=\"og:locale\" content=\"pt_BR\" \/>\n<meta property=\"og:type\" content=\"article\" \/>\n<meta property=\"og:title\" content=\"C\u00e2mara aprova projeto que inibe a cria\u00e7\u00e3o de partidos - Fl\u00e1vio Braga\" \/>\n<meta property=\"og:description\" content=\"A C\u00e2mara dos Deputados aprovou na \u00faltima quarta-feira (17) o projeto que inibe a cria\u00e7\u00e3o de novos partidos. A proposta [&hellip;]\" \/>\n<meta property=\"og:url\" content=\"https:\/\/www.blogsoestado.com\/flaviobraga\/camara-aprova-projeto-que-inibe-a-criacao-de-partidos\/\" \/>\n<meta property=\"og:site_name\" content=\"Fl\u00e1vio Braga\" \/>\n<meta property=\"article:published_time\" content=\"2013-04-19T22:41:38+00:00\" \/>\n<meta name=\"author\" content=\"Flavio Braga\" \/>\n<meta name=\"twitter:card\" content=\"summary_large_image\" \/>\n<meta name=\"twitter:label1\" content=\"Escrito por\" \/>\n\t<meta name=\"twitter:data1\" content=\"Flavio Braga\" \/>\n\t<meta name=\"twitter:label2\" content=\"Est. tempo de leitura\" \/>\n\t<meta name=\"twitter:data2\" content=\"3 minutos\" \/>\n<script type=\"application\/ld+json\" class=\"yoast-schema-graph\">{\"@context\":\"https:\/\/schema.org\",\"@graph\":[{\"@type\":\"WebPage\",\"@id\":\"https:\/\/www.blogsoestado.com\/flaviobraga\/camara-aprova-projeto-que-inibe-a-criacao-de-partidos\/\",\"url\":\"https:\/\/www.blogsoestado.com\/flaviobraga\/camara-aprova-projeto-que-inibe-a-criacao-de-partidos\/\",\"name\":\"C\u00e2mara aprova projeto que inibe a cria\u00e7\u00e3o de partidos - Fl\u00e1vio Braga\",\"isPartOf\":{\"@id\":\"https:\/\/www.blogsoestado.com\/flaviobraga\/#website\"},\"datePublished\":\"2013-04-19T22:41:38+00:00\",\"author\":{\"@id\":\"https:\/\/www.blogsoestado.com\/flaviobraga\/#\/schema\/person\/6c6c778331775c757a82d15206bd8733\"},\"breadcrumb\":{\"@id\":\"https:\/\/www.blogsoestado.com\/flaviobraga\/camara-aprova-projeto-que-inibe-a-criacao-de-partidos\/#breadcrumb\"},\"inLanguage\":\"pt-BR\",\"potentialAction\":[{\"@type\":\"ReadAction\",\"target\":[\"https:\/\/www.blogsoestado.com\/flaviobraga\/camara-aprova-projeto-que-inibe-a-criacao-de-partidos\/\"]}]},{\"@type\":\"BreadcrumbList\",\"@id\":\"https:\/\/www.blogsoestado.com\/flaviobraga\/camara-aprova-projeto-que-inibe-a-criacao-de-partidos\/#breadcrumb\",\"itemListElement\":[{\"@type\":\"ListItem\",\"position\":1,\"name\":\"In\u00edcio\",\"item\":\"https:\/\/www.blogsoestado.com\/flaviobraga\/\"},{\"@type\":\"ListItem\",\"position\":2,\"name\":\"C\u00e2mara aprova projeto que inibe a cria\u00e7\u00e3o de partidos\"}]},{\"@type\":\"WebSite\",\"@id\":\"https:\/\/www.blogsoestado.com\/flaviobraga\/#website\",\"url\":\"https:\/\/www.blogsoestado.com\/flaviobraga\/\",\"name\":\"Fl\u00e1vio Braga\",\"description\":\"\",\"potentialAction\":[{\"@type\":\"SearchAction\",\"target\":{\"@type\":\"EntryPoint\",\"urlTemplate\":\"https:\/\/www.blogsoestado.com\/flaviobraga\/?s={search_term_string}\"},\"query-input\":{\"@type\":\"PropertyValueSpecification\",\"valueRequired\":true,\"valueName\":\"search_term_string\"}}],\"inLanguage\":\"pt-BR\"},{\"@type\":\"Person\",\"@id\":\"https:\/\/www.blogsoestado.com\/flaviobraga\/#\/schema\/person\/6c6c778331775c757a82d15206bd8733\",\"name\":\"Flavio Braga\",\"image\":{\"@type\":\"ImageObject\",\"inLanguage\":\"pt-BR\",\"@id\":\"https:\/\/www.blogsoestado.com\/flaviobraga\/#\/schema\/person\/image\/\",\"url\":\"https:\/\/secure.gravatar.com\/avatar\/ab173937dad8d78195c87778be8a0285d069ede375ce0ae24aac1cf8e58ccb2c?s=96&d=mm&r=g\",\"contentUrl\":\"https:\/\/secure.gravatar.com\/avatar\/ab173937dad8d78195c87778be8a0285d069ede375ce0ae24aac1cf8e58ccb2c?s=96&d=mm&r=g\",\"caption\":\"Flavio Braga\"},\"url\":\"https:\/\/www.blogsoestado.com\/flaviobraga\/author\/flaviobraga\/\"}]}<\/script>\n<!-- \/ Yoast SEO plugin. -->","yoast_head_json":{"title":"C\u00e2mara aprova projeto que inibe a cria\u00e7\u00e3o de partidos - Fl\u00e1vio Braga","robots":{"index":"index","follow":"follow","max-snippet":"max-snippet:-1","max-image-preview":"max-image-preview:large","max-video-preview":"max-video-preview:-1"},"canonical":"https:\/\/www.blogsoestado.com\/flaviobraga\/camara-aprova-projeto-que-inibe-a-criacao-de-partidos\/","og_locale":"pt_BR","og_type":"article","og_title":"C\u00e2mara aprova projeto que inibe a cria\u00e7\u00e3o de partidos - Fl\u00e1vio Braga","og_description":"A C\u00e2mara dos Deputados aprovou na \u00faltima quarta-feira (17) o projeto que inibe a cria\u00e7\u00e3o de novos partidos. A proposta [&hellip;]","og_url":"https:\/\/www.blogsoestado.com\/flaviobraga\/camara-aprova-projeto-que-inibe-a-criacao-de-partidos\/","og_site_name":"Fl\u00e1vio Braga","article_published_time":"2013-04-19T22:41:38+00:00","author":"Flavio Braga","twitter_card":"summary_large_image","twitter_misc":{"Escrito por":"Flavio Braga","Est. tempo de leitura":"3 minutos"},"schema":{"@context":"https:\/\/schema.org","@graph":[{"@type":"WebPage","@id":"https:\/\/www.blogsoestado.com\/flaviobraga\/camara-aprova-projeto-que-inibe-a-criacao-de-partidos\/","url":"https:\/\/www.blogsoestado.com\/flaviobraga\/camara-aprova-projeto-que-inibe-a-criacao-de-partidos\/","name":"C\u00e2mara aprova projeto que inibe a cria\u00e7\u00e3o de partidos - Fl\u00e1vio Braga","isPartOf":{"@id":"https:\/\/www.blogsoestado.com\/flaviobraga\/#website"},"datePublished":"2013-04-19T22:41:38+00:00","author":{"@id":"https:\/\/www.blogsoestado.com\/flaviobraga\/#\/schema\/person\/6c6c778331775c757a82d15206bd8733"},"breadcrumb":{"@id":"https:\/\/www.blogsoestado.com\/flaviobraga\/camara-aprova-projeto-que-inibe-a-criacao-de-partidos\/#breadcrumb"},"inLanguage":"pt-BR","potentialAction":[{"@type":"ReadAction","target":["https:\/\/www.blogsoestado.com\/flaviobraga\/camara-aprova-projeto-que-inibe-a-criacao-de-partidos\/"]}]},{"@type":"BreadcrumbList","@id":"https:\/\/www.blogsoestado.com\/flaviobraga\/camara-aprova-projeto-que-inibe-a-criacao-de-partidos\/#breadcrumb","itemListElement":[{"@type":"ListItem","position":1,"name":"In\u00edcio","item":"https:\/\/www.blogsoestado.com\/flaviobraga\/"},{"@type":"ListItem","position":2,"name":"C\u00e2mara aprova projeto que inibe a cria\u00e7\u00e3o de partidos"}]},{"@type":"WebSite","@id":"https:\/\/www.blogsoestado.com\/flaviobraga\/#website","url":"https:\/\/www.blogsoestado.com\/flaviobraga\/","name":"Fl\u00e1vio Braga","description":"","potentialAction":[{"@type":"SearchAction","target":{"@type":"EntryPoint","urlTemplate":"https:\/\/www.blogsoestado.com\/flaviobraga\/?s={search_term_string}"},"query-input":{"@type":"PropertyValueSpecification","valueRequired":true,"valueName":"search_term_string"}}],"inLanguage":"pt-BR"},{"@type":"Person","@id":"https:\/\/www.blogsoestado.com\/flaviobraga\/#\/schema\/person\/6c6c778331775c757a82d15206bd8733","name":"Flavio Braga","image":{"@type":"ImageObject","inLanguage":"pt-BR","@id":"https:\/\/www.blogsoestado.com\/flaviobraga\/#\/schema\/person\/image\/","url":"https:\/\/secure.gravatar.com\/avatar\/ab173937dad8d78195c87778be8a0285d069ede375ce0ae24aac1cf8e58ccb2c?s=96&d=mm&r=g","contentUrl":"https:\/\/secure.gravatar.com\/avatar\/ab173937dad8d78195c87778be8a0285d069ede375ce0ae24aac1cf8e58ccb2c?s=96&d=mm&r=g","caption":"Flavio Braga"},"url":"https:\/\/www.blogsoestado.com\/flaviobraga\/author\/flaviobraga\/"}]}},"jetpack_featured_media_url":"","_links":{"self":[{"href":"https:\/\/www.blogsoestado.com\/flaviobraga\/wp-json\/wp\/v2\/posts\/2138","targetHints":{"allow":["GET"]}}],"collection":[{"href":"https:\/\/www.blogsoestado.com\/flaviobraga\/wp-json\/wp\/v2\/posts"}],"about":[{"href":"https:\/\/www.blogsoestado.com\/flaviobraga\/wp-json\/wp\/v2\/types\/post"}],"author":[{"embeddable":true,"href":"https:\/\/www.blogsoestado.com\/flaviobraga\/wp-json\/wp\/v2\/users\/8"}],"replies":[{"embeddable":true,"href":"https:\/\/www.blogsoestado.com\/flaviobraga\/wp-json\/wp\/v2\/comments?post=2138"}],"version-history":[{"count":0,"href":"https:\/\/www.blogsoestado.com\/flaviobraga\/wp-json\/wp\/v2\/posts\/2138\/revisions"}],"wp:attachment":[{"href":"https:\/\/www.blogsoestado.com\/flaviobraga\/wp-json\/wp\/v2\/media?parent=2138"}],"wp:term":[{"taxonomy":"category","embeddable":true,"href":"https:\/\/www.blogsoestado.com\/flaviobraga\/wp-json\/wp\/v2\/categories?post=2138"},{"taxonomy":"post_tag","embeddable":true,"href":"https:\/\/www.blogsoestado.com\/flaviobraga\/wp-json\/wp\/v2\/tags?post=2138"}],"curies":[{"name":"wp","href":"https:\/\/api.w.org\/{rel}","templated":true}]}}