{"id":2146,"date":"2013-05-06T18:28:27","date_gmt":"2013-05-06T21:28:27","guid":{"rendered":"https:\/\/www.blogsoestado.com\/flaviobraga\/?p=2146"},"modified":"2013-05-06T18:28:27","modified_gmt":"2013-05-06T21:28:27","slug":"congresso-pode-criar-novos-tribunais","status":"publish","type":"post","link":"https:\/\/www.blogsoestado.com\/flaviobraga\/congresso-pode-criar-novos-tribunais\/","title":{"rendered":"Congresso pode criar novos tribunais"},"content":{"rendered":"<p><span style=\"color: #0000ff\"><b>Por Roberto Veloso*<\/b><\/span><\/p>\n<p>Instaurou-se a pol\u00eamica ap\u00f3s aprova\u00e7\u00e3o pelo Congresso Nacional da emenda que cria quatro novos tribunais federais. A emenda, aprovada em segundo turno pela C\u00e2mara dos Deputados em 3 de abril, institui os tribunais da 6\u00aa Regi\u00e3o, com sede em Curitiba e jurisdi\u00e7\u00e3o sobre os Estados do Paran\u00e1, Santa Catarina e Mato Grosso do Sul, da 7\u00aa Regi\u00e3o, com sede em Belo Horizonte e com \u00e1rea territorial restrita a Minas Gerais, da 8\u00aa Regi\u00e3o, com sede em Salvador e jurisdi\u00e7\u00e3o sobre os Estados da Bahia e Sergipe e da 9\u00aa Regi\u00e3o com sede em Manaus, abrangendo os Estados do Amazonas, Acre, Rond\u00f4nia e Roraima.<\/p>\n<p>Essa quest\u00e3o, de o Congresso Nacional poder alterar a estrutura do Judici\u00e1rio, foi decidida pela Suprema Corte brasileira na oportunidade da instala\u00e7\u00e3o do Conselho Nacional de Justi\u00e7a. A Associa\u00e7\u00e3o dos Magistrados Brasileiros \u2013 AMB ingressou com uma a\u00e7\u00e3o questionando a possibilidade de a Emenda Constitucional 45 criar novo \u00f3rg\u00e3o da magistratura.<\/p>\n<p>&nbsp;<\/p>\n<p>Naquela oportunidade, o Supremo Tribunal Federal declarou ser admiss\u00edvel a medida. A Emenda Constitucional 45 produziu a chamada \u201cReforma do Judici\u00e1rio\u201d e, al\u00e9m de criar o CNJ, extinguiu os tribunais de al\u00e7ada da Justi\u00e7a Estadual. Mantido o mesmo entendimento, n\u00e3o h\u00e1 raz\u00e3o para invalidar a instala\u00e7\u00e3o das novas cortes federais.<br \/>\nO problema faz ressurgir a discuss\u00e3o sobre a rela\u00e7\u00e3o entre os poderes da Rep\u00fablica. Sempre esteve nos ensinamentos dos pensadores a quest\u00e3o do exerc\u00edcio do poder estatal, porque a sua concentra\u00e7\u00e3o sempre gerou arbitrariedades e tiranias. Desde Arist\u00f3teles, na obra \u201cPol\u00edtica\u201d, h\u00e1 a distin\u00e7\u00e3o entre as tr\u00eas fun\u00e7\u00f5es estatais: legisla\u00e7\u00e3o, administra\u00e7\u00e3o e jurisdi\u00e7\u00e3o. Posteriormente, na Inglaterra, John Locke escreveu no \u201cSegundo tratado do governo civil\u201d a sua contribui\u00e7\u00e3o ao tema.<\/p>\n<p>Na Fran\u00e7a revolucion\u00e1ria do s\u00e9culo XVIII a separa\u00e7\u00e3o das fun\u00e7\u00f5es estatais teve o seu apogeu, quando Montesquieu, no \u201cEsp\u00edrito das leis\u201d, desenvolveu a atual divis\u00e3o dos poderes em legislativo, executivo e judici\u00e1rio. Sua ideia foi consagrada no art. 16 da Declara\u00e7\u00e3o Universal dos Direitos do Homem e do Cidad\u00e3o de 1789, e est\u00e1 inscrita no art. 2\u00ba da Constitui\u00e7\u00e3o Federal brasileira.<\/p>\n<p>Essa separa\u00e7\u00e3o ou divis\u00e3o de poderes \u00e9 uma forma de controlar e limitar o exerc\u00edcio das fun\u00e7\u00f5es. \u00c9, tamb\u00e9m, uma maneira de organizar e ordenar o Estado. As atividades n\u00e3o s\u00e3o estanques ou enclausuradas, mas possuem mecanismos de balanceamento das atua\u00e7\u00f5es, de modo que uma n\u00e3o se sobreponha a outra. Esse sistema \u00e9 chamado de freios e contrapesos.<br \/>\nEm nossa Constitui\u00e7\u00e3o h\u00e1 in\u00fameros casos para exemplificar tal mecanismo. Quando surge uma vaga em um tribunal superior \u00e9 desencadeado o processo de substitui\u00e7\u00e3o. No caso do Supremo Tribunal Federal a indica\u00e7\u00e3o \u00e9 feita pelo Presidente da Rep\u00fablica. Essa indica\u00e7\u00e3o deve ser aprovada pelo Senado Federal, o que ameniza o poder de indica\u00e7\u00e3o do executivo. Em contrapartida, o ministro, uma vez nomeado, vai compor uma corte de Justi\u00e7a que processa e julga originalmente quem o indicou e aprovou. A balan\u00e7a assim fica equilibrada.<br \/>\nH\u00e1 casos, por\u00e9m, que os \u00f3rg\u00e3os encarregados do exerc\u00edcio das fun\u00e7\u00f5es estatais ocupam espa\u00e7os reservados a outros, por for\u00e7a mesmo de dispositivos constitucionais. Houve o caso da autoriza\u00e7\u00e3o da uni\u00e3o homoafetiva. Em \u00faltima an\u00e1lise, essa decis\u00e3o deveria partir do parlamento, encarregado de elaborar as leis. No entanto, diante da falta de manifesta\u00e7\u00e3o do Congresso, o Supremo Tribunal Federal interpretou o C\u00f3digo Civil de maneira a permitir o casamento entre pessoas do mesmo sexo.<\/p>\n<p>Tal decis\u00e3o n\u00e3o alterou a normalidade das institui\u00e7\u00f5es, pelo contr\u00e1rio, hoje ela \u00e9 implementada tranquilamente em todos os rinc\u00f5es do pa\u00eds. O mesmo se deu na hip\u00f3tese da permiss\u00e3o do aborto do anenc\u00e9falo, quando o STF ampliou as possibilidades de exclus\u00e3o do crime, al\u00e9m da morte do feto para salvar a vida da gestante e no caso de estupro.<\/p>\n<p>Em rela\u00e7\u00e3o aos novos tribunais, os parlamentares est\u00e3o legitimados para cri\u00e1-los por meio de emenda \u00e0 Constitui\u00e7\u00e3o, porque fizeram o mesmo quando institu\u00eddo o Conselho Nacional de Justi\u00e7a, sem que isso importasse em invas\u00e3o de compet\u00eancias. Por outro lado, o constituinte origin\u00e1rio n\u00e3o incluiu o Supremo Tribunal Federal e o Superior Tribunal de Justi\u00e7a entre os legitimados para a propositura de emendas constitucionais.<\/p>\n<p><span style=\"color: #0000ff\"><b>*<em>Roberto Veloso \u00e9 juiz federal e professor doutor da UFMA<\/em><\/b><\/span><\/p>\n","protected":false},"excerpt":{"rendered":"<p>Por Roberto Veloso* Instaurou-se a pol\u00eamica ap\u00f3s aprova\u00e7\u00e3o pelo Congresso Nacional da emenda que cria quatro novos tribunais federais. A [&hellip;]<\/p>\n","protected":false},"author":8,"featured_media":0,"comment_status":"open","ping_status":"open","sticky":false,"template":"","format":"standard","meta":{"site-sidebar-layout":"default","site-content-layout":"","ast-site-content-layout":"default","site-content-style":"default","site-sidebar-style":"default","ast-global-header-display":"","ast-banner-title-visibility":"","ast-main-header-display":"","ast-hfb-above-header-display":"","ast-hfb-below-header-display":"","ast-hfb-mobile-header-display":"","site-post-title":"","ast-breadcrumbs-content":"","ast-featured-img":"","footer-sml-layout":"","ast-disable-related-posts":"","theme-transparent-header-meta":"","adv-header-id-meta":"","stick-header-meta":"","header-above-stick-meta":"","header-main-stick-meta":"","header-below-stick-meta":"","astra-migrate-meta-layouts":"default","ast-page-background-enabled":"default","ast-page-background-meta":{"desktop":{"background-color":"var(--ast-global-color-5)","background-image":"","background-repeat":"repeat","background-position":"center center","background-size":"auto","background-attachment":"scroll","background-type":"","background-media":"","overlay-type":"","overlay-color":"","overlay-opacity":"","overlay-gradient":""},"tablet":{"background-color":"","background-image":"","background-repeat":"repeat","background-position":"center center","background-size":"auto","background-attachment":"scroll","background-type":"","background-media":"","overlay-type":"","overlay-color":"","overlay-opacity":"","overlay-gradient":""},"mobile":{"background-color":"","background-image":"","background-repeat":"repeat","background-position":"center center","background-size":"auto","background-attachment":"scroll","background-type":"","background-media":"","overlay-type":"","overlay-color":"","overlay-opacity":"","overlay-gradient":""}},"ast-content-background-meta":{"desktop":{"background-color":"var(--ast-global-color-4)","background-image":"","background-repeat":"repeat","background-position":"center center","background-size":"auto","background-attachment":"scroll","background-type":"","background-media":"","overlay-type":"","overlay-color":"","overlay-opacity":"","overlay-gradient":""},"tablet":{"background-color":"var(--ast-global-color-4)","background-image":"","background-repeat":"repeat","background-position":"center center","background-size":"auto","background-attachment":"scroll","background-type":"","background-media":"","overlay-type":"","overlay-color":"","overlay-opacity":"","overlay-gradient":""},"mobile":{"background-color":"var(--ast-global-color-4)","background-image":"","background-repeat":"repeat","background-position":"center center","background-size":"auto","background-attachment":"scroll","background-type":"","background-media":"","overlay-type":"","overlay-color":"","overlay-opacity":"","overlay-gradient":""}},"footnotes":""},"categories":[1],"tags":[],"class_list":["post-2146","post","type-post","status-publish","format-standard","hentry","category-sem-categoria"],"yoast_head":"<!-- This site is optimized with the Yoast SEO plugin v26.6 - https:\/\/yoast.com\/wordpress\/plugins\/seo\/ -->\n<title>Congresso pode criar novos tribunais - Fl\u00e1vio Braga<\/title>\n<meta name=\"robots\" content=\"index, follow, max-snippet:-1, max-image-preview:large, max-video-preview:-1\" \/>\n<link rel=\"canonical\" href=\"https:\/\/www.blogsoestado.com\/flaviobraga\/congresso-pode-criar-novos-tribunais\/\" \/>\n<meta property=\"og:locale\" content=\"pt_BR\" \/>\n<meta property=\"og:type\" content=\"article\" \/>\n<meta property=\"og:title\" content=\"Congresso pode criar novos tribunais - Fl\u00e1vio Braga\" \/>\n<meta property=\"og:description\" content=\"Por Roberto Veloso* Instaurou-se a pol\u00eamica ap\u00f3s aprova\u00e7\u00e3o pelo Congresso Nacional da emenda que cria quatro novos tribunais federais. A [&hellip;]\" \/>\n<meta property=\"og:url\" content=\"https:\/\/www.blogsoestado.com\/flaviobraga\/congresso-pode-criar-novos-tribunais\/\" \/>\n<meta property=\"og:site_name\" content=\"Fl\u00e1vio Braga\" \/>\n<meta property=\"article:published_time\" content=\"2013-05-06T21:28:27+00:00\" \/>\n<meta name=\"author\" content=\"Flavio Braga\" \/>\n<meta name=\"twitter:card\" content=\"summary_large_image\" \/>\n<meta name=\"twitter:label1\" content=\"Escrito por\" \/>\n\t<meta name=\"twitter:data1\" content=\"Flavio Braga\" \/>\n\t<meta name=\"twitter:label2\" content=\"Est. tempo de leitura\" \/>\n\t<meta name=\"twitter:data2\" content=\"4 minutos\" \/>\n<script type=\"application\/ld+json\" class=\"yoast-schema-graph\">{\"@context\":\"https:\/\/schema.org\",\"@graph\":[{\"@type\":\"WebPage\",\"@id\":\"https:\/\/www.blogsoestado.com\/flaviobraga\/congresso-pode-criar-novos-tribunais\/\",\"url\":\"https:\/\/www.blogsoestado.com\/flaviobraga\/congresso-pode-criar-novos-tribunais\/\",\"name\":\"Congresso pode criar novos tribunais - Fl\u00e1vio Braga\",\"isPartOf\":{\"@id\":\"https:\/\/www.blogsoestado.com\/flaviobraga\/#website\"},\"datePublished\":\"2013-05-06T21:28:27+00:00\",\"author\":{\"@id\":\"https:\/\/www.blogsoestado.com\/flaviobraga\/#\/schema\/person\/6c6c778331775c757a82d15206bd8733\"},\"breadcrumb\":{\"@id\":\"https:\/\/www.blogsoestado.com\/flaviobraga\/congresso-pode-criar-novos-tribunais\/#breadcrumb\"},\"inLanguage\":\"pt-BR\",\"potentialAction\":[{\"@type\":\"ReadAction\",\"target\":[\"https:\/\/www.blogsoestado.com\/flaviobraga\/congresso-pode-criar-novos-tribunais\/\"]}]},{\"@type\":\"BreadcrumbList\",\"@id\":\"https:\/\/www.blogsoestado.com\/flaviobraga\/congresso-pode-criar-novos-tribunais\/#breadcrumb\",\"itemListElement\":[{\"@type\":\"ListItem\",\"position\":1,\"name\":\"In\u00edcio\",\"item\":\"https:\/\/www.blogsoestado.com\/flaviobraga\/\"},{\"@type\":\"ListItem\",\"position\":2,\"name\":\"Congresso pode criar novos tribunais\"}]},{\"@type\":\"WebSite\",\"@id\":\"https:\/\/www.blogsoestado.com\/flaviobraga\/#website\",\"url\":\"https:\/\/www.blogsoestado.com\/flaviobraga\/\",\"name\":\"Fl\u00e1vio Braga\",\"description\":\"\",\"potentialAction\":[{\"@type\":\"SearchAction\",\"target\":{\"@type\":\"EntryPoint\",\"urlTemplate\":\"https:\/\/www.blogsoestado.com\/flaviobraga\/?s={search_term_string}\"},\"query-input\":{\"@type\":\"PropertyValueSpecification\",\"valueRequired\":true,\"valueName\":\"search_term_string\"}}],\"inLanguage\":\"pt-BR\"},{\"@type\":\"Person\",\"@id\":\"https:\/\/www.blogsoestado.com\/flaviobraga\/#\/schema\/person\/6c6c778331775c757a82d15206bd8733\",\"name\":\"Flavio Braga\",\"image\":{\"@type\":\"ImageObject\",\"inLanguage\":\"pt-BR\",\"@id\":\"https:\/\/www.blogsoestado.com\/flaviobraga\/#\/schema\/person\/image\/\",\"url\":\"https:\/\/secure.gravatar.com\/avatar\/ab173937dad8d78195c87778be8a0285d069ede375ce0ae24aac1cf8e58ccb2c?s=96&d=mm&r=g\",\"contentUrl\":\"https:\/\/secure.gravatar.com\/avatar\/ab173937dad8d78195c87778be8a0285d069ede375ce0ae24aac1cf8e58ccb2c?s=96&d=mm&r=g\",\"caption\":\"Flavio Braga\"},\"url\":\"https:\/\/www.blogsoestado.com\/flaviobraga\/author\/flaviobraga\/\"}]}<\/script>\n<!-- \/ Yoast SEO plugin. -->","yoast_head_json":{"title":"Congresso pode criar novos tribunais - Fl\u00e1vio Braga","robots":{"index":"index","follow":"follow","max-snippet":"max-snippet:-1","max-image-preview":"max-image-preview:large","max-video-preview":"max-video-preview:-1"},"canonical":"https:\/\/www.blogsoestado.com\/flaviobraga\/congresso-pode-criar-novos-tribunais\/","og_locale":"pt_BR","og_type":"article","og_title":"Congresso pode criar novos tribunais - Fl\u00e1vio Braga","og_description":"Por Roberto Veloso* Instaurou-se a pol\u00eamica ap\u00f3s aprova\u00e7\u00e3o pelo Congresso Nacional da emenda que cria quatro novos tribunais federais. A [&hellip;]","og_url":"https:\/\/www.blogsoestado.com\/flaviobraga\/congresso-pode-criar-novos-tribunais\/","og_site_name":"Fl\u00e1vio Braga","article_published_time":"2013-05-06T21:28:27+00:00","author":"Flavio Braga","twitter_card":"summary_large_image","twitter_misc":{"Escrito por":"Flavio Braga","Est. tempo de leitura":"4 minutos"},"schema":{"@context":"https:\/\/schema.org","@graph":[{"@type":"WebPage","@id":"https:\/\/www.blogsoestado.com\/flaviobraga\/congresso-pode-criar-novos-tribunais\/","url":"https:\/\/www.blogsoestado.com\/flaviobraga\/congresso-pode-criar-novos-tribunais\/","name":"Congresso pode criar novos tribunais - Fl\u00e1vio Braga","isPartOf":{"@id":"https:\/\/www.blogsoestado.com\/flaviobraga\/#website"},"datePublished":"2013-05-06T21:28:27+00:00","author":{"@id":"https:\/\/www.blogsoestado.com\/flaviobraga\/#\/schema\/person\/6c6c778331775c757a82d15206bd8733"},"breadcrumb":{"@id":"https:\/\/www.blogsoestado.com\/flaviobraga\/congresso-pode-criar-novos-tribunais\/#breadcrumb"},"inLanguage":"pt-BR","potentialAction":[{"@type":"ReadAction","target":["https:\/\/www.blogsoestado.com\/flaviobraga\/congresso-pode-criar-novos-tribunais\/"]}]},{"@type":"BreadcrumbList","@id":"https:\/\/www.blogsoestado.com\/flaviobraga\/congresso-pode-criar-novos-tribunais\/#breadcrumb","itemListElement":[{"@type":"ListItem","position":1,"name":"In\u00edcio","item":"https:\/\/www.blogsoestado.com\/flaviobraga\/"},{"@type":"ListItem","position":2,"name":"Congresso pode criar novos tribunais"}]},{"@type":"WebSite","@id":"https:\/\/www.blogsoestado.com\/flaviobraga\/#website","url":"https:\/\/www.blogsoestado.com\/flaviobraga\/","name":"Fl\u00e1vio Braga","description":"","potentialAction":[{"@type":"SearchAction","target":{"@type":"EntryPoint","urlTemplate":"https:\/\/www.blogsoestado.com\/flaviobraga\/?s={search_term_string}"},"query-input":{"@type":"PropertyValueSpecification","valueRequired":true,"valueName":"search_term_string"}}],"inLanguage":"pt-BR"},{"@type":"Person","@id":"https:\/\/www.blogsoestado.com\/flaviobraga\/#\/schema\/person\/6c6c778331775c757a82d15206bd8733","name":"Flavio Braga","image":{"@type":"ImageObject","inLanguage":"pt-BR","@id":"https:\/\/www.blogsoestado.com\/flaviobraga\/#\/schema\/person\/image\/","url":"https:\/\/secure.gravatar.com\/avatar\/ab173937dad8d78195c87778be8a0285d069ede375ce0ae24aac1cf8e58ccb2c?s=96&d=mm&r=g","contentUrl":"https:\/\/secure.gravatar.com\/avatar\/ab173937dad8d78195c87778be8a0285d069ede375ce0ae24aac1cf8e58ccb2c?s=96&d=mm&r=g","caption":"Flavio Braga"},"url":"https:\/\/www.blogsoestado.com\/flaviobraga\/author\/flaviobraga\/"}]}},"jetpack_featured_media_url":"","_links":{"self":[{"href":"https:\/\/www.blogsoestado.com\/flaviobraga\/wp-json\/wp\/v2\/posts\/2146","targetHints":{"allow":["GET"]}}],"collection":[{"href":"https:\/\/www.blogsoestado.com\/flaviobraga\/wp-json\/wp\/v2\/posts"}],"about":[{"href":"https:\/\/www.blogsoestado.com\/flaviobraga\/wp-json\/wp\/v2\/types\/post"}],"author":[{"embeddable":true,"href":"https:\/\/www.blogsoestado.com\/flaviobraga\/wp-json\/wp\/v2\/users\/8"}],"replies":[{"embeddable":true,"href":"https:\/\/www.blogsoestado.com\/flaviobraga\/wp-json\/wp\/v2\/comments?post=2146"}],"version-history":[{"count":0,"href":"https:\/\/www.blogsoestado.com\/flaviobraga\/wp-json\/wp\/v2\/posts\/2146\/revisions"}],"wp:attachment":[{"href":"https:\/\/www.blogsoestado.com\/flaviobraga\/wp-json\/wp\/v2\/media?parent=2146"}],"wp:term":[{"taxonomy":"category","embeddable":true,"href":"https:\/\/www.blogsoestado.com\/flaviobraga\/wp-json\/wp\/v2\/categories?post=2146"},{"taxonomy":"post_tag","embeddable":true,"href":"https:\/\/www.blogsoestado.com\/flaviobraga\/wp-json\/wp\/v2\/tags?post=2146"}],"curies":[{"name":"wp","href":"https:\/\/api.w.org\/{rel}","templated":true}]}}