{"id":2148,"date":"2013-05-06T18:29:31","date_gmt":"2013-05-06T21:29:31","guid":{"rendered":"https:\/\/www.blogsoestado.com\/flaviobraga\/?p=2148"},"modified":"2013-05-06T18:29:31","modified_gmt":"2013-05-06T21:29:31","slug":"perda-do-mandato-de-prefeito-por-ato-de-infidelidade-partidaria-2","status":"publish","type":"post","link":"https:\/\/www.blogsoestado.com\/flaviobraga\/perda-do-mandato-de-prefeito-por-ato-de-infidelidade-partidaria-2\/","title":{"rendered":"Perda do mandato de prefeito por ato de infidelidade partid\u00e1ria"},"content":{"rendered":"<p>O Tribunal Superior Eleitoral e o Supremo Tribunal Federal firmaram o entendimento de que o mandato eletivo n\u00e3o \u00e9 propriedade particular do candidato eleito, mas patrim\u00f4nio intang\u00edvel do partido pol\u00edtico pelo qual ele se elegeu.\u00a0 Cabe asseverar que o nosso sistema de representa\u00e7\u00e3o pol\u00edtica n\u00e3o admite candidatura avulsa, sem filia\u00e7\u00e3o partid\u00e1ria. Assim, o mandato \u00e9 obtido em raz\u00e3o de um inafast\u00e1vel v\u00ednculo jur\u00eddico-partid\u00e1rio.<\/p>\n<p>Em linhas gerais, o instituto da fidelidade partid\u00e1ria consiste na obriga\u00e7\u00e3o de o filiado obedecer \u00e0s diretrizes program\u00e1ticas e n\u00e3o desertar da legenda origin\u00e1ria, sob pena de perda do mandato pol\u00edtico-eletivo.<b> <\/b>Nessa perspectiva, os partidos t\u00eam a faculdade de reivindicar judicialmente a manuten\u00e7\u00e3o dos cargos eletivos conquistados nas urnas.<\/p>\n<p>Em 16 de outubro de 2007, o plen\u00e1rio do TSE apreciou a Consulta n\u00ba 1407\/DF e decidiu, por unanimidade, que os partidos t\u00eam o direito de preservar o mandato obtido pelo sistema majorit\u00e1rio (Presidente, Governadores, Prefeitos e Senadores) quando houver desfilia\u00e7\u00e3o ou transfer\u00eancia do mandat\u00e1rio infiel para outro gr\u00eamio partid\u00e1rio.<\/p>\n<p>Com efeito, nas elei\u00e7\u00f5es majorit\u00e1rias o n\u00famero atribu\u00eddo ao candidato coincide com o n\u00famero que identifica a sigla partid\u00e1ria, em raz\u00e3o da vincula\u00e7\u00e3o visceral que existe entre o candidato e o seu partido pol\u00edtico no curso do processo eleitoral e ao longo do exerc\u00edcio do mandato.<\/p>\n<p>Em 25 de outubro de 2007, o Tribunal Superior Eleitoral editou a Resolu\u00e7\u00e3o n\u00ba 22.610\/07, disciplinando o processo da a\u00e7\u00e3o de decreta\u00e7\u00e3o de perda de cargo eletivo em decorr\u00eancia de desfilia\u00e7\u00e3o partid\u00e1ria sem justa causa.<\/p>\n<p>O texto da resolu\u00e7\u00e3o estabelece o rito da a\u00e7\u00e3o judicial e elenca as chamadas causas justificadoras de desfilia\u00e7\u00e3o partid\u00e1ria, que obstam a perda do mandato, desde que devidamente comprovadas nos autos do processo. S\u00e3o elas: incorpora\u00e7\u00e3o ou fus\u00e3o do partido; cria\u00e7\u00e3o de novo partido; mudan\u00e7a substancial ou desvio reiterado do programa partid\u00e1rio e grave discrimina\u00e7\u00e3o pessoal.<\/p>\n<p>Nesse contexto, o partido pol\u00edtico desfalcado pode requerer, perante o Tribunal Regional Eleitoral, a declara\u00e7\u00e3o da perda do cargo de prefeito municipal em decorr\u00eancia de desfilia\u00e7\u00e3o partid\u00e1ria arbitr\u00e1ria, ficando assegurado ao tr\u00e2nsfuga partid\u00e1rio o devido processo legal, o \u00a0\u00a0contradit\u00f3rio e a ampla defesa.<\/p>\n<p>Quando o partido pol\u00edtico n\u00e3o formular o pedido dentro de 30 (trinta) dias da desfilia\u00e7\u00e3o, pode faz\u00ea-lo, em nome pr\u00f3prio, nos 30 (trinta) subseq\u00fcentes, quem tenha interesse jur\u00eddico ou o Minist\u00e9rio P\u00fablico Eleitoral, por meio da Procuradoria Regional Eleitoral.<\/p>\n<p>Ao final do tr\u00e2mite processual, se restar evidenciada a desfilia\u00e7\u00e3o imotivada, o Tribunal Regional Eleitoral decidir\u00e1 pela proced\u00eancia do pedido e decretar\u00e1 a perda do mandato eletivo, comunicando a decis\u00e3o ao presidente da C\u00e2mara Municipal competente para que emposse o vice-prefeito, no prazo de 10 (dez) dias.<\/p>\n","protected":false},"excerpt":{"rendered":"<p>O Tribunal Superior Eleitoral e o Supremo Tribunal Federal firmaram o entendimento de que o mandato eletivo n\u00e3o \u00e9 propriedade [&hellip;]<\/p>\n","protected":false},"author":8,"featured_media":0,"comment_status":"open","ping_status":"open","sticky":false,"template":"","format":"standard","meta":{"site-sidebar-layout":"default","site-content-layout":"","ast-site-content-layout":"default","site-content-style":"default","site-sidebar-style":"default","ast-global-header-display":"","ast-banner-title-visibility":"","ast-main-header-display":"","ast-hfb-above-header-display":"","ast-hfb-below-header-display":"","ast-hfb-mobile-header-display":"","site-post-title":"","ast-breadcrumbs-content":"","ast-featured-img":"","footer-sml-layout":"","ast-disable-related-posts":"","theme-transparent-header-meta":"","adv-header-id-meta":"","stick-header-meta":"","header-above-stick-meta":"","header-main-stick-meta":"","header-below-stick-meta":"","astra-migrate-meta-layouts":"default","ast-page-background-enabled":"default","ast-page-background-meta":{"desktop":{"background-color":"var(--ast-global-color-5)","background-image":"","background-repeat":"repeat","background-position":"center center","background-size":"auto","background-attachment":"scroll","background-type":"","background-media":"","overlay-type":"","overlay-color":"","overlay-opacity":"","overlay-gradient":""},"tablet":{"background-color":"","background-image":"","background-repeat":"repeat","background-position":"center center","background-size":"auto","background-attachment":"scroll","background-type":"","background-media":"","overlay-type":"","overlay-color":"","overlay-opacity":"","overlay-gradient":""},"mobile":{"background-color":"","background-image":"","background-repeat":"repeat","background-position":"center center","background-size":"auto","background-attachment":"scroll","background-type":"","background-media":"","overlay-type":"","overlay-color":"","overlay-opacity":"","overlay-gradient":""}},"ast-content-background-meta":{"desktop":{"background-color":"var(--ast-global-color-4)","background-image":"","background-repeat":"repeat","background-position":"center center","background-size":"auto","background-attachment":"scroll","background-type":"","background-media":"","overlay-type":"","overlay-color":"","overlay-opacity":"","overlay-gradient":""},"tablet":{"background-color":"var(--ast-global-color-4)","background-image":"","background-repeat":"repeat","background-position":"center center","background-size":"auto","background-attachment":"scroll","background-type":"","background-media":"","overlay-type":"","overlay-color":"","overlay-opacity":"","overlay-gradient":""},"mobile":{"background-color":"var(--ast-global-color-4)","background-image":"","background-repeat":"repeat","background-position":"center center","background-size":"auto","background-attachment":"scroll","background-type":"","background-media":"","overlay-type":"","overlay-color":"","overlay-opacity":"","overlay-gradient":""}},"footnotes":""},"categories":[1],"tags":[],"class_list":["post-2148","post","type-post","status-publish","format-standard","hentry","category-sem-categoria"],"yoast_head":"<!-- This site is optimized with the Yoast SEO plugin v26.6 - https:\/\/yoast.com\/wordpress\/plugins\/seo\/ -->\n<title>Perda do mandato de prefeito por ato de infidelidade partid\u00e1ria - Fl\u00e1vio Braga<\/title>\n<meta name=\"robots\" content=\"index, follow, max-snippet:-1, max-image-preview:large, max-video-preview:-1\" \/>\n<link rel=\"canonical\" href=\"https:\/\/www.blogsoestado.com\/flaviobraga\/perda-do-mandato-de-prefeito-por-ato-de-infidelidade-partidaria-2\/\" \/>\n<meta property=\"og:locale\" content=\"pt_BR\" \/>\n<meta property=\"og:type\" content=\"article\" \/>\n<meta property=\"og:title\" content=\"Perda do mandato de prefeito por ato de infidelidade partid\u00e1ria - Fl\u00e1vio Braga\" \/>\n<meta property=\"og:description\" content=\"O Tribunal Superior Eleitoral e o Supremo Tribunal Federal firmaram o entendimento de que o mandato eletivo n\u00e3o \u00e9 propriedade [&hellip;]\" \/>\n<meta property=\"og:url\" content=\"https:\/\/www.blogsoestado.com\/flaviobraga\/perda-do-mandato-de-prefeito-por-ato-de-infidelidade-partidaria-2\/\" \/>\n<meta property=\"og:site_name\" content=\"Fl\u00e1vio Braga\" \/>\n<meta property=\"article:published_time\" content=\"2013-05-06T21:29:31+00:00\" \/>\n<meta name=\"author\" content=\"Flavio Braga\" \/>\n<meta name=\"twitter:card\" content=\"summary_large_image\" \/>\n<meta name=\"twitter:label1\" content=\"Escrito por\" \/>\n\t<meta name=\"twitter:data1\" content=\"Flavio Braga\" \/>\n\t<meta name=\"twitter:label2\" content=\"Est. tempo de leitura\" \/>\n\t<meta name=\"twitter:data2\" content=\"2 minutos\" \/>\n<script type=\"application\/ld+json\" class=\"yoast-schema-graph\">{\"@context\":\"https:\/\/schema.org\",\"@graph\":[{\"@type\":\"WebPage\",\"@id\":\"https:\/\/www.blogsoestado.com\/flaviobraga\/perda-do-mandato-de-prefeito-por-ato-de-infidelidade-partidaria-2\/\",\"url\":\"https:\/\/www.blogsoestado.com\/flaviobraga\/perda-do-mandato-de-prefeito-por-ato-de-infidelidade-partidaria-2\/\",\"name\":\"Perda do mandato de prefeito por ato de infidelidade partid\u00e1ria - Fl\u00e1vio Braga\",\"isPartOf\":{\"@id\":\"https:\/\/www.blogsoestado.com\/flaviobraga\/#website\"},\"datePublished\":\"2013-05-06T21:29:31+00:00\",\"author\":{\"@id\":\"https:\/\/www.blogsoestado.com\/flaviobraga\/#\/schema\/person\/6c6c778331775c757a82d15206bd8733\"},\"breadcrumb\":{\"@id\":\"https:\/\/www.blogsoestado.com\/flaviobraga\/perda-do-mandato-de-prefeito-por-ato-de-infidelidade-partidaria-2\/#breadcrumb\"},\"inLanguage\":\"pt-BR\",\"potentialAction\":[{\"@type\":\"ReadAction\",\"target\":[\"https:\/\/www.blogsoestado.com\/flaviobraga\/perda-do-mandato-de-prefeito-por-ato-de-infidelidade-partidaria-2\/\"]}]},{\"@type\":\"BreadcrumbList\",\"@id\":\"https:\/\/www.blogsoestado.com\/flaviobraga\/perda-do-mandato-de-prefeito-por-ato-de-infidelidade-partidaria-2\/#breadcrumb\",\"itemListElement\":[{\"@type\":\"ListItem\",\"position\":1,\"name\":\"In\u00edcio\",\"item\":\"https:\/\/www.blogsoestado.com\/flaviobraga\/\"},{\"@type\":\"ListItem\",\"position\":2,\"name\":\"Perda do mandato de prefeito por ato de infidelidade partid\u00e1ria\"}]},{\"@type\":\"WebSite\",\"@id\":\"https:\/\/www.blogsoestado.com\/flaviobraga\/#website\",\"url\":\"https:\/\/www.blogsoestado.com\/flaviobraga\/\",\"name\":\"Fl\u00e1vio Braga\",\"description\":\"\",\"potentialAction\":[{\"@type\":\"SearchAction\",\"target\":{\"@type\":\"EntryPoint\",\"urlTemplate\":\"https:\/\/www.blogsoestado.com\/flaviobraga\/?s={search_term_string}\"},\"query-input\":{\"@type\":\"PropertyValueSpecification\",\"valueRequired\":true,\"valueName\":\"search_term_string\"}}],\"inLanguage\":\"pt-BR\"},{\"@type\":\"Person\",\"@id\":\"https:\/\/www.blogsoestado.com\/flaviobraga\/#\/schema\/person\/6c6c778331775c757a82d15206bd8733\",\"name\":\"Flavio Braga\",\"image\":{\"@type\":\"ImageObject\",\"inLanguage\":\"pt-BR\",\"@id\":\"https:\/\/www.blogsoestado.com\/flaviobraga\/#\/schema\/person\/image\/\",\"url\":\"https:\/\/secure.gravatar.com\/avatar\/ab173937dad8d78195c87778be8a0285d069ede375ce0ae24aac1cf8e58ccb2c?s=96&d=mm&r=g\",\"contentUrl\":\"https:\/\/secure.gravatar.com\/avatar\/ab173937dad8d78195c87778be8a0285d069ede375ce0ae24aac1cf8e58ccb2c?s=96&d=mm&r=g\",\"caption\":\"Flavio Braga\"},\"url\":\"https:\/\/www.blogsoestado.com\/flaviobraga\/author\/flaviobraga\/\"}]}<\/script>\n<!-- \/ Yoast SEO plugin. -->","yoast_head_json":{"title":"Perda do mandato de prefeito por ato de infidelidade partid\u00e1ria - Fl\u00e1vio Braga","robots":{"index":"index","follow":"follow","max-snippet":"max-snippet:-1","max-image-preview":"max-image-preview:large","max-video-preview":"max-video-preview:-1"},"canonical":"https:\/\/www.blogsoestado.com\/flaviobraga\/perda-do-mandato-de-prefeito-por-ato-de-infidelidade-partidaria-2\/","og_locale":"pt_BR","og_type":"article","og_title":"Perda do mandato de prefeito por ato de infidelidade partid\u00e1ria - Fl\u00e1vio Braga","og_description":"O Tribunal Superior Eleitoral e o Supremo Tribunal Federal firmaram o entendimento de que o mandato eletivo n\u00e3o \u00e9 propriedade [&hellip;]","og_url":"https:\/\/www.blogsoestado.com\/flaviobraga\/perda-do-mandato-de-prefeito-por-ato-de-infidelidade-partidaria-2\/","og_site_name":"Fl\u00e1vio Braga","article_published_time":"2013-05-06T21:29:31+00:00","author":"Flavio Braga","twitter_card":"summary_large_image","twitter_misc":{"Escrito por":"Flavio Braga","Est. tempo de leitura":"2 minutos"},"schema":{"@context":"https:\/\/schema.org","@graph":[{"@type":"WebPage","@id":"https:\/\/www.blogsoestado.com\/flaviobraga\/perda-do-mandato-de-prefeito-por-ato-de-infidelidade-partidaria-2\/","url":"https:\/\/www.blogsoestado.com\/flaviobraga\/perda-do-mandato-de-prefeito-por-ato-de-infidelidade-partidaria-2\/","name":"Perda do mandato de prefeito por ato de infidelidade partid\u00e1ria - Fl\u00e1vio Braga","isPartOf":{"@id":"https:\/\/www.blogsoestado.com\/flaviobraga\/#website"},"datePublished":"2013-05-06T21:29:31+00:00","author":{"@id":"https:\/\/www.blogsoestado.com\/flaviobraga\/#\/schema\/person\/6c6c778331775c757a82d15206bd8733"},"breadcrumb":{"@id":"https:\/\/www.blogsoestado.com\/flaviobraga\/perda-do-mandato-de-prefeito-por-ato-de-infidelidade-partidaria-2\/#breadcrumb"},"inLanguage":"pt-BR","potentialAction":[{"@type":"ReadAction","target":["https:\/\/www.blogsoestado.com\/flaviobraga\/perda-do-mandato-de-prefeito-por-ato-de-infidelidade-partidaria-2\/"]}]},{"@type":"BreadcrumbList","@id":"https:\/\/www.blogsoestado.com\/flaviobraga\/perda-do-mandato-de-prefeito-por-ato-de-infidelidade-partidaria-2\/#breadcrumb","itemListElement":[{"@type":"ListItem","position":1,"name":"In\u00edcio","item":"https:\/\/www.blogsoestado.com\/flaviobraga\/"},{"@type":"ListItem","position":2,"name":"Perda do mandato de prefeito por ato de infidelidade partid\u00e1ria"}]},{"@type":"WebSite","@id":"https:\/\/www.blogsoestado.com\/flaviobraga\/#website","url":"https:\/\/www.blogsoestado.com\/flaviobraga\/","name":"Fl\u00e1vio Braga","description":"","potentialAction":[{"@type":"SearchAction","target":{"@type":"EntryPoint","urlTemplate":"https:\/\/www.blogsoestado.com\/flaviobraga\/?s={search_term_string}"},"query-input":{"@type":"PropertyValueSpecification","valueRequired":true,"valueName":"search_term_string"}}],"inLanguage":"pt-BR"},{"@type":"Person","@id":"https:\/\/www.blogsoestado.com\/flaviobraga\/#\/schema\/person\/6c6c778331775c757a82d15206bd8733","name":"Flavio Braga","image":{"@type":"ImageObject","inLanguage":"pt-BR","@id":"https:\/\/www.blogsoestado.com\/flaviobraga\/#\/schema\/person\/image\/","url":"https:\/\/secure.gravatar.com\/avatar\/ab173937dad8d78195c87778be8a0285d069ede375ce0ae24aac1cf8e58ccb2c?s=96&d=mm&r=g","contentUrl":"https:\/\/secure.gravatar.com\/avatar\/ab173937dad8d78195c87778be8a0285d069ede375ce0ae24aac1cf8e58ccb2c?s=96&d=mm&r=g","caption":"Flavio Braga"},"url":"https:\/\/www.blogsoestado.com\/flaviobraga\/author\/flaviobraga\/"}]}},"jetpack_featured_media_url":"","_links":{"self":[{"href":"https:\/\/www.blogsoestado.com\/flaviobraga\/wp-json\/wp\/v2\/posts\/2148","targetHints":{"allow":["GET"]}}],"collection":[{"href":"https:\/\/www.blogsoestado.com\/flaviobraga\/wp-json\/wp\/v2\/posts"}],"about":[{"href":"https:\/\/www.blogsoestado.com\/flaviobraga\/wp-json\/wp\/v2\/types\/post"}],"author":[{"embeddable":true,"href":"https:\/\/www.blogsoestado.com\/flaviobraga\/wp-json\/wp\/v2\/users\/8"}],"replies":[{"embeddable":true,"href":"https:\/\/www.blogsoestado.com\/flaviobraga\/wp-json\/wp\/v2\/comments?post=2148"}],"version-history":[{"count":0,"href":"https:\/\/www.blogsoestado.com\/flaviobraga\/wp-json\/wp\/v2\/posts\/2148\/revisions"}],"wp:attachment":[{"href":"https:\/\/www.blogsoestado.com\/flaviobraga\/wp-json\/wp\/v2\/media?parent=2148"}],"wp:term":[{"taxonomy":"category","embeddable":true,"href":"https:\/\/www.blogsoestado.com\/flaviobraga\/wp-json\/wp\/v2\/categories?post=2148"},{"taxonomy":"post_tag","embeddable":true,"href":"https:\/\/www.blogsoestado.com\/flaviobraga\/wp-json\/wp\/v2\/tags?post=2148"}],"curies":[{"name":"wp","href":"https:\/\/api.w.org\/{rel}","templated":true}]}}