{"id":2164,"date":"2013-05-29T19:30:56","date_gmt":"2013-05-29T22:30:56","guid":{"rendered":"https:\/\/www.blogsoestado.com\/flaviobraga\/?p=2164"},"modified":"2013-05-29T19:30:56","modified_gmt":"2013-05-29T22:30:56","slug":"calendario-eleitoral-de-2014","status":"publish","type":"post","link":"https:\/\/www.blogsoestado.com\/flaviobraga\/calendario-eleitoral-de-2014\/","title":{"rendered":"Calend\u00e1rio eleitoral de 2014"},"content":{"rendered":"<p>Na sess\u00e3o plen\u00e1ria do \u00faltimo dia 21 de maio, o Tribunal Superior Eleitoral (TSE) aprovou o calend\u00e1rio das elei\u00e7\u00f5es de\u00a02014. O pleito ocorrer\u00e1 no dia 5 de outubro, em primeiro turno, e no dia 26 de outubro, nas hip\u00f3teses de segundo turno. O calend\u00e1rio fixa as principais datas do processo eleitoral a serem observadas por partidos pol\u00edticos, candidatos, eleitores e pela pr\u00f3pria Justi\u00e7a Eleitoral.<\/p>\n<p>No pr\u00f3ximo ano, os eleitores v\u00e3o eleger o presidente da Rep\u00fablica, governadores dos Estados e do Distrito Federal, senadores (renova\u00e7\u00e3o de um ter\u00e7o do Senado), deputados federais e deputados estaduais ou distritais.<\/p>\n<p>Poder\u00e1 participar das elei\u00e7\u00f5es o partido que, at\u00e9 um ano antes do pleito (5 de outubro de 2013), tenha registrado seu estatuto no Tribunal Superior Eleitoral e tenha at\u00e9 a data da conven\u00e7\u00e3o, \u00f3rg\u00e3o de dire\u00e7\u00e3o constitu\u00eddo na circunscri\u00e7\u00e3o estadual, de acordo com o respectivo estatuto. <em>Atualmente, trinta partidos est\u00e3o registrados no TSE. Tramitam no TSE 18 pedidos de cria\u00e7\u00e3o de novos partidos. A<\/em> ex-senadora\u00a0Marina Silva est\u00e1 articulando a funda\u00e7\u00e3o do partido intitulado Rede Sustentabilidade para disputar a elei\u00e7\u00e3o presidencial de 2014.<em><\/em><\/p>\n<p>Para concorrer \u00e0s elei\u00e7\u00f5es, o pretenso candidato dever\u00e1 possuir domic\u00edlio eleitoral na respectiva circunscri\u00e7\u00e3o pelo prazo de, pelo menos, um ano antes do pleito e estar com a filia\u00e7\u00e3o deferida pelo partido no mesmo prazo.<\/p>\n<p>A partir de 1\u00ba de janeiro de 2014, os institutos de pesquisa de opini\u00e3o p\u00fablica ficam obrigados a registrar as suas pesquisas relativas \u00e0s elei\u00e7\u00f5es, para conhecimento p\u00fablico, perante a Justi\u00e7a Eleitoral. A partir dessa data, fica proibida a distribui\u00e7\u00e3o gratuita de bens, valores ou benef\u00edcios por parte da Administra\u00e7\u00e3o P\u00fablica, exceto nos casos de calamidade p\u00fablica, de estado de emerg\u00eancia ou de programas sociais autorizados em lei e j\u00e1 em execu\u00e7\u00e3o or\u00e7ament\u00e1ria no exerc\u00edcio anterior.<\/p>\n<p>At\u00e9 o dia 7 de maio o eleitor poder\u00e1 requerer inscri\u00e7\u00e3o eleitoral ou transfer\u00eancia de domic\u00edlio. As conven\u00e7\u00f5es para a escolha dos candidatos devem ocorrer entre os dias 10 e 30 de junho. Cumpre alertar que as emissoras de r\u00e1dio e TV s\u00e3o proibidas de transmitir programa apresentado ou comentado por candidato escolhido em conven\u00e7\u00e3o.<\/p>\n<p>Os pedidos de registros dos candidatos devem ser feitos, pelos partidos ou coliga\u00e7\u00f5es, at\u00e9 o dia 5 de julho de 2014. No dia seguinte, passa a ser permitida a realiza\u00e7\u00e3o de propaganda eleitoral em geral, como com\u00edcios e propaganda na internet (desde que n\u00e3o paga), entre outras modalidades.<\/p>\n","protected":false},"excerpt":{"rendered":"<p>Na sess\u00e3o plen\u00e1ria do \u00faltimo dia 21 de maio, o Tribunal Superior Eleitoral (TSE) aprovou o calend\u00e1rio das elei\u00e7\u00f5es de\u00a02014. [&hellip;]<\/p>\n","protected":false},"author":8,"featured_media":0,"comment_status":"open","ping_status":"open","sticky":false,"template":"","format":"standard","meta":{"site-sidebar-layout":"default","site-content-layout":"","ast-site-content-layout":"default","site-content-style":"default","site-sidebar-style":"default","ast-global-header-display":"","ast-banner-title-visibility":"","ast-main-header-display":"","ast-hfb-above-header-display":"","ast-hfb-below-header-display":"","ast-hfb-mobile-header-display":"","site-post-title":"","ast-breadcrumbs-content":"","ast-featured-img":"","footer-sml-layout":"","ast-disable-related-posts":"","theme-transparent-header-meta":"","adv-header-id-meta":"","stick-header-meta":"","header-above-stick-meta":"","header-main-stick-meta":"","header-below-stick-meta":"","astra-migrate-meta-layouts":"default","ast-page-background-enabled":"default","ast-page-background-meta":{"desktop":{"background-color":"var(--ast-global-color-5)","background-image":"","background-repeat":"repeat","background-position":"center center","background-size":"auto","background-attachment":"scroll","background-type":"","background-media":"","overlay-type":"","overlay-color":"","overlay-opacity":"","overlay-gradient":""},"tablet":{"background-color":"","background-image":"","background-repeat":"repeat","background-position":"center center","background-size":"auto","background-attachment":"scroll","background-type":"","background-media":"","overlay-type":"","overlay-color":"","overlay-opacity":"","overlay-gradient":""},"mobile":{"background-color":"","background-image":"","background-repeat":"repeat","background-position":"center center","background-size":"auto","background-attachment":"scroll","background-type":"","background-media":"","overlay-type":"","overlay-color":"","overlay-opacity":"","overlay-gradient":""}},"ast-content-background-meta":{"desktop":{"background-color":"var(--ast-global-color-4)","background-image":"","background-repeat":"repeat","background-position":"center center","background-size":"auto","background-attachment":"scroll","background-type":"","background-media":"","overlay-type":"","overlay-color":"","overlay-opacity":"","overlay-gradient":""},"tablet":{"background-color":"var(--ast-global-color-4)","background-image":"","background-repeat":"repeat","background-position":"center center","background-size":"auto","background-attachment":"scroll","background-type":"","background-media":"","overlay-type":"","overlay-color":"","overlay-opacity":"","overlay-gradient":""},"mobile":{"background-color":"var(--ast-global-color-4)","background-image":"","background-repeat":"repeat","background-position":"center center","background-size":"auto","background-attachment":"scroll","background-type":"","background-media":"","overlay-type":"","overlay-color":"","overlay-opacity":"","overlay-gradient":""}},"footnotes":""},"categories":[1],"tags":[],"class_list":["post-2164","post","type-post","status-publish","format-standard","hentry","category-sem-categoria"],"yoast_head":"<!-- This site is optimized with the Yoast SEO plugin v26.6 - https:\/\/yoast.com\/wordpress\/plugins\/seo\/ -->\n<title>Calend\u00e1rio eleitoral de 2014 - Fl\u00e1vio Braga<\/title>\n<meta name=\"robots\" content=\"index, follow, max-snippet:-1, max-image-preview:large, max-video-preview:-1\" \/>\n<link rel=\"canonical\" href=\"https:\/\/www.blogsoestado.com\/flaviobraga\/calendario-eleitoral-de-2014\/\" \/>\n<meta property=\"og:locale\" content=\"pt_BR\" \/>\n<meta property=\"og:type\" content=\"article\" \/>\n<meta property=\"og:title\" content=\"Calend\u00e1rio eleitoral de 2014 - Fl\u00e1vio Braga\" \/>\n<meta property=\"og:description\" content=\"Na sess\u00e3o plen\u00e1ria do \u00faltimo dia 21 de maio, o Tribunal Superior Eleitoral (TSE) aprovou o calend\u00e1rio das elei\u00e7\u00f5es de\u00a02014. [&hellip;]\" \/>\n<meta property=\"og:url\" content=\"https:\/\/www.blogsoestado.com\/flaviobraga\/calendario-eleitoral-de-2014\/\" \/>\n<meta property=\"og:site_name\" content=\"Fl\u00e1vio Braga\" \/>\n<meta property=\"article:published_time\" content=\"2013-05-29T22:30:56+00:00\" \/>\n<meta name=\"author\" content=\"Flavio Braga\" \/>\n<meta name=\"twitter:card\" content=\"summary_large_image\" \/>\n<meta name=\"twitter:label1\" content=\"Escrito por\" \/>\n\t<meta name=\"twitter:data1\" content=\"Flavio Braga\" \/>\n\t<meta name=\"twitter:label2\" content=\"Est. tempo de leitura\" \/>\n\t<meta name=\"twitter:data2\" content=\"2 minutos\" \/>\n<script type=\"application\/ld+json\" class=\"yoast-schema-graph\">{\"@context\":\"https:\/\/schema.org\",\"@graph\":[{\"@type\":\"WebPage\",\"@id\":\"https:\/\/www.blogsoestado.com\/flaviobraga\/calendario-eleitoral-de-2014\/\",\"url\":\"https:\/\/www.blogsoestado.com\/flaviobraga\/calendario-eleitoral-de-2014\/\",\"name\":\"Calend\u00e1rio eleitoral de 2014 - Fl\u00e1vio Braga\",\"isPartOf\":{\"@id\":\"https:\/\/www.blogsoestado.com\/flaviobraga\/#website\"},\"datePublished\":\"2013-05-29T22:30:56+00:00\",\"author\":{\"@id\":\"https:\/\/www.blogsoestado.com\/flaviobraga\/#\/schema\/person\/6c6c778331775c757a82d15206bd8733\"},\"breadcrumb\":{\"@id\":\"https:\/\/www.blogsoestado.com\/flaviobraga\/calendario-eleitoral-de-2014\/#breadcrumb\"},\"inLanguage\":\"pt-BR\",\"potentialAction\":[{\"@type\":\"ReadAction\",\"target\":[\"https:\/\/www.blogsoestado.com\/flaviobraga\/calendario-eleitoral-de-2014\/\"]}]},{\"@type\":\"BreadcrumbList\",\"@id\":\"https:\/\/www.blogsoestado.com\/flaviobraga\/calendario-eleitoral-de-2014\/#breadcrumb\",\"itemListElement\":[{\"@type\":\"ListItem\",\"position\":1,\"name\":\"In\u00edcio\",\"item\":\"https:\/\/www.blogsoestado.com\/flaviobraga\/\"},{\"@type\":\"ListItem\",\"position\":2,\"name\":\"Calend\u00e1rio eleitoral de 2014\"}]},{\"@type\":\"WebSite\",\"@id\":\"https:\/\/www.blogsoestado.com\/flaviobraga\/#website\",\"url\":\"https:\/\/www.blogsoestado.com\/flaviobraga\/\",\"name\":\"Fl\u00e1vio Braga\",\"description\":\"\",\"potentialAction\":[{\"@type\":\"SearchAction\",\"target\":{\"@type\":\"EntryPoint\",\"urlTemplate\":\"https:\/\/www.blogsoestado.com\/flaviobraga\/?s={search_term_string}\"},\"query-input\":{\"@type\":\"PropertyValueSpecification\",\"valueRequired\":true,\"valueName\":\"search_term_string\"}}],\"inLanguage\":\"pt-BR\"},{\"@type\":\"Person\",\"@id\":\"https:\/\/www.blogsoestado.com\/flaviobraga\/#\/schema\/person\/6c6c778331775c757a82d15206bd8733\",\"name\":\"Flavio Braga\",\"image\":{\"@type\":\"ImageObject\",\"inLanguage\":\"pt-BR\",\"@id\":\"https:\/\/www.blogsoestado.com\/flaviobraga\/#\/schema\/person\/image\/\",\"url\":\"https:\/\/secure.gravatar.com\/avatar\/ab173937dad8d78195c87778be8a0285d069ede375ce0ae24aac1cf8e58ccb2c?s=96&d=mm&r=g\",\"contentUrl\":\"https:\/\/secure.gravatar.com\/avatar\/ab173937dad8d78195c87778be8a0285d069ede375ce0ae24aac1cf8e58ccb2c?s=96&d=mm&r=g\",\"caption\":\"Flavio Braga\"},\"url\":\"https:\/\/www.blogsoestado.com\/flaviobraga\/author\/flaviobraga\/\"}]}<\/script>\n<!-- \/ Yoast SEO plugin. -->","yoast_head_json":{"title":"Calend\u00e1rio eleitoral de 2014 - Fl\u00e1vio Braga","robots":{"index":"index","follow":"follow","max-snippet":"max-snippet:-1","max-image-preview":"max-image-preview:large","max-video-preview":"max-video-preview:-1"},"canonical":"https:\/\/www.blogsoestado.com\/flaviobraga\/calendario-eleitoral-de-2014\/","og_locale":"pt_BR","og_type":"article","og_title":"Calend\u00e1rio eleitoral de 2014 - Fl\u00e1vio Braga","og_description":"Na sess\u00e3o plen\u00e1ria do \u00faltimo dia 21 de maio, o Tribunal Superior Eleitoral (TSE) aprovou o calend\u00e1rio das elei\u00e7\u00f5es de\u00a02014. [&hellip;]","og_url":"https:\/\/www.blogsoestado.com\/flaviobraga\/calendario-eleitoral-de-2014\/","og_site_name":"Fl\u00e1vio Braga","article_published_time":"2013-05-29T22:30:56+00:00","author":"Flavio Braga","twitter_card":"summary_large_image","twitter_misc":{"Escrito por":"Flavio Braga","Est. tempo de leitura":"2 minutos"},"schema":{"@context":"https:\/\/schema.org","@graph":[{"@type":"WebPage","@id":"https:\/\/www.blogsoestado.com\/flaviobraga\/calendario-eleitoral-de-2014\/","url":"https:\/\/www.blogsoestado.com\/flaviobraga\/calendario-eleitoral-de-2014\/","name":"Calend\u00e1rio eleitoral de 2014 - Fl\u00e1vio Braga","isPartOf":{"@id":"https:\/\/www.blogsoestado.com\/flaviobraga\/#website"},"datePublished":"2013-05-29T22:30:56+00:00","author":{"@id":"https:\/\/www.blogsoestado.com\/flaviobraga\/#\/schema\/person\/6c6c778331775c757a82d15206bd8733"},"breadcrumb":{"@id":"https:\/\/www.blogsoestado.com\/flaviobraga\/calendario-eleitoral-de-2014\/#breadcrumb"},"inLanguage":"pt-BR","potentialAction":[{"@type":"ReadAction","target":["https:\/\/www.blogsoestado.com\/flaviobraga\/calendario-eleitoral-de-2014\/"]}]},{"@type":"BreadcrumbList","@id":"https:\/\/www.blogsoestado.com\/flaviobraga\/calendario-eleitoral-de-2014\/#breadcrumb","itemListElement":[{"@type":"ListItem","position":1,"name":"In\u00edcio","item":"https:\/\/www.blogsoestado.com\/flaviobraga\/"},{"@type":"ListItem","position":2,"name":"Calend\u00e1rio eleitoral de 2014"}]},{"@type":"WebSite","@id":"https:\/\/www.blogsoestado.com\/flaviobraga\/#website","url":"https:\/\/www.blogsoestado.com\/flaviobraga\/","name":"Fl\u00e1vio Braga","description":"","potentialAction":[{"@type":"SearchAction","target":{"@type":"EntryPoint","urlTemplate":"https:\/\/www.blogsoestado.com\/flaviobraga\/?s={search_term_string}"},"query-input":{"@type":"PropertyValueSpecification","valueRequired":true,"valueName":"search_term_string"}}],"inLanguage":"pt-BR"},{"@type":"Person","@id":"https:\/\/www.blogsoestado.com\/flaviobraga\/#\/schema\/person\/6c6c778331775c757a82d15206bd8733","name":"Flavio Braga","image":{"@type":"ImageObject","inLanguage":"pt-BR","@id":"https:\/\/www.blogsoestado.com\/flaviobraga\/#\/schema\/person\/image\/","url":"https:\/\/secure.gravatar.com\/avatar\/ab173937dad8d78195c87778be8a0285d069ede375ce0ae24aac1cf8e58ccb2c?s=96&d=mm&r=g","contentUrl":"https:\/\/secure.gravatar.com\/avatar\/ab173937dad8d78195c87778be8a0285d069ede375ce0ae24aac1cf8e58ccb2c?s=96&d=mm&r=g","caption":"Flavio Braga"},"url":"https:\/\/www.blogsoestado.com\/flaviobraga\/author\/flaviobraga\/"}]}},"jetpack_featured_media_url":"","_links":{"self":[{"href":"https:\/\/www.blogsoestado.com\/flaviobraga\/wp-json\/wp\/v2\/posts\/2164","targetHints":{"allow":["GET"]}}],"collection":[{"href":"https:\/\/www.blogsoestado.com\/flaviobraga\/wp-json\/wp\/v2\/posts"}],"about":[{"href":"https:\/\/www.blogsoestado.com\/flaviobraga\/wp-json\/wp\/v2\/types\/post"}],"author":[{"embeddable":true,"href":"https:\/\/www.blogsoestado.com\/flaviobraga\/wp-json\/wp\/v2\/users\/8"}],"replies":[{"embeddable":true,"href":"https:\/\/www.blogsoestado.com\/flaviobraga\/wp-json\/wp\/v2\/comments?post=2164"}],"version-history":[{"count":0,"href":"https:\/\/www.blogsoestado.com\/flaviobraga\/wp-json\/wp\/v2\/posts\/2164\/revisions"}],"wp:attachment":[{"href":"https:\/\/www.blogsoestado.com\/flaviobraga\/wp-json\/wp\/v2\/media?parent=2164"}],"wp:term":[{"taxonomy":"category","embeddable":true,"href":"https:\/\/www.blogsoestado.com\/flaviobraga\/wp-json\/wp\/v2\/categories?post=2164"},{"taxonomy":"post_tag","embeddable":true,"href":"https:\/\/www.blogsoestado.com\/flaviobraga\/wp-json\/wp\/v2\/tags?post=2164"}],"curies":[{"name":"wp","href":"https:\/\/api.w.org\/{rel}","templated":true}]}}