{"id":2199,"date":"2013-06-14T09:28:14","date_gmt":"2013-06-14T12:28:14","guid":{"rendered":"https:\/\/www.blogsoestado.com\/flaviobraga\/?p=2199"},"modified":"2013-06-14T09:28:14","modified_gmt":"2013-06-14T12:28:14","slug":"dilma-poe-no-tse-dupla-de-advogados-de-sua-campanha","status":"publish","type":"post","link":"https:\/\/www.blogsoestado.com\/flaviobraga\/dilma-poe-no-tse-dupla-de-advogados-de-sua-campanha\/","title":{"rendered":"Dilma p\u00f5e no TSE dupla de advogados de sua campanha"},"content":{"rendered":"<p>A presidente Dilma Rousseff nomeou ontem o advogado Admar Gonzaga como ministro-substituto do TSE (Tribunal Superior Eleitoral).<\/p>\n<p>Com a escolha, a petista instala na corte que conduzir\u00e1 o processo eleitoral de 2014, durante o qual tentar\u00e1 novo mandato, os dois principais integrantes de seu n\u00facleo jur\u00eddico na vitoriosa campanha de 2010.<\/p>\n<p>Al\u00e9m de Gonzaga, respons\u00e1vel pela defesa da petista em longas sess\u00f5es no tribunal durante a disputa presidencial, Dilma contava com a assessoria da advogada Luciana L\u00f3ssio, tamb\u00e9m indicada pela presidente \u00e0 corte, onde foi efetivada em fevereiro.<\/p>\n<p>O nome de Gonzaga constava em lista tr\u00edplice preparada pelo STF (Supremo Tribunal Federal) para a cadeira de Henrique Neves, promovido a ministro titular.<br \/>\nEle concorria com os advogados Joelson Costa Dias e Alberto Pavie Ribeiro.<\/p>\n<p>Gonzaga dever\u00e1 atuar num nicho nevr\u00e1lgico da campanha: o julgamento de pedidos de direitos de resposta para candidatos no r\u00e1dio e TV.<\/p>\n<p>Em per\u00edodos eleitorais, o tribunal designa tr\u00eas ju\u00edzes auxiliares para apreciar reclama\u00e7\u00f5es ou representa\u00e7\u00f5es do g\u00eanero. Nesses processos, as decis\u00f5es podem ser monocr\u00e1ticas (proferidas por um ministro apenas), sendo poss\u00edvel recurso ao colegiado para discuss\u00e3o do m\u00e9rito.<\/p>\n<p><b>CURR\u00cdCULO<\/b><\/p>\n<p>Embora tenha se tornado nacionalmente conhecido por atuar na cria\u00e7\u00e3o do PSD, de Gilberto Kassab, Gonzaga foi um dos especialistas em direito eleitoral escalados pela equipe de Dilma para identificar na publicidade de r\u00e1dio e TV dela e de advers\u00e1rios poss\u00edveis brechas para contesta\u00e7\u00f5es e pedidos de repara\u00e7\u00e3o judicial em 2010.<\/p>\n<p>Ele disse \u00e0\u00a0<b>Folha<\/b>\u00a0n\u00e3o ter sido submetido a entrevistas com Dilma e auxiliares para o cargo no TSE e atribui a escolha ao seu desempenho em causas eleitorais: &#8220;Atuo no direito eleitoral desde 1996 e creio que isso tenha sido considerado pela presidente&#8221;.<\/p>\n<p>Gonzaga afirma que n\u00e3o se declarar\u00e1 impedido de julgar casos que envolvam a virtual candidatura de Dilma 2014. &#8220;N\u00e3o vejo raz\u00e3o [para suspei\u00e7\u00e3o]. J\u00e1 advoguei para PSDB, PMDB e PDT. Quando julgar, n\u00e3o vou olhar as partes, mas a tese em debate.&#8221;<\/p>\n<p>Ex-advogado do PT em tr\u00eas campanhas presidenciais (1998, 2002 e 2006), Jos\u00e9 Dias Toffoli presidir\u00e1 o TSE durante a elei\u00e7\u00e3o do ano que vem.<\/p>\n<p>O tribunal \u00e9 composto por sete titulares e sete substitutos. A maioria das vagas \u00e9 preenchida por rod\u00edzio entre os membros do STF e do STJ (Superior Tribunal de Justi\u00e7a). Duas s\u00e3o reservadas \u00e0 OAB (Ordem dos Advogados do Brasil), caminho seguido por Gonzaga e L\u00f3ssio.<\/p>\n<p>A Secretaria de Imprensa da Presid\u00eancia da Rep\u00fablica informou que os crit\u00e9rios da escolha s\u00e3o t\u00e9cnicos.<\/p>\n<p>Procurada ontem pela reportagem, L\u00f3ssio n\u00e3o respondeu ao pedido de entrevista.<\/p>\n<p><i>(Com informa\u00e7\u00f5es do Jornal FSP).\u00a0<\/i><\/p>\n","protected":false},"excerpt":{"rendered":"<p>A presidente Dilma Rousseff nomeou ontem o advogado Admar Gonzaga como ministro-substituto do TSE (Tribunal Superior Eleitoral). Com a escolha, [&hellip;]<\/p>\n","protected":false},"author":8,"featured_media":0,"comment_status":"open","ping_status":"open","sticky":false,"template":"","format":"standard","meta":{"site-sidebar-layout":"default","site-content-layout":"","ast-site-content-layout":"default","site-content-style":"default","site-sidebar-style":"default","ast-global-header-display":"","ast-banner-title-visibility":"","ast-main-header-display":"","ast-hfb-above-header-display":"","ast-hfb-below-header-display":"","ast-hfb-mobile-header-display":"","site-post-title":"","ast-breadcrumbs-content":"","ast-featured-img":"","footer-sml-layout":"","ast-disable-related-posts":"","theme-transparent-header-meta":"","adv-header-id-meta":"","stick-header-meta":"","header-above-stick-meta":"","header-main-stick-meta":"","header-below-stick-meta":"","astra-migrate-meta-layouts":"default","ast-page-background-enabled":"default","ast-page-background-meta":{"desktop":{"background-color":"var(--ast-global-color-5)","background-image":"","background-repeat":"repeat","background-position":"center center","background-size":"auto","background-attachment":"scroll","background-type":"","background-media":"","overlay-type":"","overlay-color":"","overlay-opacity":"","overlay-gradient":""},"tablet":{"background-color":"","background-image":"","background-repeat":"repeat","background-position":"center center","background-size":"auto","background-attachment":"scroll","background-type":"","background-media":"","overlay-type":"","overlay-color":"","overlay-opacity":"","overlay-gradient":""},"mobile":{"background-color":"","background-image":"","background-repeat":"repeat","background-position":"center center","background-size":"auto","background-attachment":"scroll","background-type":"","background-media":"","overlay-type":"","overlay-color":"","overlay-opacity":"","overlay-gradient":""}},"ast-content-background-meta":{"desktop":{"background-color":"var(--ast-global-color-4)","background-image":"","background-repeat":"repeat","background-position":"center center","background-size":"auto","background-attachment":"scroll","background-type":"","background-media":"","overlay-type":"","overlay-color":"","overlay-opacity":"","overlay-gradient":""},"tablet":{"background-color":"var(--ast-global-color-4)","background-image":"","background-repeat":"repeat","background-position":"center center","background-size":"auto","background-attachment":"scroll","background-type":"","background-media":"","overlay-type":"","overlay-color":"","overlay-opacity":"","overlay-gradient":""},"mobile":{"background-color":"var(--ast-global-color-4)","background-image":"","background-repeat":"repeat","background-position":"center center","background-size":"auto","background-attachment":"scroll","background-type":"","background-media":"","overlay-type":"","overlay-color":"","overlay-opacity":"","overlay-gradient":""}},"footnotes":""},"categories":[1],"tags":[],"class_list":["post-2199","post","type-post","status-publish","format-standard","hentry","category-sem-categoria"],"yoast_head":"<!-- This site is optimized with the Yoast SEO plugin v26.6 - https:\/\/yoast.com\/wordpress\/plugins\/seo\/ -->\n<title>Dilma p\u00f5e no TSE dupla de advogados de sua campanha - Fl\u00e1vio Braga<\/title>\n<meta name=\"robots\" content=\"index, follow, max-snippet:-1, max-image-preview:large, max-video-preview:-1\" \/>\n<link rel=\"canonical\" href=\"https:\/\/www.blogsoestado.com\/flaviobraga\/dilma-poe-no-tse-dupla-de-advogados-de-sua-campanha\/\" \/>\n<meta property=\"og:locale\" content=\"pt_BR\" \/>\n<meta property=\"og:type\" content=\"article\" \/>\n<meta property=\"og:title\" content=\"Dilma p\u00f5e no TSE dupla de advogados de sua campanha - Fl\u00e1vio Braga\" \/>\n<meta property=\"og:description\" content=\"A presidente Dilma Rousseff nomeou ontem o advogado Admar Gonzaga como ministro-substituto do TSE (Tribunal Superior Eleitoral). Com a escolha, [&hellip;]\" \/>\n<meta property=\"og:url\" content=\"https:\/\/www.blogsoestado.com\/flaviobraga\/dilma-poe-no-tse-dupla-de-advogados-de-sua-campanha\/\" \/>\n<meta property=\"og:site_name\" content=\"Fl\u00e1vio Braga\" \/>\n<meta property=\"article:published_time\" content=\"2013-06-14T12:28:14+00:00\" \/>\n<meta name=\"author\" content=\"Flavio Braga\" \/>\n<meta name=\"twitter:card\" content=\"summary_large_image\" \/>\n<meta name=\"twitter:label1\" content=\"Escrito por\" \/>\n\t<meta name=\"twitter:data1\" content=\"Flavio Braga\" \/>\n\t<meta name=\"twitter:label2\" content=\"Est. tempo de leitura\" \/>\n\t<meta name=\"twitter:data2\" content=\"2 minutos\" \/>\n<script type=\"application\/ld+json\" class=\"yoast-schema-graph\">{\"@context\":\"https:\/\/schema.org\",\"@graph\":[{\"@type\":\"WebPage\",\"@id\":\"https:\/\/www.blogsoestado.com\/flaviobraga\/dilma-poe-no-tse-dupla-de-advogados-de-sua-campanha\/\",\"url\":\"https:\/\/www.blogsoestado.com\/flaviobraga\/dilma-poe-no-tse-dupla-de-advogados-de-sua-campanha\/\",\"name\":\"Dilma p\u00f5e no TSE dupla de advogados de sua campanha - Fl\u00e1vio Braga\",\"isPartOf\":{\"@id\":\"https:\/\/www.blogsoestado.com\/flaviobraga\/#website\"},\"datePublished\":\"2013-06-14T12:28:14+00:00\",\"author\":{\"@id\":\"https:\/\/www.blogsoestado.com\/flaviobraga\/#\/schema\/person\/6c6c778331775c757a82d15206bd8733\"},\"breadcrumb\":{\"@id\":\"https:\/\/www.blogsoestado.com\/flaviobraga\/dilma-poe-no-tse-dupla-de-advogados-de-sua-campanha\/#breadcrumb\"},\"inLanguage\":\"pt-BR\",\"potentialAction\":[{\"@type\":\"ReadAction\",\"target\":[\"https:\/\/www.blogsoestado.com\/flaviobraga\/dilma-poe-no-tse-dupla-de-advogados-de-sua-campanha\/\"]}]},{\"@type\":\"BreadcrumbList\",\"@id\":\"https:\/\/www.blogsoestado.com\/flaviobraga\/dilma-poe-no-tse-dupla-de-advogados-de-sua-campanha\/#breadcrumb\",\"itemListElement\":[{\"@type\":\"ListItem\",\"position\":1,\"name\":\"In\u00edcio\",\"item\":\"https:\/\/www.blogsoestado.com\/flaviobraga\/\"},{\"@type\":\"ListItem\",\"position\":2,\"name\":\"Dilma p\u00f5e no TSE dupla de advogados de sua campanha\"}]},{\"@type\":\"WebSite\",\"@id\":\"https:\/\/www.blogsoestado.com\/flaviobraga\/#website\",\"url\":\"https:\/\/www.blogsoestado.com\/flaviobraga\/\",\"name\":\"Fl\u00e1vio Braga\",\"description\":\"\",\"potentialAction\":[{\"@type\":\"SearchAction\",\"target\":{\"@type\":\"EntryPoint\",\"urlTemplate\":\"https:\/\/www.blogsoestado.com\/flaviobraga\/?s={search_term_string}\"},\"query-input\":{\"@type\":\"PropertyValueSpecification\",\"valueRequired\":true,\"valueName\":\"search_term_string\"}}],\"inLanguage\":\"pt-BR\"},{\"@type\":\"Person\",\"@id\":\"https:\/\/www.blogsoestado.com\/flaviobraga\/#\/schema\/person\/6c6c778331775c757a82d15206bd8733\",\"name\":\"Flavio Braga\",\"image\":{\"@type\":\"ImageObject\",\"inLanguage\":\"pt-BR\",\"@id\":\"https:\/\/www.blogsoestado.com\/flaviobraga\/#\/schema\/person\/image\/\",\"url\":\"https:\/\/secure.gravatar.com\/avatar\/ab173937dad8d78195c87778be8a0285d069ede375ce0ae24aac1cf8e58ccb2c?s=96&d=mm&r=g\",\"contentUrl\":\"https:\/\/secure.gravatar.com\/avatar\/ab173937dad8d78195c87778be8a0285d069ede375ce0ae24aac1cf8e58ccb2c?s=96&d=mm&r=g\",\"caption\":\"Flavio Braga\"},\"url\":\"https:\/\/www.blogsoestado.com\/flaviobraga\/author\/flaviobraga\/\"}]}<\/script>\n<!-- \/ Yoast SEO plugin. -->","yoast_head_json":{"title":"Dilma p\u00f5e no TSE dupla de advogados de sua campanha - Fl\u00e1vio Braga","robots":{"index":"index","follow":"follow","max-snippet":"max-snippet:-1","max-image-preview":"max-image-preview:large","max-video-preview":"max-video-preview:-1"},"canonical":"https:\/\/www.blogsoestado.com\/flaviobraga\/dilma-poe-no-tse-dupla-de-advogados-de-sua-campanha\/","og_locale":"pt_BR","og_type":"article","og_title":"Dilma p\u00f5e no TSE dupla de advogados de sua campanha - Fl\u00e1vio Braga","og_description":"A presidente Dilma Rousseff nomeou ontem o advogado Admar Gonzaga como ministro-substituto do TSE (Tribunal Superior Eleitoral). Com a escolha, [&hellip;]","og_url":"https:\/\/www.blogsoestado.com\/flaviobraga\/dilma-poe-no-tse-dupla-de-advogados-de-sua-campanha\/","og_site_name":"Fl\u00e1vio Braga","article_published_time":"2013-06-14T12:28:14+00:00","author":"Flavio Braga","twitter_card":"summary_large_image","twitter_misc":{"Escrito por":"Flavio Braga","Est. tempo de leitura":"2 minutos"},"schema":{"@context":"https:\/\/schema.org","@graph":[{"@type":"WebPage","@id":"https:\/\/www.blogsoestado.com\/flaviobraga\/dilma-poe-no-tse-dupla-de-advogados-de-sua-campanha\/","url":"https:\/\/www.blogsoestado.com\/flaviobraga\/dilma-poe-no-tse-dupla-de-advogados-de-sua-campanha\/","name":"Dilma p\u00f5e no TSE dupla de advogados de sua campanha - Fl\u00e1vio Braga","isPartOf":{"@id":"https:\/\/www.blogsoestado.com\/flaviobraga\/#website"},"datePublished":"2013-06-14T12:28:14+00:00","author":{"@id":"https:\/\/www.blogsoestado.com\/flaviobraga\/#\/schema\/person\/6c6c778331775c757a82d15206bd8733"},"breadcrumb":{"@id":"https:\/\/www.blogsoestado.com\/flaviobraga\/dilma-poe-no-tse-dupla-de-advogados-de-sua-campanha\/#breadcrumb"},"inLanguage":"pt-BR","potentialAction":[{"@type":"ReadAction","target":["https:\/\/www.blogsoestado.com\/flaviobraga\/dilma-poe-no-tse-dupla-de-advogados-de-sua-campanha\/"]}]},{"@type":"BreadcrumbList","@id":"https:\/\/www.blogsoestado.com\/flaviobraga\/dilma-poe-no-tse-dupla-de-advogados-de-sua-campanha\/#breadcrumb","itemListElement":[{"@type":"ListItem","position":1,"name":"In\u00edcio","item":"https:\/\/www.blogsoestado.com\/flaviobraga\/"},{"@type":"ListItem","position":2,"name":"Dilma p\u00f5e no TSE dupla de advogados de sua campanha"}]},{"@type":"WebSite","@id":"https:\/\/www.blogsoestado.com\/flaviobraga\/#website","url":"https:\/\/www.blogsoestado.com\/flaviobraga\/","name":"Fl\u00e1vio Braga","description":"","potentialAction":[{"@type":"SearchAction","target":{"@type":"EntryPoint","urlTemplate":"https:\/\/www.blogsoestado.com\/flaviobraga\/?s={search_term_string}"},"query-input":{"@type":"PropertyValueSpecification","valueRequired":true,"valueName":"search_term_string"}}],"inLanguage":"pt-BR"},{"@type":"Person","@id":"https:\/\/www.blogsoestado.com\/flaviobraga\/#\/schema\/person\/6c6c778331775c757a82d15206bd8733","name":"Flavio Braga","image":{"@type":"ImageObject","inLanguage":"pt-BR","@id":"https:\/\/www.blogsoestado.com\/flaviobraga\/#\/schema\/person\/image\/","url":"https:\/\/secure.gravatar.com\/avatar\/ab173937dad8d78195c87778be8a0285d069ede375ce0ae24aac1cf8e58ccb2c?s=96&d=mm&r=g","contentUrl":"https:\/\/secure.gravatar.com\/avatar\/ab173937dad8d78195c87778be8a0285d069ede375ce0ae24aac1cf8e58ccb2c?s=96&d=mm&r=g","caption":"Flavio Braga"},"url":"https:\/\/www.blogsoestado.com\/flaviobraga\/author\/flaviobraga\/"}]}},"jetpack_featured_media_url":"","_links":{"self":[{"href":"https:\/\/www.blogsoestado.com\/flaviobraga\/wp-json\/wp\/v2\/posts\/2199","targetHints":{"allow":["GET"]}}],"collection":[{"href":"https:\/\/www.blogsoestado.com\/flaviobraga\/wp-json\/wp\/v2\/posts"}],"about":[{"href":"https:\/\/www.blogsoestado.com\/flaviobraga\/wp-json\/wp\/v2\/types\/post"}],"author":[{"embeddable":true,"href":"https:\/\/www.blogsoestado.com\/flaviobraga\/wp-json\/wp\/v2\/users\/8"}],"replies":[{"embeddable":true,"href":"https:\/\/www.blogsoestado.com\/flaviobraga\/wp-json\/wp\/v2\/comments?post=2199"}],"version-history":[{"count":0,"href":"https:\/\/www.blogsoestado.com\/flaviobraga\/wp-json\/wp\/v2\/posts\/2199\/revisions"}],"wp:attachment":[{"href":"https:\/\/www.blogsoestado.com\/flaviobraga\/wp-json\/wp\/v2\/media?parent=2199"}],"wp:term":[{"taxonomy":"category","embeddable":true,"href":"https:\/\/www.blogsoestado.com\/flaviobraga\/wp-json\/wp\/v2\/categories?post=2199"},{"taxonomy":"post_tag","embeddable":true,"href":"https:\/\/www.blogsoestado.com\/flaviobraga\/wp-json\/wp\/v2\/tags?post=2199"}],"curies":[{"name":"wp","href":"https:\/\/api.w.org\/{rel}","templated":true}]}}