{"id":2208,"date":"2013-06-18T09:25:23","date_gmt":"2013-06-18T12:25:23","guid":{"rendered":"https:\/\/www.blogsoestado.com\/flaviobraga\/?p=2208"},"modified":"2013-06-18T09:25:23","modified_gmt":"2013-06-18T12:25:23","slug":"oab-defende-no-stf-que-empresas-sejam-excluidas-nas-doacoes-eleitorais","status":"publish","type":"post","link":"https:\/\/www.blogsoestado.com\/flaviobraga\/oab-defende-no-stf-que-empresas-sejam-excluidas-nas-doacoes-eleitorais\/","title":{"rendered":"OAB defende no STF que empresas sejam exclu\u00eddas nas doa\u00e7\u00f5es eleitorais"},"content":{"rendered":"<p>Bras\u00edlia \u2013 Por determina\u00e7\u00e3o constitucional, a pessoa jur\u00eddica, a empresa que visa o lucro \u2013 essa institui\u00e7\u00e3o que \u00e9 protegida constitucionalmente \u2013 n\u00e3o pode votar nem ser votada. Portanto, nada mais l\u00f3gico e constitucional do que excluir a pessoa jur\u00eddica do processo de doa\u00e7\u00f5es e financiamentos dentro do sistema eleitoral brasileiro.<\/p>\n<p>As observa\u00e7\u00f5es foram feitas nesta segunda-feira (17) pelo membro honor\u00e1rio vital\u00edcio do Conselho Federal da Ordem dos Advogados do Brasil e presidente da Comiss\u00e3o Especial de Mobiliza\u00e7\u00e3o para a Reforma Pol\u00edtica da entidade, Cezar Britto, durante exposi\u00e7\u00e3o em audi\u00eancia p\u00fablica promovida pelo Supremo Tribunal Federal (STF) para colher informa\u00e7\u00f5es antes do julgamento da A\u00e7\u00e3o Direta de Inconstitucionalidade (ADI) 4650\/2011. Britto fez a exposi\u00e7\u00e3o por designa\u00e7\u00e3o do presidente nacional da OAB, Marcus Vinicius Furtado.<\/p>\n<p>A a\u00e7\u00e3o \u00e9 de autoria da OAB Nacional e pede a inconstitucionalidade de dispositivos da Lei dos Partidos Pol\u00edticos (Lei 9.909\/95) e Lei das Elei\u00e7\u00f5es (Lei 9.504\/97) que autorizam doa\u00e7\u00f5es de recursos de pessoas jur\u00eddicas para as campanhas eleitorais.\u00a0 A OAB defende o financiamento democr\u00e1tico de campanhas, com participa\u00e7\u00e3o fundamental de doa\u00e7\u00f5es de pessoas f\u00edsicas.<\/p>\n<p>\u201cN\u00e3o li em nenhuma passagem da Constitui\u00e7\u00e3o que a pessoa jur\u00eddica, que tem um papel relevante\u00a0 expresso na Constitui\u00e7\u00e3o na atividade econ\u00f4mica, inclusive na concorr\u00eancia da educa\u00e7\u00e3o, na concorr\u00eancia dos servi\u00e7os de sa\u00fade, pode votar e ser votada\u201d, salientou Cezar Britto em sua exposi\u00e7\u00e3o na audi\u00eancia p\u00fablica, convocada e conduzida pelo ministro Luiz Fux, relator da ADI 4650. \u201cN\u00e3o h\u00e1 nenhuma express\u00e3o transformando a empresa, que tem a finalidade b\u00e1sica de buscar o lucro, ou tornando ela eleitora e destinat\u00e1ria do dispositivo constitucional do sufr\u00e1gio, de ser votada\u201d, acrescentou.<\/p>\n<p>Em defesa da declara\u00e7\u00e3o de inconstitucionalidade do financiamento de campanhas pol\u00edticas por parte de pessoas jur\u00eddicas, Cezar Britto criticou tamb\u00e9m durante a desigualdade e o poder econ\u00f4mico provocados pela participa\u00e7\u00e3o desses agentes no processo eleitoral.<\/p>\n<p>\u201cO artigo 14 da Constitui\u00e7\u00e3o que se quer ver cumprida, diz expressamente que no sufr\u00e1gio tamb\u00e9m se deve\u00a0 colher a igualdade no valor do voto, diz expressamente que \u00e9 preciso evitar o abuso do poder econ\u00f4mico. Me parece que n\u00e3o h\u00e1 discord\u00e2ncia em nenhuma das manifesta\u00e7\u00f5es de que o poder econ\u00f4mico influencia desproporcionalmente nas elei\u00e7\u00f5es\u201d, frisou o membro honor\u00e1rio vital\u00edcio da OAB.<\/p>\n<p>\u201cA OAB n\u00e3o \u00e9, n\u00e3o age e n\u00e3o pensa como os partidos pol\u00edticos; a Constitui\u00e7\u00e3o n\u00e3o lhe deu nem a Ordem quer essa atribui\u00e7\u00e3o\u201d, sustentou Britto na audi\u00eancia, falando em nome da OAB. \u201cA Ordem n\u00e3o prega aqui nem pretende empregar o financiamento p\u00fablico de campanha, isso n\u00e3o est\u00e1 em debate nessa a\u00e7\u00e3o; nossa entidade diz, como diz expressamente a nossa Constitui\u00e7\u00e3o Republicana, que quem manda \u00e9 o cidad\u00e3o, n\u00e3o a empresa, a pessoa jur\u00eddica.<\/p>\n<p>Ao apelar ao Supremo para que declare extinto do ordenamento jur\u00eddico brasileiro os dispositivos legais em vigor que ainda permitem a participa\u00e7\u00e3o de pessoas jur\u00eddicas no financiamento de campanhas, Cezar Britto comparou esse poss\u00edvel avan\u00e7o \u00e0 Leis que proibiram a compra de votos e que impedem a participa\u00e7\u00e3o de candidato ficha suja nas elei\u00e7\u00f5es, mais conhecida como Lei da Ficha Limpa<\/p>\n<p>\u201cCerta vez, dom Helder C\u00e2mara nos ensinou que \u00e9 preciso fazer com que as leis saiam do papel para ganhar as ruas\u201d, observou. \u201c\u00c9 preciso que as urnas reflitam a vontade do eleitor. Fizemos isso quando proibimos a compra do voto, fizemos isso quando dissemos que o candidatos t\u00eam que ter Ficha Limpa; agora, \u00e9 hora de afirmar o que disse a Constitui\u00e7\u00e3o em 1988, que o poder emana do povo, um princ\u00edpio b\u00e1sico. E que a igualdade, tamb\u00e9m expressa no seu artigo 5\u00ba como cl\u00e1usula p\u00e9trea, est\u00e1 sendo comprometida com um processo eleitoral fundado na desigualdade e no poder econ\u00f4mico\u201d.<\/p>\n<p>\u201c\u00c9 hora desta Corte aplicar esse esp\u00edrito constitucional, como fez quando revogou a Lei de Imprensa da ditadura militar\u201d, frisou Cezar Britto. \u201cAo revogar leis da ditadura militar, ao revogar a l\u00f3gica patrimonialista, a Constitui\u00e7\u00e3o disse expressamente\u00a0 que todo poder emana do povo. N\u00e3o sem raz\u00e3o, essa Constitui\u00e7\u00e3o, com 25 anos de idade, antes apontada como ingovern\u00e1vel por ter apostado na cidadania, nos proporcionou o maior per\u00edodo de estabilidade pol\u00edtica da nossa hist\u00f3ria.\u00a0 \u00c9 hora de mostrar que o caminho que ela apontou est\u00e1 correto, dizendo que o povo \u00e9 quem manda\u201d, concluiu.<\/p>\n","protected":false},"excerpt":{"rendered":"<p>Bras\u00edlia \u2013 Por determina\u00e7\u00e3o constitucional, a pessoa jur\u00eddica, a empresa que visa o lucro \u2013 essa institui\u00e7\u00e3o que \u00e9 protegida [&hellip;]<\/p>\n","protected":false},"author":8,"featured_media":0,"comment_status":"open","ping_status":"open","sticky":false,"template":"","format":"standard","meta":{"site-sidebar-layout":"default","site-content-layout":"","ast-site-content-layout":"default","site-content-style":"default","site-sidebar-style":"default","ast-global-header-display":"","ast-banner-title-visibility":"","ast-main-header-display":"","ast-hfb-above-header-display":"","ast-hfb-below-header-display":"","ast-hfb-mobile-header-display":"","site-post-title":"","ast-breadcrumbs-content":"","ast-featured-img":"","footer-sml-layout":"","ast-disable-related-posts":"","theme-transparent-header-meta":"","adv-header-id-meta":"","stick-header-meta":"","header-above-stick-meta":"","header-main-stick-meta":"","header-below-stick-meta":"","astra-migrate-meta-layouts":"default","ast-page-background-enabled":"default","ast-page-background-meta":{"desktop":{"background-color":"var(--ast-global-color-5)","background-image":"","background-repeat":"repeat","background-position":"center center","background-size":"auto","background-attachment":"scroll","background-type":"","background-media":"","overlay-type":"","overlay-color":"","overlay-opacity":"","overlay-gradient":""},"tablet":{"background-color":"","background-image":"","background-repeat":"repeat","background-position":"center center","background-size":"auto","background-attachment":"scroll","background-type":"","background-media":"","overlay-type":"","overlay-color":"","overlay-opacity":"","overlay-gradient":""},"mobile":{"background-color":"","background-image":"","background-repeat":"repeat","background-position":"center center","background-size":"auto","background-attachment":"scroll","background-type":"","background-media":"","overlay-type":"","overlay-color":"","overlay-opacity":"","overlay-gradient":""}},"ast-content-background-meta":{"desktop":{"background-color":"var(--ast-global-color-4)","background-image":"","background-repeat":"repeat","background-position":"center center","background-size":"auto","background-attachment":"scroll","background-type":"","background-media":"","overlay-type":"","overlay-color":"","overlay-opacity":"","overlay-gradient":""},"tablet":{"background-color":"var(--ast-global-color-4)","background-image":"","background-repeat":"repeat","background-position":"center center","background-size":"auto","background-attachment":"scroll","background-type":"","background-media":"","overlay-type":"","overlay-color":"","overlay-opacity":"","overlay-gradient":""},"mobile":{"background-color":"var(--ast-global-color-4)","background-image":"","background-repeat":"repeat","background-position":"center center","background-size":"auto","background-attachment":"scroll","background-type":"","background-media":"","overlay-type":"","overlay-color":"","overlay-opacity":"","overlay-gradient":""}},"footnotes":""},"categories":[1],"tags":[],"class_list":["post-2208","post","type-post","status-publish","format-standard","hentry","category-sem-categoria"],"yoast_head":"<!-- This site is optimized with the Yoast SEO plugin v26.6 - https:\/\/yoast.com\/wordpress\/plugins\/seo\/ -->\n<title>OAB defende no STF que empresas sejam exclu\u00eddas nas doa\u00e7\u00f5es eleitorais - Fl\u00e1vio Braga<\/title>\n<meta name=\"robots\" content=\"index, follow, max-snippet:-1, max-image-preview:large, max-video-preview:-1\" \/>\n<link rel=\"canonical\" href=\"https:\/\/www.blogsoestado.com\/flaviobraga\/oab-defende-no-stf-que-empresas-sejam-excluidas-nas-doacoes-eleitorais\/\" \/>\n<meta property=\"og:locale\" content=\"pt_BR\" \/>\n<meta property=\"og:type\" content=\"article\" \/>\n<meta property=\"og:title\" content=\"OAB defende no STF que empresas sejam exclu\u00eddas nas doa\u00e7\u00f5es eleitorais - Fl\u00e1vio Braga\" \/>\n<meta property=\"og:description\" content=\"Bras\u00edlia \u2013 Por determina\u00e7\u00e3o constitucional, a pessoa jur\u00eddica, a empresa que visa o lucro \u2013 essa institui\u00e7\u00e3o que \u00e9 protegida [&hellip;]\" \/>\n<meta property=\"og:url\" content=\"https:\/\/www.blogsoestado.com\/flaviobraga\/oab-defende-no-stf-que-empresas-sejam-excluidas-nas-doacoes-eleitorais\/\" \/>\n<meta property=\"og:site_name\" content=\"Fl\u00e1vio Braga\" \/>\n<meta property=\"article:published_time\" content=\"2013-06-18T12:25:23+00:00\" \/>\n<meta name=\"author\" content=\"Flavio Braga\" \/>\n<meta name=\"twitter:card\" content=\"summary_large_image\" \/>\n<meta name=\"twitter:label1\" content=\"Escrito por\" \/>\n\t<meta name=\"twitter:data1\" content=\"Flavio Braga\" \/>\n\t<meta name=\"twitter:label2\" content=\"Est. tempo de leitura\" \/>\n\t<meta name=\"twitter:data2\" content=\"4 minutos\" \/>\n<script type=\"application\/ld+json\" class=\"yoast-schema-graph\">{\"@context\":\"https:\/\/schema.org\",\"@graph\":[{\"@type\":\"WebPage\",\"@id\":\"https:\/\/www.blogsoestado.com\/flaviobraga\/oab-defende-no-stf-que-empresas-sejam-excluidas-nas-doacoes-eleitorais\/\",\"url\":\"https:\/\/www.blogsoestado.com\/flaviobraga\/oab-defende-no-stf-que-empresas-sejam-excluidas-nas-doacoes-eleitorais\/\",\"name\":\"OAB defende no STF que empresas sejam exclu\u00eddas nas doa\u00e7\u00f5es eleitorais - Fl\u00e1vio Braga\",\"isPartOf\":{\"@id\":\"https:\/\/www.blogsoestado.com\/flaviobraga\/#website\"},\"datePublished\":\"2013-06-18T12:25:23+00:00\",\"author\":{\"@id\":\"https:\/\/www.blogsoestado.com\/flaviobraga\/#\/schema\/person\/6c6c778331775c757a82d15206bd8733\"},\"breadcrumb\":{\"@id\":\"https:\/\/www.blogsoestado.com\/flaviobraga\/oab-defende-no-stf-que-empresas-sejam-excluidas-nas-doacoes-eleitorais\/#breadcrumb\"},\"inLanguage\":\"pt-BR\",\"potentialAction\":[{\"@type\":\"ReadAction\",\"target\":[\"https:\/\/www.blogsoestado.com\/flaviobraga\/oab-defende-no-stf-que-empresas-sejam-excluidas-nas-doacoes-eleitorais\/\"]}]},{\"@type\":\"BreadcrumbList\",\"@id\":\"https:\/\/www.blogsoestado.com\/flaviobraga\/oab-defende-no-stf-que-empresas-sejam-excluidas-nas-doacoes-eleitorais\/#breadcrumb\",\"itemListElement\":[{\"@type\":\"ListItem\",\"position\":1,\"name\":\"In\u00edcio\",\"item\":\"https:\/\/www.blogsoestado.com\/flaviobraga\/\"},{\"@type\":\"ListItem\",\"position\":2,\"name\":\"OAB defende no STF que empresas sejam exclu\u00eddas nas doa\u00e7\u00f5es eleitorais\"}]},{\"@type\":\"WebSite\",\"@id\":\"https:\/\/www.blogsoestado.com\/flaviobraga\/#website\",\"url\":\"https:\/\/www.blogsoestado.com\/flaviobraga\/\",\"name\":\"Fl\u00e1vio Braga\",\"description\":\"\",\"potentialAction\":[{\"@type\":\"SearchAction\",\"target\":{\"@type\":\"EntryPoint\",\"urlTemplate\":\"https:\/\/www.blogsoestado.com\/flaviobraga\/?s={search_term_string}\"},\"query-input\":{\"@type\":\"PropertyValueSpecification\",\"valueRequired\":true,\"valueName\":\"search_term_string\"}}],\"inLanguage\":\"pt-BR\"},{\"@type\":\"Person\",\"@id\":\"https:\/\/www.blogsoestado.com\/flaviobraga\/#\/schema\/person\/6c6c778331775c757a82d15206bd8733\",\"name\":\"Flavio Braga\",\"image\":{\"@type\":\"ImageObject\",\"inLanguage\":\"pt-BR\",\"@id\":\"https:\/\/www.blogsoestado.com\/flaviobraga\/#\/schema\/person\/image\/\",\"url\":\"https:\/\/secure.gravatar.com\/avatar\/ab173937dad8d78195c87778be8a0285d069ede375ce0ae24aac1cf8e58ccb2c?s=96&d=mm&r=g\",\"contentUrl\":\"https:\/\/secure.gravatar.com\/avatar\/ab173937dad8d78195c87778be8a0285d069ede375ce0ae24aac1cf8e58ccb2c?s=96&d=mm&r=g\",\"caption\":\"Flavio Braga\"},\"url\":\"https:\/\/www.blogsoestado.com\/flaviobraga\/author\/flaviobraga\/\"}]}<\/script>\n<!-- \/ Yoast SEO plugin. -->","yoast_head_json":{"title":"OAB defende no STF que empresas sejam exclu\u00eddas nas doa\u00e7\u00f5es eleitorais - Fl\u00e1vio Braga","robots":{"index":"index","follow":"follow","max-snippet":"max-snippet:-1","max-image-preview":"max-image-preview:large","max-video-preview":"max-video-preview:-1"},"canonical":"https:\/\/www.blogsoestado.com\/flaviobraga\/oab-defende-no-stf-que-empresas-sejam-excluidas-nas-doacoes-eleitorais\/","og_locale":"pt_BR","og_type":"article","og_title":"OAB defende no STF que empresas sejam exclu\u00eddas nas doa\u00e7\u00f5es eleitorais - Fl\u00e1vio Braga","og_description":"Bras\u00edlia \u2013 Por determina\u00e7\u00e3o constitucional, a pessoa jur\u00eddica, a empresa que visa o lucro \u2013 essa institui\u00e7\u00e3o que \u00e9 protegida [&hellip;]","og_url":"https:\/\/www.blogsoestado.com\/flaviobraga\/oab-defende-no-stf-que-empresas-sejam-excluidas-nas-doacoes-eleitorais\/","og_site_name":"Fl\u00e1vio Braga","article_published_time":"2013-06-18T12:25:23+00:00","author":"Flavio Braga","twitter_card":"summary_large_image","twitter_misc":{"Escrito por":"Flavio Braga","Est. tempo de leitura":"4 minutos"},"schema":{"@context":"https:\/\/schema.org","@graph":[{"@type":"WebPage","@id":"https:\/\/www.blogsoestado.com\/flaviobraga\/oab-defende-no-stf-que-empresas-sejam-excluidas-nas-doacoes-eleitorais\/","url":"https:\/\/www.blogsoestado.com\/flaviobraga\/oab-defende-no-stf-que-empresas-sejam-excluidas-nas-doacoes-eleitorais\/","name":"OAB defende no STF que empresas sejam exclu\u00eddas nas doa\u00e7\u00f5es eleitorais - Fl\u00e1vio Braga","isPartOf":{"@id":"https:\/\/www.blogsoestado.com\/flaviobraga\/#website"},"datePublished":"2013-06-18T12:25:23+00:00","author":{"@id":"https:\/\/www.blogsoestado.com\/flaviobraga\/#\/schema\/person\/6c6c778331775c757a82d15206bd8733"},"breadcrumb":{"@id":"https:\/\/www.blogsoestado.com\/flaviobraga\/oab-defende-no-stf-que-empresas-sejam-excluidas-nas-doacoes-eleitorais\/#breadcrumb"},"inLanguage":"pt-BR","potentialAction":[{"@type":"ReadAction","target":["https:\/\/www.blogsoestado.com\/flaviobraga\/oab-defende-no-stf-que-empresas-sejam-excluidas-nas-doacoes-eleitorais\/"]}]},{"@type":"BreadcrumbList","@id":"https:\/\/www.blogsoestado.com\/flaviobraga\/oab-defende-no-stf-que-empresas-sejam-excluidas-nas-doacoes-eleitorais\/#breadcrumb","itemListElement":[{"@type":"ListItem","position":1,"name":"In\u00edcio","item":"https:\/\/www.blogsoestado.com\/flaviobraga\/"},{"@type":"ListItem","position":2,"name":"OAB defende no STF que empresas sejam exclu\u00eddas nas doa\u00e7\u00f5es eleitorais"}]},{"@type":"WebSite","@id":"https:\/\/www.blogsoestado.com\/flaviobraga\/#website","url":"https:\/\/www.blogsoestado.com\/flaviobraga\/","name":"Fl\u00e1vio Braga","description":"","potentialAction":[{"@type":"SearchAction","target":{"@type":"EntryPoint","urlTemplate":"https:\/\/www.blogsoestado.com\/flaviobraga\/?s={search_term_string}"},"query-input":{"@type":"PropertyValueSpecification","valueRequired":true,"valueName":"search_term_string"}}],"inLanguage":"pt-BR"},{"@type":"Person","@id":"https:\/\/www.blogsoestado.com\/flaviobraga\/#\/schema\/person\/6c6c778331775c757a82d15206bd8733","name":"Flavio Braga","image":{"@type":"ImageObject","inLanguage":"pt-BR","@id":"https:\/\/www.blogsoestado.com\/flaviobraga\/#\/schema\/person\/image\/","url":"https:\/\/secure.gravatar.com\/avatar\/ab173937dad8d78195c87778be8a0285d069ede375ce0ae24aac1cf8e58ccb2c?s=96&d=mm&r=g","contentUrl":"https:\/\/secure.gravatar.com\/avatar\/ab173937dad8d78195c87778be8a0285d069ede375ce0ae24aac1cf8e58ccb2c?s=96&d=mm&r=g","caption":"Flavio Braga"},"url":"https:\/\/www.blogsoestado.com\/flaviobraga\/author\/flaviobraga\/"}]}},"jetpack_featured_media_url":"","_links":{"self":[{"href":"https:\/\/www.blogsoestado.com\/flaviobraga\/wp-json\/wp\/v2\/posts\/2208","targetHints":{"allow":["GET"]}}],"collection":[{"href":"https:\/\/www.blogsoestado.com\/flaviobraga\/wp-json\/wp\/v2\/posts"}],"about":[{"href":"https:\/\/www.blogsoestado.com\/flaviobraga\/wp-json\/wp\/v2\/types\/post"}],"author":[{"embeddable":true,"href":"https:\/\/www.blogsoestado.com\/flaviobraga\/wp-json\/wp\/v2\/users\/8"}],"replies":[{"embeddable":true,"href":"https:\/\/www.blogsoestado.com\/flaviobraga\/wp-json\/wp\/v2\/comments?post=2208"}],"version-history":[{"count":0,"href":"https:\/\/www.blogsoestado.com\/flaviobraga\/wp-json\/wp\/v2\/posts\/2208\/revisions"}],"wp:attachment":[{"href":"https:\/\/www.blogsoestado.com\/flaviobraga\/wp-json\/wp\/v2\/media?parent=2208"}],"wp:term":[{"taxonomy":"category","embeddable":true,"href":"https:\/\/www.blogsoestado.com\/flaviobraga\/wp-json\/wp\/v2\/categories?post=2208"},{"taxonomy":"post_tag","embeddable":true,"href":"https:\/\/www.blogsoestado.com\/flaviobraga\/wp-json\/wp\/v2\/tags?post=2208"}],"curies":[{"name":"wp","href":"https:\/\/api.w.org\/{rel}","templated":true}]}}