{"id":2215,"date":"2013-06-26T09:43:09","date_gmt":"2013-06-26T12:43:09","guid":{"rendered":"https:\/\/www.blogsoestado.com\/flaviobraga\/?p=2215"},"modified":"2013-06-26T09:43:09","modified_gmt":"2013-06-26T12:43:09","slug":"camara-rejeita-pec-37-apos-manifestacoes-e-articulacao-do-ministerio-publico","status":"publish","type":"post","link":"https:\/\/www.blogsoestado.com\/flaviobraga\/camara-rejeita-pec-37-apos-manifestacoes-e-articulacao-do-ministerio-publico\/","title":{"rendered":"C\u00e2mara rejeita PEC 37 ap\u00f3s manifesta\u00e7\u00f5es e articula\u00e7\u00e3o do Minist\u00e9rio P\u00fablico"},"content":{"rendered":"<p>Por 430 votos a apenas nove, foi rejeitada ontem na C\u00e2mara dos Deputados, em Bras\u00edlia, a Proposta de Emenda \u00e0 Constitui\u00e7\u00e3o (PEC) n\u00ba 37\/11, de autoria do deputado federal Lourival Mendes (PTdoB).<\/p>\n<p>Caso fosse aprovada, a PEC tinha por objetivo assegurar \u00e0s pol\u00edcias Federal e Civil dos estados e do Distrito Federal compet\u00eancia privativa na investiga\u00e7\u00e3o de infra\u00e7\u00f5es penais de qualquer natureza. Houve duas absten\u00e7\u00f5es no plen\u00e1rio.<\/p>\n<p>Durante a discuss\u00e3o da proposta, que durou cerca de 1 hora e 48 minutos, o deputado maranhense Lourival Mendes foi isolado pelo pr\u00f3prio partido pol\u00edtico, que orientou todos os seus membros a rejeitarem o projeto. Todas as lideran\u00e7as de partidos pol\u00edticos orientaram seus membros a derrubarem a PEC.<\/p>\n<p>Membros do Minist\u00e9rio P\u00fablico de todo o pa\u00eds acompanharam a vota\u00e7\u00e3o na C\u00e2mara e realizavam manifesta\u00e7\u00f5es com cartazes e faixas. Eles comemoraram, nas galerias do plen\u00e1rio, o resultado da vota\u00e7\u00e3o.<\/p>\n<p>A decis\u00e3o de colocar a PEC 37 na pauta extra de ontem foi do presidente Henrique Alves (PMDB\/RN), que retornou de Moscou no fim de semana.<\/p>\n<p>A proposta estava programada para ser apreciada hoje [dia 26], mas havia sido retirada da pauta na semana passada, por decis\u00e3o do deputado Andr\u00e9 Vargas (PT\/PR), que utilizou como justificativa a aus\u00eancia de um consenso entre os partidos pol\u00edticos.<\/p>\n<p>Mas, com o decorrer das manifesta\u00e7\u00f5es em todo o pa\u00eds, que tiveram como uma das principais pautas a derrubada da PEC 37, o Minist\u00e9rio P\u00fablico ganhou for\u00e7a e os parlamentares agilizaram o processo da vota\u00e7\u00e3o, que resultou na rejei\u00e7\u00e3o da Proposta de Emenda \u00e0 Constitui\u00e7\u00e3o.<\/p>\n<p>Ap\u00f3s conclu\u00edda a vota\u00e7\u00e3o, o autor da proposta lamentou o resultado. Dos nove parlamentares que votaram a favor da PEC 37, Lourival Mendes foi o \u00fanico que utilizou a tribuna para defender a manuten\u00e7\u00e3o do texto original. Ele disse que a PEC foi rotulada com o sin\u00f4nimo de impunidade, o que levou a opini\u00e3o p\u00fablica a rejeit\u00e1-la. &#8220;Essa PEC tramitou nesta Casa com 207 assinaturas e foi aprovada na CCJ [Comiss\u00e3o de Constitui\u00e7\u00e3o e Justi\u00e7a] e na Comiss\u00e3o Especial. Lamentavelmente, num acidente de percurso, a PEC foi rotulada e alcan\u00e7ada por um movimento que nada tem a ver com sua propositura. N\u00e3o \u00e9 verdadeiro o r\u00f3tulo de impunidade da PEC&#8221;, afirmou.<\/p>\n","protected":false},"excerpt":{"rendered":"<p>Por 430 votos a apenas nove, foi rejeitada ontem na C\u00e2mara dos Deputados, em Bras\u00edlia, a Proposta de Emenda \u00e0 [&hellip;]<\/p>\n","protected":false},"author":8,"featured_media":0,"comment_status":"open","ping_status":"open","sticky":false,"template":"","format":"standard","meta":{"site-sidebar-layout":"default","site-content-layout":"","ast-site-content-layout":"default","site-content-style":"default","site-sidebar-style":"default","ast-global-header-display":"","ast-banner-title-visibility":"","ast-main-header-display":"","ast-hfb-above-header-display":"","ast-hfb-below-header-display":"","ast-hfb-mobile-header-display":"","site-post-title":"","ast-breadcrumbs-content":"","ast-featured-img":"","footer-sml-layout":"","ast-disable-related-posts":"","theme-transparent-header-meta":"","adv-header-id-meta":"","stick-header-meta":"","header-above-stick-meta":"","header-main-stick-meta":"","header-below-stick-meta":"","astra-migrate-meta-layouts":"default","ast-page-background-enabled":"default","ast-page-background-meta":{"desktop":{"background-color":"var(--ast-global-color-5)","background-image":"","background-repeat":"repeat","background-position":"center center","background-size":"auto","background-attachment":"scroll","background-type":"","background-media":"","overlay-type":"","overlay-color":"","overlay-opacity":"","overlay-gradient":""},"tablet":{"background-color":"","background-image":"","background-repeat":"repeat","background-position":"center center","background-size":"auto","background-attachment":"scroll","background-type":"","background-media":"","overlay-type":"","overlay-color":"","overlay-opacity":"","overlay-gradient":""},"mobile":{"background-color":"","background-image":"","background-repeat":"repeat","background-position":"center center","background-size":"auto","background-attachment":"scroll","background-type":"","background-media":"","overlay-type":"","overlay-color":"","overlay-opacity":"","overlay-gradient":""}},"ast-content-background-meta":{"desktop":{"background-color":"var(--ast-global-color-4)","background-image":"","background-repeat":"repeat","background-position":"center center","background-size":"auto","background-attachment":"scroll","background-type":"","background-media":"","overlay-type":"","overlay-color":"","overlay-opacity":"","overlay-gradient":""},"tablet":{"background-color":"var(--ast-global-color-4)","background-image":"","background-repeat":"repeat","background-position":"center center","background-size":"auto","background-attachment":"scroll","background-type":"","background-media":"","overlay-type":"","overlay-color":"","overlay-opacity":"","overlay-gradient":""},"mobile":{"background-color":"var(--ast-global-color-4)","background-image":"","background-repeat":"repeat","background-position":"center center","background-size":"auto","background-attachment":"scroll","background-type":"","background-media":"","overlay-type":"","overlay-color":"","overlay-opacity":"","overlay-gradient":""}},"footnotes":""},"categories":[1],"tags":[],"class_list":["post-2215","post","type-post","status-publish","format-standard","hentry","category-sem-categoria"],"yoast_head":"<!-- This site is optimized with the Yoast SEO plugin v26.6 - https:\/\/yoast.com\/wordpress\/plugins\/seo\/ -->\n<title>C\u00e2mara rejeita PEC 37 ap\u00f3s manifesta\u00e7\u00f5es e articula\u00e7\u00e3o do Minist\u00e9rio P\u00fablico - Fl\u00e1vio Braga<\/title>\n<meta name=\"robots\" content=\"index, follow, max-snippet:-1, max-image-preview:large, max-video-preview:-1\" \/>\n<link rel=\"canonical\" href=\"https:\/\/www.blogsoestado.com\/flaviobraga\/camara-rejeita-pec-37-apos-manifestacoes-e-articulacao-do-ministerio-publico\/\" \/>\n<meta property=\"og:locale\" content=\"pt_BR\" \/>\n<meta property=\"og:type\" content=\"article\" \/>\n<meta property=\"og:title\" content=\"C\u00e2mara rejeita PEC 37 ap\u00f3s manifesta\u00e7\u00f5es e articula\u00e7\u00e3o do Minist\u00e9rio P\u00fablico - Fl\u00e1vio Braga\" \/>\n<meta property=\"og:description\" content=\"Por 430 votos a apenas nove, foi rejeitada ontem na C\u00e2mara dos Deputados, em Bras\u00edlia, a Proposta de Emenda \u00e0 [&hellip;]\" \/>\n<meta property=\"og:url\" content=\"https:\/\/www.blogsoestado.com\/flaviobraga\/camara-rejeita-pec-37-apos-manifestacoes-e-articulacao-do-ministerio-publico\/\" \/>\n<meta property=\"og:site_name\" content=\"Fl\u00e1vio Braga\" \/>\n<meta property=\"article:published_time\" content=\"2013-06-26T12:43:09+00:00\" \/>\n<meta name=\"author\" content=\"Flavio Braga\" \/>\n<meta name=\"twitter:card\" content=\"summary_large_image\" \/>\n<meta name=\"twitter:label1\" content=\"Escrito por\" \/>\n\t<meta name=\"twitter:data1\" content=\"Flavio Braga\" \/>\n\t<meta name=\"twitter:label2\" content=\"Est. tempo de leitura\" \/>\n\t<meta name=\"twitter:data2\" content=\"2 minutos\" \/>\n<script type=\"application\/ld+json\" class=\"yoast-schema-graph\">{\"@context\":\"https:\/\/schema.org\",\"@graph\":[{\"@type\":\"WebPage\",\"@id\":\"https:\/\/www.blogsoestado.com\/flaviobraga\/camara-rejeita-pec-37-apos-manifestacoes-e-articulacao-do-ministerio-publico\/\",\"url\":\"https:\/\/www.blogsoestado.com\/flaviobraga\/camara-rejeita-pec-37-apos-manifestacoes-e-articulacao-do-ministerio-publico\/\",\"name\":\"C\u00e2mara rejeita PEC 37 ap\u00f3s manifesta\u00e7\u00f5es e articula\u00e7\u00e3o do Minist\u00e9rio P\u00fablico - Fl\u00e1vio Braga\",\"isPartOf\":{\"@id\":\"https:\/\/www.blogsoestado.com\/flaviobraga\/#website\"},\"datePublished\":\"2013-06-26T12:43:09+00:00\",\"author\":{\"@id\":\"https:\/\/www.blogsoestado.com\/flaviobraga\/#\/schema\/person\/6c6c778331775c757a82d15206bd8733\"},\"breadcrumb\":{\"@id\":\"https:\/\/www.blogsoestado.com\/flaviobraga\/camara-rejeita-pec-37-apos-manifestacoes-e-articulacao-do-ministerio-publico\/#breadcrumb\"},\"inLanguage\":\"pt-BR\",\"potentialAction\":[{\"@type\":\"ReadAction\",\"target\":[\"https:\/\/www.blogsoestado.com\/flaviobraga\/camara-rejeita-pec-37-apos-manifestacoes-e-articulacao-do-ministerio-publico\/\"]}]},{\"@type\":\"BreadcrumbList\",\"@id\":\"https:\/\/www.blogsoestado.com\/flaviobraga\/camara-rejeita-pec-37-apos-manifestacoes-e-articulacao-do-ministerio-publico\/#breadcrumb\",\"itemListElement\":[{\"@type\":\"ListItem\",\"position\":1,\"name\":\"In\u00edcio\",\"item\":\"https:\/\/www.blogsoestado.com\/flaviobraga\/\"},{\"@type\":\"ListItem\",\"position\":2,\"name\":\"C\u00e2mara rejeita PEC 37 ap\u00f3s manifesta\u00e7\u00f5es e articula\u00e7\u00e3o do Minist\u00e9rio P\u00fablico\"}]},{\"@type\":\"WebSite\",\"@id\":\"https:\/\/www.blogsoestado.com\/flaviobraga\/#website\",\"url\":\"https:\/\/www.blogsoestado.com\/flaviobraga\/\",\"name\":\"Fl\u00e1vio Braga\",\"description\":\"\",\"potentialAction\":[{\"@type\":\"SearchAction\",\"target\":{\"@type\":\"EntryPoint\",\"urlTemplate\":\"https:\/\/www.blogsoestado.com\/flaviobraga\/?s={search_term_string}\"},\"query-input\":{\"@type\":\"PropertyValueSpecification\",\"valueRequired\":true,\"valueName\":\"search_term_string\"}}],\"inLanguage\":\"pt-BR\"},{\"@type\":\"Person\",\"@id\":\"https:\/\/www.blogsoestado.com\/flaviobraga\/#\/schema\/person\/6c6c778331775c757a82d15206bd8733\",\"name\":\"Flavio Braga\",\"image\":{\"@type\":\"ImageObject\",\"inLanguage\":\"pt-BR\",\"@id\":\"https:\/\/www.blogsoestado.com\/flaviobraga\/#\/schema\/person\/image\/\",\"url\":\"https:\/\/secure.gravatar.com\/avatar\/ab173937dad8d78195c87778be8a0285d069ede375ce0ae24aac1cf8e58ccb2c?s=96&d=mm&r=g\",\"contentUrl\":\"https:\/\/secure.gravatar.com\/avatar\/ab173937dad8d78195c87778be8a0285d069ede375ce0ae24aac1cf8e58ccb2c?s=96&d=mm&r=g\",\"caption\":\"Flavio Braga\"},\"url\":\"https:\/\/www.blogsoestado.com\/flaviobraga\/author\/flaviobraga\/\"}]}<\/script>\n<!-- \/ Yoast SEO plugin. -->","yoast_head_json":{"title":"C\u00e2mara rejeita PEC 37 ap\u00f3s manifesta\u00e7\u00f5es e articula\u00e7\u00e3o do Minist\u00e9rio P\u00fablico - Fl\u00e1vio Braga","robots":{"index":"index","follow":"follow","max-snippet":"max-snippet:-1","max-image-preview":"max-image-preview:large","max-video-preview":"max-video-preview:-1"},"canonical":"https:\/\/www.blogsoestado.com\/flaviobraga\/camara-rejeita-pec-37-apos-manifestacoes-e-articulacao-do-ministerio-publico\/","og_locale":"pt_BR","og_type":"article","og_title":"C\u00e2mara rejeita PEC 37 ap\u00f3s manifesta\u00e7\u00f5es e articula\u00e7\u00e3o do Minist\u00e9rio P\u00fablico - Fl\u00e1vio Braga","og_description":"Por 430 votos a apenas nove, foi rejeitada ontem na C\u00e2mara dos Deputados, em Bras\u00edlia, a Proposta de Emenda \u00e0 [&hellip;]","og_url":"https:\/\/www.blogsoestado.com\/flaviobraga\/camara-rejeita-pec-37-apos-manifestacoes-e-articulacao-do-ministerio-publico\/","og_site_name":"Fl\u00e1vio Braga","article_published_time":"2013-06-26T12:43:09+00:00","author":"Flavio Braga","twitter_card":"summary_large_image","twitter_misc":{"Escrito por":"Flavio Braga","Est. tempo de leitura":"2 minutos"},"schema":{"@context":"https:\/\/schema.org","@graph":[{"@type":"WebPage","@id":"https:\/\/www.blogsoestado.com\/flaviobraga\/camara-rejeita-pec-37-apos-manifestacoes-e-articulacao-do-ministerio-publico\/","url":"https:\/\/www.blogsoestado.com\/flaviobraga\/camara-rejeita-pec-37-apos-manifestacoes-e-articulacao-do-ministerio-publico\/","name":"C\u00e2mara rejeita PEC 37 ap\u00f3s manifesta\u00e7\u00f5es e articula\u00e7\u00e3o do Minist\u00e9rio P\u00fablico - Fl\u00e1vio Braga","isPartOf":{"@id":"https:\/\/www.blogsoestado.com\/flaviobraga\/#website"},"datePublished":"2013-06-26T12:43:09+00:00","author":{"@id":"https:\/\/www.blogsoestado.com\/flaviobraga\/#\/schema\/person\/6c6c778331775c757a82d15206bd8733"},"breadcrumb":{"@id":"https:\/\/www.blogsoestado.com\/flaviobraga\/camara-rejeita-pec-37-apos-manifestacoes-e-articulacao-do-ministerio-publico\/#breadcrumb"},"inLanguage":"pt-BR","potentialAction":[{"@type":"ReadAction","target":["https:\/\/www.blogsoestado.com\/flaviobraga\/camara-rejeita-pec-37-apos-manifestacoes-e-articulacao-do-ministerio-publico\/"]}]},{"@type":"BreadcrumbList","@id":"https:\/\/www.blogsoestado.com\/flaviobraga\/camara-rejeita-pec-37-apos-manifestacoes-e-articulacao-do-ministerio-publico\/#breadcrumb","itemListElement":[{"@type":"ListItem","position":1,"name":"In\u00edcio","item":"https:\/\/www.blogsoestado.com\/flaviobraga\/"},{"@type":"ListItem","position":2,"name":"C\u00e2mara rejeita PEC 37 ap\u00f3s manifesta\u00e7\u00f5es e articula\u00e7\u00e3o do Minist\u00e9rio P\u00fablico"}]},{"@type":"WebSite","@id":"https:\/\/www.blogsoestado.com\/flaviobraga\/#website","url":"https:\/\/www.blogsoestado.com\/flaviobraga\/","name":"Fl\u00e1vio Braga","description":"","potentialAction":[{"@type":"SearchAction","target":{"@type":"EntryPoint","urlTemplate":"https:\/\/www.blogsoestado.com\/flaviobraga\/?s={search_term_string}"},"query-input":{"@type":"PropertyValueSpecification","valueRequired":true,"valueName":"search_term_string"}}],"inLanguage":"pt-BR"},{"@type":"Person","@id":"https:\/\/www.blogsoestado.com\/flaviobraga\/#\/schema\/person\/6c6c778331775c757a82d15206bd8733","name":"Flavio Braga","image":{"@type":"ImageObject","inLanguage":"pt-BR","@id":"https:\/\/www.blogsoestado.com\/flaviobraga\/#\/schema\/person\/image\/","url":"https:\/\/secure.gravatar.com\/avatar\/ab173937dad8d78195c87778be8a0285d069ede375ce0ae24aac1cf8e58ccb2c?s=96&d=mm&r=g","contentUrl":"https:\/\/secure.gravatar.com\/avatar\/ab173937dad8d78195c87778be8a0285d069ede375ce0ae24aac1cf8e58ccb2c?s=96&d=mm&r=g","caption":"Flavio Braga"},"url":"https:\/\/www.blogsoestado.com\/flaviobraga\/author\/flaviobraga\/"}]}},"jetpack_featured_media_url":"","_links":{"self":[{"href":"https:\/\/www.blogsoestado.com\/flaviobraga\/wp-json\/wp\/v2\/posts\/2215","targetHints":{"allow":["GET"]}}],"collection":[{"href":"https:\/\/www.blogsoestado.com\/flaviobraga\/wp-json\/wp\/v2\/posts"}],"about":[{"href":"https:\/\/www.blogsoestado.com\/flaviobraga\/wp-json\/wp\/v2\/types\/post"}],"author":[{"embeddable":true,"href":"https:\/\/www.blogsoestado.com\/flaviobraga\/wp-json\/wp\/v2\/users\/8"}],"replies":[{"embeddable":true,"href":"https:\/\/www.blogsoestado.com\/flaviobraga\/wp-json\/wp\/v2\/comments?post=2215"}],"version-history":[{"count":0,"href":"https:\/\/www.blogsoestado.com\/flaviobraga\/wp-json\/wp\/v2\/posts\/2215\/revisions"}],"wp:attachment":[{"href":"https:\/\/www.blogsoestado.com\/flaviobraga\/wp-json\/wp\/v2\/media?parent=2215"}],"wp:term":[{"taxonomy":"category","embeddable":true,"href":"https:\/\/www.blogsoestado.com\/flaviobraga\/wp-json\/wp\/v2\/categories?post=2215"},{"taxonomy":"post_tag","embeddable":true,"href":"https:\/\/www.blogsoestado.com\/flaviobraga\/wp-json\/wp\/v2\/tags?post=2215"}],"curies":[{"name":"wp","href":"https:\/\/api.w.org\/{rel}","templated":true}]}}