{"id":2217,"date":"2013-06-26T13:08:03","date_gmt":"2013-06-26T16:08:03","guid":{"rendered":"https:\/\/www.blogsoestado.com\/flaviobraga\/?p=2217"},"modified":"2013-06-26T13:08:03","modified_gmt":"2013-06-26T16:08:03","slug":"maranhenses-sao-destaque-em-reuniao-que-fez-dilma-praticamente-desistir-de-constituinte","status":"publish","type":"post","link":"https:\/\/www.blogsoestado.com\/flaviobraga\/maranhenses-sao-destaque-em-reuniao-que-fez-dilma-praticamente-desistir-de-constituinte\/","title":{"rendered":"Maranhenses s\u00e3o destaque em reuni\u00e3o que fez Dilma praticamente desistir de Constituinte"},"content":{"rendered":"<p>Os maranhenses Marcus Vin\u00edcius Co\u00ealho, presidente nacional da OAB, e Marlon Reis, juiz e diretor do Movimento de Combate \u00e0 Corrup\u00e7\u00e3o Eleitoral (MCCE), inauguraram ontem (25), oficialmente, diverg\u00eancias \u00e0 proposta da presidente Dilma Roussef (PT) de realizar plebiscito sobre instala\u00e7\u00e3o de uma Assembleia Constituinte que defina os termos de uma reforma pol\u00edtica. Foram eles os respons\u00e1veis por fazer a petista praticamente desistir da ideia.<\/p>\n<p>Em reuni\u00e3o no Pal\u00e1cio do Planalto com a presidente, os dois defenderem n\u00e3o haver necessidade de uma Constituinte para que seja implementada a reforma pol\u00edtica.<\/p>\n<p>\u201c\u00c9 poss\u00edvel fazer a reforma com altera\u00e7\u00f5es nas leis ordin\u00e1rias, sem necessidade de alterar a Constitui\u00e7\u00e3o Federal\u201d, disse o presidente da OAB. \u201cA convoca\u00e7\u00e3o de uma Assembleia Constituinte exclusiva para tratar da reforma, al\u00e9m de desnecess\u00e1ria, \u00e9 perigosa para as garantias do cidad\u00e3o\u201d, completou.<\/p>\n<p>Para Marlon Reis, uma Constituinte apenas daria aos pr\u00f3prios pol\u00edticos \u2013 em crescente descr\u00e9dito perante a popula\u00e7\u00e3o \u2013 o direito de reformar o processo pol\u00edtico-eleitoral do pa\u00eds.<\/p>\n<p>\u201cA ideia da Constituinte \u00e9 incab\u00edvel. Seria apenas uma outra forma de os pr\u00f3prios pol\u00edticos controlarem a reforma. A Constituinte apenas transfere para a classe pol\u00edtica a condu\u00e7\u00e3o do processo e a popula\u00e7\u00e3o j\u00e1 mostrou que n\u00e3o confia mais nessa elite pol\u00edtica. Nossa proposta diverge totalmente das apresentadas pela presidente Dilma\u201d, declarou.<\/p>\n<p><strong>Financiamento<\/strong><\/p>\n<p>O ponto central das propostas apresentadas pelas duas entidades para a reforma pol\u00edtica passa pelo financiamento das campanhas. Ambas defendem o financiamento p\u00fablico, como forma de coibir as rela\u00e7\u00f5es de interesse entre empresas e pol\u00edticos.<\/p>\n<p>\u201c\u00c9 hora de mudarmos o Brasil, acabando com a corrup\u00e7\u00e3o administrativa, que come\u00e7a com a corrup\u00e7\u00e3o eleitoral. Vamos retirar qualquer incentivo para que rela\u00e7\u00f5es indevidas entre candidatos e empresas possam influenciar no resultado das elei\u00e7\u00f5es. Sem isso, nunca iremos combater as causas da corrup\u00e7\u00e3o em nosso Pa\u00eds, que come\u00e7a com a corrup\u00e7\u00e3o eleitoral. Portanto, o financiamento democr\u00e1tico de campanha \u00e9 fundamental para que tenhamos elei\u00e7\u00f5es limpas e para que desestimulemos pr\u00e1ticas indevidas de corrup\u00e7\u00e3o eleitoral\u201d, argumentou Marcus Vin\u00edcius.<\/p>\n<p>M\u00e1rlon Reis frisa que a rela\u00e7\u00e3o de interesses financeiros entre doadores de campanha e pol\u00edticos diminui a qualidade dos representantes eleitos a cada ano. \u201cDefendemos a exclus\u00e3o das empresas do rol de doadores, porque essa rela\u00e7\u00e3o entre as empresas e os pol\u00edticos \u00e9 anti-republicana, baseada em interesses financeiros. Por isso, tenho dito que seria uma grande trag\u00e9dia para o pa\u00eds retomarmos o processo eleitoral do ano que vem ainda sob o modelo atual, porque, a cada nova elei\u00e7\u00e3o, cai a qualidade dos nossos representantes\u201d, ressaltou.<\/p>\n<p>Ap\u00f3s a reuni\u00e3o, a Secretaria de Comunica\u00e7\u00e3o da Presid\u00eancia da Rep\u00fablica ainda emitiu nota reafirmando a disposi\u00e7\u00e3o de Dilma em trabalhar pela Constituinte, mas, horas depois, o ministro da Educa\u00e7\u00e3o, Aloizio Mercadante informou que, ap\u00f3s reuni\u00e3o dos chefes dos poderes,\u00a0\u201da converg\u00eancia poss\u00edvel \u00e9 o plebiscito\u201d \u2013 ele se referia \u00e0 realiza\u00e7\u00e3o de uma consulta popular diretamente para que se decida sobre os pontos da reforma pol\u00edtica que seriam discutidos na Constituinte).<\/p>\n<p>(Com informa\u00e7\u00f5es do Blog de Gilberto Leda)<\/p>\n","protected":false},"excerpt":{"rendered":"<p>Os maranhenses Marcus Vin\u00edcius Co\u00ealho, presidente nacional da OAB, e Marlon Reis, juiz e diretor do Movimento de Combate \u00e0 [&hellip;]<\/p>\n","protected":false},"author":8,"featured_media":0,"comment_status":"open","ping_status":"open","sticky":false,"template":"","format":"standard","meta":{"site-sidebar-layout":"default","site-content-layout":"","ast-site-content-layout":"default","site-content-style":"default","site-sidebar-style":"default","ast-global-header-display":"","ast-banner-title-visibility":"","ast-main-header-display":"","ast-hfb-above-header-display":"","ast-hfb-below-header-display":"","ast-hfb-mobile-header-display":"","site-post-title":"","ast-breadcrumbs-content":"","ast-featured-img":"","footer-sml-layout":"","ast-disable-related-posts":"","theme-transparent-header-meta":"","adv-header-id-meta":"","stick-header-meta":"","header-above-stick-meta":"","header-main-stick-meta":"","header-below-stick-meta":"","astra-migrate-meta-layouts":"default","ast-page-background-enabled":"default","ast-page-background-meta":{"desktop":{"background-color":"var(--ast-global-color-5)","background-image":"","background-repeat":"repeat","background-position":"center center","background-size":"auto","background-attachment":"scroll","background-type":"","background-media":"","overlay-type":"","overlay-color":"","overlay-opacity":"","overlay-gradient":""},"tablet":{"background-color":"","background-image":"","background-repeat":"repeat","background-position":"center center","background-size":"auto","background-attachment":"scroll","background-type":"","background-media":"","overlay-type":"","overlay-color":"","overlay-opacity":"","overlay-gradient":""},"mobile":{"background-color":"","background-image":"","background-repeat":"repeat","background-position":"center center","background-size":"auto","background-attachment":"scroll","background-type":"","background-media":"","overlay-type":"","overlay-color":"","overlay-opacity":"","overlay-gradient":""}},"ast-content-background-meta":{"desktop":{"background-color":"var(--ast-global-color-4)","background-image":"","background-repeat":"repeat","background-position":"center center","background-size":"auto","background-attachment":"scroll","background-type":"","background-media":"","overlay-type":"","overlay-color":"","overlay-opacity":"","overlay-gradient":""},"tablet":{"background-color":"var(--ast-global-color-4)","background-image":"","background-repeat":"repeat","background-position":"center center","background-size":"auto","background-attachment":"scroll","background-type":"","background-media":"","overlay-type":"","overlay-color":"","overlay-opacity":"","overlay-gradient":""},"mobile":{"background-color":"var(--ast-global-color-4)","background-image":"","background-repeat":"repeat","background-position":"center center","background-size":"auto","background-attachment":"scroll","background-type":"","background-media":"","overlay-type":"","overlay-color":"","overlay-opacity":"","overlay-gradient":""}},"footnotes":""},"categories":[1],"tags":[],"class_list":["post-2217","post","type-post","status-publish","format-standard","hentry","category-sem-categoria"],"yoast_head":"<!-- This site is optimized with the Yoast SEO plugin v26.6 - https:\/\/yoast.com\/wordpress\/plugins\/seo\/ -->\n<title>Maranhenses s\u00e3o destaque em reuni\u00e3o que fez Dilma praticamente desistir de Constituinte - Fl\u00e1vio Braga<\/title>\n<meta name=\"robots\" content=\"index, follow, max-snippet:-1, max-image-preview:large, max-video-preview:-1\" \/>\n<link rel=\"canonical\" href=\"https:\/\/www.blogsoestado.com\/flaviobraga\/maranhenses-sao-destaque-em-reuniao-que-fez-dilma-praticamente-desistir-de-constituinte\/\" \/>\n<meta property=\"og:locale\" content=\"pt_BR\" \/>\n<meta property=\"og:type\" content=\"article\" \/>\n<meta property=\"og:title\" content=\"Maranhenses s\u00e3o destaque em reuni\u00e3o que fez Dilma praticamente desistir de Constituinte - Fl\u00e1vio Braga\" \/>\n<meta property=\"og:description\" content=\"Os maranhenses Marcus Vin\u00edcius Co\u00ealho, presidente nacional da OAB, e Marlon Reis, juiz e diretor do Movimento de Combate \u00e0 [&hellip;]\" \/>\n<meta property=\"og:url\" content=\"https:\/\/www.blogsoestado.com\/flaviobraga\/maranhenses-sao-destaque-em-reuniao-que-fez-dilma-praticamente-desistir-de-constituinte\/\" \/>\n<meta property=\"og:site_name\" content=\"Fl\u00e1vio Braga\" \/>\n<meta property=\"article:published_time\" content=\"2013-06-26T16:08:03+00:00\" \/>\n<meta name=\"author\" content=\"Flavio Braga\" \/>\n<meta name=\"twitter:card\" content=\"summary_large_image\" \/>\n<meta name=\"twitter:label1\" content=\"Escrito por\" \/>\n\t<meta name=\"twitter:data1\" content=\"Flavio Braga\" \/>\n\t<meta name=\"twitter:label2\" content=\"Est. tempo de leitura\" \/>\n\t<meta name=\"twitter:data2\" content=\"3 minutos\" \/>\n<script type=\"application\/ld+json\" class=\"yoast-schema-graph\">{\"@context\":\"https:\/\/schema.org\",\"@graph\":[{\"@type\":\"WebPage\",\"@id\":\"https:\/\/www.blogsoestado.com\/flaviobraga\/maranhenses-sao-destaque-em-reuniao-que-fez-dilma-praticamente-desistir-de-constituinte\/\",\"url\":\"https:\/\/www.blogsoestado.com\/flaviobraga\/maranhenses-sao-destaque-em-reuniao-que-fez-dilma-praticamente-desistir-de-constituinte\/\",\"name\":\"Maranhenses s\u00e3o destaque em reuni\u00e3o que fez Dilma praticamente desistir de Constituinte - Fl\u00e1vio Braga\",\"isPartOf\":{\"@id\":\"https:\/\/www.blogsoestado.com\/flaviobraga\/#website\"},\"datePublished\":\"2013-06-26T16:08:03+00:00\",\"author\":{\"@id\":\"https:\/\/www.blogsoestado.com\/flaviobraga\/#\/schema\/person\/6c6c778331775c757a82d15206bd8733\"},\"breadcrumb\":{\"@id\":\"https:\/\/www.blogsoestado.com\/flaviobraga\/maranhenses-sao-destaque-em-reuniao-que-fez-dilma-praticamente-desistir-de-constituinte\/#breadcrumb\"},\"inLanguage\":\"pt-BR\",\"potentialAction\":[{\"@type\":\"ReadAction\",\"target\":[\"https:\/\/www.blogsoestado.com\/flaviobraga\/maranhenses-sao-destaque-em-reuniao-que-fez-dilma-praticamente-desistir-de-constituinte\/\"]}]},{\"@type\":\"BreadcrumbList\",\"@id\":\"https:\/\/www.blogsoestado.com\/flaviobraga\/maranhenses-sao-destaque-em-reuniao-que-fez-dilma-praticamente-desistir-de-constituinte\/#breadcrumb\",\"itemListElement\":[{\"@type\":\"ListItem\",\"position\":1,\"name\":\"In\u00edcio\",\"item\":\"https:\/\/www.blogsoestado.com\/flaviobraga\/\"},{\"@type\":\"ListItem\",\"position\":2,\"name\":\"Maranhenses s\u00e3o destaque em reuni\u00e3o que fez Dilma praticamente desistir de Constituinte\"}]},{\"@type\":\"WebSite\",\"@id\":\"https:\/\/www.blogsoestado.com\/flaviobraga\/#website\",\"url\":\"https:\/\/www.blogsoestado.com\/flaviobraga\/\",\"name\":\"Fl\u00e1vio Braga\",\"description\":\"\",\"potentialAction\":[{\"@type\":\"SearchAction\",\"target\":{\"@type\":\"EntryPoint\",\"urlTemplate\":\"https:\/\/www.blogsoestado.com\/flaviobraga\/?s={search_term_string}\"},\"query-input\":{\"@type\":\"PropertyValueSpecification\",\"valueRequired\":true,\"valueName\":\"search_term_string\"}}],\"inLanguage\":\"pt-BR\"},{\"@type\":\"Person\",\"@id\":\"https:\/\/www.blogsoestado.com\/flaviobraga\/#\/schema\/person\/6c6c778331775c757a82d15206bd8733\",\"name\":\"Flavio Braga\",\"image\":{\"@type\":\"ImageObject\",\"inLanguage\":\"pt-BR\",\"@id\":\"https:\/\/www.blogsoestado.com\/flaviobraga\/#\/schema\/person\/image\/\",\"url\":\"https:\/\/secure.gravatar.com\/avatar\/ab173937dad8d78195c87778be8a0285d069ede375ce0ae24aac1cf8e58ccb2c?s=96&d=mm&r=g\",\"contentUrl\":\"https:\/\/secure.gravatar.com\/avatar\/ab173937dad8d78195c87778be8a0285d069ede375ce0ae24aac1cf8e58ccb2c?s=96&d=mm&r=g\",\"caption\":\"Flavio Braga\"},\"url\":\"https:\/\/www.blogsoestado.com\/flaviobraga\/author\/flaviobraga\/\"}]}<\/script>\n<!-- \/ Yoast SEO plugin. -->","yoast_head_json":{"title":"Maranhenses s\u00e3o destaque em reuni\u00e3o que fez Dilma praticamente desistir de Constituinte - Fl\u00e1vio Braga","robots":{"index":"index","follow":"follow","max-snippet":"max-snippet:-1","max-image-preview":"max-image-preview:large","max-video-preview":"max-video-preview:-1"},"canonical":"https:\/\/www.blogsoestado.com\/flaviobraga\/maranhenses-sao-destaque-em-reuniao-que-fez-dilma-praticamente-desistir-de-constituinte\/","og_locale":"pt_BR","og_type":"article","og_title":"Maranhenses s\u00e3o destaque em reuni\u00e3o que fez Dilma praticamente desistir de Constituinte - Fl\u00e1vio Braga","og_description":"Os maranhenses Marcus Vin\u00edcius Co\u00ealho, presidente nacional da OAB, e Marlon Reis, juiz e diretor do Movimento de Combate \u00e0 [&hellip;]","og_url":"https:\/\/www.blogsoestado.com\/flaviobraga\/maranhenses-sao-destaque-em-reuniao-que-fez-dilma-praticamente-desistir-de-constituinte\/","og_site_name":"Fl\u00e1vio Braga","article_published_time":"2013-06-26T16:08:03+00:00","author":"Flavio Braga","twitter_card":"summary_large_image","twitter_misc":{"Escrito por":"Flavio Braga","Est. tempo de leitura":"3 minutos"},"schema":{"@context":"https:\/\/schema.org","@graph":[{"@type":"WebPage","@id":"https:\/\/www.blogsoestado.com\/flaviobraga\/maranhenses-sao-destaque-em-reuniao-que-fez-dilma-praticamente-desistir-de-constituinte\/","url":"https:\/\/www.blogsoestado.com\/flaviobraga\/maranhenses-sao-destaque-em-reuniao-que-fez-dilma-praticamente-desistir-de-constituinte\/","name":"Maranhenses s\u00e3o destaque em reuni\u00e3o que fez Dilma praticamente desistir de Constituinte - Fl\u00e1vio Braga","isPartOf":{"@id":"https:\/\/www.blogsoestado.com\/flaviobraga\/#website"},"datePublished":"2013-06-26T16:08:03+00:00","author":{"@id":"https:\/\/www.blogsoestado.com\/flaviobraga\/#\/schema\/person\/6c6c778331775c757a82d15206bd8733"},"breadcrumb":{"@id":"https:\/\/www.blogsoestado.com\/flaviobraga\/maranhenses-sao-destaque-em-reuniao-que-fez-dilma-praticamente-desistir-de-constituinte\/#breadcrumb"},"inLanguage":"pt-BR","potentialAction":[{"@type":"ReadAction","target":["https:\/\/www.blogsoestado.com\/flaviobraga\/maranhenses-sao-destaque-em-reuniao-que-fez-dilma-praticamente-desistir-de-constituinte\/"]}]},{"@type":"BreadcrumbList","@id":"https:\/\/www.blogsoestado.com\/flaviobraga\/maranhenses-sao-destaque-em-reuniao-que-fez-dilma-praticamente-desistir-de-constituinte\/#breadcrumb","itemListElement":[{"@type":"ListItem","position":1,"name":"In\u00edcio","item":"https:\/\/www.blogsoestado.com\/flaviobraga\/"},{"@type":"ListItem","position":2,"name":"Maranhenses s\u00e3o destaque em reuni\u00e3o que fez Dilma praticamente desistir de Constituinte"}]},{"@type":"WebSite","@id":"https:\/\/www.blogsoestado.com\/flaviobraga\/#website","url":"https:\/\/www.blogsoestado.com\/flaviobraga\/","name":"Fl\u00e1vio Braga","description":"","potentialAction":[{"@type":"SearchAction","target":{"@type":"EntryPoint","urlTemplate":"https:\/\/www.blogsoestado.com\/flaviobraga\/?s={search_term_string}"},"query-input":{"@type":"PropertyValueSpecification","valueRequired":true,"valueName":"search_term_string"}}],"inLanguage":"pt-BR"},{"@type":"Person","@id":"https:\/\/www.blogsoestado.com\/flaviobraga\/#\/schema\/person\/6c6c778331775c757a82d15206bd8733","name":"Flavio Braga","image":{"@type":"ImageObject","inLanguage":"pt-BR","@id":"https:\/\/www.blogsoestado.com\/flaviobraga\/#\/schema\/person\/image\/","url":"https:\/\/secure.gravatar.com\/avatar\/ab173937dad8d78195c87778be8a0285d069ede375ce0ae24aac1cf8e58ccb2c?s=96&d=mm&r=g","contentUrl":"https:\/\/secure.gravatar.com\/avatar\/ab173937dad8d78195c87778be8a0285d069ede375ce0ae24aac1cf8e58ccb2c?s=96&d=mm&r=g","caption":"Flavio Braga"},"url":"https:\/\/www.blogsoestado.com\/flaviobraga\/author\/flaviobraga\/"}]}},"jetpack_featured_media_url":"","_links":{"self":[{"href":"https:\/\/www.blogsoestado.com\/flaviobraga\/wp-json\/wp\/v2\/posts\/2217","targetHints":{"allow":["GET"]}}],"collection":[{"href":"https:\/\/www.blogsoestado.com\/flaviobraga\/wp-json\/wp\/v2\/posts"}],"about":[{"href":"https:\/\/www.blogsoestado.com\/flaviobraga\/wp-json\/wp\/v2\/types\/post"}],"author":[{"embeddable":true,"href":"https:\/\/www.blogsoestado.com\/flaviobraga\/wp-json\/wp\/v2\/users\/8"}],"replies":[{"embeddable":true,"href":"https:\/\/www.blogsoestado.com\/flaviobraga\/wp-json\/wp\/v2\/comments?post=2217"}],"version-history":[{"count":0,"href":"https:\/\/www.blogsoestado.com\/flaviobraga\/wp-json\/wp\/v2\/posts\/2217\/revisions"}],"wp:attachment":[{"href":"https:\/\/www.blogsoestado.com\/flaviobraga\/wp-json\/wp\/v2\/media?parent=2217"}],"wp:term":[{"taxonomy":"category","embeddable":true,"href":"https:\/\/www.blogsoestado.com\/flaviobraga\/wp-json\/wp\/v2\/categories?post=2217"},{"taxonomy":"post_tag","embeddable":true,"href":"https:\/\/www.blogsoestado.com\/flaviobraga\/wp-json\/wp\/v2\/tags?post=2217"}],"curies":[{"name":"wp","href":"https:\/\/api.w.org\/{rel}","templated":true}]}}