{"id":2219,"date":"2013-06-26T14:09:29","date_gmt":"2013-06-26T17:09:29","guid":{"rendered":"https:\/\/www.blogsoestado.com\/flaviobraga\/?p=2219"},"modified":"2013-06-26T14:09:29","modified_gmt":"2013-06-26T17:09:29","slug":"supremo-determina-prisao-imediata-do-deputado-natan-donadon","status":"publish","type":"post","link":"https:\/\/www.blogsoestado.com\/flaviobraga\/supremo-determina-prisao-imediata-do-deputado-natan-donadon\/","title":{"rendered":"Supremo determina pris\u00e3o imediata do deputado Natan Donadon"},"content":{"rendered":"<p>O plen\u00e1rio do <a href=\"http:\/\/g1.globo.com\/topico\/supremo-tribunal-federal\/\">Supremo Tribunal Federal<\/a> (STF) decretou nesta quarta-feira (26), por oito votos a um, a pris\u00e3o imediata do deputado federal Natan Donadon (PMDB-RO). Os ministros decidiram que o processo transitou em julgado, ou seja, terminou e n\u00e3o cabe mais nenhum recurso. A expectativa \u00e9 de que o mandado de pris\u00e3o seja expedido ainda nesta quarta.<\/p>\n<p>Donadon foi condenado em 2010 a 13 anos, 4 meses e 10 dias de pris\u00e3o em regime fechado pelos crimes de peculato (crime praticado por funcion\u00e1rio p\u00fablico contra a administra\u00e7\u00e3o) e forma\u00e7\u00e3o de quadrilha, mas aguardava o julgamento dos recursos em liberdade.<\/p>\n<p>Natan Donadon ser\u00e1 o primeiro deputado em exerc\u00edcio a ser preso por determina\u00e7\u00e3o do Supremo desde a Constitui\u00e7\u00e3o de 1988. Ainda n\u00e3o h\u00e1 informa\u00e7\u00f5es sobre o momento exato em que a pris\u00e3o ser\u00e1 cumprida.<\/p>\n<p>Na noite de ter\u00e7a (25), o irm\u00e3o de Donadon, o deputado estadual de Rond\u00f4nia Marcos Ant\u00f4nio Donadon (PMDB), <a href=\"http:\/\/g1.globo.com\/ro\/rondonia\/noticia\/2013\/06\/deputado-estadual-marcos-donadon-e-preso-no-aeroporto-de-porto-velho.html\">foi preso<\/a>. O mandado de pris\u00e3o foi cumprido pela Pol\u00edcia Civil e corresponde \u00e0 senten\u00e7a condenat\u00f3ria transitada em julgado envolvendo o deputado no crime de peculato e supress\u00e3o de documento p\u00fablico.<\/p>\n<p>A quest\u00e3o da perda do mandato parlamentar n\u00e3o foi definida pelo plen\u00e1rio do Supremo nesta quarta. O tema deve ser decidido pelo Congresso, uma vez que, durante o julgamento de Natan Donadon em 2010, os ministros n\u00e3o discutiram a quest\u00e3o. No caso do processo do mensal\u00e3o, por\u00e9m, o <a href=\"http:\/\/g1.globo.com\/politica\/mensalao\/noticia\/2012\/12\/stf-determina-perda-de-mandatos-de-deputados-condenados-por-mensalao.html\">STF decidiu pelas cassa\u00e7\u00f5es dos mandatos<\/a> dos quatro parlamentares condenados.<\/p>\n<p>[Determino] o lan\u00e7amento do nome do r\u00e9u no rol dos culpados e expedi\u00e7\u00e3o do mandado de pris\u00e3o&#8221;<\/p>\n<p>Minista C\u00e1rmen L\u00facia, relatora do processo<\/p>\n<p>Donadon j\u00e1 teve o <a href=\"http:\/\/g1.globo.com\/politica\/noticia\/2013\/03\/acao-contra-donadon-chega-perto-do-fim-e-stf-pode-determinar-prisao.html\">primeiro recurso negado<\/a> em dezembro do ano passado. Ao julgar um segundo recurso do deputado nesta quarta, o Supremo entendeu que os embargos de declara\u00e7\u00e3o (tipo de recurso contra condena\u00e7\u00f5es) eram meramente protelat\u00f3riom e decidiu que ele deveria ser preso.<\/p>\n<p>&#8220;Estou votando no sentido de n\u00e3o conhecer os embargos e, por consider\u00e1-los protelat\u00f3rios, pelo reconhecimento do tr\u00e2nsito em julgado (fim do processo), determinando o lan\u00e7amento do nome do r\u00e9u no rol dos culpados, expedi\u00e7\u00e3o do mandado de pris\u00e3o e comunica\u00e7\u00e3o ao juiz da Vara de Execu\u00e7\u00e3o Penal da \u00e1rea de Bras\u00edlia&#8221;, disse a ministra relatora do caso, C\u00e1rmen L\u00facia.<\/p>\n<p>Todos os ministros acompanharam, exceto Marco Aur\u00e9lio Mello, que ficou vencido porque entendeu que, como Donadon renunciou ao cargo em 2010, antes de ser condenado mesmo j\u00e1 estando eleito para o pr\u00f3ximo mandato, o STF n\u00e3o tinha mais compet\u00eancia para o julgamento.<\/p>\n","protected":false},"excerpt":{"rendered":"<p>O plen\u00e1rio do Supremo Tribunal Federal (STF) decretou nesta quarta-feira (26), por oito votos a um, a pris\u00e3o imediata do [&hellip;]<\/p>\n","protected":false},"author":8,"featured_media":0,"comment_status":"open","ping_status":"open","sticky":false,"template":"","format":"standard","meta":{"site-sidebar-layout":"default","site-content-layout":"","ast-site-content-layout":"default","site-content-style":"default","site-sidebar-style":"default","ast-global-header-display":"","ast-banner-title-visibility":"","ast-main-header-display":"","ast-hfb-above-header-display":"","ast-hfb-below-header-display":"","ast-hfb-mobile-header-display":"","site-post-title":"","ast-breadcrumbs-content":"","ast-featured-img":"","footer-sml-layout":"","ast-disable-related-posts":"","theme-transparent-header-meta":"","adv-header-id-meta":"","stick-header-meta":"","header-above-stick-meta":"","header-main-stick-meta":"","header-below-stick-meta":"","astra-migrate-meta-layouts":"default","ast-page-background-enabled":"default","ast-page-background-meta":{"desktop":{"background-color":"var(--ast-global-color-5)","background-image":"","background-repeat":"repeat","background-position":"center center","background-size":"auto","background-attachment":"scroll","background-type":"","background-media":"","overlay-type":"","overlay-color":"","overlay-opacity":"","overlay-gradient":""},"tablet":{"background-color":"","background-image":"","background-repeat":"repeat","background-position":"center center","background-size":"auto","background-attachment":"scroll","background-type":"","background-media":"","overlay-type":"","overlay-color":"","overlay-opacity":"","overlay-gradient":""},"mobile":{"background-color":"","background-image":"","background-repeat":"repeat","background-position":"center center","background-size":"auto","background-attachment":"scroll","background-type":"","background-media":"","overlay-type":"","overlay-color":"","overlay-opacity":"","overlay-gradient":""}},"ast-content-background-meta":{"desktop":{"background-color":"var(--ast-global-color-4)","background-image":"","background-repeat":"repeat","background-position":"center center","background-size":"auto","background-attachment":"scroll","background-type":"","background-media":"","overlay-type":"","overlay-color":"","overlay-opacity":"","overlay-gradient":""},"tablet":{"background-color":"var(--ast-global-color-4)","background-image":"","background-repeat":"repeat","background-position":"center center","background-size":"auto","background-attachment":"scroll","background-type":"","background-media":"","overlay-type":"","overlay-color":"","overlay-opacity":"","overlay-gradient":""},"mobile":{"background-color":"var(--ast-global-color-4)","background-image":"","background-repeat":"repeat","background-position":"center center","background-size":"auto","background-attachment":"scroll","background-type":"","background-media":"","overlay-type":"","overlay-color":"","overlay-opacity":"","overlay-gradient":""}},"footnotes":""},"categories":[1],"tags":[],"class_list":["post-2219","post","type-post","status-publish","format-standard","hentry","category-sem-categoria"],"yoast_head":"<!-- This site is optimized with the Yoast SEO plugin v26.6 - https:\/\/yoast.com\/wordpress\/plugins\/seo\/ -->\n<title>Supremo determina pris\u00e3o imediata do deputado Natan Donadon - Fl\u00e1vio Braga<\/title>\n<meta name=\"robots\" content=\"index, follow, max-snippet:-1, max-image-preview:large, max-video-preview:-1\" \/>\n<link rel=\"canonical\" href=\"https:\/\/www.blogsoestado.com\/flaviobraga\/supremo-determina-prisao-imediata-do-deputado-natan-donadon\/\" \/>\n<meta property=\"og:locale\" content=\"pt_BR\" \/>\n<meta property=\"og:type\" content=\"article\" \/>\n<meta property=\"og:title\" content=\"Supremo determina pris\u00e3o imediata do deputado Natan Donadon - Fl\u00e1vio Braga\" \/>\n<meta property=\"og:description\" content=\"O plen\u00e1rio do Supremo Tribunal Federal (STF) decretou nesta quarta-feira (26), por oito votos a um, a pris\u00e3o imediata do [&hellip;]\" \/>\n<meta property=\"og:url\" content=\"https:\/\/www.blogsoestado.com\/flaviobraga\/supremo-determina-prisao-imediata-do-deputado-natan-donadon\/\" \/>\n<meta property=\"og:site_name\" content=\"Fl\u00e1vio Braga\" \/>\n<meta property=\"article:published_time\" content=\"2013-06-26T17:09:29+00:00\" \/>\n<meta name=\"author\" content=\"Flavio Braga\" \/>\n<meta name=\"twitter:card\" content=\"summary_large_image\" \/>\n<meta name=\"twitter:label1\" content=\"Escrito por\" \/>\n\t<meta name=\"twitter:data1\" content=\"Flavio Braga\" \/>\n\t<meta name=\"twitter:label2\" content=\"Est. tempo de leitura\" \/>\n\t<meta name=\"twitter:data2\" content=\"2 minutos\" \/>\n<script type=\"application\/ld+json\" class=\"yoast-schema-graph\">{\"@context\":\"https:\/\/schema.org\",\"@graph\":[{\"@type\":\"WebPage\",\"@id\":\"https:\/\/www.blogsoestado.com\/flaviobraga\/supremo-determina-prisao-imediata-do-deputado-natan-donadon\/\",\"url\":\"https:\/\/www.blogsoestado.com\/flaviobraga\/supremo-determina-prisao-imediata-do-deputado-natan-donadon\/\",\"name\":\"Supremo determina pris\u00e3o imediata do deputado Natan Donadon - Fl\u00e1vio Braga\",\"isPartOf\":{\"@id\":\"https:\/\/www.blogsoestado.com\/flaviobraga\/#website\"},\"datePublished\":\"2013-06-26T17:09:29+00:00\",\"author\":{\"@id\":\"https:\/\/www.blogsoestado.com\/flaviobraga\/#\/schema\/person\/6c6c778331775c757a82d15206bd8733\"},\"breadcrumb\":{\"@id\":\"https:\/\/www.blogsoestado.com\/flaviobraga\/supremo-determina-prisao-imediata-do-deputado-natan-donadon\/#breadcrumb\"},\"inLanguage\":\"pt-BR\",\"potentialAction\":[{\"@type\":\"ReadAction\",\"target\":[\"https:\/\/www.blogsoestado.com\/flaviobraga\/supremo-determina-prisao-imediata-do-deputado-natan-donadon\/\"]}]},{\"@type\":\"BreadcrumbList\",\"@id\":\"https:\/\/www.blogsoestado.com\/flaviobraga\/supremo-determina-prisao-imediata-do-deputado-natan-donadon\/#breadcrumb\",\"itemListElement\":[{\"@type\":\"ListItem\",\"position\":1,\"name\":\"In\u00edcio\",\"item\":\"https:\/\/www.blogsoestado.com\/flaviobraga\/\"},{\"@type\":\"ListItem\",\"position\":2,\"name\":\"Supremo determina pris\u00e3o imediata do deputado Natan Donadon\"}]},{\"@type\":\"WebSite\",\"@id\":\"https:\/\/www.blogsoestado.com\/flaviobraga\/#website\",\"url\":\"https:\/\/www.blogsoestado.com\/flaviobraga\/\",\"name\":\"Fl\u00e1vio Braga\",\"description\":\"\",\"potentialAction\":[{\"@type\":\"SearchAction\",\"target\":{\"@type\":\"EntryPoint\",\"urlTemplate\":\"https:\/\/www.blogsoestado.com\/flaviobraga\/?s={search_term_string}\"},\"query-input\":{\"@type\":\"PropertyValueSpecification\",\"valueRequired\":true,\"valueName\":\"search_term_string\"}}],\"inLanguage\":\"pt-BR\"},{\"@type\":\"Person\",\"@id\":\"https:\/\/www.blogsoestado.com\/flaviobraga\/#\/schema\/person\/6c6c778331775c757a82d15206bd8733\",\"name\":\"Flavio Braga\",\"image\":{\"@type\":\"ImageObject\",\"inLanguage\":\"pt-BR\",\"@id\":\"https:\/\/www.blogsoestado.com\/flaviobraga\/#\/schema\/person\/image\/\",\"url\":\"https:\/\/secure.gravatar.com\/avatar\/ab173937dad8d78195c87778be8a0285d069ede375ce0ae24aac1cf8e58ccb2c?s=96&d=mm&r=g\",\"contentUrl\":\"https:\/\/secure.gravatar.com\/avatar\/ab173937dad8d78195c87778be8a0285d069ede375ce0ae24aac1cf8e58ccb2c?s=96&d=mm&r=g\",\"caption\":\"Flavio Braga\"},\"url\":\"https:\/\/www.blogsoestado.com\/flaviobraga\/author\/flaviobraga\/\"}]}<\/script>\n<!-- \/ Yoast SEO plugin. -->","yoast_head_json":{"title":"Supremo determina pris\u00e3o imediata do deputado Natan Donadon - Fl\u00e1vio Braga","robots":{"index":"index","follow":"follow","max-snippet":"max-snippet:-1","max-image-preview":"max-image-preview:large","max-video-preview":"max-video-preview:-1"},"canonical":"https:\/\/www.blogsoestado.com\/flaviobraga\/supremo-determina-prisao-imediata-do-deputado-natan-donadon\/","og_locale":"pt_BR","og_type":"article","og_title":"Supremo determina pris\u00e3o imediata do deputado Natan Donadon - Fl\u00e1vio Braga","og_description":"O plen\u00e1rio do Supremo Tribunal Federal (STF) decretou nesta quarta-feira (26), por oito votos a um, a pris\u00e3o imediata do [&hellip;]","og_url":"https:\/\/www.blogsoestado.com\/flaviobraga\/supremo-determina-prisao-imediata-do-deputado-natan-donadon\/","og_site_name":"Fl\u00e1vio Braga","article_published_time":"2013-06-26T17:09:29+00:00","author":"Flavio Braga","twitter_card":"summary_large_image","twitter_misc":{"Escrito por":"Flavio Braga","Est. tempo de leitura":"2 minutos"},"schema":{"@context":"https:\/\/schema.org","@graph":[{"@type":"WebPage","@id":"https:\/\/www.blogsoestado.com\/flaviobraga\/supremo-determina-prisao-imediata-do-deputado-natan-donadon\/","url":"https:\/\/www.blogsoestado.com\/flaviobraga\/supremo-determina-prisao-imediata-do-deputado-natan-donadon\/","name":"Supremo determina pris\u00e3o imediata do deputado Natan Donadon - Fl\u00e1vio Braga","isPartOf":{"@id":"https:\/\/www.blogsoestado.com\/flaviobraga\/#website"},"datePublished":"2013-06-26T17:09:29+00:00","author":{"@id":"https:\/\/www.blogsoestado.com\/flaviobraga\/#\/schema\/person\/6c6c778331775c757a82d15206bd8733"},"breadcrumb":{"@id":"https:\/\/www.blogsoestado.com\/flaviobraga\/supremo-determina-prisao-imediata-do-deputado-natan-donadon\/#breadcrumb"},"inLanguage":"pt-BR","potentialAction":[{"@type":"ReadAction","target":["https:\/\/www.blogsoestado.com\/flaviobraga\/supremo-determina-prisao-imediata-do-deputado-natan-donadon\/"]}]},{"@type":"BreadcrumbList","@id":"https:\/\/www.blogsoestado.com\/flaviobraga\/supremo-determina-prisao-imediata-do-deputado-natan-donadon\/#breadcrumb","itemListElement":[{"@type":"ListItem","position":1,"name":"In\u00edcio","item":"https:\/\/www.blogsoestado.com\/flaviobraga\/"},{"@type":"ListItem","position":2,"name":"Supremo determina pris\u00e3o imediata do deputado Natan Donadon"}]},{"@type":"WebSite","@id":"https:\/\/www.blogsoestado.com\/flaviobraga\/#website","url":"https:\/\/www.blogsoestado.com\/flaviobraga\/","name":"Fl\u00e1vio Braga","description":"","potentialAction":[{"@type":"SearchAction","target":{"@type":"EntryPoint","urlTemplate":"https:\/\/www.blogsoestado.com\/flaviobraga\/?s={search_term_string}"},"query-input":{"@type":"PropertyValueSpecification","valueRequired":true,"valueName":"search_term_string"}}],"inLanguage":"pt-BR"},{"@type":"Person","@id":"https:\/\/www.blogsoestado.com\/flaviobraga\/#\/schema\/person\/6c6c778331775c757a82d15206bd8733","name":"Flavio Braga","image":{"@type":"ImageObject","inLanguage":"pt-BR","@id":"https:\/\/www.blogsoestado.com\/flaviobraga\/#\/schema\/person\/image\/","url":"https:\/\/secure.gravatar.com\/avatar\/ab173937dad8d78195c87778be8a0285d069ede375ce0ae24aac1cf8e58ccb2c?s=96&d=mm&r=g","contentUrl":"https:\/\/secure.gravatar.com\/avatar\/ab173937dad8d78195c87778be8a0285d069ede375ce0ae24aac1cf8e58ccb2c?s=96&d=mm&r=g","caption":"Flavio Braga"},"url":"https:\/\/www.blogsoestado.com\/flaviobraga\/author\/flaviobraga\/"}]}},"jetpack_featured_media_url":"","_links":{"self":[{"href":"https:\/\/www.blogsoestado.com\/flaviobraga\/wp-json\/wp\/v2\/posts\/2219","targetHints":{"allow":["GET"]}}],"collection":[{"href":"https:\/\/www.blogsoestado.com\/flaviobraga\/wp-json\/wp\/v2\/posts"}],"about":[{"href":"https:\/\/www.blogsoestado.com\/flaviobraga\/wp-json\/wp\/v2\/types\/post"}],"author":[{"embeddable":true,"href":"https:\/\/www.blogsoestado.com\/flaviobraga\/wp-json\/wp\/v2\/users\/8"}],"replies":[{"embeddable":true,"href":"https:\/\/www.blogsoestado.com\/flaviobraga\/wp-json\/wp\/v2\/comments?post=2219"}],"version-history":[{"count":0,"href":"https:\/\/www.blogsoestado.com\/flaviobraga\/wp-json\/wp\/v2\/posts\/2219\/revisions"}],"wp:attachment":[{"href":"https:\/\/www.blogsoestado.com\/flaviobraga\/wp-json\/wp\/v2\/media?parent=2219"}],"wp:term":[{"taxonomy":"category","embeddable":true,"href":"https:\/\/www.blogsoestado.com\/flaviobraga\/wp-json\/wp\/v2\/categories?post=2219"},{"taxonomy":"post_tag","embeddable":true,"href":"https:\/\/www.blogsoestado.com\/flaviobraga\/wp-json\/wp\/v2\/tags?post=2219"}],"curies":[{"name":"wp","href":"https:\/\/api.w.org\/{rel}","templated":true}]}}