{"id":2232,"date":"2013-07-01T13:35:37","date_gmt":"2013-07-01T16:35:37","guid":{"rendered":"https:\/\/www.blogsoestado.com\/flaviobraga\/?p=2232"},"modified":"2013-07-01T13:35:37","modified_gmt":"2013-07-01T16:35:37","slug":"recadastramento-biometrico-comeca-nesta-segunda-feira-em-ribamar","status":"publish","type":"post","link":"https:\/\/www.blogsoestado.com\/flaviobraga\/recadastramento-biometrico-comeca-nesta-segunda-feira-em-ribamar\/","title":{"rendered":"Recadastramento biom\u00e9trico come\u00e7a nesta segunda-feira em Ribamar"},"content":{"rendered":"<p>O pr\u00f3ximo munic\u00edpio que iniciar\u00e1 o recadastramento eleitoral biom\u00e9trico \u00e9 S\u00e3o Jos\u00e9 de Ribamar. Todos os eleitores dever\u00e3o se recadastrar das 8h \u00e0s 17h nos postos de atendimento localizados no F\u00f3rum Eleitoral e na Secretaria de Cultura do Munic\u00edpio.<\/p>\n<p>O eleitor deve apresentar obrigatoriamente o original e c\u00f3pia de documento de identidade (RG, carteira de trabalho, carteira funcional, certid\u00e3o de nascimento); comprovante de resid\u00eancia (conta de \u00e1gua, luz, telefone, correspond\u00eancia oficial, entre outros contidos na lei); e de quita\u00e7\u00e3o militar (para homens nascidos at\u00e9 31.12.1995, que ir\u00e3o requerer a primeira via do t\u00edtulo).<\/p>\n<p>O eleitor de outro munic\u00edpio, que queira transferir o seu domic\u00edlio eleitoral para S\u00e3o Jos\u00e9 de Ribamar, deve comprovar que reside no munic\u00edpio h\u00e1 mais de tr\u00eas meses. Se for alterar a profiss\u00e3o para trabalhador rural ou pescador: carteira do sindicato e comprovante do \u00faltimo pagamento.<\/p>\n<p>O eleitor pode agendar o dia e hor\u00e1rio em que deseja fazer seu recadastro biom\u00e9trico, basta acessar o site do Tribunal Regional Eleitoral do Maranh\u00e3o (www.tre-ma.jus.br) ou ligar para o Disque Eleitor (0800 098 5000).<\/p>\n<p>Quem n\u00e3o atender ao chamado da Justi\u00e7a Eleitoral ter\u00e1 seu t\u00edtulo cancelado, o que impede a solicita\u00e7\u00e3o de passaporte ou cart\u00e3o do CPF, bem como inscrever-se em concurso p\u00fablico, renovar a matr\u00edcula em estabelecimentos oficiais de ensino e obter empr\u00e9stimos em caixas econ\u00f4micas federais e estaduais.<\/p>\n<p>A Constitui\u00e7\u00e3o Federal prev\u00ea que o alistamento eleitoral e o voto s\u00e3o obrigat\u00f3rios a partir dos 18 anos completos e para os menores de 70 anos. Fora dessa faixa et\u00e1ria, o voto \u00e9 facultativo.<\/p>\n","protected":false},"excerpt":{"rendered":"<p>O pr\u00f3ximo munic\u00edpio que iniciar\u00e1 o recadastramento eleitoral biom\u00e9trico \u00e9 S\u00e3o Jos\u00e9 de Ribamar. Todos os eleitores dever\u00e3o se recadastrar [&hellip;]<\/p>\n","protected":false},"author":8,"featured_media":0,"comment_status":"open","ping_status":"open","sticky":false,"template":"","format":"standard","meta":{"site-sidebar-layout":"default","site-content-layout":"","ast-site-content-layout":"default","site-content-style":"default","site-sidebar-style":"default","ast-global-header-display":"","ast-banner-title-visibility":"","ast-main-header-display":"","ast-hfb-above-header-display":"","ast-hfb-below-header-display":"","ast-hfb-mobile-header-display":"","site-post-title":"","ast-breadcrumbs-content":"","ast-featured-img":"","footer-sml-layout":"","ast-disable-related-posts":"","theme-transparent-header-meta":"","adv-header-id-meta":"","stick-header-meta":"","header-above-stick-meta":"","header-main-stick-meta":"","header-below-stick-meta":"","astra-migrate-meta-layouts":"default","ast-page-background-enabled":"default","ast-page-background-meta":{"desktop":{"background-color":"var(--ast-global-color-5)","background-image":"","background-repeat":"repeat","background-position":"center center","background-size":"auto","background-attachment":"scroll","background-type":"","background-media":"","overlay-type":"","overlay-color":"","overlay-opacity":"","overlay-gradient":""},"tablet":{"background-color":"","background-image":"","background-repeat":"repeat","background-position":"center center","background-size":"auto","background-attachment":"scroll","background-type":"","background-media":"","overlay-type":"","overlay-color":"","overlay-opacity":"","overlay-gradient":""},"mobile":{"background-color":"","background-image":"","background-repeat":"repeat","background-position":"center center","background-size":"auto","background-attachment":"scroll","background-type":"","background-media":"","overlay-type":"","overlay-color":"","overlay-opacity":"","overlay-gradient":""}},"ast-content-background-meta":{"desktop":{"background-color":"var(--ast-global-color-4)","background-image":"","background-repeat":"repeat","background-position":"center center","background-size":"auto","background-attachment":"scroll","background-type":"","background-media":"","overlay-type":"","overlay-color":"","overlay-opacity":"","overlay-gradient":""},"tablet":{"background-color":"var(--ast-global-color-4)","background-image":"","background-repeat":"repeat","background-position":"center center","background-size":"auto","background-attachment":"scroll","background-type":"","background-media":"","overlay-type":"","overlay-color":"","overlay-opacity":"","overlay-gradient":""},"mobile":{"background-color":"var(--ast-global-color-4)","background-image":"","background-repeat":"repeat","background-position":"center center","background-size":"auto","background-attachment":"scroll","background-type":"","background-media":"","overlay-type":"","overlay-color":"","overlay-opacity":"","overlay-gradient":""}},"footnotes":""},"categories":[1],"tags":[],"class_list":["post-2232","post","type-post","status-publish","format-standard","hentry","category-sem-categoria"],"yoast_head":"<!-- This site is optimized with the Yoast SEO plugin v26.6 - https:\/\/yoast.com\/wordpress\/plugins\/seo\/ -->\n<title>Recadastramento biom\u00e9trico come\u00e7a nesta segunda-feira em Ribamar - Fl\u00e1vio Braga<\/title>\n<meta name=\"robots\" content=\"index, follow, max-snippet:-1, max-image-preview:large, max-video-preview:-1\" \/>\n<link rel=\"canonical\" href=\"https:\/\/www.blogsoestado.com\/flaviobraga\/recadastramento-biometrico-comeca-nesta-segunda-feira-em-ribamar\/\" \/>\n<meta property=\"og:locale\" content=\"pt_BR\" \/>\n<meta property=\"og:type\" content=\"article\" \/>\n<meta property=\"og:title\" content=\"Recadastramento biom\u00e9trico come\u00e7a nesta segunda-feira em Ribamar - Fl\u00e1vio Braga\" \/>\n<meta property=\"og:description\" content=\"O pr\u00f3ximo munic\u00edpio que iniciar\u00e1 o recadastramento eleitoral biom\u00e9trico \u00e9 S\u00e3o Jos\u00e9 de Ribamar. Todos os eleitores dever\u00e3o se recadastrar [&hellip;]\" \/>\n<meta property=\"og:url\" content=\"https:\/\/www.blogsoestado.com\/flaviobraga\/recadastramento-biometrico-comeca-nesta-segunda-feira-em-ribamar\/\" \/>\n<meta property=\"og:site_name\" content=\"Fl\u00e1vio Braga\" \/>\n<meta property=\"article:published_time\" content=\"2013-07-01T16:35:37+00:00\" \/>\n<meta name=\"author\" content=\"Flavio Braga\" \/>\n<meta name=\"twitter:card\" content=\"summary_large_image\" \/>\n<meta name=\"twitter:label1\" content=\"Escrito por\" \/>\n\t<meta name=\"twitter:data1\" content=\"Flavio Braga\" \/>\n\t<meta name=\"twitter:label2\" content=\"Est. tempo de leitura\" \/>\n\t<meta name=\"twitter:data2\" content=\"1 minuto\" \/>\n<script type=\"application\/ld+json\" class=\"yoast-schema-graph\">{\"@context\":\"https:\/\/schema.org\",\"@graph\":[{\"@type\":\"WebPage\",\"@id\":\"https:\/\/www.blogsoestado.com\/flaviobraga\/recadastramento-biometrico-comeca-nesta-segunda-feira-em-ribamar\/\",\"url\":\"https:\/\/www.blogsoestado.com\/flaviobraga\/recadastramento-biometrico-comeca-nesta-segunda-feira-em-ribamar\/\",\"name\":\"Recadastramento biom\u00e9trico come\u00e7a nesta segunda-feira em Ribamar - Fl\u00e1vio Braga\",\"isPartOf\":{\"@id\":\"https:\/\/www.blogsoestado.com\/flaviobraga\/#website\"},\"datePublished\":\"2013-07-01T16:35:37+00:00\",\"author\":{\"@id\":\"https:\/\/www.blogsoestado.com\/flaviobraga\/#\/schema\/person\/6c6c778331775c757a82d15206bd8733\"},\"breadcrumb\":{\"@id\":\"https:\/\/www.blogsoestado.com\/flaviobraga\/recadastramento-biometrico-comeca-nesta-segunda-feira-em-ribamar\/#breadcrumb\"},\"inLanguage\":\"pt-BR\",\"potentialAction\":[{\"@type\":\"ReadAction\",\"target\":[\"https:\/\/www.blogsoestado.com\/flaviobraga\/recadastramento-biometrico-comeca-nesta-segunda-feira-em-ribamar\/\"]}]},{\"@type\":\"BreadcrumbList\",\"@id\":\"https:\/\/www.blogsoestado.com\/flaviobraga\/recadastramento-biometrico-comeca-nesta-segunda-feira-em-ribamar\/#breadcrumb\",\"itemListElement\":[{\"@type\":\"ListItem\",\"position\":1,\"name\":\"In\u00edcio\",\"item\":\"https:\/\/www.blogsoestado.com\/flaviobraga\/\"},{\"@type\":\"ListItem\",\"position\":2,\"name\":\"Recadastramento biom\u00e9trico come\u00e7a nesta segunda-feira em Ribamar\"}]},{\"@type\":\"WebSite\",\"@id\":\"https:\/\/www.blogsoestado.com\/flaviobraga\/#website\",\"url\":\"https:\/\/www.blogsoestado.com\/flaviobraga\/\",\"name\":\"Fl\u00e1vio Braga\",\"description\":\"\",\"potentialAction\":[{\"@type\":\"SearchAction\",\"target\":{\"@type\":\"EntryPoint\",\"urlTemplate\":\"https:\/\/www.blogsoestado.com\/flaviobraga\/?s={search_term_string}\"},\"query-input\":{\"@type\":\"PropertyValueSpecification\",\"valueRequired\":true,\"valueName\":\"search_term_string\"}}],\"inLanguage\":\"pt-BR\"},{\"@type\":\"Person\",\"@id\":\"https:\/\/www.blogsoestado.com\/flaviobraga\/#\/schema\/person\/6c6c778331775c757a82d15206bd8733\",\"name\":\"Flavio Braga\",\"image\":{\"@type\":\"ImageObject\",\"inLanguage\":\"pt-BR\",\"@id\":\"https:\/\/www.blogsoestado.com\/flaviobraga\/#\/schema\/person\/image\/\",\"url\":\"https:\/\/secure.gravatar.com\/avatar\/ab173937dad8d78195c87778be8a0285d069ede375ce0ae24aac1cf8e58ccb2c?s=96&d=mm&r=g\",\"contentUrl\":\"https:\/\/secure.gravatar.com\/avatar\/ab173937dad8d78195c87778be8a0285d069ede375ce0ae24aac1cf8e58ccb2c?s=96&d=mm&r=g\",\"caption\":\"Flavio Braga\"},\"url\":\"https:\/\/www.blogsoestado.com\/flaviobraga\/author\/flaviobraga\/\"}]}<\/script>\n<!-- \/ Yoast SEO plugin. -->","yoast_head_json":{"title":"Recadastramento biom\u00e9trico come\u00e7a nesta segunda-feira em Ribamar - Fl\u00e1vio Braga","robots":{"index":"index","follow":"follow","max-snippet":"max-snippet:-1","max-image-preview":"max-image-preview:large","max-video-preview":"max-video-preview:-1"},"canonical":"https:\/\/www.blogsoestado.com\/flaviobraga\/recadastramento-biometrico-comeca-nesta-segunda-feira-em-ribamar\/","og_locale":"pt_BR","og_type":"article","og_title":"Recadastramento biom\u00e9trico come\u00e7a nesta segunda-feira em Ribamar - Fl\u00e1vio Braga","og_description":"O pr\u00f3ximo munic\u00edpio que iniciar\u00e1 o recadastramento eleitoral biom\u00e9trico \u00e9 S\u00e3o Jos\u00e9 de Ribamar. Todos os eleitores dever\u00e3o se recadastrar [&hellip;]","og_url":"https:\/\/www.blogsoestado.com\/flaviobraga\/recadastramento-biometrico-comeca-nesta-segunda-feira-em-ribamar\/","og_site_name":"Fl\u00e1vio Braga","article_published_time":"2013-07-01T16:35:37+00:00","author":"Flavio Braga","twitter_card":"summary_large_image","twitter_misc":{"Escrito por":"Flavio Braga","Est. tempo de leitura":"1 minuto"},"schema":{"@context":"https:\/\/schema.org","@graph":[{"@type":"WebPage","@id":"https:\/\/www.blogsoestado.com\/flaviobraga\/recadastramento-biometrico-comeca-nesta-segunda-feira-em-ribamar\/","url":"https:\/\/www.blogsoestado.com\/flaviobraga\/recadastramento-biometrico-comeca-nesta-segunda-feira-em-ribamar\/","name":"Recadastramento biom\u00e9trico come\u00e7a nesta segunda-feira em Ribamar - Fl\u00e1vio Braga","isPartOf":{"@id":"https:\/\/www.blogsoestado.com\/flaviobraga\/#website"},"datePublished":"2013-07-01T16:35:37+00:00","author":{"@id":"https:\/\/www.blogsoestado.com\/flaviobraga\/#\/schema\/person\/6c6c778331775c757a82d15206bd8733"},"breadcrumb":{"@id":"https:\/\/www.blogsoestado.com\/flaviobraga\/recadastramento-biometrico-comeca-nesta-segunda-feira-em-ribamar\/#breadcrumb"},"inLanguage":"pt-BR","potentialAction":[{"@type":"ReadAction","target":["https:\/\/www.blogsoestado.com\/flaviobraga\/recadastramento-biometrico-comeca-nesta-segunda-feira-em-ribamar\/"]}]},{"@type":"BreadcrumbList","@id":"https:\/\/www.blogsoestado.com\/flaviobraga\/recadastramento-biometrico-comeca-nesta-segunda-feira-em-ribamar\/#breadcrumb","itemListElement":[{"@type":"ListItem","position":1,"name":"In\u00edcio","item":"https:\/\/www.blogsoestado.com\/flaviobraga\/"},{"@type":"ListItem","position":2,"name":"Recadastramento biom\u00e9trico come\u00e7a nesta segunda-feira em Ribamar"}]},{"@type":"WebSite","@id":"https:\/\/www.blogsoestado.com\/flaviobraga\/#website","url":"https:\/\/www.blogsoestado.com\/flaviobraga\/","name":"Fl\u00e1vio Braga","description":"","potentialAction":[{"@type":"SearchAction","target":{"@type":"EntryPoint","urlTemplate":"https:\/\/www.blogsoestado.com\/flaviobraga\/?s={search_term_string}"},"query-input":{"@type":"PropertyValueSpecification","valueRequired":true,"valueName":"search_term_string"}}],"inLanguage":"pt-BR"},{"@type":"Person","@id":"https:\/\/www.blogsoestado.com\/flaviobraga\/#\/schema\/person\/6c6c778331775c757a82d15206bd8733","name":"Flavio Braga","image":{"@type":"ImageObject","inLanguage":"pt-BR","@id":"https:\/\/www.blogsoestado.com\/flaviobraga\/#\/schema\/person\/image\/","url":"https:\/\/secure.gravatar.com\/avatar\/ab173937dad8d78195c87778be8a0285d069ede375ce0ae24aac1cf8e58ccb2c?s=96&d=mm&r=g","contentUrl":"https:\/\/secure.gravatar.com\/avatar\/ab173937dad8d78195c87778be8a0285d069ede375ce0ae24aac1cf8e58ccb2c?s=96&d=mm&r=g","caption":"Flavio Braga"},"url":"https:\/\/www.blogsoestado.com\/flaviobraga\/author\/flaviobraga\/"}]}},"jetpack_featured_media_url":"","_links":{"self":[{"href":"https:\/\/www.blogsoestado.com\/flaviobraga\/wp-json\/wp\/v2\/posts\/2232","targetHints":{"allow":["GET"]}}],"collection":[{"href":"https:\/\/www.blogsoestado.com\/flaviobraga\/wp-json\/wp\/v2\/posts"}],"about":[{"href":"https:\/\/www.blogsoestado.com\/flaviobraga\/wp-json\/wp\/v2\/types\/post"}],"author":[{"embeddable":true,"href":"https:\/\/www.blogsoestado.com\/flaviobraga\/wp-json\/wp\/v2\/users\/8"}],"replies":[{"embeddable":true,"href":"https:\/\/www.blogsoestado.com\/flaviobraga\/wp-json\/wp\/v2\/comments?post=2232"}],"version-history":[{"count":0,"href":"https:\/\/www.blogsoestado.com\/flaviobraga\/wp-json\/wp\/v2\/posts\/2232\/revisions"}],"wp:attachment":[{"href":"https:\/\/www.blogsoestado.com\/flaviobraga\/wp-json\/wp\/v2\/media?parent=2232"}],"wp:term":[{"taxonomy":"category","embeddable":true,"href":"https:\/\/www.blogsoestado.com\/flaviobraga\/wp-json\/wp\/v2\/categories?post=2232"},{"taxonomy":"post_tag","embeddable":true,"href":"https:\/\/www.blogsoestado.com\/flaviobraga\/wp-json\/wp\/v2\/tags?post=2232"}],"curies":[{"name":"wp","href":"https:\/\/api.w.org\/{rel}","templated":true}]}}