{"id":2246,"date":"2013-07-05T13:26:49","date_gmt":"2013-07-05T16:26:49","guid":{"rendered":"https:\/\/www.blogsoestado.com\/flaviobraga\/?p=2246"},"modified":"2013-07-05T13:26:49","modified_gmt":"2013-07-05T16:26:49","slug":"rede-sustentabilidade-conclui-coleta-de-assinaturas","status":"publish","type":"post","link":"https:\/\/www.blogsoestado.com\/flaviobraga\/rede-sustentabilidade-conclui-coleta-de-assinaturas\/","title":{"rendered":"Rede Sustentabilidade conclui coleta de assinaturas"},"content":{"rendered":"<p>O partido Rede Sustentabilidade, criado pela ex-ministra do Meio Ambiente Marina Silva, finaliza domingo a coleta de assinaturas de apoio para a oficializa\u00e7\u00e3o da legenda na Justi\u00e7a Eleitoral. A estimativa \u00e9 de que, at\u00e9 esta data, mais de 800 mil assinaturas tenham sido coletadas.<\/p>\n<p>O Rede tem at\u00e9 o dia 14 deste m\u00eas para levar todo o material levantado aos cart\u00f3rios eleitorais, que analisar\u00e1 a autenticidade dos nomes apresentados pela legenda. S\u00e3o necess\u00e1rias 491 mil certifica\u00e7\u00f5es de apoio para que o Tribunal Superior Eleitoral (TSE) opine quanto \u00e0 oficializa\u00e7\u00e3o de fato do novo partido pol\u00edtico e em rela\u00e7\u00e3o \u00e0 possibilidade de a sigla j\u00e1 participar do processo eleitoral de 2014.<\/p>\n<p>O deputado federal Domingos Dutra (PT), que coordena com o ex-militante do PDT C\u00e2ndido Lima a cria\u00e7\u00e3o de um diret\u00f3rio estadual da legenda no Maranh\u00e3o, falou do processo de constru\u00e7\u00e3o do partido.<\/p>\n<p>&#8220;Depois de coletadas as assinaturas e certificadas pelos cart\u00f3rios eleitorais, no in\u00edcio de agosto, vamos pedir o registro do Rede Sustentabilidade no Tribunal Superior Eleitoral. Como o \u00faltimo prazo para legalizar partido \u00e9 4 de outubro, teremos praticamente dois meses para que o TSE aprecie e defira esse pedido&#8221;, disse.<\/p>\n<p>Dutra acredita que as manifesta\u00e7\u00f5es no pa\u00eds e consequentemente a queda nas pesquisas da presidente Dilma Rousseff (PT) fortaleceram o partido. &#8220;Essa pol\u00edtica tradicional verticalizada est\u00e1 superada, as institui\u00e7\u00f5es n\u00e3o conseguem responder as demandas da sociedade e a forma mais moderna de fazer reivindica\u00e7\u00f5es hoje \u00e9 em rede&#8221;, acrescentou.<\/p>\n<p>Ele tamb\u00e9m optou por n\u00e3o citar nomes e negou que haja disputa interna pelo comando da legenda. &#8220;Estamos todos concentrados apenas na cria\u00e7\u00e3o do partido. N\u00e3o discutimos nem aqui nem em lugar nenhum do pa\u00eds as elei\u00e7\u00f5es de 2014. N\u00e3o \u00e9 o momento&#8221;, resumiu.<\/p>\n","protected":false},"excerpt":{"rendered":"<p>O partido Rede Sustentabilidade, criado pela ex-ministra do Meio Ambiente Marina Silva, finaliza domingo a coleta de assinaturas de apoio [&hellip;]<\/p>\n","protected":false},"author":8,"featured_media":0,"comment_status":"open","ping_status":"open","sticky":false,"template":"","format":"standard","meta":{"site-sidebar-layout":"default","site-content-layout":"","ast-site-content-layout":"default","site-content-style":"default","site-sidebar-style":"default","ast-global-header-display":"","ast-banner-title-visibility":"","ast-main-header-display":"","ast-hfb-above-header-display":"","ast-hfb-below-header-display":"","ast-hfb-mobile-header-display":"","site-post-title":"","ast-breadcrumbs-content":"","ast-featured-img":"","footer-sml-layout":"","ast-disable-related-posts":"","theme-transparent-header-meta":"","adv-header-id-meta":"","stick-header-meta":"","header-above-stick-meta":"","header-main-stick-meta":"","header-below-stick-meta":"","astra-migrate-meta-layouts":"default","ast-page-background-enabled":"default","ast-page-background-meta":{"desktop":{"background-color":"var(--ast-global-color-5)","background-image":"","background-repeat":"repeat","background-position":"center center","background-size":"auto","background-attachment":"scroll","background-type":"","background-media":"","overlay-type":"","overlay-color":"","overlay-opacity":"","overlay-gradient":""},"tablet":{"background-color":"","background-image":"","background-repeat":"repeat","background-position":"center center","background-size":"auto","background-attachment":"scroll","background-type":"","background-media":"","overlay-type":"","overlay-color":"","overlay-opacity":"","overlay-gradient":""},"mobile":{"background-color":"","background-image":"","background-repeat":"repeat","background-position":"center center","background-size":"auto","background-attachment":"scroll","background-type":"","background-media":"","overlay-type":"","overlay-color":"","overlay-opacity":"","overlay-gradient":""}},"ast-content-background-meta":{"desktop":{"background-color":"var(--ast-global-color-4)","background-image":"","background-repeat":"repeat","background-position":"center center","background-size":"auto","background-attachment":"scroll","background-type":"","background-media":"","overlay-type":"","overlay-color":"","overlay-opacity":"","overlay-gradient":""},"tablet":{"background-color":"var(--ast-global-color-4)","background-image":"","background-repeat":"repeat","background-position":"center center","background-size":"auto","background-attachment":"scroll","background-type":"","background-media":"","overlay-type":"","overlay-color":"","overlay-opacity":"","overlay-gradient":""},"mobile":{"background-color":"var(--ast-global-color-4)","background-image":"","background-repeat":"repeat","background-position":"center center","background-size":"auto","background-attachment":"scroll","background-type":"","background-media":"","overlay-type":"","overlay-color":"","overlay-opacity":"","overlay-gradient":""}},"footnotes":""},"categories":[1],"tags":[],"class_list":["post-2246","post","type-post","status-publish","format-standard","hentry","category-sem-categoria"],"yoast_head":"<!-- This site is optimized with the Yoast SEO plugin v26.6 - https:\/\/yoast.com\/wordpress\/plugins\/seo\/ -->\n<title>Rede Sustentabilidade conclui coleta de assinaturas - Fl\u00e1vio Braga<\/title>\n<meta name=\"robots\" content=\"index, follow, max-snippet:-1, max-image-preview:large, max-video-preview:-1\" \/>\n<link rel=\"canonical\" href=\"https:\/\/www.blogsoestado.com\/flaviobraga\/rede-sustentabilidade-conclui-coleta-de-assinaturas\/\" \/>\n<meta property=\"og:locale\" content=\"pt_BR\" \/>\n<meta property=\"og:type\" content=\"article\" \/>\n<meta property=\"og:title\" content=\"Rede Sustentabilidade conclui coleta de assinaturas - Fl\u00e1vio Braga\" \/>\n<meta property=\"og:description\" content=\"O partido Rede Sustentabilidade, criado pela ex-ministra do Meio Ambiente Marina Silva, finaliza domingo a coleta de assinaturas de apoio [&hellip;]\" \/>\n<meta property=\"og:url\" content=\"https:\/\/www.blogsoestado.com\/flaviobraga\/rede-sustentabilidade-conclui-coleta-de-assinaturas\/\" \/>\n<meta property=\"og:site_name\" content=\"Fl\u00e1vio Braga\" \/>\n<meta property=\"article:published_time\" content=\"2013-07-05T16:26:49+00:00\" \/>\n<meta name=\"author\" content=\"Flavio Braga\" \/>\n<meta name=\"twitter:card\" content=\"summary_large_image\" \/>\n<meta name=\"twitter:label1\" content=\"Escrito por\" \/>\n\t<meta name=\"twitter:data1\" content=\"Flavio Braga\" \/>\n\t<meta name=\"twitter:label2\" content=\"Est. tempo de leitura\" \/>\n\t<meta name=\"twitter:data2\" content=\"2 minutos\" \/>\n<script type=\"application\/ld+json\" class=\"yoast-schema-graph\">{\"@context\":\"https:\/\/schema.org\",\"@graph\":[{\"@type\":\"WebPage\",\"@id\":\"https:\/\/www.blogsoestado.com\/flaviobraga\/rede-sustentabilidade-conclui-coleta-de-assinaturas\/\",\"url\":\"https:\/\/www.blogsoestado.com\/flaviobraga\/rede-sustentabilidade-conclui-coleta-de-assinaturas\/\",\"name\":\"Rede Sustentabilidade conclui coleta de assinaturas - Fl\u00e1vio Braga\",\"isPartOf\":{\"@id\":\"https:\/\/www.blogsoestado.com\/flaviobraga\/#website\"},\"datePublished\":\"2013-07-05T16:26:49+00:00\",\"author\":{\"@id\":\"https:\/\/www.blogsoestado.com\/flaviobraga\/#\/schema\/person\/6c6c778331775c757a82d15206bd8733\"},\"breadcrumb\":{\"@id\":\"https:\/\/www.blogsoestado.com\/flaviobraga\/rede-sustentabilidade-conclui-coleta-de-assinaturas\/#breadcrumb\"},\"inLanguage\":\"pt-BR\",\"potentialAction\":[{\"@type\":\"ReadAction\",\"target\":[\"https:\/\/www.blogsoestado.com\/flaviobraga\/rede-sustentabilidade-conclui-coleta-de-assinaturas\/\"]}]},{\"@type\":\"BreadcrumbList\",\"@id\":\"https:\/\/www.blogsoestado.com\/flaviobraga\/rede-sustentabilidade-conclui-coleta-de-assinaturas\/#breadcrumb\",\"itemListElement\":[{\"@type\":\"ListItem\",\"position\":1,\"name\":\"In\u00edcio\",\"item\":\"https:\/\/www.blogsoestado.com\/flaviobraga\/\"},{\"@type\":\"ListItem\",\"position\":2,\"name\":\"Rede Sustentabilidade conclui coleta de assinaturas\"}]},{\"@type\":\"WebSite\",\"@id\":\"https:\/\/www.blogsoestado.com\/flaviobraga\/#website\",\"url\":\"https:\/\/www.blogsoestado.com\/flaviobraga\/\",\"name\":\"Fl\u00e1vio Braga\",\"description\":\"\",\"potentialAction\":[{\"@type\":\"SearchAction\",\"target\":{\"@type\":\"EntryPoint\",\"urlTemplate\":\"https:\/\/www.blogsoestado.com\/flaviobraga\/?s={search_term_string}\"},\"query-input\":{\"@type\":\"PropertyValueSpecification\",\"valueRequired\":true,\"valueName\":\"search_term_string\"}}],\"inLanguage\":\"pt-BR\"},{\"@type\":\"Person\",\"@id\":\"https:\/\/www.blogsoestado.com\/flaviobraga\/#\/schema\/person\/6c6c778331775c757a82d15206bd8733\",\"name\":\"Flavio Braga\",\"image\":{\"@type\":\"ImageObject\",\"inLanguage\":\"pt-BR\",\"@id\":\"https:\/\/www.blogsoestado.com\/flaviobraga\/#\/schema\/person\/image\/\",\"url\":\"https:\/\/secure.gravatar.com\/avatar\/ab173937dad8d78195c87778be8a0285d069ede375ce0ae24aac1cf8e58ccb2c?s=96&d=mm&r=g\",\"contentUrl\":\"https:\/\/secure.gravatar.com\/avatar\/ab173937dad8d78195c87778be8a0285d069ede375ce0ae24aac1cf8e58ccb2c?s=96&d=mm&r=g\",\"caption\":\"Flavio Braga\"},\"url\":\"https:\/\/www.blogsoestado.com\/flaviobraga\/author\/flaviobraga\/\"}]}<\/script>\n<!-- \/ Yoast SEO plugin. -->","yoast_head_json":{"title":"Rede Sustentabilidade conclui coleta de assinaturas - Fl\u00e1vio Braga","robots":{"index":"index","follow":"follow","max-snippet":"max-snippet:-1","max-image-preview":"max-image-preview:large","max-video-preview":"max-video-preview:-1"},"canonical":"https:\/\/www.blogsoestado.com\/flaviobraga\/rede-sustentabilidade-conclui-coleta-de-assinaturas\/","og_locale":"pt_BR","og_type":"article","og_title":"Rede Sustentabilidade conclui coleta de assinaturas - Fl\u00e1vio Braga","og_description":"O partido Rede Sustentabilidade, criado pela ex-ministra do Meio Ambiente Marina Silva, finaliza domingo a coleta de assinaturas de apoio [&hellip;]","og_url":"https:\/\/www.blogsoestado.com\/flaviobraga\/rede-sustentabilidade-conclui-coleta-de-assinaturas\/","og_site_name":"Fl\u00e1vio Braga","article_published_time":"2013-07-05T16:26:49+00:00","author":"Flavio Braga","twitter_card":"summary_large_image","twitter_misc":{"Escrito por":"Flavio Braga","Est. tempo de leitura":"2 minutos"},"schema":{"@context":"https:\/\/schema.org","@graph":[{"@type":"WebPage","@id":"https:\/\/www.blogsoestado.com\/flaviobraga\/rede-sustentabilidade-conclui-coleta-de-assinaturas\/","url":"https:\/\/www.blogsoestado.com\/flaviobraga\/rede-sustentabilidade-conclui-coleta-de-assinaturas\/","name":"Rede Sustentabilidade conclui coleta de assinaturas - Fl\u00e1vio Braga","isPartOf":{"@id":"https:\/\/www.blogsoestado.com\/flaviobraga\/#website"},"datePublished":"2013-07-05T16:26:49+00:00","author":{"@id":"https:\/\/www.blogsoestado.com\/flaviobraga\/#\/schema\/person\/6c6c778331775c757a82d15206bd8733"},"breadcrumb":{"@id":"https:\/\/www.blogsoestado.com\/flaviobraga\/rede-sustentabilidade-conclui-coleta-de-assinaturas\/#breadcrumb"},"inLanguage":"pt-BR","potentialAction":[{"@type":"ReadAction","target":["https:\/\/www.blogsoestado.com\/flaviobraga\/rede-sustentabilidade-conclui-coleta-de-assinaturas\/"]}]},{"@type":"BreadcrumbList","@id":"https:\/\/www.blogsoestado.com\/flaviobraga\/rede-sustentabilidade-conclui-coleta-de-assinaturas\/#breadcrumb","itemListElement":[{"@type":"ListItem","position":1,"name":"In\u00edcio","item":"https:\/\/www.blogsoestado.com\/flaviobraga\/"},{"@type":"ListItem","position":2,"name":"Rede Sustentabilidade conclui coleta de assinaturas"}]},{"@type":"WebSite","@id":"https:\/\/www.blogsoestado.com\/flaviobraga\/#website","url":"https:\/\/www.blogsoestado.com\/flaviobraga\/","name":"Fl\u00e1vio Braga","description":"","potentialAction":[{"@type":"SearchAction","target":{"@type":"EntryPoint","urlTemplate":"https:\/\/www.blogsoestado.com\/flaviobraga\/?s={search_term_string}"},"query-input":{"@type":"PropertyValueSpecification","valueRequired":true,"valueName":"search_term_string"}}],"inLanguage":"pt-BR"},{"@type":"Person","@id":"https:\/\/www.blogsoestado.com\/flaviobraga\/#\/schema\/person\/6c6c778331775c757a82d15206bd8733","name":"Flavio Braga","image":{"@type":"ImageObject","inLanguage":"pt-BR","@id":"https:\/\/www.blogsoestado.com\/flaviobraga\/#\/schema\/person\/image\/","url":"https:\/\/secure.gravatar.com\/avatar\/ab173937dad8d78195c87778be8a0285d069ede375ce0ae24aac1cf8e58ccb2c?s=96&d=mm&r=g","contentUrl":"https:\/\/secure.gravatar.com\/avatar\/ab173937dad8d78195c87778be8a0285d069ede375ce0ae24aac1cf8e58ccb2c?s=96&d=mm&r=g","caption":"Flavio Braga"},"url":"https:\/\/www.blogsoestado.com\/flaviobraga\/author\/flaviobraga\/"}]}},"jetpack_featured_media_url":"","_links":{"self":[{"href":"https:\/\/www.blogsoestado.com\/flaviobraga\/wp-json\/wp\/v2\/posts\/2246","targetHints":{"allow":["GET"]}}],"collection":[{"href":"https:\/\/www.blogsoestado.com\/flaviobraga\/wp-json\/wp\/v2\/posts"}],"about":[{"href":"https:\/\/www.blogsoestado.com\/flaviobraga\/wp-json\/wp\/v2\/types\/post"}],"author":[{"embeddable":true,"href":"https:\/\/www.blogsoestado.com\/flaviobraga\/wp-json\/wp\/v2\/users\/8"}],"replies":[{"embeddable":true,"href":"https:\/\/www.blogsoestado.com\/flaviobraga\/wp-json\/wp\/v2\/comments?post=2246"}],"version-history":[{"count":0,"href":"https:\/\/www.blogsoestado.com\/flaviobraga\/wp-json\/wp\/v2\/posts\/2246\/revisions"}],"wp:attachment":[{"href":"https:\/\/www.blogsoestado.com\/flaviobraga\/wp-json\/wp\/v2\/media?parent=2246"}],"wp:term":[{"taxonomy":"category","embeddable":true,"href":"https:\/\/www.blogsoestado.com\/flaviobraga\/wp-json\/wp\/v2\/categories?post=2246"},{"taxonomy":"post_tag","embeddable":true,"href":"https:\/\/www.blogsoestado.com\/flaviobraga\/wp-json\/wp\/v2\/tags?post=2246"}],"curies":[{"name":"wp","href":"https:\/\/api.w.org\/{rel}","templated":true}]}}