{"id":2252,"date":"2013-07-08T14:46:19","date_gmt":"2013-07-08T17:46:19","guid":{"rendered":"https:\/\/www.blogsoestado.com\/flaviobraga\/?p=2252"},"modified":"2013-07-08T14:46:19","modified_gmt":"2013-07-08T17:46:19","slug":"por-que-dizer-nao-ao-plebiscito","status":"publish","type":"post","link":"https:\/\/www.blogsoestado.com\/flaviobraga\/por-que-dizer-nao-ao-plebiscito\/","title":{"rendered":"Por que dizer n\u00e3o ao plebiscito?"},"content":{"rendered":"<p><em>Por Luiz Fl\u00e1vio Gomes<\/em><\/p>\n<p>A presidenta Dilma est\u00e1 insistindo na ideia de se fazer um plebiscito pr\u00e9vio \u00e0 reforma pol\u00edtica. Eu digo n\u00e3o ao plebiscito, por v\u00e1rias raz\u00f5es.<\/p>\n<p>A presidenta Dilma est\u00e1 insistindo na ideia de se fazer um plebiscito pr\u00e9vio \u00e0 reforma pol\u00edtica. Eu digo n\u00e3o ao plebiscito, por v\u00e1rias raz\u00f5es.<\/p>\n<p><strong>Primeira: <\/strong>porque antes da reforma pol\u00edtica, que tamb\u00e9m \u00e9 urgente para tentar limpar a corrup\u00e7\u00e3o end\u00eamica no poder pol\u00edtico e governamental, que est\u00e1 mancomunado com o grande poder econ\u00f4mico-financeiro, est\u00e1 a melhoria dos servi\u00e7os p\u00fablicos (sa\u00fade, educa\u00e7\u00e3o, Justi\u00e7a, pol\u00edcia, transporte p\u00fablico etc.). Quando temos duas coisas priorit\u00e1rias na nossa vida e n\u00e3o podemos fazer as duas rapidamente, \u00e9 preciso fazer elei\u00e7\u00e3o. A prioridade m\u00e1xima \u00e9 para mudar a qualidade de vida de quem necessita dos servi\u00e7os p\u00fablicos, porque \u00e9 com eles que a popula\u00e7\u00e3o carente est\u00e1 em contato diariamente (\u00f4nibus lotados, transporte caro, fila dos hospitais, escolas de p\u00e9ssima qualidade etc.).<\/p>\n<p><strong>Segunda:<\/strong> Estou com a sensa\u00e7\u00e3o de que parte da classe governante (governantes e pol\u00edticos) est\u00e1, com o plebiscito, adotando a estrat\u00e9gia a distra\u00e7\u00e3o, para manipular a popula\u00e7\u00e3o. De acordo com a estrat\u00e9gia da distra\u00e7\u00e3o (imaginada originalmente em rela\u00e7\u00e3o \u00e0 m\u00eddia; ela faz parte de um dec\u00e1logo, que teria sido escrito por Noam Chomsky ou por Sylvan Timsit\u00a0 &#8211; veja o portal do Viomundo), que consiste em desviar a aten\u00e7\u00e3o do p\u00fablico dos problemas importantes\u00a0 e das mudan\u00e7as decididas pelas elites pol\u00edticas e econ\u00f4micas, mediante a t\u00e9cnica do dil\u00favio [dramatiza\u00e7\u00e3o da viol\u00eancia] ou inunda\u00e7\u00e3o de cont\u00ednuas distra\u00e7\u00f5es [divers\u00f5es] e de informa\u00e7\u00f5es insignificantes. A estrat\u00e9gia da distra\u00e7\u00e3o \u00e9 igualmente indispens\u00e1vel para impedir que o p\u00fablico se interesse pelos conhecimentos essenciais, na \u00e1rea da ci\u00eancia, da economia, da psicologia, da neurobiologia e da cibern\u00e9tica. \u201cManter a aten\u00e7\u00e3o do p\u00fablico distra\u00edda, longe dos verdadeiros problemas sociais, cativada por temas sem import\u00e2ncia real. Manter o p\u00fablico ocupado, ocupado, ocupado; sem nenhum tempo para pensar; de volta \u00e0 granja com outros animais\u201d (cita\u00e7\u00e3o do texto \u201cArmas silenciosas para guerras tranquilas\u201d).<\/p>\n<p><strong>Terceira: <\/strong>o plebiscito custa caro e n\u00e3o tem condi\u00e7\u00f5es de sair rapidamente. Antes de votar, o povo inteiro deve ser esclarecido dos seus termos, que ser\u00e3o, naturalmente, complexos (voto proporcional ou voto distrital; voto distrital puro ou misto; financiamento p\u00fablico ou privado das campanhas; candidaturas avulsas ou ditaduras dos partidos; diminui\u00e7\u00e3o dos parlamentares ou n\u00e3o; coliga\u00e7\u00f5es, coincid\u00eancia das elei\u00e7\u00f5es, possibilitar o recall (se temos o poder de eleger, temos tamb\u00e9m que ter o poder de deseleger etc.). Temos que acelerar essa reforma pol\u00edtica, que deve entrar em vigor at\u00e9 05.10.13, para valer em 2014.<\/p>\n<p><strong>Quarta: <\/strong>a proposta do plebiscito, nessa altura, \u00e9 t\u00edpica de quem n\u00e3o est\u00e1 entendendo nada do que est\u00e1 ocorrendo com nossa democracia, que est\u00e1 se transformando de representativa (elegemos os parlamentares que representam \u201cnossos\u201d interesses gerais) para vigilante, com uso sobretudo das redes sociais. Na democracia vigilante todos os atos do poder p\u00fablico s\u00e3o vigiados (ato do executivo, do legislativo, do judici\u00e1rio etc.).<\/p>\n<p><strong>Quinta: <\/strong>portanto, considerando-se a dificuldade de se fazer o plebiscito (que, ademais, n\u00e3o vai poder vincular o legislador, que det\u00e9m a pen\u00faltima palavra na configura\u00e7\u00e3o final da reforma pol\u00edtica &#8211; a \u00faltima seria do povo, por meio de referendo), melhor seria que o parlamento atual (embora corrompido em sua grande maioria) come\u00e7asse a vota\u00e7\u00e3o da reforma (por meio de uma PEC), que vai ser \u201cvigiada\u201d ponto a ponto (n\u00f3s que pagamos os sal\u00e1rios deles, precisamos colocar os parlamentares para trabalhar, sob nossa vigil\u00e2ncia). Na democracia vigilante tudo \u00e9 acompanhado de perto. Logo, vamos nos manifestando diariamente sobre todos os pontos da reforma. Depois, no final, j\u00e1 inteirados de tudo, daremos ou n\u00e3o nosso referendo. Avante Brasil!<\/p>\n","protected":false},"excerpt":{"rendered":"<p>Por Luiz Fl\u00e1vio Gomes A presidenta Dilma est\u00e1 insistindo na ideia de se fazer um plebiscito pr\u00e9vio \u00e0 reforma pol\u00edtica. [&hellip;]<\/p>\n","protected":false},"author":8,"featured_media":0,"comment_status":"open","ping_status":"open","sticky":false,"template":"","format":"standard","meta":{"site-sidebar-layout":"default","site-content-layout":"","ast-site-content-layout":"default","site-content-style":"default","site-sidebar-style":"default","ast-global-header-display":"","ast-banner-title-visibility":"","ast-main-header-display":"","ast-hfb-above-header-display":"","ast-hfb-below-header-display":"","ast-hfb-mobile-header-display":"","site-post-title":"","ast-breadcrumbs-content":"","ast-featured-img":"","footer-sml-layout":"","ast-disable-related-posts":"","theme-transparent-header-meta":"","adv-header-id-meta":"","stick-header-meta":"","header-above-stick-meta":"","header-main-stick-meta":"","header-below-stick-meta":"","astra-migrate-meta-layouts":"default","ast-page-background-enabled":"default","ast-page-background-meta":{"desktop":{"background-color":"var(--ast-global-color-5)","background-image":"","background-repeat":"repeat","background-position":"center center","background-size":"auto","background-attachment":"scroll","background-type":"","background-media":"","overlay-type":"","overlay-color":"","overlay-opacity":"","overlay-gradient":""},"tablet":{"background-color":"","background-image":"","background-repeat":"repeat","background-position":"center center","background-size":"auto","background-attachment":"scroll","background-type":"","background-media":"","overlay-type":"","overlay-color":"","overlay-opacity":"","overlay-gradient":""},"mobile":{"background-color":"","background-image":"","background-repeat":"repeat","background-position":"center center","background-size":"auto","background-attachment":"scroll","background-type":"","background-media":"","overlay-type":"","overlay-color":"","overlay-opacity":"","overlay-gradient":""}},"ast-content-background-meta":{"desktop":{"background-color":"var(--ast-global-color-4)","background-image":"","background-repeat":"repeat","background-position":"center center","background-size":"auto","background-attachment":"scroll","background-type":"","background-media":"","overlay-type":"","overlay-color":"","overlay-opacity":"","overlay-gradient":""},"tablet":{"background-color":"var(--ast-global-color-4)","background-image":"","background-repeat":"repeat","background-position":"center center","background-size":"auto","background-attachment":"scroll","background-type":"","background-media":"","overlay-type":"","overlay-color":"","overlay-opacity":"","overlay-gradient":""},"mobile":{"background-color":"var(--ast-global-color-4)","background-image":"","background-repeat":"repeat","background-position":"center center","background-size":"auto","background-attachment":"scroll","background-type":"","background-media":"","overlay-type":"","overlay-color":"","overlay-opacity":"","overlay-gradient":""}},"footnotes":""},"categories":[1],"tags":[],"class_list":["post-2252","post","type-post","status-publish","format-standard","hentry","category-sem-categoria"],"yoast_head":"<!-- This site is optimized with the Yoast SEO plugin v26.6 - https:\/\/yoast.com\/wordpress\/plugins\/seo\/ -->\n<title>Por que dizer n\u00e3o ao plebiscito? - Fl\u00e1vio Braga<\/title>\n<meta name=\"robots\" content=\"index, follow, max-snippet:-1, max-image-preview:large, max-video-preview:-1\" \/>\n<link rel=\"canonical\" href=\"https:\/\/www.blogsoestado.com\/flaviobraga\/por-que-dizer-nao-ao-plebiscito\/\" \/>\n<meta property=\"og:locale\" content=\"pt_BR\" \/>\n<meta property=\"og:type\" content=\"article\" \/>\n<meta property=\"og:title\" content=\"Por que dizer n\u00e3o ao plebiscito? - Fl\u00e1vio Braga\" \/>\n<meta property=\"og:description\" content=\"Por Luiz Fl\u00e1vio Gomes A presidenta Dilma est\u00e1 insistindo na ideia de se fazer um plebiscito pr\u00e9vio \u00e0 reforma pol\u00edtica. [&hellip;]\" \/>\n<meta property=\"og:url\" content=\"https:\/\/www.blogsoestado.com\/flaviobraga\/por-que-dizer-nao-ao-plebiscito\/\" \/>\n<meta property=\"og:site_name\" content=\"Fl\u00e1vio Braga\" \/>\n<meta property=\"article:published_time\" content=\"2013-07-08T17:46:19+00:00\" \/>\n<meta name=\"author\" content=\"Flavio Braga\" \/>\n<meta name=\"twitter:card\" content=\"summary_large_image\" \/>\n<meta name=\"twitter:label1\" content=\"Escrito por\" \/>\n\t<meta name=\"twitter:data1\" content=\"Flavio Braga\" \/>\n\t<meta name=\"twitter:label2\" content=\"Est. tempo de leitura\" \/>\n\t<meta name=\"twitter:data2\" content=\"3 minutos\" \/>\n<script type=\"application\/ld+json\" class=\"yoast-schema-graph\">{\"@context\":\"https:\/\/schema.org\",\"@graph\":[{\"@type\":\"WebPage\",\"@id\":\"https:\/\/www.blogsoestado.com\/flaviobraga\/por-que-dizer-nao-ao-plebiscito\/\",\"url\":\"https:\/\/www.blogsoestado.com\/flaviobraga\/por-que-dizer-nao-ao-plebiscito\/\",\"name\":\"Por que dizer n\u00e3o ao plebiscito? - Fl\u00e1vio Braga\",\"isPartOf\":{\"@id\":\"https:\/\/www.blogsoestado.com\/flaviobraga\/#website\"},\"datePublished\":\"2013-07-08T17:46:19+00:00\",\"author\":{\"@id\":\"https:\/\/www.blogsoestado.com\/flaviobraga\/#\/schema\/person\/6c6c778331775c757a82d15206bd8733\"},\"breadcrumb\":{\"@id\":\"https:\/\/www.blogsoestado.com\/flaviobraga\/por-que-dizer-nao-ao-plebiscito\/#breadcrumb\"},\"inLanguage\":\"pt-BR\",\"potentialAction\":[{\"@type\":\"ReadAction\",\"target\":[\"https:\/\/www.blogsoestado.com\/flaviobraga\/por-que-dizer-nao-ao-plebiscito\/\"]}]},{\"@type\":\"BreadcrumbList\",\"@id\":\"https:\/\/www.blogsoestado.com\/flaviobraga\/por-que-dizer-nao-ao-plebiscito\/#breadcrumb\",\"itemListElement\":[{\"@type\":\"ListItem\",\"position\":1,\"name\":\"In\u00edcio\",\"item\":\"https:\/\/www.blogsoestado.com\/flaviobraga\/\"},{\"@type\":\"ListItem\",\"position\":2,\"name\":\"Por que dizer n\u00e3o ao plebiscito?\"}]},{\"@type\":\"WebSite\",\"@id\":\"https:\/\/www.blogsoestado.com\/flaviobraga\/#website\",\"url\":\"https:\/\/www.blogsoestado.com\/flaviobraga\/\",\"name\":\"Fl\u00e1vio Braga\",\"description\":\"\",\"potentialAction\":[{\"@type\":\"SearchAction\",\"target\":{\"@type\":\"EntryPoint\",\"urlTemplate\":\"https:\/\/www.blogsoestado.com\/flaviobraga\/?s={search_term_string}\"},\"query-input\":{\"@type\":\"PropertyValueSpecification\",\"valueRequired\":true,\"valueName\":\"search_term_string\"}}],\"inLanguage\":\"pt-BR\"},{\"@type\":\"Person\",\"@id\":\"https:\/\/www.blogsoestado.com\/flaviobraga\/#\/schema\/person\/6c6c778331775c757a82d15206bd8733\",\"name\":\"Flavio Braga\",\"image\":{\"@type\":\"ImageObject\",\"inLanguage\":\"pt-BR\",\"@id\":\"https:\/\/www.blogsoestado.com\/flaviobraga\/#\/schema\/person\/image\/\",\"url\":\"https:\/\/secure.gravatar.com\/avatar\/ab173937dad8d78195c87778be8a0285d069ede375ce0ae24aac1cf8e58ccb2c?s=96&d=mm&r=g\",\"contentUrl\":\"https:\/\/secure.gravatar.com\/avatar\/ab173937dad8d78195c87778be8a0285d069ede375ce0ae24aac1cf8e58ccb2c?s=96&d=mm&r=g\",\"caption\":\"Flavio Braga\"},\"url\":\"https:\/\/www.blogsoestado.com\/flaviobraga\/author\/flaviobraga\/\"}]}<\/script>\n<!-- \/ Yoast SEO plugin. -->","yoast_head_json":{"title":"Por que dizer n\u00e3o ao plebiscito? - Fl\u00e1vio Braga","robots":{"index":"index","follow":"follow","max-snippet":"max-snippet:-1","max-image-preview":"max-image-preview:large","max-video-preview":"max-video-preview:-1"},"canonical":"https:\/\/www.blogsoestado.com\/flaviobraga\/por-que-dizer-nao-ao-plebiscito\/","og_locale":"pt_BR","og_type":"article","og_title":"Por que dizer n\u00e3o ao plebiscito? - Fl\u00e1vio Braga","og_description":"Por Luiz Fl\u00e1vio Gomes A presidenta Dilma est\u00e1 insistindo na ideia de se fazer um plebiscito pr\u00e9vio \u00e0 reforma pol\u00edtica. [&hellip;]","og_url":"https:\/\/www.blogsoestado.com\/flaviobraga\/por-que-dizer-nao-ao-plebiscito\/","og_site_name":"Fl\u00e1vio Braga","article_published_time":"2013-07-08T17:46:19+00:00","author":"Flavio Braga","twitter_card":"summary_large_image","twitter_misc":{"Escrito por":"Flavio Braga","Est. tempo de leitura":"3 minutos"},"schema":{"@context":"https:\/\/schema.org","@graph":[{"@type":"WebPage","@id":"https:\/\/www.blogsoestado.com\/flaviobraga\/por-que-dizer-nao-ao-plebiscito\/","url":"https:\/\/www.blogsoestado.com\/flaviobraga\/por-que-dizer-nao-ao-plebiscito\/","name":"Por que dizer n\u00e3o ao plebiscito? - Fl\u00e1vio Braga","isPartOf":{"@id":"https:\/\/www.blogsoestado.com\/flaviobraga\/#website"},"datePublished":"2013-07-08T17:46:19+00:00","author":{"@id":"https:\/\/www.blogsoestado.com\/flaviobraga\/#\/schema\/person\/6c6c778331775c757a82d15206bd8733"},"breadcrumb":{"@id":"https:\/\/www.blogsoestado.com\/flaviobraga\/por-que-dizer-nao-ao-plebiscito\/#breadcrumb"},"inLanguage":"pt-BR","potentialAction":[{"@type":"ReadAction","target":["https:\/\/www.blogsoestado.com\/flaviobraga\/por-que-dizer-nao-ao-plebiscito\/"]}]},{"@type":"BreadcrumbList","@id":"https:\/\/www.blogsoestado.com\/flaviobraga\/por-que-dizer-nao-ao-plebiscito\/#breadcrumb","itemListElement":[{"@type":"ListItem","position":1,"name":"In\u00edcio","item":"https:\/\/www.blogsoestado.com\/flaviobraga\/"},{"@type":"ListItem","position":2,"name":"Por que dizer n\u00e3o ao plebiscito?"}]},{"@type":"WebSite","@id":"https:\/\/www.blogsoestado.com\/flaviobraga\/#website","url":"https:\/\/www.blogsoestado.com\/flaviobraga\/","name":"Fl\u00e1vio Braga","description":"","potentialAction":[{"@type":"SearchAction","target":{"@type":"EntryPoint","urlTemplate":"https:\/\/www.blogsoestado.com\/flaviobraga\/?s={search_term_string}"},"query-input":{"@type":"PropertyValueSpecification","valueRequired":true,"valueName":"search_term_string"}}],"inLanguage":"pt-BR"},{"@type":"Person","@id":"https:\/\/www.blogsoestado.com\/flaviobraga\/#\/schema\/person\/6c6c778331775c757a82d15206bd8733","name":"Flavio Braga","image":{"@type":"ImageObject","inLanguage":"pt-BR","@id":"https:\/\/www.blogsoestado.com\/flaviobraga\/#\/schema\/person\/image\/","url":"https:\/\/secure.gravatar.com\/avatar\/ab173937dad8d78195c87778be8a0285d069ede375ce0ae24aac1cf8e58ccb2c?s=96&d=mm&r=g","contentUrl":"https:\/\/secure.gravatar.com\/avatar\/ab173937dad8d78195c87778be8a0285d069ede375ce0ae24aac1cf8e58ccb2c?s=96&d=mm&r=g","caption":"Flavio Braga"},"url":"https:\/\/www.blogsoestado.com\/flaviobraga\/author\/flaviobraga\/"}]}},"jetpack_featured_media_url":"","_links":{"self":[{"href":"https:\/\/www.blogsoestado.com\/flaviobraga\/wp-json\/wp\/v2\/posts\/2252","targetHints":{"allow":["GET"]}}],"collection":[{"href":"https:\/\/www.blogsoestado.com\/flaviobraga\/wp-json\/wp\/v2\/posts"}],"about":[{"href":"https:\/\/www.blogsoestado.com\/flaviobraga\/wp-json\/wp\/v2\/types\/post"}],"author":[{"embeddable":true,"href":"https:\/\/www.blogsoestado.com\/flaviobraga\/wp-json\/wp\/v2\/users\/8"}],"replies":[{"embeddable":true,"href":"https:\/\/www.blogsoestado.com\/flaviobraga\/wp-json\/wp\/v2\/comments?post=2252"}],"version-history":[{"count":0,"href":"https:\/\/www.blogsoestado.com\/flaviobraga\/wp-json\/wp\/v2\/posts\/2252\/revisions"}],"wp:attachment":[{"href":"https:\/\/www.blogsoestado.com\/flaviobraga\/wp-json\/wp\/v2\/media?parent=2252"}],"wp:term":[{"taxonomy":"category","embeddable":true,"href":"https:\/\/www.blogsoestado.com\/flaviobraga\/wp-json\/wp\/v2\/categories?post=2252"},{"taxonomy":"post_tag","embeddable":true,"href":"https:\/\/www.blogsoestado.com\/flaviobraga\/wp-json\/wp\/v2\/tags?post=2252"}],"curies":[{"name":"wp","href":"https:\/\/api.w.org\/{rel}","templated":true}]}}