{"id":2257,"date":"2013-07-09T14:09:23","date_gmt":"2013-07-09T17:09:23","guid":{"rendered":"https:\/\/www.blogsoestado.com\/flaviobraga\/?p=2257"},"modified":"2013-07-09T14:09:23","modified_gmt":"2013-07-09T17:09:23","slug":"inscricoes-para-pos-graduacao-em-direito-eleitoral-estao-abertas-ate-22-de-julho","status":"publish","type":"post","link":"https:\/\/www.blogsoestado.com\/flaviobraga\/inscricoes-para-pos-graduacao-em-direito-eleitoral-estao-abertas-ate-22-de-julho\/","title":{"rendered":"Inscri\u00e7\u00f5es para p\u00f3s-gradua\u00e7\u00e3o em Direito Eleitoral est\u00e3o abertas at\u00e9 22 de julho"},"content":{"rendered":"<p>A Escola Judici\u00e1ria Eleitoral do Maranh\u00e3o abriu nesta segunda-feira, 8 de julho, inscri\u00e7\u00f5es para 50 vagas no curso de especializa\u00e7\u00e3o em Direito Eleitoral, por meio de conv\u00eanio com a Universidade Federal do Maranh\u00e3o. O curso ter\u00e1 dura\u00e7\u00e3o de 18 meses (390h) e a partir da matr\u00edcula os alunos dever\u00e3o recolher o valor de R$ 300,00 (trezentos reais) \u00e0 EJE.<\/p>\n<p>As inscri\u00e7\u00f5es custam R$ 100,00 (cem reais) e podem ser feitas na secretaria da EJE, localizada na sede do Tribunal Regional Eleitoral do Maranh\u00e3o (Avenida Vitorino Freire, s\/n\u00a0&#8211; Areinha), no hor\u00e1rio das 14h \u00e0s 18h.<\/p>\n<p>Est\u00e3o aptos a se inscrever os bachar\u00e9is em Direito, advogados e operadores do Direito, em especial os ju\u00edzes eleitorais, promotores eleitorais e servidores da Justi\u00e7a Eleitoral, desde que preenchidos os requisitos m\u00ednimos exigidos no edital.<\/p>\n<p>A sele\u00e7\u00e3o dos candidatos ser\u00e1 realizada por uma comiss\u00e3o formada pelo diretor da Escola, juntamente com o coordenador e um professor do corpo docente do curso de especializa\u00e7\u00e3o em Direito Eleitoral.<\/p>\n<p>As provas acontecer\u00e3o em duas etapas: prova oral (a ser gravada) e an\u00e1lise curricular. A aula inaugural est\u00e1 prevista para o dia 30 de agosto de 2013.<\/p>\n<p>O curso ser\u00e1 ministrado na modalidade presencial as quintas e sextas-feiras das 17h \u00e0s 22h e aos s\u00e1bados das 8h \u00e0s 13h; ou sextas-feiras das 17h \u00e0s 22h e aos s\u00e1bados das 8h \u00e0s 13h e das 15h \u00e0s 20h. Mais informa\u00e7\u00f5es pelo telefone (98) 2107-8796 ou pelo e-mail <a href=\"mailto:eje@tre-ma.jus.br\">eje@tre-ma.jus.br<\/a>.<\/p>\n<p><a href=\"http:\/\/www.justicaeleitoral.jus.br\/arquivos\/tre-ma-edital-de-especializacao-em-direito-eleitoral\">Confira aqui o Edital na \u00edntegra.<\/a><\/p>\n","protected":false},"excerpt":{"rendered":"<p>A Escola Judici\u00e1ria Eleitoral do Maranh\u00e3o abriu nesta segunda-feira, 8 de julho, inscri\u00e7\u00f5es para 50 vagas no curso de especializa\u00e7\u00e3o [&hellip;]<\/p>\n","protected":false},"author":8,"featured_media":0,"comment_status":"open","ping_status":"open","sticky":false,"template":"","format":"standard","meta":{"site-sidebar-layout":"default","site-content-layout":"","ast-site-content-layout":"default","site-content-style":"default","site-sidebar-style":"default","ast-global-header-display":"","ast-banner-title-visibility":"","ast-main-header-display":"","ast-hfb-above-header-display":"","ast-hfb-below-header-display":"","ast-hfb-mobile-header-display":"","site-post-title":"","ast-breadcrumbs-content":"","ast-featured-img":"","footer-sml-layout":"","ast-disable-related-posts":"","theme-transparent-header-meta":"","adv-header-id-meta":"","stick-header-meta":"","header-above-stick-meta":"","header-main-stick-meta":"","header-below-stick-meta":"","astra-migrate-meta-layouts":"default","ast-page-background-enabled":"default","ast-page-background-meta":{"desktop":{"background-color":"var(--ast-global-color-5)","background-image":"","background-repeat":"repeat","background-position":"center center","background-size":"auto","background-attachment":"scroll","background-type":"","background-media":"","overlay-type":"","overlay-color":"","overlay-opacity":"","overlay-gradient":""},"tablet":{"background-color":"","background-image":"","background-repeat":"repeat","background-position":"center center","background-size":"auto","background-attachment":"scroll","background-type":"","background-media":"","overlay-type":"","overlay-color":"","overlay-opacity":"","overlay-gradient":""},"mobile":{"background-color":"","background-image":"","background-repeat":"repeat","background-position":"center center","background-size":"auto","background-attachment":"scroll","background-type":"","background-media":"","overlay-type":"","overlay-color":"","overlay-opacity":"","overlay-gradient":""}},"ast-content-background-meta":{"desktop":{"background-color":"var(--ast-global-color-4)","background-image":"","background-repeat":"repeat","background-position":"center center","background-size":"auto","background-attachment":"scroll","background-type":"","background-media":"","overlay-type":"","overlay-color":"","overlay-opacity":"","overlay-gradient":""},"tablet":{"background-color":"var(--ast-global-color-4)","background-image":"","background-repeat":"repeat","background-position":"center center","background-size":"auto","background-attachment":"scroll","background-type":"","background-media":"","overlay-type":"","overlay-color":"","overlay-opacity":"","overlay-gradient":""},"mobile":{"background-color":"var(--ast-global-color-4)","background-image":"","background-repeat":"repeat","background-position":"center center","background-size":"auto","background-attachment":"scroll","background-type":"","background-media":"","overlay-type":"","overlay-color":"","overlay-opacity":"","overlay-gradient":""}},"footnotes":""},"categories":[1],"tags":[],"class_list":["post-2257","post","type-post","status-publish","format-standard","hentry","category-sem-categoria"],"yoast_head":"<!-- This site is optimized with the Yoast SEO plugin v26.6 - https:\/\/yoast.com\/wordpress\/plugins\/seo\/ -->\n<title>Inscri\u00e7\u00f5es para p\u00f3s-gradua\u00e7\u00e3o em Direito Eleitoral est\u00e3o abertas at\u00e9 22 de julho - Fl\u00e1vio Braga<\/title>\n<meta name=\"robots\" content=\"index, follow, max-snippet:-1, max-image-preview:large, max-video-preview:-1\" \/>\n<link rel=\"canonical\" href=\"https:\/\/www.blogsoestado.com\/flaviobraga\/inscricoes-para-pos-graduacao-em-direito-eleitoral-estao-abertas-ate-22-de-julho\/\" \/>\n<meta property=\"og:locale\" content=\"pt_BR\" \/>\n<meta property=\"og:type\" content=\"article\" \/>\n<meta property=\"og:title\" content=\"Inscri\u00e7\u00f5es para p\u00f3s-gradua\u00e7\u00e3o em Direito Eleitoral est\u00e3o abertas at\u00e9 22 de julho - Fl\u00e1vio Braga\" \/>\n<meta property=\"og:description\" content=\"A Escola Judici\u00e1ria Eleitoral do Maranh\u00e3o abriu nesta segunda-feira, 8 de julho, inscri\u00e7\u00f5es para 50 vagas no curso de especializa\u00e7\u00e3o [&hellip;]\" \/>\n<meta property=\"og:url\" content=\"https:\/\/www.blogsoestado.com\/flaviobraga\/inscricoes-para-pos-graduacao-em-direito-eleitoral-estao-abertas-ate-22-de-julho\/\" \/>\n<meta property=\"og:site_name\" content=\"Fl\u00e1vio Braga\" \/>\n<meta property=\"article:published_time\" content=\"2013-07-09T17:09:23+00:00\" \/>\n<meta name=\"author\" content=\"Flavio Braga\" \/>\n<meta name=\"twitter:card\" content=\"summary_large_image\" \/>\n<meta name=\"twitter:label1\" content=\"Escrito por\" \/>\n\t<meta name=\"twitter:data1\" content=\"Flavio Braga\" \/>\n\t<meta name=\"twitter:label2\" content=\"Est. tempo de leitura\" \/>\n\t<meta name=\"twitter:data2\" content=\"1 minuto\" \/>\n<script type=\"application\/ld+json\" class=\"yoast-schema-graph\">{\"@context\":\"https:\/\/schema.org\",\"@graph\":[{\"@type\":\"WebPage\",\"@id\":\"https:\/\/www.blogsoestado.com\/flaviobraga\/inscricoes-para-pos-graduacao-em-direito-eleitoral-estao-abertas-ate-22-de-julho\/\",\"url\":\"https:\/\/www.blogsoestado.com\/flaviobraga\/inscricoes-para-pos-graduacao-em-direito-eleitoral-estao-abertas-ate-22-de-julho\/\",\"name\":\"Inscri\u00e7\u00f5es para p\u00f3s-gradua\u00e7\u00e3o em Direito Eleitoral est\u00e3o abertas at\u00e9 22 de julho - Fl\u00e1vio Braga\",\"isPartOf\":{\"@id\":\"https:\/\/www.blogsoestado.com\/flaviobraga\/#website\"},\"datePublished\":\"2013-07-09T17:09:23+00:00\",\"author\":{\"@id\":\"https:\/\/www.blogsoestado.com\/flaviobraga\/#\/schema\/person\/6c6c778331775c757a82d15206bd8733\"},\"breadcrumb\":{\"@id\":\"https:\/\/www.blogsoestado.com\/flaviobraga\/inscricoes-para-pos-graduacao-em-direito-eleitoral-estao-abertas-ate-22-de-julho\/#breadcrumb\"},\"inLanguage\":\"pt-BR\",\"potentialAction\":[{\"@type\":\"ReadAction\",\"target\":[\"https:\/\/www.blogsoestado.com\/flaviobraga\/inscricoes-para-pos-graduacao-em-direito-eleitoral-estao-abertas-ate-22-de-julho\/\"]}]},{\"@type\":\"BreadcrumbList\",\"@id\":\"https:\/\/www.blogsoestado.com\/flaviobraga\/inscricoes-para-pos-graduacao-em-direito-eleitoral-estao-abertas-ate-22-de-julho\/#breadcrumb\",\"itemListElement\":[{\"@type\":\"ListItem\",\"position\":1,\"name\":\"In\u00edcio\",\"item\":\"https:\/\/www.blogsoestado.com\/flaviobraga\/\"},{\"@type\":\"ListItem\",\"position\":2,\"name\":\"Inscri\u00e7\u00f5es para p\u00f3s-gradua\u00e7\u00e3o em Direito Eleitoral est\u00e3o abertas at\u00e9 22 de julho\"}]},{\"@type\":\"WebSite\",\"@id\":\"https:\/\/www.blogsoestado.com\/flaviobraga\/#website\",\"url\":\"https:\/\/www.blogsoestado.com\/flaviobraga\/\",\"name\":\"Fl\u00e1vio Braga\",\"description\":\"\",\"potentialAction\":[{\"@type\":\"SearchAction\",\"target\":{\"@type\":\"EntryPoint\",\"urlTemplate\":\"https:\/\/www.blogsoestado.com\/flaviobraga\/?s={search_term_string}\"},\"query-input\":{\"@type\":\"PropertyValueSpecification\",\"valueRequired\":true,\"valueName\":\"search_term_string\"}}],\"inLanguage\":\"pt-BR\"},{\"@type\":\"Person\",\"@id\":\"https:\/\/www.blogsoestado.com\/flaviobraga\/#\/schema\/person\/6c6c778331775c757a82d15206bd8733\",\"name\":\"Flavio Braga\",\"image\":{\"@type\":\"ImageObject\",\"inLanguage\":\"pt-BR\",\"@id\":\"https:\/\/www.blogsoestado.com\/flaviobraga\/#\/schema\/person\/image\/\",\"url\":\"https:\/\/secure.gravatar.com\/avatar\/ab173937dad8d78195c87778be8a0285d069ede375ce0ae24aac1cf8e58ccb2c?s=96&d=mm&r=g\",\"contentUrl\":\"https:\/\/secure.gravatar.com\/avatar\/ab173937dad8d78195c87778be8a0285d069ede375ce0ae24aac1cf8e58ccb2c?s=96&d=mm&r=g\",\"caption\":\"Flavio Braga\"},\"url\":\"https:\/\/www.blogsoestado.com\/flaviobraga\/author\/flaviobraga\/\"}]}<\/script>\n<!-- \/ Yoast SEO plugin. -->","yoast_head_json":{"title":"Inscri\u00e7\u00f5es para p\u00f3s-gradua\u00e7\u00e3o em Direito Eleitoral est\u00e3o abertas at\u00e9 22 de julho - Fl\u00e1vio Braga","robots":{"index":"index","follow":"follow","max-snippet":"max-snippet:-1","max-image-preview":"max-image-preview:large","max-video-preview":"max-video-preview:-1"},"canonical":"https:\/\/www.blogsoestado.com\/flaviobraga\/inscricoes-para-pos-graduacao-em-direito-eleitoral-estao-abertas-ate-22-de-julho\/","og_locale":"pt_BR","og_type":"article","og_title":"Inscri\u00e7\u00f5es para p\u00f3s-gradua\u00e7\u00e3o em Direito Eleitoral est\u00e3o abertas at\u00e9 22 de julho - Fl\u00e1vio Braga","og_description":"A Escola Judici\u00e1ria Eleitoral do Maranh\u00e3o abriu nesta segunda-feira, 8 de julho, inscri\u00e7\u00f5es para 50 vagas no curso de especializa\u00e7\u00e3o [&hellip;]","og_url":"https:\/\/www.blogsoestado.com\/flaviobraga\/inscricoes-para-pos-graduacao-em-direito-eleitoral-estao-abertas-ate-22-de-julho\/","og_site_name":"Fl\u00e1vio Braga","article_published_time":"2013-07-09T17:09:23+00:00","author":"Flavio Braga","twitter_card":"summary_large_image","twitter_misc":{"Escrito por":"Flavio Braga","Est. tempo de leitura":"1 minuto"},"schema":{"@context":"https:\/\/schema.org","@graph":[{"@type":"WebPage","@id":"https:\/\/www.blogsoestado.com\/flaviobraga\/inscricoes-para-pos-graduacao-em-direito-eleitoral-estao-abertas-ate-22-de-julho\/","url":"https:\/\/www.blogsoestado.com\/flaviobraga\/inscricoes-para-pos-graduacao-em-direito-eleitoral-estao-abertas-ate-22-de-julho\/","name":"Inscri\u00e7\u00f5es para p\u00f3s-gradua\u00e7\u00e3o em Direito Eleitoral est\u00e3o abertas at\u00e9 22 de julho - Fl\u00e1vio Braga","isPartOf":{"@id":"https:\/\/www.blogsoestado.com\/flaviobraga\/#website"},"datePublished":"2013-07-09T17:09:23+00:00","author":{"@id":"https:\/\/www.blogsoestado.com\/flaviobraga\/#\/schema\/person\/6c6c778331775c757a82d15206bd8733"},"breadcrumb":{"@id":"https:\/\/www.blogsoestado.com\/flaviobraga\/inscricoes-para-pos-graduacao-em-direito-eleitoral-estao-abertas-ate-22-de-julho\/#breadcrumb"},"inLanguage":"pt-BR","potentialAction":[{"@type":"ReadAction","target":["https:\/\/www.blogsoestado.com\/flaviobraga\/inscricoes-para-pos-graduacao-em-direito-eleitoral-estao-abertas-ate-22-de-julho\/"]}]},{"@type":"BreadcrumbList","@id":"https:\/\/www.blogsoestado.com\/flaviobraga\/inscricoes-para-pos-graduacao-em-direito-eleitoral-estao-abertas-ate-22-de-julho\/#breadcrumb","itemListElement":[{"@type":"ListItem","position":1,"name":"In\u00edcio","item":"https:\/\/www.blogsoestado.com\/flaviobraga\/"},{"@type":"ListItem","position":2,"name":"Inscri\u00e7\u00f5es para p\u00f3s-gradua\u00e7\u00e3o em Direito Eleitoral est\u00e3o abertas at\u00e9 22 de julho"}]},{"@type":"WebSite","@id":"https:\/\/www.blogsoestado.com\/flaviobraga\/#website","url":"https:\/\/www.blogsoestado.com\/flaviobraga\/","name":"Fl\u00e1vio Braga","description":"","potentialAction":[{"@type":"SearchAction","target":{"@type":"EntryPoint","urlTemplate":"https:\/\/www.blogsoestado.com\/flaviobraga\/?s={search_term_string}"},"query-input":{"@type":"PropertyValueSpecification","valueRequired":true,"valueName":"search_term_string"}}],"inLanguage":"pt-BR"},{"@type":"Person","@id":"https:\/\/www.blogsoestado.com\/flaviobraga\/#\/schema\/person\/6c6c778331775c757a82d15206bd8733","name":"Flavio Braga","image":{"@type":"ImageObject","inLanguage":"pt-BR","@id":"https:\/\/www.blogsoestado.com\/flaviobraga\/#\/schema\/person\/image\/","url":"https:\/\/secure.gravatar.com\/avatar\/ab173937dad8d78195c87778be8a0285d069ede375ce0ae24aac1cf8e58ccb2c?s=96&d=mm&r=g","contentUrl":"https:\/\/secure.gravatar.com\/avatar\/ab173937dad8d78195c87778be8a0285d069ede375ce0ae24aac1cf8e58ccb2c?s=96&d=mm&r=g","caption":"Flavio Braga"},"url":"https:\/\/www.blogsoestado.com\/flaviobraga\/author\/flaviobraga\/"}]}},"jetpack_featured_media_url":"","_links":{"self":[{"href":"https:\/\/www.blogsoestado.com\/flaviobraga\/wp-json\/wp\/v2\/posts\/2257","targetHints":{"allow":["GET"]}}],"collection":[{"href":"https:\/\/www.blogsoestado.com\/flaviobraga\/wp-json\/wp\/v2\/posts"}],"about":[{"href":"https:\/\/www.blogsoestado.com\/flaviobraga\/wp-json\/wp\/v2\/types\/post"}],"author":[{"embeddable":true,"href":"https:\/\/www.blogsoestado.com\/flaviobraga\/wp-json\/wp\/v2\/users\/8"}],"replies":[{"embeddable":true,"href":"https:\/\/www.blogsoestado.com\/flaviobraga\/wp-json\/wp\/v2\/comments?post=2257"}],"version-history":[{"count":0,"href":"https:\/\/www.blogsoestado.com\/flaviobraga\/wp-json\/wp\/v2\/posts\/2257\/revisions"}],"wp:attachment":[{"href":"https:\/\/www.blogsoestado.com\/flaviobraga\/wp-json\/wp\/v2\/media?parent=2257"}],"wp:term":[{"taxonomy":"category","embeddable":true,"href":"https:\/\/www.blogsoestado.com\/flaviobraga\/wp-json\/wp\/v2\/categories?post=2257"},{"taxonomy":"post_tag","embeddable":true,"href":"https:\/\/www.blogsoestado.com\/flaviobraga\/wp-json\/wp\/v2\/tags?post=2257"}],"curies":[{"name":"wp","href":"https:\/\/api.w.org\/{rel}","templated":true}]}}