{"id":2278,"date":"2013-08-01T16:32:47","date_gmt":"2013-08-01T19:32:47","guid":{"rendered":"https:\/\/www.blogsoestado.com\/flaviobraga\/?p=2278"},"modified":"2013-08-01T16:32:47","modified_gmt":"2013-08-01T19:32:47","slug":"o-instituto-do-recall-eleitoral-2","status":"publish","type":"post","link":"https:\/\/www.blogsoestado.com\/flaviobraga\/o-instituto-do-recall-eleitoral-2\/","title":{"rendered":"O instituto do recall eleitoral"},"content":{"rendered":"<p>Dentre as propostas de reforma pol\u00edtica em discuss\u00e3o no Congresso nacional, merece destaque a PEC n\u00ba 73\/05, de autoria do senador Eduardo Suplicy, propondo a ado\u00e7\u00e3o do instituto da revoga\u00e7\u00e3o popular de mandatos eletivos, ou <i>recall<\/i>, como o denominam os norte-americanos, a fim de garantir o respeito \u00e0 soberania do povo, titular supremo e fonte de todo o poder.\u00a0 \u00c9 a possibilidade de cassa\u00e7\u00e3o do eleito, diretamente por seus eleitores.<\/p>\n<p>A ess\u00eancia do instituto consiste na supress\u00e3o do mandato do governante ou parlamentar que n\u00e3o cumprir fielmente os compromissos assumidos durante a campanha eleitoral ou perder a confian\u00e7a popular em virtude de sua atua\u00e7\u00e3o contr\u00e1ria ao interesse p\u00fablico. O <i>recall <\/i>funciona como um mecanismo para o eleitorado fiscalizar os seus representantes e um sistema de controle popular do poder pol\u00edtico.<\/p>\n<p>O <em>recall <\/em>tem origem na legisla\u00e7\u00e3o dos EUA, onde 14 Estados introduziram o mecanismo<i> <\/i>em suas constitui\u00e7\u00f5es. Na Am\u00e9rica Latina, a Constitui\u00e7\u00e3o da Rep\u00fablica Bolivariana da Venezuela adotou o procedimento do referendo revocat\u00f3rio para todos os cargos eletivos. Existem f\u00f3rmulas semelhantes ao <i>recall<\/i> em outros sistemas jur\u00eddicos, inspirados nos m\u00e9todos de revoga\u00e7\u00e3o dos pa\u00edses socialistas, uma vez que esse instrumento \u00e9 pr\u00f3prio da teoria pol\u00edtica marxista.<\/p>\n<p>\u00c0 guisa de ilustra\u00e7\u00e3o, mencione-se que no ano de 2003, os eleitores do Estado da Calif\u00f3rnia (EUA) compareceram \u00e0 vota\u00e7\u00e3o do <em>recall<\/em> que destituiu o governador Gray Davis. Concomitantemente, foi realizada a elei\u00e7\u00e3o do seu sucessor, da qual saiu vitorioso o ator de cinema Arnold Schwarzenegger, de origem austr\u00edaca, para completar o mandato do governador removido do cargo.<\/p>\n<p>A PEC estabelece que o Presidente da Rep\u00fablica ou os membros do Congresso Nacional poder\u00e3o ter seus mandatos revogados mediante \u00a0referendo proposto por meio de iniciativa popular dirigida ao Tribunal Superior Eleitoral, \u00f3rg\u00e3o respons\u00e1vel pela convoca\u00e7\u00e3o da consulta revocat\u00f3ria.<\/p>\n<p>A decis\u00e3o tomada no referendo ser\u00e1 soberana. Se o resultado for pela revoga\u00e7\u00e3o do mandato eletivo, o agente pol\u00edtico n\u00e3o poder\u00e1 invocar a tutela do Poder Judici\u00e1rio.\u00a0 Se o resultado for contr\u00e1rio \u00e0 revoga\u00e7\u00e3o, n\u00e3o poder\u00e1 ser feita nova consulta popular sobre o mesmo assunto, at\u00e9 a expira\u00e7\u00e3o do mandato.<\/p>\n","protected":false},"excerpt":{"rendered":"<p>Dentre as propostas de reforma pol\u00edtica em discuss\u00e3o no Congresso nacional, merece destaque a PEC n\u00ba 73\/05, de autoria do [&hellip;]<\/p>\n","protected":false},"author":8,"featured_media":0,"comment_status":"open","ping_status":"open","sticky":false,"template":"","format":"standard","meta":{"site-sidebar-layout":"default","site-content-layout":"","ast-site-content-layout":"default","site-content-style":"default","site-sidebar-style":"default","ast-global-header-display":"","ast-banner-title-visibility":"","ast-main-header-display":"","ast-hfb-above-header-display":"","ast-hfb-below-header-display":"","ast-hfb-mobile-header-display":"","site-post-title":"","ast-breadcrumbs-content":"","ast-featured-img":"","footer-sml-layout":"","ast-disable-related-posts":"","theme-transparent-header-meta":"","adv-header-id-meta":"","stick-header-meta":"","header-above-stick-meta":"","header-main-stick-meta":"","header-below-stick-meta":"","astra-migrate-meta-layouts":"default","ast-page-background-enabled":"default","ast-page-background-meta":{"desktop":{"background-color":"var(--ast-global-color-5)","background-image":"","background-repeat":"repeat","background-position":"center center","background-size":"auto","background-attachment":"scroll","background-type":"","background-media":"","overlay-type":"","overlay-color":"","overlay-opacity":"","overlay-gradient":""},"tablet":{"background-color":"","background-image":"","background-repeat":"repeat","background-position":"center center","background-size":"auto","background-attachment":"scroll","background-type":"","background-media":"","overlay-type":"","overlay-color":"","overlay-opacity":"","overlay-gradient":""},"mobile":{"background-color":"","background-image":"","background-repeat":"repeat","background-position":"center center","background-size":"auto","background-attachment":"scroll","background-type":"","background-media":"","overlay-type":"","overlay-color":"","overlay-opacity":"","overlay-gradient":""}},"ast-content-background-meta":{"desktop":{"background-color":"var(--ast-global-color-4)","background-image":"","background-repeat":"repeat","background-position":"center center","background-size":"auto","background-attachment":"scroll","background-type":"","background-media":"","overlay-type":"","overlay-color":"","overlay-opacity":"","overlay-gradient":""},"tablet":{"background-color":"var(--ast-global-color-4)","background-image":"","background-repeat":"repeat","background-position":"center center","background-size":"auto","background-attachment":"scroll","background-type":"","background-media":"","overlay-type":"","overlay-color":"","overlay-opacity":"","overlay-gradient":""},"mobile":{"background-color":"var(--ast-global-color-4)","background-image":"","background-repeat":"repeat","background-position":"center center","background-size":"auto","background-attachment":"scroll","background-type":"","background-media":"","overlay-type":"","overlay-color":"","overlay-opacity":"","overlay-gradient":""}},"footnotes":""},"categories":[1],"tags":[],"class_list":["post-2278","post","type-post","status-publish","format-standard","hentry","category-sem-categoria"],"yoast_head":"<!-- This site is optimized with the Yoast SEO plugin v26.6 - https:\/\/yoast.com\/wordpress\/plugins\/seo\/ -->\n<title>O instituto do recall eleitoral - Fl\u00e1vio Braga<\/title>\n<meta name=\"robots\" content=\"index, follow, max-snippet:-1, max-image-preview:large, max-video-preview:-1\" \/>\n<link rel=\"canonical\" href=\"https:\/\/www.blogsoestado.com\/flaviobraga\/o-instituto-do-recall-eleitoral-2\/\" \/>\n<meta property=\"og:locale\" content=\"pt_BR\" \/>\n<meta property=\"og:type\" content=\"article\" \/>\n<meta property=\"og:title\" content=\"O instituto do recall eleitoral - Fl\u00e1vio Braga\" \/>\n<meta property=\"og:description\" content=\"Dentre as propostas de reforma pol\u00edtica em discuss\u00e3o no Congresso nacional, merece destaque a PEC n\u00ba 73\/05, de autoria do [&hellip;]\" \/>\n<meta property=\"og:url\" content=\"https:\/\/www.blogsoestado.com\/flaviobraga\/o-instituto-do-recall-eleitoral-2\/\" \/>\n<meta property=\"og:site_name\" content=\"Fl\u00e1vio Braga\" \/>\n<meta property=\"article:published_time\" content=\"2013-08-01T19:32:47+00:00\" \/>\n<meta name=\"author\" content=\"Flavio Braga\" \/>\n<meta name=\"twitter:card\" content=\"summary_large_image\" \/>\n<meta name=\"twitter:label1\" content=\"Escrito por\" \/>\n\t<meta name=\"twitter:data1\" content=\"Flavio Braga\" \/>\n\t<meta name=\"twitter:label2\" content=\"Est. tempo de leitura\" \/>\n\t<meta name=\"twitter:data2\" content=\"2 minutos\" \/>\n<script type=\"application\/ld+json\" class=\"yoast-schema-graph\">{\"@context\":\"https:\/\/schema.org\",\"@graph\":[{\"@type\":\"WebPage\",\"@id\":\"https:\/\/www.blogsoestado.com\/flaviobraga\/o-instituto-do-recall-eleitoral-2\/\",\"url\":\"https:\/\/www.blogsoestado.com\/flaviobraga\/o-instituto-do-recall-eleitoral-2\/\",\"name\":\"O instituto do recall eleitoral - Fl\u00e1vio Braga\",\"isPartOf\":{\"@id\":\"https:\/\/www.blogsoestado.com\/flaviobraga\/#website\"},\"datePublished\":\"2013-08-01T19:32:47+00:00\",\"author\":{\"@id\":\"https:\/\/www.blogsoestado.com\/flaviobraga\/#\/schema\/person\/6c6c778331775c757a82d15206bd8733\"},\"breadcrumb\":{\"@id\":\"https:\/\/www.blogsoestado.com\/flaviobraga\/o-instituto-do-recall-eleitoral-2\/#breadcrumb\"},\"inLanguage\":\"pt-BR\",\"potentialAction\":[{\"@type\":\"ReadAction\",\"target\":[\"https:\/\/www.blogsoestado.com\/flaviobraga\/o-instituto-do-recall-eleitoral-2\/\"]}]},{\"@type\":\"BreadcrumbList\",\"@id\":\"https:\/\/www.blogsoestado.com\/flaviobraga\/o-instituto-do-recall-eleitoral-2\/#breadcrumb\",\"itemListElement\":[{\"@type\":\"ListItem\",\"position\":1,\"name\":\"In\u00edcio\",\"item\":\"https:\/\/www.blogsoestado.com\/flaviobraga\/\"},{\"@type\":\"ListItem\",\"position\":2,\"name\":\"O instituto do recall eleitoral\"}]},{\"@type\":\"WebSite\",\"@id\":\"https:\/\/www.blogsoestado.com\/flaviobraga\/#website\",\"url\":\"https:\/\/www.blogsoestado.com\/flaviobraga\/\",\"name\":\"Fl\u00e1vio Braga\",\"description\":\"\",\"potentialAction\":[{\"@type\":\"SearchAction\",\"target\":{\"@type\":\"EntryPoint\",\"urlTemplate\":\"https:\/\/www.blogsoestado.com\/flaviobraga\/?s={search_term_string}\"},\"query-input\":{\"@type\":\"PropertyValueSpecification\",\"valueRequired\":true,\"valueName\":\"search_term_string\"}}],\"inLanguage\":\"pt-BR\"},{\"@type\":\"Person\",\"@id\":\"https:\/\/www.blogsoestado.com\/flaviobraga\/#\/schema\/person\/6c6c778331775c757a82d15206bd8733\",\"name\":\"Flavio Braga\",\"image\":{\"@type\":\"ImageObject\",\"inLanguage\":\"pt-BR\",\"@id\":\"https:\/\/www.blogsoestado.com\/flaviobraga\/#\/schema\/person\/image\/\",\"url\":\"https:\/\/secure.gravatar.com\/avatar\/ab173937dad8d78195c87778be8a0285d069ede375ce0ae24aac1cf8e58ccb2c?s=96&d=mm&r=g\",\"contentUrl\":\"https:\/\/secure.gravatar.com\/avatar\/ab173937dad8d78195c87778be8a0285d069ede375ce0ae24aac1cf8e58ccb2c?s=96&d=mm&r=g\",\"caption\":\"Flavio Braga\"},\"url\":\"https:\/\/www.blogsoestado.com\/flaviobraga\/author\/flaviobraga\/\"}]}<\/script>\n<!-- \/ Yoast SEO plugin. -->","yoast_head_json":{"title":"O instituto do recall eleitoral - Fl\u00e1vio Braga","robots":{"index":"index","follow":"follow","max-snippet":"max-snippet:-1","max-image-preview":"max-image-preview:large","max-video-preview":"max-video-preview:-1"},"canonical":"https:\/\/www.blogsoestado.com\/flaviobraga\/o-instituto-do-recall-eleitoral-2\/","og_locale":"pt_BR","og_type":"article","og_title":"O instituto do recall eleitoral - Fl\u00e1vio Braga","og_description":"Dentre as propostas de reforma pol\u00edtica em discuss\u00e3o no Congresso nacional, merece destaque a PEC n\u00ba 73\/05, de autoria do [&hellip;]","og_url":"https:\/\/www.blogsoestado.com\/flaviobraga\/o-instituto-do-recall-eleitoral-2\/","og_site_name":"Fl\u00e1vio Braga","article_published_time":"2013-08-01T19:32:47+00:00","author":"Flavio Braga","twitter_card":"summary_large_image","twitter_misc":{"Escrito por":"Flavio Braga","Est. tempo de leitura":"2 minutos"},"schema":{"@context":"https:\/\/schema.org","@graph":[{"@type":"WebPage","@id":"https:\/\/www.blogsoestado.com\/flaviobraga\/o-instituto-do-recall-eleitoral-2\/","url":"https:\/\/www.blogsoestado.com\/flaviobraga\/o-instituto-do-recall-eleitoral-2\/","name":"O instituto do recall eleitoral - Fl\u00e1vio Braga","isPartOf":{"@id":"https:\/\/www.blogsoestado.com\/flaviobraga\/#website"},"datePublished":"2013-08-01T19:32:47+00:00","author":{"@id":"https:\/\/www.blogsoestado.com\/flaviobraga\/#\/schema\/person\/6c6c778331775c757a82d15206bd8733"},"breadcrumb":{"@id":"https:\/\/www.blogsoestado.com\/flaviobraga\/o-instituto-do-recall-eleitoral-2\/#breadcrumb"},"inLanguage":"pt-BR","potentialAction":[{"@type":"ReadAction","target":["https:\/\/www.blogsoestado.com\/flaviobraga\/o-instituto-do-recall-eleitoral-2\/"]}]},{"@type":"BreadcrumbList","@id":"https:\/\/www.blogsoestado.com\/flaviobraga\/o-instituto-do-recall-eleitoral-2\/#breadcrumb","itemListElement":[{"@type":"ListItem","position":1,"name":"In\u00edcio","item":"https:\/\/www.blogsoestado.com\/flaviobraga\/"},{"@type":"ListItem","position":2,"name":"O instituto do recall eleitoral"}]},{"@type":"WebSite","@id":"https:\/\/www.blogsoestado.com\/flaviobraga\/#website","url":"https:\/\/www.blogsoestado.com\/flaviobraga\/","name":"Fl\u00e1vio Braga","description":"","potentialAction":[{"@type":"SearchAction","target":{"@type":"EntryPoint","urlTemplate":"https:\/\/www.blogsoestado.com\/flaviobraga\/?s={search_term_string}"},"query-input":{"@type":"PropertyValueSpecification","valueRequired":true,"valueName":"search_term_string"}}],"inLanguage":"pt-BR"},{"@type":"Person","@id":"https:\/\/www.blogsoestado.com\/flaviobraga\/#\/schema\/person\/6c6c778331775c757a82d15206bd8733","name":"Flavio Braga","image":{"@type":"ImageObject","inLanguage":"pt-BR","@id":"https:\/\/www.blogsoestado.com\/flaviobraga\/#\/schema\/person\/image\/","url":"https:\/\/secure.gravatar.com\/avatar\/ab173937dad8d78195c87778be8a0285d069ede375ce0ae24aac1cf8e58ccb2c?s=96&d=mm&r=g","contentUrl":"https:\/\/secure.gravatar.com\/avatar\/ab173937dad8d78195c87778be8a0285d069ede375ce0ae24aac1cf8e58ccb2c?s=96&d=mm&r=g","caption":"Flavio Braga"},"url":"https:\/\/www.blogsoestado.com\/flaviobraga\/author\/flaviobraga\/"}]}},"jetpack_featured_media_url":"","_links":{"self":[{"href":"https:\/\/www.blogsoestado.com\/flaviobraga\/wp-json\/wp\/v2\/posts\/2278","targetHints":{"allow":["GET"]}}],"collection":[{"href":"https:\/\/www.blogsoestado.com\/flaviobraga\/wp-json\/wp\/v2\/posts"}],"about":[{"href":"https:\/\/www.blogsoestado.com\/flaviobraga\/wp-json\/wp\/v2\/types\/post"}],"author":[{"embeddable":true,"href":"https:\/\/www.blogsoestado.com\/flaviobraga\/wp-json\/wp\/v2\/users\/8"}],"replies":[{"embeddable":true,"href":"https:\/\/www.blogsoestado.com\/flaviobraga\/wp-json\/wp\/v2\/comments?post=2278"}],"version-history":[{"count":0,"href":"https:\/\/www.blogsoestado.com\/flaviobraga\/wp-json\/wp\/v2\/posts\/2278\/revisions"}],"wp:attachment":[{"href":"https:\/\/www.blogsoestado.com\/flaviobraga\/wp-json\/wp\/v2\/media?parent=2278"}],"wp:term":[{"taxonomy":"category","embeddable":true,"href":"https:\/\/www.blogsoestado.com\/flaviobraga\/wp-json\/wp\/v2\/categories?post=2278"},{"taxonomy":"post_tag","embeddable":true,"href":"https:\/\/www.blogsoestado.com\/flaviobraga\/wp-json\/wp\/v2\/tags?post=2278"}],"curies":[{"name":"wp","href":"https:\/\/api.w.org\/{rel}","templated":true}]}}