{"id":2284,"date":"2013-08-09T19:01:56","date_gmt":"2013-08-09T22:01:56","guid":{"rendered":"https:\/\/www.blogsoestado.com\/flaviobraga\/?p=2284"},"modified":"2013-08-09T19:01:56","modified_gmt":"2013-08-09T22:01:56","slug":"e-nula-a-filiacao-de-cidadao-com-direitos-politicos-suspensos-por-condenacao-criminal","status":"publish","type":"post","link":"https:\/\/www.blogsoestado.com\/flaviobraga\/e-nula-a-filiacao-de-cidadao-com-direitos-politicos-suspensos-por-condenacao-criminal\/","title":{"rendered":"\u00c9 nula a filia\u00e7\u00e3o de cidad\u00e3o com direitos pol\u00edticos suspensos por condena\u00e7\u00e3o criminal"},"content":{"rendered":"<p>Filia\u00e7\u00e3o a partido pol\u00edtico de cidad\u00e3o que est\u00e1 com os direitos pol\u00edticos suspensos em raz\u00e3o de condena\u00e7\u00e3o criminal transitada em julgado n\u00e3o \u00e9 v\u00e1lida. Assim, os ministros do Tribunal Superior Eleitoral (TSE) negaram, na sess\u00e3o desta ter\u00e7a-feira (6), recurso apresentado por Antonio Francisco da Silva que solicitava o deferimento do registro de sua candidatura a vereador de Selv\u00edria, no Mato Grosso do Sul, nas elei\u00e7\u00f5es de 2012.<\/p>\n<p>Relatora do recurso, a ministra Laurita Vaz informou que, pelos autos do processo, Antonio Francisco estava com os direitos pol\u00edticos suspensos no momento da filia\u00e7\u00e3o partid\u00e1ria.<\/p>\n<p>\u201cHip\u00f3tese em que, estando o recorrente [Antonio Francisco] com os direitos pol\u00edticos suspensos na oportunidade da filia\u00e7\u00e3o, em decorr\u00eancia de condena\u00e7\u00e3o criminal transitada em julgado, e n\u00e3o havendo not\u00edcia do cumprimento ou extin\u00e7\u00e3o da pena, n\u00e3o poderia ele atender ao requisito da filia\u00e7\u00e3o partid\u00e1ria no prazo de um ano antes do pleito\u201d, destacou a ministra.<\/p>\n<p>Ela lembrou que, segundo legisla\u00e7\u00e3o eleitoral, s\u00f3 pode filiar-se a partido pol\u00edtico o eleitor que estiver no pleno exerc\u00edcio dos direitos pol\u00edticos. \u201cPortanto, \u00e9 nula a filia\u00e7\u00e3o realizada durante o per\u00edodo em que se encontram suspensos os direitos pol\u00edticos, em raz\u00e3o de condena\u00e7\u00e3o criminal transitada em julgado, e \u00e9 o caso dos autos\u201d, disse a relatora.<\/p>\n","protected":false},"excerpt":{"rendered":"<p>Filia\u00e7\u00e3o a partido pol\u00edtico de cidad\u00e3o que est\u00e1 com os direitos pol\u00edticos suspensos em raz\u00e3o de condena\u00e7\u00e3o criminal transitada em [&hellip;]<\/p>\n","protected":false},"author":8,"featured_media":0,"comment_status":"open","ping_status":"open","sticky":false,"template":"","format":"standard","meta":{"site-sidebar-layout":"default","site-content-layout":"","ast-site-content-layout":"default","site-content-style":"default","site-sidebar-style":"default","ast-global-header-display":"","ast-banner-title-visibility":"","ast-main-header-display":"","ast-hfb-above-header-display":"","ast-hfb-below-header-display":"","ast-hfb-mobile-header-display":"","site-post-title":"","ast-breadcrumbs-content":"","ast-featured-img":"","footer-sml-layout":"","ast-disable-related-posts":"","theme-transparent-header-meta":"","adv-header-id-meta":"","stick-header-meta":"","header-above-stick-meta":"","header-main-stick-meta":"","header-below-stick-meta":"","astra-migrate-meta-layouts":"default","ast-page-background-enabled":"default","ast-page-background-meta":{"desktop":{"background-color":"var(--ast-global-color-5)","background-image":"","background-repeat":"repeat","background-position":"center center","background-size":"auto","background-attachment":"scroll","background-type":"","background-media":"","overlay-type":"","overlay-color":"","overlay-opacity":"","overlay-gradient":""},"tablet":{"background-color":"","background-image":"","background-repeat":"repeat","background-position":"center center","background-size":"auto","background-attachment":"scroll","background-type":"","background-media":"","overlay-type":"","overlay-color":"","overlay-opacity":"","overlay-gradient":""},"mobile":{"background-color":"","background-image":"","background-repeat":"repeat","background-position":"center center","background-size":"auto","background-attachment":"scroll","background-type":"","background-media":"","overlay-type":"","overlay-color":"","overlay-opacity":"","overlay-gradient":""}},"ast-content-background-meta":{"desktop":{"background-color":"var(--ast-global-color-4)","background-image":"","background-repeat":"repeat","background-position":"center center","background-size":"auto","background-attachment":"scroll","background-type":"","background-media":"","overlay-type":"","overlay-color":"","overlay-opacity":"","overlay-gradient":""},"tablet":{"background-color":"var(--ast-global-color-4)","background-image":"","background-repeat":"repeat","background-position":"center center","background-size":"auto","background-attachment":"scroll","background-type":"","background-media":"","overlay-type":"","overlay-color":"","overlay-opacity":"","overlay-gradient":""},"mobile":{"background-color":"var(--ast-global-color-4)","background-image":"","background-repeat":"repeat","background-position":"center center","background-size":"auto","background-attachment":"scroll","background-type":"","background-media":"","overlay-type":"","overlay-color":"","overlay-opacity":"","overlay-gradient":""}},"footnotes":""},"categories":[1],"tags":[],"class_list":["post-2284","post","type-post","status-publish","format-standard","hentry","category-sem-categoria"],"yoast_head":"<!-- This site is optimized with the Yoast SEO plugin v26.6 - https:\/\/yoast.com\/wordpress\/plugins\/seo\/ -->\n<title>\u00c9 nula a filia\u00e7\u00e3o de cidad\u00e3o com direitos pol\u00edticos suspensos por condena\u00e7\u00e3o criminal - Fl\u00e1vio Braga<\/title>\n<meta name=\"robots\" content=\"index, follow, max-snippet:-1, max-image-preview:large, max-video-preview:-1\" \/>\n<link rel=\"canonical\" href=\"https:\/\/www.blogsoestado.com\/flaviobraga\/e-nula-a-filiacao-de-cidadao-com-direitos-politicos-suspensos-por-condenacao-criminal\/\" \/>\n<meta property=\"og:locale\" content=\"pt_BR\" \/>\n<meta property=\"og:type\" content=\"article\" \/>\n<meta property=\"og:title\" content=\"\u00c9 nula a filia\u00e7\u00e3o de cidad\u00e3o com direitos pol\u00edticos suspensos por condena\u00e7\u00e3o criminal - Fl\u00e1vio Braga\" \/>\n<meta property=\"og:description\" content=\"Filia\u00e7\u00e3o a partido pol\u00edtico de cidad\u00e3o que est\u00e1 com os direitos pol\u00edticos suspensos em raz\u00e3o de condena\u00e7\u00e3o criminal transitada em [&hellip;]\" \/>\n<meta property=\"og:url\" content=\"https:\/\/www.blogsoestado.com\/flaviobraga\/e-nula-a-filiacao-de-cidadao-com-direitos-politicos-suspensos-por-condenacao-criminal\/\" \/>\n<meta property=\"og:site_name\" content=\"Fl\u00e1vio Braga\" \/>\n<meta property=\"article:published_time\" content=\"2013-08-09T22:01:56+00:00\" \/>\n<meta name=\"author\" content=\"Flavio Braga\" \/>\n<meta name=\"twitter:card\" content=\"summary_large_image\" \/>\n<meta name=\"twitter:label1\" content=\"Escrito por\" \/>\n\t<meta name=\"twitter:data1\" content=\"Flavio Braga\" \/>\n\t<meta name=\"twitter:label2\" content=\"Est. tempo de leitura\" \/>\n\t<meta name=\"twitter:data2\" content=\"1 minuto\" \/>\n<script type=\"application\/ld+json\" class=\"yoast-schema-graph\">{\"@context\":\"https:\/\/schema.org\",\"@graph\":[{\"@type\":\"WebPage\",\"@id\":\"https:\/\/www.blogsoestado.com\/flaviobraga\/e-nula-a-filiacao-de-cidadao-com-direitos-politicos-suspensos-por-condenacao-criminal\/\",\"url\":\"https:\/\/www.blogsoestado.com\/flaviobraga\/e-nula-a-filiacao-de-cidadao-com-direitos-politicos-suspensos-por-condenacao-criminal\/\",\"name\":\"\u00c9 nula a filia\u00e7\u00e3o de cidad\u00e3o com direitos pol\u00edticos suspensos por condena\u00e7\u00e3o criminal - Fl\u00e1vio Braga\",\"isPartOf\":{\"@id\":\"https:\/\/www.blogsoestado.com\/flaviobraga\/#website\"},\"datePublished\":\"2013-08-09T22:01:56+00:00\",\"author\":{\"@id\":\"https:\/\/www.blogsoestado.com\/flaviobraga\/#\/schema\/person\/6c6c778331775c757a82d15206bd8733\"},\"breadcrumb\":{\"@id\":\"https:\/\/www.blogsoestado.com\/flaviobraga\/e-nula-a-filiacao-de-cidadao-com-direitos-politicos-suspensos-por-condenacao-criminal\/#breadcrumb\"},\"inLanguage\":\"pt-BR\",\"potentialAction\":[{\"@type\":\"ReadAction\",\"target\":[\"https:\/\/www.blogsoestado.com\/flaviobraga\/e-nula-a-filiacao-de-cidadao-com-direitos-politicos-suspensos-por-condenacao-criminal\/\"]}]},{\"@type\":\"BreadcrumbList\",\"@id\":\"https:\/\/www.blogsoestado.com\/flaviobraga\/e-nula-a-filiacao-de-cidadao-com-direitos-politicos-suspensos-por-condenacao-criminal\/#breadcrumb\",\"itemListElement\":[{\"@type\":\"ListItem\",\"position\":1,\"name\":\"In\u00edcio\",\"item\":\"https:\/\/www.blogsoestado.com\/flaviobraga\/\"},{\"@type\":\"ListItem\",\"position\":2,\"name\":\"\u00c9 nula a filia\u00e7\u00e3o de cidad\u00e3o com direitos pol\u00edticos suspensos por condena\u00e7\u00e3o criminal\"}]},{\"@type\":\"WebSite\",\"@id\":\"https:\/\/www.blogsoestado.com\/flaviobraga\/#website\",\"url\":\"https:\/\/www.blogsoestado.com\/flaviobraga\/\",\"name\":\"Fl\u00e1vio Braga\",\"description\":\"\",\"potentialAction\":[{\"@type\":\"SearchAction\",\"target\":{\"@type\":\"EntryPoint\",\"urlTemplate\":\"https:\/\/www.blogsoestado.com\/flaviobraga\/?s={search_term_string}\"},\"query-input\":{\"@type\":\"PropertyValueSpecification\",\"valueRequired\":true,\"valueName\":\"search_term_string\"}}],\"inLanguage\":\"pt-BR\"},{\"@type\":\"Person\",\"@id\":\"https:\/\/www.blogsoestado.com\/flaviobraga\/#\/schema\/person\/6c6c778331775c757a82d15206bd8733\",\"name\":\"Flavio Braga\",\"image\":{\"@type\":\"ImageObject\",\"inLanguage\":\"pt-BR\",\"@id\":\"https:\/\/www.blogsoestado.com\/flaviobraga\/#\/schema\/person\/image\/\",\"url\":\"https:\/\/secure.gravatar.com\/avatar\/ab173937dad8d78195c87778be8a0285d069ede375ce0ae24aac1cf8e58ccb2c?s=96&d=mm&r=g\",\"contentUrl\":\"https:\/\/secure.gravatar.com\/avatar\/ab173937dad8d78195c87778be8a0285d069ede375ce0ae24aac1cf8e58ccb2c?s=96&d=mm&r=g\",\"caption\":\"Flavio Braga\"},\"url\":\"https:\/\/www.blogsoestado.com\/flaviobraga\/author\/flaviobraga\/\"}]}<\/script>\n<!-- \/ Yoast SEO plugin. -->","yoast_head_json":{"title":"\u00c9 nula a filia\u00e7\u00e3o de cidad\u00e3o com direitos pol\u00edticos suspensos por condena\u00e7\u00e3o criminal - Fl\u00e1vio Braga","robots":{"index":"index","follow":"follow","max-snippet":"max-snippet:-1","max-image-preview":"max-image-preview:large","max-video-preview":"max-video-preview:-1"},"canonical":"https:\/\/www.blogsoestado.com\/flaviobraga\/e-nula-a-filiacao-de-cidadao-com-direitos-politicos-suspensos-por-condenacao-criminal\/","og_locale":"pt_BR","og_type":"article","og_title":"\u00c9 nula a filia\u00e7\u00e3o de cidad\u00e3o com direitos pol\u00edticos suspensos por condena\u00e7\u00e3o criminal - Fl\u00e1vio Braga","og_description":"Filia\u00e7\u00e3o a partido pol\u00edtico de cidad\u00e3o que est\u00e1 com os direitos pol\u00edticos suspensos em raz\u00e3o de condena\u00e7\u00e3o criminal transitada em [&hellip;]","og_url":"https:\/\/www.blogsoestado.com\/flaviobraga\/e-nula-a-filiacao-de-cidadao-com-direitos-politicos-suspensos-por-condenacao-criminal\/","og_site_name":"Fl\u00e1vio Braga","article_published_time":"2013-08-09T22:01:56+00:00","author":"Flavio Braga","twitter_card":"summary_large_image","twitter_misc":{"Escrito por":"Flavio Braga","Est. tempo de leitura":"1 minuto"},"schema":{"@context":"https:\/\/schema.org","@graph":[{"@type":"WebPage","@id":"https:\/\/www.blogsoestado.com\/flaviobraga\/e-nula-a-filiacao-de-cidadao-com-direitos-politicos-suspensos-por-condenacao-criminal\/","url":"https:\/\/www.blogsoestado.com\/flaviobraga\/e-nula-a-filiacao-de-cidadao-com-direitos-politicos-suspensos-por-condenacao-criminal\/","name":"\u00c9 nula a filia\u00e7\u00e3o de cidad\u00e3o com direitos pol\u00edticos suspensos por condena\u00e7\u00e3o criminal - Fl\u00e1vio Braga","isPartOf":{"@id":"https:\/\/www.blogsoestado.com\/flaviobraga\/#website"},"datePublished":"2013-08-09T22:01:56+00:00","author":{"@id":"https:\/\/www.blogsoestado.com\/flaviobraga\/#\/schema\/person\/6c6c778331775c757a82d15206bd8733"},"breadcrumb":{"@id":"https:\/\/www.blogsoestado.com\/flaviobraga\/e-nula-a-filiacao-de-cidadao-com-direitos-politicos-suspensos-por-condenacao-criminal\/#breadcrumb"},"inLanguage":"pt-BR","potentialAction":[{"@type":"ReadAction","target":["https:\/\/www.blogsoestado.com\/flaviobraga\/e-nula-a-filiacao-de-cidadao-com-direitos-politicos-suspensos-por-condenacao-criminal\/"]}]},{"@type":"BreadcrumbList","@id":"https:\/\/www.blogsoestado.com\/flaviobraga\/e-nula-a-filiacao-de-cidadao-com-direitos-politicos-suspensos-por-condenacao-criminal\/#breadcrumb","itemListElement":[{"@type":"ListItem","position":1,"name":"In\u00edcio","item":"https:\/\/www.blogsoestado.com\/flaviobraga\/"},{"@type":"ListItem","position":2,"name":"\u00c9 nula a filia\u00e7\u00e3o de cidad\u00e3o com direitos pol\u00edticos suspensos por condena\u00e7\u00e3o criminal"}]},{"@type":"WebSite","@id":"https:\/\/www.blogsoestado.com\/flaviobraga\/#website","url":"https:\/\/www.blogsoestado.com\/flaviobraga\/","name":"Fl\u00e1vio Braga","description":"","potentialAction":[{"@type":"SearchAction","target":{"@type":"EntryPoint","urlTemplate":"https:\/\/www.blogsoestado.com\/flaviobraga\/?s={search_term_string}"},"query-input":{"@type":"PropertyValueSpecification","valueRequired":true,"valueName":"search_term_string"}}],"inLanguage":"pt-BR"},{"@type":"Person","@id":"https:\/\/www.blogsoestado.com\/flaviobraga\/#\/schema\/person\/6c6c778331775c757a82d15206bd8733","name":"Flavio Braga","image":{"@type":"ImageObject","inLanguage":"pt-BR","@id":"https:\/\/www.blogsoestado.com\/flaviobraga\/#\/schema\/person\/image\/","url":"https:\/\/secure.gravatar.com\/avatar\/ab173937dad8d78195c87778be8a0285d069ede375ce0ae24aac1cf8e58ccb2c?s=96&d=mm&r=g","contentUrl":"https:\/\/secure.gravatar.com\/avatar\/ab173937dad8d78195c87778be8a0285d069ede375ce0ae24aac1cf8e58ccb2c?s=96&d=mm&r=g","caption":"Flavio Braga"},"url":"https:\/\/www.blogsoestado.com\/flaviobraga\/author\/flaviobraga\/"}]}},"jetpack_featured_media_url":"","_links":{"self":[{"href":"https:\/\/www.blogsoestado.com\/flaviobraga\/wp-json\/wp\/v2\/posts\/2284","targetHints":{"allow":["GET"]}}],"collection":[{"href":"https:\/\/www.blogsoestado.com\/flaviobraga\/wp-json\/wp\/v2\/posts"}],"about":[{"href":"https:\/\/www.blogsoestado.com\/flaviobraga\/wp-json\/wp\/v2\/types\/post"}],"author":[{"embeddable":true,"href":"https:\/\/www.blogsoestado.com\/flaviobraga\/wp-json\/wp\/v2\/users\/8"}],"replies":[{"embeddable":true,"href":"https:\/\/www.blogsoestado.com\/flaviobraga\/wp-json\/wp\/v2\/comments?post=2284"}],"version-history":[{"count":0,"href":"https:\/\/www.blogsoestado.com\/flaviobraga\/wp-json\/wp\/v2\/posts\/2284\/revisions"}],"wp:attachment":[{"href":"https:\/\/www.blogsoestado.com\/flaviobraga\/wp-json\/wp\/v2\/media?parent=2284"}],"wp:term":[{"taxonomy":"category","embeddable":true,"href":"https:\/\/www.blogsoestado.com\/flaviobraga\/wp-json\/wp\/v2\/categories?post=2284"},{"taxonomy":"post_tag","embeddable":true,"href":"https:\/\/www.blogsoestado.com\/flaviobraga\/wp-json\/wp\/v2\/tags?post=2284"}],"curies":[{"name":"wp","href":"https:\/\/api.w.org\/{rel}","templated":true}]}}