{"id":2300,"date":"2013-08-22T15:16:39","date_gmt":"2013-08-22T18:16:39","guid":{"rendered":"https:\/\/www.blogsoestado.com\/flaviobraga\/?p=2300"},"modified":"2013-08-22T15:16:39","modified_gmt":"2013-08-22T18:16:39","slug":"reforma-politica-e-sistemas-eleitorais","status":"publish","type":"post","link":"https:\/\/www.blogsoestado.com\/flaviobraga\/reforma-politica-e-sistemas-eleitorais\/","title":{"rendered":"Reforma pol\u00edtica e sistemas eleitorais"},"content":{"rendered":"<p>Ap\u00f3s as manifesta\u00e7\u00f5es populares de junho, a reforma pol\u00edtica entrou pela en\u00e9sima vez na pauta do Congresso Nacional. A mudan\u00e7a na forma de se eleger os parlamentares \u00e9 um dos principais temas em debate.<\/p>\n<p>Nesse contexto, a express\u00e3o sistema eleitoral designa o modo particular de convers\u00e3o de votos em mandatos eletivos, mediante um conjunto de normas que define a maneira pela qual se realiza a elei\u00e7\u00e3o, como os votos s\u00e3o apurados e contabilizados, a classifica\u00e7\u00e3o dos candidatos, a legitimidade dos eleitos e os crit\u00e9rios de distribui\u00e7\u00e3o das vagas a preencher, viabilizando a concretude da democracia representativa.<\/p>\n<p>No ordenamento constitucional em vigor foram consagrados dois sistemas de representa\u00e7\u00e3o eleitoral: o majorit\u00e1rio e o proporcional de lista aberta. Al\u00e9m desses, alguns congressistas preconizam a implanta\u00e7\u00e3o do sistema eleitoral distrital (puro ou misto).<\/p>\n<p>Pelo sistema eleitoral majorit\u00e1rio \u00e9 considerado vencedor o candidato \u00a0que receber, na respectiva circunscri\u00e7\u00e3o (pa\u00eds, estado ou munic\u00edpio), a maioria dos votos, n\u00e3o computados os em branco e os nulos. Conv\u00e9m frisar que a denomina\u00e7\u00e3o \u201cmajorit\u00e1rio\u201d deriva justamente da circunst\u00e2ncia de que o sistema reputa eleito, pura e simplesmente, o candidato mais votado. Por esse princ\u00edpio s\u00e3o eleitos os chefes do Poder Executivo e os senadores.<\/p>\n<p>De sua vez, o sistema de representa\u00e7\u00e3o proporcional estabelece uma correspond\u00eancia (proporcionalidade) entre o n\u00famero de votos recebidos na elei\u00e7\u00e3o e a quantidade de cadeiras obtidas na apura\u00e7\u00e3o. Enquanto no sistema majorit\u00e1rio \u00e9 eleito o candidato mais votado, o sistema proporcional exige um c\u00e1lculo aritm\u00e9tico pr\u00e9vio para definir os n\u00fameros pertinentes ao quociente eleitoral, ao quociente partid\u00e1rio e \u00e0 distribui\u00e7\u00e3o das sobras. Por esse m\u00e9todo s\u00e3o eleitos exclusivamente os deputados e vereadores.<\/p>\n<p>Diz-se sistema proporcional de lista aberta quando o partido apresenta uma lista de candidatos sem ordem de preced\u00eancia entre eles. Assim, ser\u00e3o eleitos aqueles mais votados. Diz-se de lista fechada quando o partido previamente elabora e imp\u00f5e uma ordem de prioridade entre os seus candidatos, resultando eleitos os colocados nas primeiras posi\u00e7\u00f5es da lista partid\u00e1ria.<\/p>\n<p>No caso do sistema distrital a base territorial onde se realiza a elei\u00e7\u00e3o \u00e9 dividida em pequenas circunscri\u00e7\u00f5es, denominadas distritos eleitorais. Por esse sistema de representa\u00e7\u00e3o, cada partido apresenta um candidato por distrito e o mais votado \u00e9 considerado eleito (sistema distrital puro). \u00c9 uma r\u00e9plica do modelo majorit\u00e1rio. J\u00e1 o sistema distrital misto mescla elementos dos sistemas proporcional e majorit\u00e1rio.<\/p>\n","protected":false},"excerpt":{"rendered":"<p>Ap\u00f3s as manifesta\u00e7\u00f5es populares de junho, a reforma pol\u00edtica entrou pela en\u00e9sima vez na pauta do Congresso Nacional. A mudan\u00e7a [&hellip;]<\/p>\n","protected":false},"author":8,"featured_media":0,"comment_status":"open","ping_status":"open","sticky":false,"template":"","format":"standard","meta":{"site-sidebar-layout":"default","site-content-layout":"","ast-site-content-layout":"default","site-content-style":"default","site-sidebar-style":"default","ast-global-header-display":"","ast-banner-title-visibility":"","ast-main-header-display":"","ast-hfb-above-header-display":"","ast-hfb-below-header-display":"","ast-hfb-mobile-header-display":"","site-post-title":"","ast-breadcrumbs-content":"","ast-featured-img":"","footer-sml-layout":"","ast-disable-related-posts":"","theme-transparent-header-meta":"","adv-header-id-meta":"","stick-header-meta":"","header-above-stick-meta":"","header-main-stick-meta":"","header-below-stick-meta":"","astra-migrate-meta-layouts":"default","ast-page-background-enabled":"default","ast-page-background-meta":{"desktop":{"background-color":"var(--ast-global-color-5)","background-image":"","background-repeat":"repeat","background-position":"center center","background-size":"auto","background-attachment":"scroll","background-type":"","background-media":"","overlay-type":"","overlay-color":"","overlay-opacity":"","overlay-gradient":""},"tablet":{"background-color":"","background-image":"","background-repeat":"repeat","background-position":"center center","background-size":"auto","background-attachment":"scroll","background-type":"","background-media":"","overlay-type":"","overlay-color":"","overlay-opacity":"","overlay-gradient":""},"mobile":{"background-color":"","background-image":"","background-repeat":"repeat","background-position":"center center","background-size":"auto","background-attachment":"scroll","background-type":"","background-media":"","overlay-type":"","overlay-color":"","overlay-opacity":"","overlay-gradient":""}},"ast-content-background-meta":{"desktop":{"background-color":"var(--ast-global-color-4)","background-image":"","background-repeat":"repeat","background-position":"center center","background-size":"auto","background-attachment":"scroll","background-type":"","background-media":"","overlay-type":"","overlay-color":"","overlay-opacity":"","overlay-gradient":""},"tablet":{"background-color":"var(--ast-global-color-4)","background-image":"","background-repeat":"repeat","background-position":"center center","background-size":"auto","background-attachment":"scroll","background-type":"","background-media":"","overlay-type":"","overlay-color":"","overlay-opacity":"","overlay-gradient":""},"mobile":{"background-color":"var(--ast-global-color-4)","background-image":"","background-repeat":"repeat","background-position":"center center","background-size":"auto","background-attachment":"scroll","background-type":"","background-media":"","overlay-type":"","overlay-color":"","overlay-opacity":"","overlay-gradient":""}},"footnotes":""},"categories":[1],"tags":[],"class_list":["post-2300","post","type-post","status-publish","format-standard","hentry","category-sem-categoria"],"yoast_head":"<!-- This site is optimized with the Yoast SEO plugin v26.6 - https:\/\/yoast.com\/wordpress\/plugins\/seo\/ -->\n<title>Reforma pol\u00edtica e sistemas eleitorais - Fl\u00e1vio Braga<\/title>\n<meta name=\"robots\" content=\"index, follow, max-snippet:-1, max-image-preview:large, max-video-preview:-1\" \/>\n<link rel=\"canonical\" href=\"https:\/\/www.blogsoestado.com\/flaviobraga\/reforma-politica-e-sistemas-eleitorais\/\" \/>\n<meta property=\"og:locale\" content=\"pt_BR\" \/>\n<meta property=\"og:type\" content=\"article\" \/>\n<meta property=\"og:title\" content=\"Reforma pol\u00edtica e sistemas eleitorais - Fl\u00e1vio Braga\" \/>\n<meta property=\"og:description\" content=\"Ap\u00f3s as manifesta\u00e7\u00f5es populares de junho, a reforma pol\u00edtica entrou pela en\u00e9sima vez na pauta do Congresso Nacional. A mudan\u00e7a [&hellip;]\" \/>\n<meta property=\"og:url\" content=\"https:\/\/www.blogsoestado.com\/flaviobraga\/reforma-politica-e-sistemas-eleitorais\/\" \/>\n<meta property=\"og:site_name\" content=\"Fl\u00e1vio Braga\" \/>\n<meta property=\"article:published_time\" content=\"2013-08-22T18:16:39+00:00\" \/>\n<meta name=\"author\" content=\"Flavio Braga\" \/>\n<meta name=\"twitter:card\" content=\"summary_large_image\" \/>\n<meta name=\"twitter:label1\" content=\"Escrito por\" \/>\n\t<meta name=\"twitter:data1\" content=\"Flavio Braga\" \/>\n\t<meta name=\"twitter:label2\" content=\"Est. tempo de leitura\" \/>\n\t<meta name=\"twitter:data2\" content=\"2 minutos\" \/>\n<script type=\"application\/ld+json\" class=\"yoast-schema-graph\">{\"@context\":\"https:\/\/schema.org\",\"@graph\":[{\"@type\":\"WebPage\",\"@id\":\"https:\/\/www.blogsoestado.com\/flaviobraga\/reforma-politica-e-sistemas-eleitorais\/\",\"url\":\"https:\/\/www.blogsoestado.com\/flaviobraga\/reforma-politica-e-sistemas-eleitorais\/\",\"name\":\"Reforma pol\u00edtica e sistemas eleitorais - Fl\u00e1vio Braga\",\"isPartOf\":{\"@id\":\"https:\/\/www.blogsoestado.com\/flaviobraga\/#website\"},\"datePublished\":\"2013-08-22T18:16:39+00:00\",\"author\":{\"@id\":\"https:\/\/www.blogsoestado.com\/flaviobraga\/#\/schema\/person\/6c6c778331775c757a82d15206bd8733\"},\"breadcrumb\":{\"@id\":\"https:\/\/www.blogsoestado.com\/flaviobraga\/reforma-politica-e-sistemas-eleitorais\/#breadcrumb\"},\"inLanguage\":\"pt-BR\",\"potentialAction\":[{\"@type\":\"ReadAction\",\"target\":[\"https:\/\/www.blogsoestado.com\/flaviobraga\/reforma-politica-e-sistemas-eleitorais\/\"]}]},{\"@type\":\"BreadcrumbList\",\"@id\":\"https:\/\/www.blogsoestado.com\/flaviobraga\/reforma-politica-e-sistemas-eleitorais\/#breadcrumb\",\"itemListElement\":[{\"@type\":\"ListItem\",\"position\":1,\"name\":\"In\u00edcio\",\"item\":\"https:\/\/www.blogsoestado.com\/flaviobraga\/\"},{\"@type\":\"ListItem\",\"position\":2,\"name\":\"Reforma pol\u00edtica e sistemas eleitorais\"}]},{\"@type\":\"WebSite\",\"@id\":\"https:\/\/www.blogsoestado.com\/flaviobraga\/#website\",\"url\":\"https:\/\/www.blogsoestado.com\/flaviobraga\/\",\"name\":\"Fl\u00e1vio Braga\",\"description\":\"\",\"potentialAction\":[{\"@type\":\"SearchAction\",\"target\":{\"@type\":\"EntryPoint\",\"urlTemplate\":\"https:\/\/www.blogsoestado.com\/flaviobraga\/?s={search_term_string}\"},\"query-input\":{\"@type\":\"PropertyValueSpecification\",\"valueRequired\":true,\"valueName\":\"search_term_string\"}}],\"inLanguage\":\"pt-BR\"},{\"@type\":\"Person\",\"@id\":\"https:\/\/www.blogsoestado.com\/flaviobraga\/#\/schema\/person\/6c6c778331775c757a82d15206bd8733\",\"name\":\"Flavio Braga\",\"image\":{\"@type\":\"ImageObject\",\"inLanguage\":\"pt-BR\",\"@id\":\"https:\/\/www.blogsoestado.com\/flaviobraga\/#\/schema\/person\/image\/\",\"url\":\"https:\/\/secure.gravatar.com\/avatar\/ab173937dad8d78195c87778be8a0285d069ede375ce0ae24aac1cf8e58ccb2c?s=96&d=mm&r=g\",\"contentUrl\":\"https:\/\/secure.gravatar.com\/avatar\/ab173937dad8d78195c87778be8a0285d069ede375ce0ae24aac1cf8e58ccb2c?s=96&d=mm&r=g\",\"caption\":\"Flavio Braga\"},\"url\":\"https:\/\/www.blogsoestado.com\/flaviobraga\/author\/flaviobraga\/\"}]}<\/script>\n<!-- \/ Yoast SEO plugin. -->","yoast_head_json":{"title":"Reforma pol\u00edtica e sistemas eleitorais - Fl\u00e1vio Braga","robots":{"index":"index","follow":"follow","max-snippet":"max-snippet:-1","max-image-preview":"max-image-preview:large","max-video-preview":"max-video-preview:-1"},"canonical":"https:\/\/www.blogsoestado.com\/flaviobraga\/reforma-politica-e-sistemas-eleitorais\/","og_locale":"pt_BR","og_type":"article","og_title":"Reforma pol\u00edtica e sistemas eleitorais - Fl\u00e1vio Braga","og_description":"Ap\u00f3s as manifesta\u00e7\u00f5es populares de junho, a reforma pol\u00edtica entrou pela en\u00e9sima vez na pauta do Congresso Nacional. A mudan\u00e7a [&hellip;]","og_url":"https:\/\/www.blogsoestado.com\/flaviobraga\/reforma-politica-e-sistemas-eleitorais\/","og_site_name":"Fl\u00e1vio Braga","article_published_time":"2013-08-22T18:16:39+00:00","author":"Flavio Braga","twitter_card":"summary_large_image","twitter_misc":{"Escrito por":"Flavio Braga","Est. tempo de leitura":"2 minutos"},"schema":{"@context":"https:\/\/schema.org","@graph":[{"@type":"WebPage","@id":"https:\/\/www.blogsoestado.com\/flaviobraga\/reforma-politica-e-sistemas-eleitorais\/","url":"https:\/\/www.blogsoestado.com\/flaviobraga\/reforma-politica-e-sistemas-eleitorais\/","name":"Reforma pol\u00edtica e sistemas eleitorais - Fl\u00e1vio Braga","isPartOf":{"@id":"https:\/\/www.blogsoestado.com\/flaviobraga\/#website"},"datePublished":"2013-08-22T18:16:39+00:00","author":{"@id":"https:\/\/www.blogsoestado.com\/flaviobraga\/#\/schema\/person\/6c6c778331775c757a82d15206bd8733"},"breadcrumb":{"@id":"https:\/\/www.blogsoestado.com\/flaviobraga\/reforma-politica-e-sistemas-eleitorais\/#breadcrumb"},"inLanguage":"pt-BR","potentialAction":[{"@type":"ReadAction","target":["https:\/\/www.blogsoestado.com\/flaviobraga\/reforma-politica-e-sistemas-eleitorais\/"]}]},{"@type":"BreadcrumbList","@id":"https:\/\/www.blogsoestado.com\/flaviobraga\/reforma-politica-e-sistemas-eleitorais\/#breadcrumb","itemListElement":[{"@type":"ListItem","position":1,"name":"In\u00edcio","item":"https:\/\/www.blogsoestado.com\/flaviobraga\/"},{"@type":"ListItem","position":2,"name":"Reforma pol\u00edtica e sistemas eleitorais"}]},{"@type":"WebSite","@id":"https:\/\/www.blogsoestado.com\/flaviobraga\/#website","url":"https:\/\/www.blogsoestado.com\/flaviobraga\/","name":"Fl\u00e1vio Braga","description":"","potentialAction":[{"@type":"SearchAction","target":{"@type":"EntryPoint","urlTemplate":"https:\/\/www.blogsoestado.com\/flaviobraga\/?s={search_term_string}"},"query-input":{"@type":"PropertyValueSpecification","valueRequired":true,"valueName":"search_term_string"}}],"inLanguage":"pt-BR"},{"@type":"Person","@id":"https:\/\/www.blogsoestado.com\/flaviobraga\/#\/schema\/person\/6c6c778331775c757a82d15206bd8733","name":"Flavio Braga","image":{"@type":"ImageObject","inLanguage":"pt-BR","@id":"https:\/\/www.blogsoestado.com\/flaviobraga\/#\/schema\/person\/image\/","url":"https:\/\/secure.gravatar.com\/avatar\/ab173937dad8d78195c87778be8a0285d069ede375ce0ae24aac1cf8e58ccb2c?s=96&d=mm&r=g","contentUrl":"https:\/\/secure.gravatar.com\/avatar\/ab173937dad8d78195c87778be8a0285d069ede375ce0ae24aac1cf8e58ccb2c?s=96&d=mm&r=g","caption":"Flavio Braga"},"url":"https:\/\/www.blogsoestado.com\/flaviobraga\/author\/flaviobraga\/"}]}},"jetpack_featured_media_url":"","_links":{"self":[{"href":"https:\/\/www.blogsoestado.com\/flaviobraga\/wp-json\/wp\/v2\/posts\/2300","targetHints":{"allow":["GET"]}}],"collection":[{"href":"https:\/\/www.blogsoestado.com\/flaviobraga\/wp-json\/wp\/v2\/posts"}],"about":[{"href":"https:\/\/www.blogsoestado.com\/flaviobraga\/wp-json\/wp\/v2\/types\/post"}],"author":[{"embeddable":true,"href":"https:\/\/www.blogsoestado.com\/flaviobraga\/wp-json\/wp\/v2\/users\/8"}],"replies":[{"embeddable":true,"href":"https:\/\/www.blogsoestado.com\/flaviobraga\/wp-json\/wp\/v2\/comments?post=2300"}],"version-history":[{"count":0,"href":"https:\/\/www.blogsoestado.com\/flaviobraga\/wp-json\/wp\/v2\/posts\/2300\/revisions"}],"wp:attachment":[{"href":"https:\/\/www.blogsoestado.com\/flaviobraga\/wp-json\/wp\/v2\/media?parent=2300"}],"wp:term":[{"taxonomy":"category","embeddable":true,"href":"https:\/\/www.blogsoestado.com\/flaviobraga\/wp-json\/wp\/v2\/categories?post=2300"},{"taxonomy":"post_tag","embeddable":true,"href":"https:\/\/www.blogsoestado.com\/flaviobraga\/wp-json\/wp\/v2\/tags?post=2300"}],"curies":[{"name":"wp","href":"https:\/\/api.w.org\/{rel}","templated":true}]}}