{"id":2304,"date":"2013-08-29T14:53:55","date_gmt":"2013-08-29T17:53:55","guid":{"rendered":"https:\/\/www.blogsoestado.com\/flaviobraga\/?p=2304"},"modified":"2013-08-29T14:53:55","modified_gmt":"2013-08-29T17:53:55","slug":"comissao-da-assembleia-que-discute-a-reforma-politica-retorna-insatisfeita","status":"publish","type":"post","link":"https:\/\/www.blogsoestado.com\/flaviobraga\/comissao-da-assembleia-que-discute-a-reforma-politica-retorna-insatisfeita\/","title":{"rendered":"Comiss\u00e3o da Assembleia que discute a reforma pol\u00edtica retorna insatisfeita"},"content":{"rendered":"<p>A Comiss\u00e3o Especial criada na Assembleia Legislativa para discutir no \u00e2mbito estadual a reforma pol\u00edtica proposta pelo Governo Federal retornou insatisfeita de Bras\u00edlia. O colegiado, formado por sete membros do Legislativo, esteve na ter\u00e7a-feira reunido com o presidente da Comiss\u00e3o Nacional de Reforma Pol\u00edtica, deputado federal C\u00e2ndido Vaccarezza (PT\/SP), e fez a entrega do relat\u00f3rio do painel realizado no Maranh\u00e3o. Os parlamentares, no entanto, n\u00e3o retornaram satisfeitos com o resultado da conversa com Vaccarezza.<\/p>\n<p>Pelo menos dois deputados, Alexandre Almeida (PSD) e Rubens Pereira J\u00fanior (PCdoB), afirmaram que ouviram do deputado federal que a reforma pol\u00edtica n\u00e3o valer\u00e1 para as elei\u00e7\u00f5es de 2014. Posicionamento, segundo os parlamentares, que vai de encontro \u00e0s reivindica\u00e7\u00f5es da popula\u00e7\u00e3o e \u00e0s propostas da Assembleia.<\/p>\n<p>De acordo com Alexandre Almeida, a C\u00e2mara Federal n\u00e3o se mostrou interessada em fazer a reforma pol\u00edtica ou aplicar os seus efeitos, se o processo vier a acontecer, no pr\u00f3ximo ano.<\/p>\n<p>&#8220;O sentimento que eu e naturalmente o deputado Rubens Pereira J\u00fanior e o deputado Marcos Caldas tivemos \u00e9 de que n\u00e3o h\u00e1 de fato disposi\u00e7\u00e3o da C\u00e2mara Federal de fazer uma reforma que possa produzir efeitos para esta elei\u00e7\u00e3o. Pelo menos foi o que disse muito claramente o coordenador da comiss\u00e3o que discute a reforma, o deputado Vaccarezza&#8221;, disse.<\/p>\n<p>Segundo Alexandre, foi o pr\u00f3prio presidente da Comiss\u00e3o Nacional quem falou da impossibilidade de se aplicar qualquer tipo de mudan\u00e7a no processo eleitoral para 2014. &#8220;O termo que ele utilizou \u00e9 que para esta elei\u00e7\u00e3o nada mudar\u00e1. Foi um termo de certa forma at\u00e9 taxativo.<\/p>\n<p>Frustra\u00e7\u00e3o &#8211; O deputado Rubens J\u00fanior ainda questionou se esta postura n\u00e3o estimularia a volta da popula\u00e7\u00e3o para as ruas. Vaccarezza respondeu que certamente as pessoas retornar\u00e3o \u00e0s ruas, e disse que eles n\u00e3o protestam por reforma pol\u00edtica&#8221;, afirmou.<\/p>\n","protected":false},"excerpt":{"rendered":"<p>A Comiss\u00e3o Especial criada na Assembleia Legislativa para discutir no \u00e2mbito estadual a reforma pol\u00edtica proposta pelo Governo Federal retornou [&hellip;]<\/p>\n","protected":false},"author":8,"featured_media":0,"comment_status":"open","ping_status":"open","sticky":false,"template":"","format":"standard","meta":{"site-sidebar-layout":"default","site-content-layout":"","ast-site-content-layout":"default","site-content-style":"default","site-sidebar-style":"default","ast-global-header-display":"","ast-banner-title-visibility":"","ast-main-header-display":"","ast-hfb-above-header-display":"","ast-hfb-below-header-display":"","ast-hfb-mobile-header-display":"","site-post-title":"","ast-breadcrumbs-content":"","ast-featured-img":"","footer-sml-layout":"","ast-disable-related-posts":"","theme-transparent-header-meta":"","adv-header-id-meta":"","stick-header-meta":"","header-above-stick-meta":"","header-main-stick-meta":"","header-below-stick-meta":"","astra-migrate-meta-layouts":"default","ast-page-background-enabled":"default","ast-page-background-meta":{"desktop":{"background-color":"var(--ast-global-color-5)","background-image":"","background-repeat":"repeat","background-position":"center center","background-size":"auto","background-attachment":"scroll","background-type":"","background-media":"","overlay-type":"","overlay-color":"","overlay-opacity":"","overlay-gradient":""},"tablet":{"background-color":"","background-image":"","background-repeat":"repeat","background-position":"center center","background-size":"auto","background-attachment":"scroll","background-type":"","background-media":"","overlay-type":"","overlay-color":"","overlay-opacity":"","overlay-gradient":""},"mobile":{"background-color":"","background-image":"","background-repeat":"repeat","background-position":"center center","background-size":"auto","background-attachment":"scroll","background-type":"","background-media":"","overlay-type":"","overlay-color":"","overlay-opacity":"","overlay-gradient":""}},"ast-content-background-meta":{"desktop":{"background-color":"var(--ast-global-color-4)","background-image":"","background-repeat":"repeat","background-position":"center center","background-size":"auto","background-attachment":"scroll","background-type":"","background-media":"","overlay-type":"","overlay-color":"","overlay-opacity":"","overlay-gradient":""},"tablet":{"background-color":"var(--ast-global-color-4)","background-image":"","background-repeat":"repeat","background-position":"center center","background-size":"auto","background-attachment":"scroll","background-type":"","background-media":"","overlay-type":"","overlay-color":"","overlay-opacity":"","overlay-gradient":""},"mobile":{"background-color":"var(--ast-global-color-4)","background-image":"","background-repeat":"repeat","background-position":"center center","background-size":"auto","background-attachment":"scroll","background-type":"","background-media":"","overlay-type":"","overlay-color":"","overlay-opacity":"","overlay-gradient":""}},"footnotes":""},"categories":[1],"tags":[],"class_list":["post-2304","post","type-post","status-publish","format-standard","hentry","category-sem-categoria"],"yoast_head":"<!-- This site is optimized with the Yoast SEO plugin v26.6 - https:\/\/yoast.com\/wordpress\/plugins\/seo\/ -->\n<title>Comiss\u00e3o da Assembleia que discute a reforma pol\u00edtica retorna insatisfeita - Fl\u00e1vio Braga<\/title>\n<meta name=\"robots\" content=\"index, follow, max-snippet:-1, max-image-preview:large, max-video-preview:-1\" \/>\n<link rel=\"canonical\" href=\"https:\/\/www.blogsoestado.com\/flaviobraga\/comissao-da-assembleia-que-discute-a-reforma-politica-retorna-insatisfeita\/\" \/>\n<meta property=\"og:locale\" content=\"pt_BR\" \/>\n<meta property=\"og:type\" content=\"article\" \/>\n<meta property=\"og:title\" content=\"Comiss\u00e3o da Assembleia que discute a reforma pol\u00edtica retorna insatisfeita - Fl\u00e1vio Braga\" \/>\n<meta property=\"og:description\" content=\"A Comiss\u00e3o Especial criada na Assembleia Legislativa para discutir no \u00e2mbito estadual a reforma pol\u00edtica proposta pelo Governo Federal retornou [&hellip;]\" \/>\n<meta property=\"og:url\" content=\"https:\/\/www.blogsoestado.com\/flaviobraga\/comissao-da-assembleia-que-discute-a-reforma-politica-retorna-insatisfeita\/\" \/>\n<meta property=\"og:site_name\" content=\"Fl\u00e1vio Braga\" \/>\n<meta property=\"article:published_time\" content=\"2013-08-29T17:53:55+00:00\" \/>\n<meta name=\"author\" content=\"Flavio Braga\" \/>\n<meta name=\"twitter:card\" content=\"summary_large_image\" \/>\n<meta name=\"twitter:label1\" content=\"Escrito por\" \/>\n\t<meta name=\"twitter:data1\" content=\"Flavio Braga\" \/>\n\t<meta name=\"twitter:label2\" content=\"Est. tempo de leitura\" \/>\n\t<meta name=\"twitter:data2\" content=\"2 minutos\" \/>\n<script type=\"application\/ld+json\" class=\"yoast-schema-graph\">{\"@context\":\"https:\/\/schema.org\",\"@graph\":[{\"@type\":\"WebPage\",\"@id\":\"https:\/\/www.blogsoestado.com\/flaviobraga\/comissao-da-assembleia-que-discute-a-reforma-politica-retorna-insatisfeita\/\",\"url\":\"https:\/\/www.blogsoestado.com\/flaviobraga\/comissao-da-assembleia-que-discute-a-reforma-politica-retorna-insatisfeita\/\",\"name\":\"Comiss\u00e3o da Assembleia que discute a reforma pol\u00edtica retorna insatisfeita - Fl\u00e1vio Braga\",\"isPartOf\":{\"@id\":\"https:\/\/www.blogsoestado.com\/flaviobraga\/#website\"},\"datePublished\":\"2013-08-29T17:53:55+00:00\",\"author\":{\"@id\":\"https:\/\/www.blogsoestado.com\/flaviobraga\/#\/schema\/person\/6c6c778331775c757a82d15206bd8733\"},\"breadcrumb\":{\"@id\":\"https:\/\/www.blogsoestado.com\/flaviobraga\/comissao-da-assembleia-que-discute-a-reforma-politica-retorna-insatisfeita\/#breadcrumb\"},\"inLanguage\":\"pt-BR\",\"potentialAction\":[{\"@type\":\"ReadAction\",\"target\":[\"https:\/\/www.blogsoestado.com\/flaviobraga\/comissao-da-assembleia-que-discute-a-reforma-politica-retorna-insatisfeita\/\"]}]},{\"@type\":\"BreadcrumbList\",\"@id\":\"https:\/\/www.blogsoestado.com\/flaviobraga\/comissao-da-assembleia-que-discute-a-reforma-politica-retorna-insatisfeita\/#breadcrumb\",\"itemListElement\":[{\"@type\":\"ListItem\",\"position\":1,\"name\":\"In\u00edcio\",\"item\":\"https:\/\/www.blogsoestado.com\/flaviobraga\/\"},{\"@type\":\"ListItem\",\"position\":2,\"name\":\"Comiss\u00e3o da Assembleia que discute a reforma pol\u00edtica retorna insatisfeita\"}]},{\"@type\":\"WebSite\",\"@id\":\"https:\/\/www.blogsoestado.com\/flaviobraga\/#website\",\"url\":\"https:\/\/www.blogsoestado.com\/flaviobraga\/\",\"name\":\"Fl\u00e1vio Braga\",\"description\":\"\",\"potentialAction\":[{\"@type\":\"SearchAction\",\"target\":{\"@type\":\"EntryPoint\",\"urlTemplate\":\"https:\/\/www.blogsoestado.com\/flaviobraga\/?s={search_term_string}\"},\"query-input\":{\"@type\":\"PropertyValueSpecification\",\"valueRequired\":true,\"valueName\":\"search_term_string\"}}],\"inLanguage\":\"pt-BR\"},{\"@type\":\"Person\",\"@id\":\"https:\/\/www.blogsoestado.com\/flaviobraga\/#\/schema\/person\/6c6c778331775c757a82d15206bd8733\",\"name\":\"Flavio Braga\",\"image\":{\"@type\":\"ImageObject\",\"inLanguage\":\"pt-BR\",\"@id\":\"https:\/\/www.blogsoestado.com\/flaviobraga\/#\/schema\/person\/image\/\",\"url\":\"https:\/\/secure.gravatar.com\/avatar\/ab173937dad8d78195c87778be8a0285d069ede375ce0ae24aac1cf8e58ccb2c?s=96&d=mm&r=g\",\"contentUrl\":\"https:\/\/secure.gravatar.com\/avatar\/ab173937dad8d78195c87778be8a0285d069ede375ce0ae24aac1cf8e58ccb2c?s=96&d=mm&r=g\",\"caption\":\"Flavio Braga\"},\"url\":\"https:\/\/www.blogsoestado.com\/flaviobraga\/author\/flaviobraga\/\"}]}<\/script>\n<!-- \/ Yoast SEO plugin. -->","yoast_head_json":{"title":"Comiss\u00e3o da Assembleia que discute a reforma pol\u00edtica retorna insatisfeita - Fl\u00e1vio Braga","robots":{"index":"index","follow":"follow","max-snippet":"max-snippet:-1","max-image-preview":"max-image-preview:large","max-video-preview":"max-video-preview:-1"},"canonical":"https:\/\/www.blogsoestado.com\/flaviobraga\/comissao-da-assembleia-que-discute-a-reforma-politica-retorna-insatisfeita\/","og_locale":"pt_BR","og_type":"article","og_title":"Comiss\u00e3o da Assembleia que discute a reforma pol\u00edtica retorna insatisfeita - Fl\u00e1vio Braga","og_description":"A Comiss\u00e3o Especial criada na Assembleia Legislativa para discutir no \u00e2mbito estadual a reforma pol\u00edtica proposta pelo Governo Federal retornou [&hellip;]","og_url":"https:\/\/www.blogsoestado.com\/flaviobraga\/comissao-da-assembleia-que-discute-a-reforma-politica-retorna-insatisfeita\/","og_site_name":"Fl\u00e1vio Braga","article_published_time":"2013-08-29T17:53:55+00:00","author":"Flavio Braga","twitter_card":"summary_large_image","twitter_misc":{"Escrito por":"Flavio Braga","Est. tempo de leitura":"2 minutos"},"schema":{"@context":"https:\/\/schema.org","@graph":[{"@type":"WebPage","@id":"https:\/\/www.blogsoestado.com\/flaviobraga\/comissao-da-assembleia-que-discute-a-reforma-politica-retorna-insatisfeita\/","url":"https:\/\/www.blogsoestado.com\/flaviobraga\/comissao-da-assembleia-que-discute-a-reforma-politica-retorna-insatisfeita\/","name":"Comiss\u00e3o da Assembleia que discute a reforma pol\u00edtica retorna insatisfeita - Fl\u00e1vio Braga","isPartOf":{"@id":"https:\/\/www.blogsoestado.com\/flaviobraga\/#website"},"datePublished":"2013-08-29T17:53:55+00:00","author":{"@id":"https:\/\/www.blogsoestado.com\/flaviobraga\/#\/schema\/person\/6c6c778331775c757a82d15206bd8733"},"breadcrumb":{"@id":"https:\/\/www.blogsoestado.com\/flaviobraga\/comissao-da-assembleia-que-discute-a-reforma-politica-retorna-insatisfeita\/#breadcrumb"},"inLanguage":"pt-BR","potentialAction":[{"@type":"ReadAction","target":["https:\/\/www.blogsoestado.com\/flaviobraga\/comissao-da-assembleia-que-discute-a-reforma-politica-retorna-insatisfeita\/"]}]},{"@type":"BreadcrumbList","@id":"https:\/\/www.blogsoestado.com\/flaviobraga\/comissao-da-assembleia-que-discute-a-reforma-politica-retorna-insatisfeita\/#breadcrumb","itemListElement":[{"@type":"ListItem","position":1,"name":"In\u00edcio","item":"https:\/\/www.blogsoestado.com\/flaviobraga\/"},{"@type":"ListItem","position":2,"name":"Comiss\u00e3o da Assembleia que discute a reforma pol\u00edtica retorna insatisfeita"}]},{"@type":"WebSite","@id":"https:\/\/www.blogsoestado.com\/flaviobraga\/#website","url":"https:\/\/www.blogsoestado.com\/flaviobraga\/","name":"Fl\u00e1vio Braga","description":"","potentialAction":[{"@type":"SearchAction","target":{"@type":"EntryPoint","urlTemplate":"https:\/\/www.blogsoestado.com\/flaviobraga\/?s={search_term_string}"},"query-input":{"@type":"PropertyValueSpecification","valueRequired":true,"valueName":"search_term_string"}}],"inLanguage":"pt-BR"},{"@type":"Person","@id":"https:\/\/www.blogsoestado.com\/flaviobraga\/#\/schema\/person\/6c6c778331775c757a82d15206bd8733","name":"Flavio Braga","image":{"@type":"ImageObject","inLanguage":"pt-BR","@id":"https:\/\/www.blogsoestado.com\/flaviobraga\/#\/schema\/person\/image\/","url":"https:\/\/secure.gravatar.com\/avatar\/ab173937dad8d78195c87778be8a0285d069ede375ce0ae24aac1cf8e58ccb2c?s=96&d=mm&r=g","contentUrl":"https:\/\/secure.gravatar.com\/avatar\/ab173937dad8d78195c87778be8a0285d069ede375ce0ae24aac1cf8e58ccb2c?s=96&d=mm&r=g","caption":"Flavio Braga"},"url":"https:\/\/www.blogsoestado.com\/flaviobraga\/author\/flaviobraga\/"}]}},"jetpack_featured_media_url":"","_links":{"self":[{"href":"https:\/\/www.blogsoestado.com\/flaviobraga\/wp-json\/wp\/v2\/posts\/2304","targetHints":{"allow":["GET"]}}],"collection":[{"href":"https:\/\/www.blogsoestado.com\/flaviobraga\/wp-json\/wp\/v2\/posts"}],"about":[{"href":"https:\/\/www.blogsoestado.com\/flaviobraga\/wp-json\/wp\/v2\/types\/post"}],"author":[{"embeddable":true,"href":"https:\/\/www.blogsoestado.com\/flaviobraga\/wp-json\/wp\/v2\/users\/8"}],"replies":[{"embeddable":true,"href":"https:\/\/www.blogsoestado.com\/flaviobraga\/wp-json\/wp\/v2\/comments?post=2304"}],"version-history":[{"count":0,"href":"https:\/\/www.blogsoestado.com\/flaviobraga\/wp-json\/wp\/v2\/posts\/2304\/revisions"}],"wp:attachment":[{"href":"https:\/\/www.blogsoestado.com\/flaviobraga\/wp-json\/wp\/v2\/media?parent=2304"}],"wp:term":[{"taxonomy":"category","embeddable":true,"href":"https:\/\/www.blogsoestado.com\/flaviobraga\/wp-json\/wp\/v2\/categories?post=2304"},{"taxonomy":"post_tag","embeddable":true,"href":"https:\/\/www.blogsoestado.com\/flaviobraga\/wp-json\/wp\/v2\/tags?post=2304"}],"curies":[{"name":"wp","href":"https:\/\/api.w.org\/{rel}","templated":true}]}}