{"id":2306,"date":"2013-08-29T15:06:49","date_gmt":"2013-08-29T18:06:49","guid":{"rendered":"https:\/\/www.blogsoestado.com\/flaviobraga\/?p=2306"},"modified":"2013-08-29T15:06:49","modified_gmt":"2013-08-29T18:06:49","slug":"tse-manda-tirar-site-que-pede-barbosa-presidente","status":"publish","type":"post","link":"https:\/\/www.blogsoestado.com\/flaviobraga\/tse-manda-tirar-site-que-pede-barbosa-presidente\/","title":{"rendered":"TSE manda tirar site que pede Barbosa presidente"},"content":{"rendered":"<p><strong>Do <a href=\"http:\/\/www.conjur.com.br\/\" target=\"_blank\">Conjur<\/a>\u00a0<\/strong><\/p>\n<p>A corregedora-geral da Justi\u00e7a Eleitoral, ministra Laurita Vaz, determinou, em liminar da sexta-feira (23), que o site www.joaquimbarbosapresidente.com.br fosse tirado do ar.\u00a0A p\u00e1gina fazia campanha pela candidatura do ministro Joaquim Barbosa, presidente do Supremo Tribunal Federal, \u00e0 Presid\u00eancia da Rep\u00fablica. A ministra entendeu que o site fazia propaganda eleitoral antecipada da candidatura de Joaquim, que nunca se declarou candidato. O endere\u00e7o j\u00e1 n\u00e3o funciona e nenhum site \u00e9 aberto.<\/p>\n<p>O site foi desenvolvido por uma empresa a pedido de um vereador do PSL do Rio de Janeiro, Atila Nunes. Trazia informa\u00e7\u00f5es biogr\u00e1ficas do ministro e incentivos ao lan\u00e7amento de sua candidatura. Parte desse material era um adesivo para impress\u00e3o. A p\u00e1gina estava no ar desde outubro de 2012, mas esta ter\u00e7a j\u00e1 n\u00e3o era mais poss\u00edvel acess\u00e1-lo.<\/p>\n<p>A candidatura de Joaquim Barbosa \u00e0 Presid\u00eancia da Rep\u00fablica \u00e9 mencionada em certos c\u00edrculos pelo menos desde que o ac\u00f3rd\u00e3o da A\u00e7\u00e3o Penal 470, o processo do mensal\u00e3o, foi publicado. Defensores de sua candidatura enxergam na postura de Joaquim durante o julgamento a sa\u00edda para acabar com a corrup\u00e7\u00e3o na pol\u00edtica nacional, o que acreditam ser o principal problema do pa\u00eds. Acham que al\u00e7\u00e1-lo ao cargo de presidente da Rep\u00fablica ajudar\u00e1 a resolver.<\/p>\n<p>Al\u00e9m do vereador do PSL, o Partido Militar Brasileiro (PMB) tamb\u00e9m \u00e9 entusiasta da candidatura de Barbosa para presidente.\u00a0A legenda\u00a0ainda n\u00e3o tem registro no TSE, mas j\u00e1 publicou seu estatuto no <em>Di\u00e1rio Oficial da Uni\u00e3o<\/em>, j\u00e1 tem CNPJ e, segundo suas pr\u00f3prias contas, 300 mil assinaturas. Para conseguir lan\u00e7ar candidatos nas elei\u00e7\u00f5es de 2014, precisa ter 485 mil assinaturas at\u00e9 setembro deste ano.<\/p>\n<p>De acordo com o presidente e idealizador do PMB, o capit\u00e3o Augusto Rosa, \u201ca postura do ministro diante de grandes esc\u00e2ndalos, como no caso do mensal\u00e3o, comprova a intoler\u00e2ncia de Barbosa quanto \u00e0 corrup\u00e7\u00e3o. Essa postura vem ao encontro dos ideais do PMB, que est\u00e1 em busca de candidatos que possam resgatar a moralidade na pol\u00edtica nacional\u201d.<\/p>\n<p>Mas esse n\u00e3o \u00e9 o \u00fanico endere\u00e7o registrado em refer\u00eancia ao presidente do Supremo. Quem digita\u00a0<a href=\"http:\/\/joaquimbarbosa.com.br\/\" target=\"_blank\">www.joaquimbarbosa.com.br<\/a>\u00a0em seu navegador \u00e9 redirecionado para uma not\u00edcia do site\u00a0<em>Viomundo,<\/em>\u00a0cujo t\u00edtulo \u00e9\u00a0<em>Barbosa n\u00e3o responde a perguntas sobre o Inqu\u00e9rito 2474<\/em>. O texto apresenta um question\u00e1rio que aparentemente n\u00e3o foi respondido pelo ministro a respeito do inqu\u00e9rito, que, segundo reportagem da jornalista Maria In\u00eas Nassif publicada pela revista\u00a0<em>Carta Maior<\/em>\u00a0em junho deste ano, decorreu da AP 470.<\/p>\n<p>De acordo com o texto, o inqu\u00e9rito foi aberto em 2006, depois do surgimento de novas provas decorrentes das apura\u00e7\u00f5es do mensal\u00e3o. Essas provas, diz o texto, foram colhidas ainda pelo ent\u00e3o procurador-geral da Rep\u00fablica Ant\u00f4nio Fernando de Souza, que precedeu Roberto Gurgel como PGR. O inqu\u00e9rito est\u00e1 em segredo de Justi\u00e7a e hoje est\u00e1 sob a relatoria do ministro Roberto Barroso. De acordo com a reportagem de Maria In\u00eas Nassif, poucos sabem do que se trata o Inqu\u00e9rito 2.474, j\u00e1 que o ministro Joaquim Barbosa, assim que determinou sua abertura, tamb\u00e9m determinou que tramitasse em segredo.<\/p>\n","protected":false},"excerpt":{"rendered":"<p>Do Conjur\u00a0 A corregedora-geral da Justi\u00e7a Eleitoral, ministra Laurita Vaz, determinou, em liminar da sexta-feira (23), que o site www.joaquimbarbosapresidente.com.br [&hellip;]<\/p>\n","protected":false},"author":8,"featured_media":0,"comment_status":"open","ping_status":"open","sticky":false,"template":"","format":"standard","meta":{"site-sidebar-layout":"default","site-content-layout":"","ast-site-content-layout":"default","site-content-style":"default","site-sidebar-style":"default","ast-global-header-display":"","ast-banner-title-visibility":"","ast-main-header-display":"","ast-hfb-above-header-display":"","ast-hfb-below-header-display":"","ast-hfb-mobile-header-display":"","site-post-title":"","ast-breadcrumbs-content":"","ast-featured-img":"","footer-sml-layout":"","ast-disable-related-posts":"","theme-transparent-header-meta":"","adv-header-id-meta":"","stick-header-meta":"","header-above-stick-meta":"","header-main-stick-meta":"","header-below-stick-meta":"","astra-migrate-meta-layouts":"default","ast-page-background-enabled":"default","ast-page-background-meta":{"desktop":{"background-color":"var(--ast-global-color-5)","background-image":"","background-repeat":"repeat","background-position":"center center","background-size":"auto","background-attachment":"scroll","background-type":"","background-media":"","overlay-type":"","overlay-color":"","overlay-opacity":"","overlay-gradient":""},"tablet":{"background-color":"","background-image":"","background-repeat":"repeat","background-position":"center center","background-size":"auto","background-attachment":"scroll","background-type":"","background-media":"","overlay-type":"","overlay-color":"","overlay-opacity":"","overlay-gradient":""},"mobile":{"background-color":"","background-image":"","background-repeat":"repeat","background-position":"center center","background-size":"auto","background-attachment":"scroll","background-type":"","background-media":"","overlay-type":"","overlay-color":"","overlay-opacity":"","overlay-gradient":""}},"ast-content-background-meta":{"desktop":{"background-color":"var(--ast-global-color-4)","background-image":"","background-repeat":"repeat","background-position":"center center","background-size":"auto","background-attachment":"scroll","background-type":"","background-media":"","overlay-type":"","overlay-color":"","overlay-opacity":"","overlay-gradient":""},"tablet":{"background-color":"var(--ast-global-color-4)","background-image":"","background-repeat":"repeat","background-position":"center center","background-size":"auto","background-attachment":"scroll","background-type":"","background-media":"","overlay-type":"","overlay-color":"","overlay-opacity":"","overlay-gradient":""},"mobile":{"background-color":"var(--ast-global-color-4)","background-image":"","background-repeat":"repeat","background-position":"center center","background-size":"auto","background-attachment":"scroll","background-type":"","background-media":"","overlay-type":"","overlay-color":"","overlay-opacity":"","overlay-gradient":""}},"footnotes":""},"categories":[1],"tags":[],"class_list":["post-2306","post","type-post","status-publish","format-standard","hentry","category-sem-categoria"],"yoast_head":"<!-- This site is optimized with the Yoast SEO plugin v26.6 - https:\/\/yoast.com\/wordpress\/plugins\/seo\/ -->\n<title>TSE manda tirar site que pede Barbosa presidente - Fl\u00e1vio Braga<\/title>\n<meta name=\"robots\" content=\"index, follow, max-snippet:-1, max-image-preview:large, max-video-preview:-1\" \/>\n<link rel=\"canonical\" href=\"https:\/\/www.blogsoestado.com\/flaviobraga\/tse-manda-tirar-site-que-pede-barbosa-presidente\/\" \/>\n<meta property=\"og:locale\" content=\"pt_BR\" \/>\n<meta property=\"og:type\" content=\"article\" \/>\n<meta property=\"og:title\" content=\"TSE manda tirar site que pede Barbosa presidente - Fl\u00e1vio Braga\" \/>\n<meta property=\"og:description\" content=\"Do Conjur\u00a0 A corregedora-geral da Justi\u00e7a Eleitoral, ministra Laurita Vaz, determinou, em liminar da sexta-feira (23), que o site www.joaquimbarbosapresidente.com.br [&hellip;]\" \/>\n<meta property=\"og:url\" content=\"https:\/\/www.blogsoestado.com\/flaviobraga\/tse-manda-tirar-site-que-pede-barbosa-presidente\/\" \/>\n<meta property=\"og:site_name\" content=\"Fl\u00e1vio Braga\" \/>\n<meta property=\"article:published_time\" content=\"2013-08-29T18:06:49+00:00\" \/>\n<meta name=\"author\" content=\"Flavio Braga\" \/>\n<meta name=\"twitter:card\" content=\"summary_large_image\" \/>\n<meta name=\"twitter:label1\" content=\"Escrito por\" \/>\n\t<meta name=\"twitter:data1\" content=\"Flavio Braga\" \/>\n\t<meta name=\"twitter:label2\" content=\"Est. tempo de leitura\" \/>\n\t<meta name=\"twitter:data2\" content=\"3 minutos\" \/>\n<script type=\"application\/ld+json\" class=\"yoast-schema-graph\">{\"@context\":\"https:\/\/schema.org\",\"@graph\":[{\"@type\":\"WebPage\",\"@id\":\"https:\/\/www.blogsoestado.com\/flaviobraga\/tse-manda-tirar-site-que-pede-barbosa-presidente\/\",\"url\":\"https:\/\/www.blogsoestado.com\/flaviobraga\/tse-manda-tirar-site-que-pede-barbosa-presidente\/\",\"name\":\"TSE manda tirar site que pede Barbosa presidente - Fl\u00e1vio Braga\",\"isPartOf\":{\"@id\":\"https:\/\/www.blogsoestado.com\/flaviobraga\/#website\"},\"datePublished\":\"2013-08-29T18:06:49+00:00\",\"author\":{\"@id\":\"https:\/\/www.blogsoestado.com\/flaviobraga\/#\/schema\/person\/6c6c778331775c757a82d15206bd8733\"},\"breadcrumb\":{\"@id\":\"https:\/\/www.blogsoestado.com\/flaviobraga\/tse-manda-tirar-site-que-pede-barbosa-presidente\/#breadcrumb\"},\"inLanguage\":\"pt-BR\",\"potentialAction\":[{\"@type\":\"ReadAction\",\"target\":[\"https:\/\/www.blogsoestado.com\/flaviobraga\/tse-manda-tirar-site-que-pede-barbosa-presidente\/\"]}]},{\"@type\":\"BreadcrumbList\",\"@id\":\"https:\/\/www.blogsoestado.com\/flaviobraga\/tse-manda-tirar-site-que-pede-barbosa-presidente\/#breadcrumb\",\"itemListElement\":[{\"@type\":\"ListItem\",\"position\":1,\"name\":\"In\u00edcio\",\"item\":\"https:\/\/www.blogsoestado.com\/flaviobraga\/\"},{\"@type\":\"ListItem\",\"position\":2,\"name\":\"TSE manda tirar site que pede Barbosa presidente\"}]},{\"@type\":\"WebSite\",\"@id\":\"https:\/\/www.blogsoestado.com\/flaviobraga\/#website\",\"url\":\"https:\/\/www.blogsoestado.com\/flaviobraga\/\",\"name\":\"Fl\u00e1vio Braga\",\"description\":\"\",\"potentialAction\":[{\"@type\":\"SearchAction\",\"target\":{\"@type\":\"EntryPoint\",\"urlTemplate\":\"https:\/\/www.blogsoestado.com\/flaviobraga\/?s={search_term_string}\"},\"query-input\":{\"@type\":\"PropertyValueSpecification\",\"valueRequired\":true,\"valueName\":\"search_term_string\"}}],\"inLanguage\":\"pt-BR\"},{\"@type\":\"Person\",\"@id\":\"https:\/\/www.blogsoestado.com\/flaviobraga\/#\/schema\/person\/6c6c778331775c757a82d15206bd8733\",\"name\":\"Flavio Braga\",\"image\":{\"@type\":\"ImageObject\",\"inLanguage\":\"pt-BR\",\"@id\":\"https:\/\/www.blogsoestado.com\/flaviobraga\/#\/schema\/person\/image\/\",\"url\":\"https:\/\/secure.gravatar.com\/avatar\/ab173937dad8d78195c87778be8a0285d069ede375ce0ae24aac1cf8e58ccb2c?s=96&d=mm&r=g\",\"contentUrl\":\"https:\/\/secure.gravatar.com\/avatar\/ab173937dad8d78195c87778be8a0285d069ede375ce0ae24aac1cf8e58ccb2c?s=96&d=mm&r=g\",\"caption\":\"Flavio Braga\"},\"url\":\"https:\/\/www.blogsoestado.com\/flaviobraga\/author\/flaviobraga\/\"}]}<\/script>\n<!-- \/ Yoast SEO plugin. -->","yoast_head_json":{"title":"TSE manda tirar site que pede Barbosa presidente - Fl\u00e1vio Braga","robots":{"index":"index","follow":"follow","max-snippet":"max-snippet:-1","max-image-preview":"max-image-preview:large","max-video-preview":"max-video-preview:-1"},"canonical":"https:\/\/www.blogsoestado.com\/flaviobraga\/tse-manda-tirar-site-que-pede-barbosa-presidente\/","og_locale":"pt_BR","og_type":"article","og_title":"TSE manda tirar site que pede Barbosa presidente - Fl\u00e1vio Braga","og_description":"Do Conjur\u00a0 A corregedora-geral da Justi\u00e7a Eleitoral, ministra Laurita Vaz, determinou, em liminar da sexta-feira (23), que o site www.joaquimbarbosapresidente.com.br [&hellip;]","og_url":"https:\/\/www.blogsoestado.com\/flaviobraga\/tse-manda-tirar-site-que-pede-barbosa-presidente\/","og_site_name":"Fl\u00e1vio Braga","article_published_time":"2013-08-29T18:06:49+00:00","author":"Flavio Braga","twitter_card":"summary_large_image","twitter_misc":{"Escrito por":"Flavio Braga","Est. tempo de leitura":"3 minutos"},"schema":{"@context":"https:\/\/schema.org","@graph":[{"@type":"WebPage","@id":"https:\/\/www.blogsoestado.com\/flaviobraga\/tse-manda-tirar-site-que-pede-barbosa-presidente\/","url":"https:\/\/www.blogsoestado.com\/flaviobraga\/tse-manda-tirar-site-que-pede-barbosa-presidente\/","name":"TSE manda tirar site que pede Barbosa presidente - Fl\u00e1vio Braga","isPartOf":{"@id":"https:\/\/www.blogsoestado.com\/flaviobraga\/#website"},"datePublished":"2013-08-29T18:06:49+00:00","author":{"@id":"https:\/\/www.blogsoestado.com\/flaviobraga\/#\/schema\/person\/6c6c778331775c757a82d15206bd8733"},"breadcrumb":{"@id":"https:\/\/www.blogsoestado.com\/flaviobraga\/tse-manda-tirar-site-que-pede-barbosa-presidente\/#breadcrumb"},"inLanguage":"pt-BR","potentialAction":[{"@type":"ReadAction","target":["https:\/\/www.blogsoestado.com\/flaviobraga\/tse-manda-tirar-site-que-pede-barbosa-presidente\/"]}]},{"@type":"BreadcrumbList","@id":"https:\/\/www.blogsoestado.com\/flaviobraga\/tse-manda-tirar-site-que-pede-barbosa-presidente\/#breadcrumb","itemListElement":[{"@type":"ListItem","position":1,"name":"In\u00edcio","item":"https:\/\/www.blogsoestado.com\/flaviobraga\/"},{"@type":"ListItem","position":2,"name":"TSE manda tirar site que pede Barbosa presidente"}]},{"@type":"WebSite","@id":"https:\/\/www.blogsoestado.com\/flaviobraga\/#website","url":"https:\/\/www.blogsoestado.com\/flaviobraga\/","name":"Fl\u00e1vio Braga","description":"","potentialAction":[{"@type":"SearchAction","target":{"@type":"EntryPoint","urlTemplate":"https:\/\/www.blogsoestado.com\/flaviobraga\/?s={search_term_string}"},"query-input":{"@type":"PropertyValueSpecification","valueRequired":true,"valueName":"search_term_string"}}],"inLanguage":"pt-BR"},{"@type":"Person","@id":"https:\/\/www.blogsoestado.com\/flaviobraga\/#\/schema\/person\/6c6c778331775c757a82d15206bd8733","name":"Flavio Braga","image":{"@type":"ImageObject","inLanguage":"pt-BR","@id":"https:\/\/www.blogsoestado.com\/flaviobraga\/#\/schema\/person\/image\/","url":"https:\/\/secure.gravatar.com\/avatar\/ab173937dad8d78195c87778be8a0285d069ede375ce0ae24aac1cf8e58ccb2c?s=96&d=mm&r=g","contentUrl":"https:\/\/secure.gravatar.com\/avatar\/ab173937dad8d78195c87778be8a0285d069ede375ce0ae24aac1cf8e58ccb2c?s=96&d=mm&r=g","caption":"Flavio Braga"},"url":"https:\/\/www.blogsoestado.com\/flaviobraga\/author\/flaviobraga\/"}]}},"jetpack_featured_media_url":"","_links":{"self":[{"href":"https:\/\/www.blogsoestado.com\/flaviobraga\/wp-json\/wp\/v2\/posts\/2306","targetHints":{"allow":["GET"]}}],"collection":[{"href":"https:\/\/www.blogsoestado.com\/flaviobraga\/wp-json\/wp\/v2\/posts"}],"about":[{"href":"https:\/\/www.blogsoestado.com\/flaviobraga\/wp-json\/wp\/v2\/types\/post"}],"author":[{"embeddable":true,"href":"https:\/\/www.blogsoestado.com\/flaviobraga\/wp-json\/wp\/v2\/users\/8"}],"replies":[{"embeddable":true,"href":"https:\/\/www.blogsoestado.com\/flaviobraga\/wp-json\/wp\/v2\/comments?post=2306"}],"version-history":[{"count":0,"href":"https:\/\/www.blogsoestado.com\/flaviobraga\/wp-json\/wp\/v2\/posts\/2306\/revisions"}],"wp:attachment":[{"href":"https:\/\/www.blogsoestado.com\/flaviobraga\/wp-json\/wp\/v2\/media?parent=2306"}],"wp:term":[{"taxonomy":"category","embeddable":true,"href":"https:\/\/www.blogsoestado.com\/flaviobraga\/wp-json\/wp\/v2\/categories?post=2306"},{"taxonomy":"post_tag","embeddable":true,"href":"https:\/\/www.blogsoestado.com\/flaviobraga\/wp-json\/wp\/v2\/tags?post=2306"}],"curies":[{"name":"wp","href":"https:\/\/api.w.org\/{rel}","templated":true}]}}