{"id":238,"date":"2010-06-09T14:34:04","date_gmt":"2010-06-09T17:34:04","guid":{"rendered":"https:\/\/www.blogsoestado.com\/flaviobraga\/?p=238"},"modified":"2010-06-09T14:34:04","modified_gmt":"2010-06-09T17:34:04","slug":"senado-cria-comissao-para-a-reforma-do-codigo-eleitoral","status":"publish","type":"post","link":"https:\/\/www.blogsoestado.com\/flaviobraga\/senado-cria-comissao-para-a-reforma-do-codigo-eleitoral\/","title":{"rendered":"Senado cria Comiss\u00e3o para a Reforma do C\u00f3digo Eleitoral"},"content":{"rendered":"<p>O Senado Federal constitui ontem (8) um grupo de especialistas com a incumb\u00eancia especial de promover a atualiza\u00e7\u00e3o do velho C\u00f3digo Eleitoral de 1965.<\/p>\n<p>A comiss\u00e3o, integrada por 16 juristas, ter\u00e1 um prazo de seis meses para apresentar as suas propostas, as quais constar\u00e3o de projeto de lei a ser apreciado pelo Congresso Nacional.<\/p>\n<p>Presidida pelo ministro do Supremo Tribunal Federal, Jos\u00e9 Antonio Dias Toffoli, a comiss\u00e3o \u00e9 composta pelos seguintes juristas:<\/p>\n<p>Marcus Vinicius Furtado Coelho, secret\u00e1rio-geral do Conselho Federal da OAB.<\/p>\n<p>Cezar Britto, ex-presidente nacional e atual membro honor\u00e1rio vital\u00edcio do Conselho Federal da OAB.<\/p>\n<p>Admar Gonzaga Neto, secret\u00e1rio-geral do IBRADE.<\/p>\n<p>Arnaldo Versiani Leite Soares, ministro do TSE.<\/p>\n<p>Carlos Eduardo Caputo Bastos, ex-ministro do TSE.<\/p>\n<p>Carlos M\u00e1rio da Silva Velloso, ex-ministro do STF e do TSE.<\/p>\n<p>Edson de Resende Castro, promotor eleitoral em Minas Gerais.<\/p>\n<p>Fernando Neves da Silva, ex-ministro do TSE e presidente do IBRADE.<\/p>\n<p>Hamilton Carvalhido, ministro do STJ e do TSE.<\/p>\n<p>Joelson Costa Dias, ministro substituto do TSE.<\/p>\n<p>Jos\u00e9 Eliton de Figuer\u00eado J\u00fanior, membro do Instituto Goiano de Direito Eleitoral.<\/p>\n<p>Luciana M\u00fcller Chaves, advogada.<\/p>\n<p>Luiz Fernando Bandeira de Mello Filho, advogado-geral do Senado Federal.<\/p>\n<p>M\u00e1rcio Silva, advogado e especialista em Direito Eleitoral.<\/p>\n<p>Roberto Monteiro Gurgel Santos, Procurador-Geral da Rep\u00fablica e Procurador-Geral eleitoral.<\/p>\n<p>O <em>blog<\/em> deseja que o trabalaho da comiss\u00e3o seja coroado de bons resultados. H\u00e1 tempos, a sociedade brasileira necessita de um C\u00f3digo Eleitoral moderno e em sintonia\u00a0com os c\u00e2nones da CF\/88.<\/p>\n","protected":false},"excerpt":{"rendered":"<p>O Senado Federal constitui ontem (8) um grupo de especialistas com a incumb\u00eancia especial de promover a atualiza\u00e7\u00e3o do velho [&hellip;]<\/p>\n","protected":false},"author":8,"featured_media":0,"comment_status":"open","ping_status":"open","sticky":false,"template":"","format":"standard","meta":{"site-sidebar-layout":"default","site-content-layout":"","ast-site-content-layout":"default","site-content-style":"default","site-sidebar-style":"default","ast-global-header-display":"","ast-banner-title-visibility":"","ast-main-header-display":"","ast-hfb-above-header-display":"","ast-hfb-below-header-display":"","ast-hfb-mobile-header-display":"","site-post-title":"","ast-breadcrumbs-content":"","ast-featured-img":"","footer-sml-layout":"","ast-disable-related-posts":"","theme-transparent-header-meta":"","adv-header-id-meta":"","stick-header-meta":"","header-above-stick-meta":"","header-main-stick-meta":"","header-below-stick-meta":"","astra-migrate-meta-layouts":"default","ast-page-background-enabled":"default","ast-page-background-meta":{"desktop":{"background-color":"var(--ast-global-color-5)","background-image":"","background-repeat":"repeat","background-position":"center center","background-size":"auto","background-attachment":"scroll","background-type":"","background-media":"","overlay-type":"","overlay-color":"","overlay-opacity":"","overlay-gradient":""},"tablet":{"background-color":"","background-image":"","background-repeat":"repeat","background-position":"center center","background-size":"auto","background-attachment":"scroll","background-type":"","background-media":"","overlay-type":"","overlay-color":"","overlay-opacity":"","overlay-gradient":""},"mobile":{"background-color":"","background-image":"","background-repeat":"repeat","background-position":"center center","background-size":"auto","background-attachment":"scroll","background-type":"","background-media":"","overlay-type":"","overlay-color":"","overlay-opacity":"","overlay-gradient":""}},"ast-content-background-meta":{"desktop":{"background-color":"var(--ast-global-color-4)","background-image":"","background-repeat":"repeat","background-position":"center center","background-size":"auto","background-attachment":"scroll","background-type":"","background-media":"","overlay-type":"","overlay-color":"","overlay-opacity":"","overlay-gradient":""},"tablet":{"background-color":"var(--ast-global-color-4)","background-image":"","background-repeat":"repeat","background-position":"center center","background-size":"auto","background-attachment":"scroll","background-type":"","background-media":"","overlay-type":"","overlay-color":"","overlay-opacity":"","overlay-gradient":""},"mobile":{"background-color":"var(--ast-global-color-4)","background-image":"","background-repeat":"repeat","background-position":"center center","background-size":"auto","background-attachment":"scroll","background-type":"","background-media":"","overlay-type":"","overlay-color":"","overlay-opacity":"","overlay-gradient":""}},"footnotes":""},"categories":[1],"tags":[],"class_list":["post-238","post","type-post","status-publish","format-standard","hentry","category-sem-categoria"],"yoast_head":"<!-- This site is optimized with the Yoast SEO plugin v26.6 - https:\/\/yoast.com\/wordpress\/plugins\/seo\/ -->\n<title>Senado cria Comiss\u00e3o para a Reforma do C\u00f3digo Eleitoral - Fl\u00e1vio Braga<\/title>\n<meta name=\"robots\" content=\"index, follow, max-snippet:-1, max-image-preview:large, max-video-preview:-1\" \/>\n<link rel=\"canonical\" href=\"https:\/\/www.blogsoestado.com\/flaviobraga\/senado-cria-comissao-para-a-reforma-do-codigo-eleitoral\/\" \/>\n<meta property=\"og:locale\" content=\"pt_BR\" \/>\n<meta property=\"og:type\" content=\"article\" \/>\n<meta property=\"og:title\" content=\"Senado cria Comiss\u00e3o para a Reforma do C\u00f3digo Eleitoral - Fl\u00e1vio Braga\" \/>\n<meta property=\"og:description\" content=\"O Senado Federal constitui ontem (8) um grupo de especialistas com a incumb\u00eancia especial de promover a atualiza\u00e7\u00e3o do velho [&hellip;]\" \/>\n<meta property=\"og:url\" content=\"https:\/\/www.blogsoestado.com\/flaviobraga\/senado-cria-comissao-para-a-reforma-do-codigo-eleitoral\/\" \/>\n<meta property=\"og:site_name\" content=\"Fl\u00e1vio Braga\" \/>\n<meta property=\"article:published_time\" content=\"2010-06-09T17:34:04+00:00\" \/>\n<meta name=\"author\" content=\"Flavio Braga\" \/>\n<meta name=\"twitter:card\" content=\"summary_large_image\" \/>\n<meta name=\"twitter:label1\" content=\"Escrito por\" \/>\n\t<meta name=\"twitter:data1\" content=\"Flavio Braga\" \/>\n\t<meta name=\"twitter:label2\" content=\"Est. tempo de leitura\" \/>\n\t<meta name=\"twitter:data2\" content=\"1 minuto\" \/>\n<script type=\"application\/ld+json\" class=\"yoast-schema-graph\">{\"@context\":\"https:\/\/schema.org\",\"@graph\":[{\"@type\":\"WebPage\",\"@id\":\"https:\/\/www.blogsoestado.com\/flaviobraga\/senado-cria-comissao-para-a-reforma-do-codigo-eleitoral\/\",\"url\":\"https:\/\/www.blogsoestado.com\/flaviobraga\/senado-cria-comissao-para-a-reforma-do-codigo-eleitoral\/\",\"name\":\"Senado cria Comiss\u00e3o para a Reforma do C\u00f3digo Eleitoral - Fl\u00e1vio Braga\",\"isPartOf\":{\"@id\":\"https:\/\/www.blogsoestado.com\/flaviobraga\/#website\"},\"datePublished\":\"2010-06-09T17:34:04+00:00\",\"author\":{\"@id\":\"https:\/\/www.blogsoestado.com\/flaviobraga\/#\/schema\/person\/6c6c778331775c757a82d15206bd8733\"},\"breadcrumb\":{\"@id\":\"https:\/\/www.blogsoestado.com\/flaviobraga\/senado-cria-comissao-para-a-reforma-do-codigo-eleitoral\/#breadcrumb\"},\"inLanguage\":\"pt-BR\",\"potentialAction\":[{\"@type\":\"ReadAction\",\"target\":[\"https:\/\/www.blogsoestado.com\/flaviobraga\/senado-cria-comissao-para-a-reforma-do-codigo-eleitoral\/\"]}]},{\"@type\":\"BreadcrumbList\",\"@id\":\"https:\/\/www.blogsoestado.com\/flaviobraga\/senado-cria-comissao-para-a-reforma-do-codigo-eleitoral\/#breadcrumb\",\"itemListElement\":[{\"@type\":\"ListItem\",\"position\":1,\"name\":\"In\u00edcio\",\"item\":\"https:\/\/www.blogsoestado.com\/flaviobraga\/\"},{\"@type\":\"ListItem\",\"position\":2,\"name\":\"Senado cria Comiss\u00e3o para a Reforma do C\u00f3digo Eleitoral\"}]},{\"@type\":\"WebSite\",\"@id\":\"https:\/\/www.blogsoestado.com\/flaviobraga\/#website\",\"url\":\"https:\/\/www.blogsoestado.com\/flaviobraga\/\",\"name\":\"Fl\u00e1vio Braga\",\"description\":\"\",\"potentialAction\":[{\"@type\":\"SearchAction\",\"target\":{\"@type\":\"EntryPoint\",\"urlTemplate\":\"https:\/\/www.blogsoestado.com\/flaviobraga\/?s={search_term_string}\"},\"query-input\":{\"@type\":\"PropertyValueSpecification\",\"valueRequired\":true,\"valueName\":\"search_term_string\"}}],\"inLanguage\":\"pt-BR\"},{\"@type\":\"Person\",\"@id\":\"https:\/\/www.blogsoestado.com\/flaviobraga\/#\/schema\/person\/6c6c778331775c757a82d15206bd8733\",\"name\":\"Flavio Braga\",\"image\":{\"@type\":\"ImageObject\",\"inLanguage\":\"pt-BR\",\"@id\":\"https:\/\/www.blogsoestado.com\/flaviobraga\/#\/schema\/person\/image\/\",\"url\":\"https:\/\/secure.gravatar.com\/avatar\/ab173937dad8d78195c87778be8a0285d069ede375ce0ae24aac1cf8e58ccb2c?s=96&d=mm&r=g\",\"contentUrl\":\"https:\/\/secure.gravatar.com\/avatar\/ab173937dad8d78195c87778be8a0285d069ede375ce0ae24aac1cf8e58ccb2c?s=96&d=mm&r=g\",\"caption\":\"Flavio Braga\"},\"url\":\"https:\/\/www.blogsoestado.com\/flaviobraga\/author\/flaviobraga\/\"}]}<\/script>\n<!-- \/ Yoast SEO plugin. -->","yoast_head_json":{"title":"Senado cria Comiss\u00e3o para a Reforma do C\u00f3digo Eleitoral - Fl\u00e1vio Braga","robots":{"index":"index","follow":"follow","max-snippet":"max-snippet:-1","max-image-preview":"max-image-preview:large","max-video-preview":"max-video-preview:-1"},"canonical":"https:\/\/www.blogsoestado.com\/flaviobraga\/senado-cria-comissao-para-a-reforma-do-codigo-eleitoral\/","og_locale":"pt_BR","og_type":"article","og_title":"Senado cria Comiss\u00e3o para a Reforma do C\u00f3digo Eleitoral - Fl\u00e1vio Braga","og_description":"O Senado Federal constitui ontem (8) um grupo de especialistas com a incumb\u00eancia especial de promover a atualiza\u00e7\u00e3o do velho [&hellip;]","og_url":"https:\/\/www.blogsoestado.com\/flaviobraga\/senado-cria-comissao-para-a-reforma-do-codigo-eleitoral\/","og_site_name":"Fl\u00e1vio Braga","article_published_time":"2010-06-09T17:34:04+00:00","author":"Flavio Braga","twitter_card":"summary_large_image","twitter_misc":{"Escrito por":"Flavio Braga","Est. tempo de leitura":"1 minuto"},"schema":{"@context":"https:\/\/schema.org","@graph":[{"@type":"WebPage","@id":"https:\/\/www.blogsoestado.com\/flaviobraga\/senado-cria-comissao-para-a-reforma-do-codigo-eleitoral\/","url":"https:\/\/www.blogsoestado.com\/flaviobraga\/senado-cria-comissao-para-a-reforma-do-codigo-eleitoral\/","name":"Senado cria Comiss\u00e3o para a Reforma do C\u00f3digo Eleitoral - Fl\u00e1vio Braga","isPartOf":{"@id":"https:\/\/www.blogsoestado.com\/flaviobraga\/#website"},"datePublished":"2010-06-09T17:34:04+00:00","author":{"@id":"https:\/\/www.blogsoestado.com\/flaviobraga\/#\/schema\/person\/6c6c778331775c757a82d15206bd8733"},"breadcrumb":{"@id":"https:\/\/www.blogsoestado.com\/flaviobraga\/senado-cria-comissao-para-a-reforma-do-codigo-eleitoral\/#breadcrumb"},"inLanguage":"pt-BR","potentialAction":[{"@type":"ReadAction","target":["https:\/\/www.blogsoestado.com\/flaviobraga\/senado-cria-comissao-para-a-reforma-do-codigo-eleitoral\/"]}]},{"@type":"BreadcrumbList","@id":"https:\/\/www.blogsoestado.com\/flaviobraga\/senado-cria-comissao-para-a-reforma-do-codigo-eleitoral\/#breadcrumb","itemListElement":[{"@type":"ListItem","position":1,"name":"In\u00edcio","item":"https:\/\/www.blogsoestado.com\/flaviobraga\/"},{"@type":"ListItem","position":2,"name":"Senado cria Comiss\u00e3o para a Reforma do C\u00f3digo Eleitoral"}]},{"@type":"WebSite","@id":"https:\/\/www.blogsoestado.com\/flaviobraga\/#website","url":"https:\/\/www.blogsoestado.com\/flaviobraga\/","name":"Fl\u00e1vio Braga","description":"","potentialAction":[{"@type":"SearchAction","target":{"@type":"EntryPoint","urlTemplate":"https:\/\/www.blogsoestado.com\/flaviobraga\/?s={search_term_string}"},"query-input":{"@type":"PropertyValueSpecification","valueRequired":true,"valueName":"search_term_string"}}],"inLanguage":"pt-BR"},{"@type":"Person","@id":"https:\/\/www.blogsoestado.com\/flaviobraga\/#\/schema\/person\/6c6c778331775c757a82d15206bd8733","name":"Flavio Braga","image":{"@type":"ImageObject","inLanguage":"pt-BR","@id":"https:\/\/www.blogsoestado.com\/flaviobraga\/#\/schema\/person\/image\/","url":"https:\/\/secure.gravatar.com\/avatar\/ab173937dad8d78195c87778be8a0285d069ede375ce0ae24aac1cf8e58ccb2c?s=96&d=mm&r=g","contentUrl":"https:\/\/secure.gravatar.com\/avatar\/ab173937dad8d78195c87778be8a0285d069ede375ce0ae24aac1cf8e58ccb2c?s=96&d=mm&r=g","caption":"Flavio Braga"},"url":"https:\/\/www.blogsoestado.com\/flaviobraga\/author\/flaviobraga\/"}]}},"jetpack_featured_media_url":"","_links":{"self":[{"href":"https:\/\/www.blogsoestado.com\/flaviobraga\/wp-json\/wp\/v2\/posts\/238","targetHints":{"allow":["GET"]}}],"collection":[{"href":"https:\/\/www.blogsoestado.com\/flaviobraga\/wp-json\/wp\/v2\/posts"}],"about":[{"href":"https:\/\/www.blogsoestado.com\/flaviobraga\/wp-json\/wp\/v2\/types\/post"}],"author":[{"embeddable":true,"href":"https:\/\/www.blogsoestado.com\/flaviobraga\/wp-json\/wp\/v2\/users\/8"}],"replies":[{"embeddable":true,"href":"https:\/\/www.blogsoestado.com\/flaviobraga\/wp-json\/wp\/v2\/comments?post=238"}],"version-history":[{"count":0,"href":"https:\/\/www.blogsoestado.com\/flaviobraga\/wp-json\/wp\/v2\/posts\/238\/revisions"}],"wp:attachment":[{"href":"https:\/\/www.blogsoestado.com\/flaviobraga\/wp-json\/wp\/v2\/media?parent=238"}],"wp:term":[{"taxonomy":"category","embeddable":true,"href":"https:\/\/www.blogsoestado.com\/flaviobraga\/wp-json\/wp\/v2\/categories?post=238"},{"taxonomy":"post_tag","embeddable":true,"href":"https:\/\/www.blogsoestado.com\/flaviobraga\/wp-json\/wp\/v2\/tags?post=238"}],"curies":[{"name":"wp","href":"https:\/\/api.w.org\/{rel}","templated":true}]}}