{"id":2395,"date":"2014-01-23T10:20:05","date_gmt":"2014-01-23T13:20:05","guid":{"rendered":"https:\/\/www.blogsoestado.com\/flaviobraga\/?p=2395"},"modified":"2014-01-23T10:20:05","modified_gmt":"2014-01-23T13:20:05","slug":"lei-da-ficha-limpa-sera-aplicada-nas-eleicoes-gerais-pela-primeira-vez","status":"publish","type":"post","link":"https:\/\/www.blogsoestado.com\/flaviobraga\/lei-da-ficha-limpa-sera-aplicada-nas-eleicoes-gerais-pela-primeira-vez\/","title":{"rendered":"Lei da Ficha Limpa ser\u00e1 aplicada nas elei\u00e7\u00f5es gerais pela primeira vez"},"content":{"rendered":"<p align=\"JUSTIFY\"><span style=\"color: #000000\"><span style=\"font-family: Times New Roman,serif\"><span style=\"font-size: medium\">Resultado de ampla mobiliza\u00e7\u00e3o popular e aprovada pelo Congresso Nacional em 2010, a Lei da Ficha Limpa (Lei Complementar n\u00ba 135\/2010) ser\u00e1 pela primeira vez aplicada em uma elei\u00e7\u00e3o geral, a de 2014. A Lei da Ficha Limpa foi sancionada no dia 4 de junho de 2010 e fortaleceu as puni\u00e7\u00f5es aos cidad\u00e3os e candidatos que burlaram a lisura e a \u00e9tica das elei\u00e7\u00f5es ou que tenham contra si determinadas condena\u00e7\u00f5es na esfera eleitoral, administrativa ou criminal. <\/span><\/span><\/span><\/p>\n<p align=\"JUSTIFY\">\u00a0<span style=\"color: #000000\"><span style=\"font-family: Times New Roman,serif\"><span style=\"font-size: medium\">A lei disp\u00f5e de 14 hip\u00f3teses de inelegibilidades que sujeitam aqueles que nelas se enquadram a oito anos de afastamento das urnas como candidatos. A proposta foi aprovada pelo Congresso Nacional ap\u00f3s receber as assinaturas de 1,3 milh\u00e3o de brasileiros em apoio \u00e0s novas regras.<\/span><\/span><\/span><\/p>\n<p align=\"JUSTIFY\">\u00a0<span style=\"color: #000000\"><span style=\"font-family: Times New Roman,serif\"><span style=\"font-size: medium\">A hist\u00f3ria da elabora\u00e7\u00e3o da lei come\u00e7ou, na verdade, dois anos e dois meses antes da san\u00e7\u00e3o da norma, com o lan\u00e7amento de campanha popular de igual nome em abril de 2008. A campanha teve como finalidade aprimorar o perfil dos candidatos a cargos eletivos, estimulando os eleitores a conhecer a vida pregressa dos pol\u00edticos. <\/span><\/span><\/span><\/p>\n<p align=\"JUSTIFY\">\u00a0<span style=\"color: #000000\"><span style=\"font-family: Times New Roman,serif\"><span style=\"font-size: medium\">As inelegibilidades da Lei da Ficha Limpa, que punem quem comete ilicitudes foram introduzidas no inciso I do artigo 1\u00ba da Lei de Inelegibilidades (Lei Complementar n\u00ba 64\/90) na forma de al\u00edneas.<\/span><\/span><\/span><\/p>\n<p align=\"JUSTIFY\">\u00a0<span style=\"color: #000000\"><span style=\"font-family: Times New Roman,serif\"><span style=\"font-size: medium\"><b>Validade<\/b><\/span><\/span><\/span><\/p>\n<p align=\"JUSTIFY\"><span style=\"color: #000000\"><span style=\"font-family: Times New Roman,serif\"><span style=\"font-size: medium\">A Lei da Ficha Limpa come\u00e7ou a vigorar no dia 7 de junho de 2010, data de sua publica\u00e7\u00e3o no Di\u00e1rio Oficial da Uni\u00e3o, mas somente passou a ser aplicada nas elei\u00e7\u00f5es municipais de 2012. Por ocasi\u00e3o de sua aprova\u00e7\u00e3o, houve grande discuss\u00e3o sobre quando a lei deveria passar a valer, em raz\u00e3o do artigo 16 da Constitui\u00e7\u00e3o Federal. O dispositivo estabelece que normas que modificam o processo eleitoral s\u00f3 podem ser aplicadas um ano ap\u00f3s a sua vig\u00eancia.\u00a0\u00a0<\/span><\/span><\/span><\/p>\n<p align=\"JUSTIFY\">\u00a0<span style=\"color: #000000\"><span style=\"font-family: Times New Roman,serif\"><span style=\"font-size: medium\">O Tribunal Superior Eleitoral (TSE) decidiu, em agosto de 2010, que a lei seria aplic\u00e1vel \u00e0s elei\u00e7\u00f5es gerais daquele ano, apesar de ter sido publicada menos de um ano antes da data do pleito. O Tribunal tomou a decis\u00e3o ao analisar o primeiro caso sobre indeferimento de um registro de candidatura com base em inelegibilidade da Lei da Ficha Limpa. Por\u00e9m, o Supremo Tribunal Federal (STF) definiu que a lei n\u00e3o poderia ser adotada para as elei\u00e7\u00f5es gerais de 2010, porque isso desrespeitaria o artigo 16 da Constitui\u00e7\u00e3o.<\/span><\/span><\/span><\/p>\n<p align=\"JUSTIFY\">\u00a0<span style=\"color: #000000\"><span style=\"font-family: Times New Roman,serif\"><span style=\"font-size: medium\">J\u00e1 em fevereiro de 2012, o STF decidiu, ao examinar duas a\u00e7\u00f5es, que a Lei da Ficha Limpa era constitucional e valia para as elei\u00e7\u00f5es municipais daquele ano. Com base nesse entendimento, a Justi\u00e7a Eleitoral julgou milhares de processos referentes a candidatos apontados como ineleg\u00edveis de acordo com a lei. Dos 7.781 processos sobre registros de candidatura que chegaram ao TSE sobre as elei\u00e7\u00f5es de 2012, 3.366 dos recursos tratavam da Lei da Ficha Limpa, o que corresponde a 43% do total.\u00a0\u00a0\u00a0<\/span><\/span><\/span><\/p>\n","protected":false},"excerpt":{"rendered":"<p>Resultado de ampla mobiliza\u00e7\u00e3o popular e aprovada pelo Congresso Nacional em 2010, a Lei da Ficha Limpa (Lei Complementar n\u00ba [&hellip;]<\/p>\n","protected":false},"author":8,"featured_media":0,"comment_status":"open","ping_status":"open","sticky":false,"template":"","format":"standard","meta":{"site-sidebar-layout":"default","site-content-layout":"","ast-site-content-layout":"default","site-content-style":"default","site-sidebar-style":"default","ast-global-header-display":"","ast-banner-title-visibility":"","ast-main-header-display":"","ast-hfb-above-header-display":"","ast-hfb-below-header-display":"","ast-hfb-mobile-header-display":"","site-post-title":"","ast-breadcrumbs-content":"","ast-featured-img":"","footer-sml-layout":"","ast-disable-related-posts":"","theme-transparent-header-meta":"","adv-header-id-meta":"","stick-header-meta":"","header-above-stick-meta":"","header-main-stick-meta":"","header-below-stick-meta":"","astra-migrate-meta-layouts":"default","ast-page-background-enabled":"default","ast-page-background-meta":{"desktop":{"background-color":"var(--ast-global-color-5)","background-image":"","background-repeat":"repeat","background-position":"center center","background-size":"auto","background-attachment":"scroll","background-type":"","background-media":"","overlay-type":"","overlay-color":"","overlay-opacity":"","overlay-gradient":""},"tablet":{"background-color":"","background-image":"","background-repeat":"repeat","background-position":"center center","background-size":"auto","background-attachment":"scroll","background-type":"","background-media":"","overlay-type":"","overlay-color":"","overlay-opacity":"","overlay-gradient":""},"mobile":{"background-color":"","background-image":"","background-repeat":"repeat","background-position":"center center","background-size":"auto","background-attachment":"scroll","background-type":"","background-media":"","overlay-type":"","overlay-color":"","overlay-opacity":"","overlay-gradient":""}},"ast-content-background-meta":{"desktop":{"background-color":"var(--ast-global-color-4)","background-image":"","background-repeat":"repeat","background-position":"center center","background-size":"auto","background-attachment":"scroll","background-type":"","background-media":"","overlay-type":"","overlay-color":"","overlay-opacity":"","overlay-gradient":""},"tablet":{"background-color":"var(--ast-global-color-4)","background-image":"","background-repeat":"repeat","background-position":"center center","background-size":"auto","background-attachment":"scroll","background-type":"","background-media":"","overlay-type":"","overlay-color":"","overlay-opacity":"","overlay-gradient":""},"mobile":{"background-color":"var(--ast-global-color-4)","background-image":"","background-repeat":"repeat","background-position":"center center","background-size":"auto","background-attachment":"scroll","background-type":"","background-media":"","overlay-type":"","overlay-color":"","overlay-opacity":"","overlay-gradient":""}},"footnotes":""},"categories":[1],"tags":[],"class_list":["post-2395","post","type-post","status-publish","format-standard","hentry","category-sem-categoria"],"yoast_head":"<!-- This site is optimized with the Yoast SEO plugin v26.6 - https:\/\/yoast.com\/wordpress\/plugins\/seo\/ -->\n<title>Lei da Ficha Limpa ser\u00e1 aplicada nas elei\u00e7\u00f5es gerais pela primeira vez - Fl\u00e1vio Braga<\/title>\n<meta name=\"robots\" content=\"index, follow, max-snippet:-1, max-image-preview:large, max-video-preview:-1\" \/>\n<link rel=\"canonical\" href=\"https:\/\/www.blogsoestado.com\/flaviobraga\/lei-da-ficha-limpa-sera-aplicada-nas-eleicoes-gerais-pela-primeira-vez\/\" \/>\n<meta property=\"og:locale\" content=\"pt_BR\" \/>\n<meta property=\"og:type\" content=\"article\" \/>\n<meta property=\"og:title\" content=\"Lei da Ficha Limpa ser\u00e1 aplicada nas elei\u00e7\u00f5es gerais pela primeira vez - Fl\u00e1vio Braga\" \/>\n<meta property=\"og:description\" content=\"Resultado de ampla mobiliza\u00e7\u00e3o popular e aprovada pelo Congresso Nacional em 2010, a Lei da Ficha Limpa (Lei Complementar n\u00ba [&hellip;]\" \/>\n<meta property=\"og:url\" content=\"https:\/\/www.blogsoestado.com\/flaviobraga\/lei-da-ficha-limpa-sera-aplicada-nas-eleicoes-gerais-pela-primeira-vez\/\" \/>\n<meta property=\"og:site_name\" content=\"Fl\u00e1vio Braga\" \/>\n<meta property=\"article:published_time\" content=\"2014-01-23T13:20:05+00:00\" \/>\n<meta name=\"author\" content=\"Flavio Braga\" \/>\n<meta name=\"twitter:card\" content=\"summary_large_image\" \/>\n<meta name=\"twitter:label1\" content=\"Escrito por\" \/>\n\t<meta name=\"twitter:data1\" content=\"Flavio Braga\" \/>\n\t<meta name=\"twitter:label2\" content=\"Est. tempo de leitura\" \/>\n\t<meta name=\"twitter:data2\" content=\"2 minutos\" \/>\n<script type=\"application\/ld+json\" class=\"yoast-schema-graph\">{\"@context\":\"https:\/\/schema.org\",\"@graph\":[{\"@type\":\"WebPage\",\"@id\":\"https:\/\/www.blogsoestado.com\/flaviobraga\/lei-da-ficha-limpa-sera-aplicada-nas-eleicoes-gerais-pela-primeira-vez\/\",\"url\":\"https:\/\/www.blogsoestado.com\/flaviobraga\/lei-da-ficha-limpa-sera-aplicada-nas-eleicoes-gerais-pela-primeira-vez\/\",\"name\":\"Lei da Ficha Limpa ser\u00e1 aplicada nas elei\u00e7\u00f5es gerais pela primeira vez - Fl\u00e1vio Braga\",\"isPartOf\":{\"@id\":\"https:\/\/www.blogsoestado.com\/flaviobraga\/#website\"},\"datePublished\":\"2014-01-23T13:20:05+00:00\",\"author\":{\"@id\":\"https:\/\/www.blogsoestado.com\/flaviobraga\/#\/schema\/person\/6c6c778331775c757a82d15206bd8733\"},\"breadcrumb\":{\"@id\":\"https:\/\/www.blogsoestado.com\/flaviobraga\/lei-da-ficha-limpa-sera-aplicada-nas-eleicoes-gerais-pela-primeira-vez\/#breadcrumb\"},\"inLanguage\":\"pt-BR\",\"potentialAction\":[{\"@type\":\"ReadAction\",\"target\":[\"https:\/\/www.blogsoestado.com\/flaviobraga\/lei-da-ficha-limpa-sera-aplicada-nas-eleicoes-gerais-pela-primeira-vez\/\"]}]},{\"@type\":\"BreadcrumbList\",\"@id\":\"https:\/\/www.blogsoestado.com\/flaviobraga\/lei-da-ficha-limpa-sera-aplicada-nas-eleicoes-gerais-pela-primeira-vez\/#breadcrumb\",\"itemListElement\":[{\"@type\":\"ListItem\",\"position\":1,\"name\":\"In\u00edcio\",\"item\":\"https:\/\/www.blogsoestado.com\/flaviobraga\/\"},{\"@type\":\"ListItem\",\"position\":2,\"name\":\"Lei da Ficha Limpa ser\u00e1 aplicada nas elei\u00e7\u00f5es gerais pela primeira vez\"}]},{\"@type\":\"WebSite\",\"@id\":\"https:\/\/www.blogsoestado.com\/flaviobraga\/#website\",\"url\":\"https:\/\/www.blogsoestado.com\/flaviobraga\/\",\"name\":\"Fl\u00e1vio Braga\",\"description\":\"\",\"potentialAction\":[{\"@type\":\"SearchAction\",\"target\":{\"@type\":\"EntryPoint\",\"urlTemplate\":\"https:\/\/www.blogsoestado.com\/flaviobraga\/?s={search_term_string}\"},\"query-input\":{\"@type\":\"PropertyValueSpecification\",\"valueRequired\":true,\"valueName\":\"search_term_string\"}}],\"inLanguage\":\"pt-BR\"},{\"@type\":\"Person\",\"@id\":\"https:\/\/www.blogsoestado.com\/flaviobraga\/#\/schema\/person\/6c6c778331775c757a82d15206bd8733\",\"name\":\"Flavio Braga\",\"image\":{\"@type\":\"ImageObject\",\"inLanguage\":\"pt-BR\",\"@id\":\"https:\/\/www.blogsoestado.com\/flaviobraga\/#\/schema\/person\/image\/\",\"url\":\"https:\/\/secure.gravatar.com\/avatar\/ab173937dad8d78195c87778be8a0285d069ede375ce0ae24aac1cf8e58ccb2c?s=96&d=mm&r=g\",\"contentUrl\":\"https:\/\/secure.gravatar.com\/avatar\/ab173937dad8d78195c87778be8a0285d069ede375ce0ae24aac1cf8e58ccb2c?s=96&d=mm&r=g\",\"caption\":\"Flavio Braga\"},\"url\":\"https:\/\/www.blogsoestado.com\/flaviobraga\/author\/flaviobraga\/\"}]}<\/script>\n<!-- \/ Yoast SEO plugin. -->","yoast_head_json":{"title":"Lei da Ficha Limpa ser\u00e1 aplicada nas elei\u00e7\u00f5es gerais pela primeira vez - Fl\u00e1vio Braga","robots":{"index":"index","follow":"follow","max-snippet":"max-snippet:-1","max-image-preview":"max-image-preview:large","max-video-preview":"max-video-preview:-1"},"canonical":"https:\/\/www.blogsoestado.com\/flaviobraga\/lei-da-ficha-limpa-sera-aplicada-nas-eleicoes-gerais-pela-primeira-vez\/","og_locale":"pt_BR","og_type":"article","og_title":"Lei da Ficha Limpa ser\u00e1 aplicada nas elei\u00e7\u00f5es gerais pela primeira vez - Fl\u00e1vio Braga","og_description":"Resultado de ampla mobiliza\u00e7\u00e3o popular e aprovada pelo Congresso Nacional em 2010, a Lei da Ficha Limpa (Lei Complementar n\u00ba [&hellip;]","og_url":"https:\/\/www.blogsoestado.com\/flaviobraga\/lei-da-ficha-limpa-sera-aplicada-nas-eleicoes-gerais-pela-primeira-vez\/","og_site_name":"Fl\u00e1vio Braga","article_published_time":"2014-01-23T13:20:05+00:00","author":"Flavio Braga","twitter_card":"summary_large_image","twitter_misc":{"Escrito por":"Flavio Braga","Est. tempo de leitura":"2 minutos"},"schema":{"@context":"https:\/\/schema.org","@graph":[{"@type":"WebPage","@id":"https:\/\/www.blogsoestado.com\/flaviobraga\/lei-da-ficha-limpa-sera-aplicada-nas-eleicoes-gerais-pela-primeira-vez\/","url":"https:\/\/www.blogsoestado.com\/flaviobraga\/lei-da-ficha-limpa-sera-aplicada-nas-eleicoes-gerais-pela-primeira-vez\/","name":"Lei da Ficha Limpa ser\u00e1 aplicada nas elei\u00e7\u00f5es gerais pela primeira vez - Fl\u00e1vio Braga","isPartOf":{"@id":"https:\/\/www.blogsoestado.com\/flaviobraga\/#website"},"datePublished":"2014-01-23T13:20:05+00:00","author":{"@id":"https:\/\/www.blogsoestado.com\/flaviobraga\/#\/schema\/person\/6c6c778331775c757a82d15206bd8733"},"breadcrumb":{"@id":"https:\/\/www.blogsoestado.com\/flaviobraga\/lei-da-ficha-limpa-sera-aplicada-nas-eleicoes-gerais-pela-primeira-vez\/#breadcrumb"},"inLanguage":"pt-BR","potentialAction":[{"@type":"ReadAction","target":["https:\/\/www.blogsoestado.com\/flaviobraga\/lei-da-ficha-limpa-sera-aplicada-nas-eleicoes-gerais-pela-primeira-vez\/"]}]},{"@type":"BreadcrumbList","@id":"https:\/\/www.blogsoestado.com\/flaviobraga\/lei-da-ficha-limpa-sera-aplicada-nas-eleicoes-gerais-pela-primeira-vez\/#breadcrumb","itemListElement":[{"@type":"ListItem","position":1,"name":"In\u00edcio","item":"https:\/\/www.blogsoestado.com\/flaviobraga\/"},{"@type":"ListItem","position":2,"name":"Lei da Ficha Limpa ser\u00e1 aplicada nas elei\u00e7\u00f5es gerais pela primeira vez"}]},{"@type":"WebSite","@id":"https:\/\/www.blogsoestado.com\/flaviobraga\/#website","url":"https:\/\/www.blogsoestado.com\/flaviobraga\/","name":"Fl\u00e1vio Braga","description":"","potentialAction":[{"@type":"SearchAction","target":{"@type":"EntryPoint","urlTemplate":"https:\/\/www.blogsoestado.com\/flaviobraga\/?s={search_term_string}"},"query-input":{"@type":"PropertyValueSpecification","valueRequired":true,"valueName":"search_term_string"}}],"inLanguage":"pt-BR"},{"@type":"Person","@id":"https:\/\/www.blogsoestado.com\/flaviobraga\/#\/schema\/person\/6c6c778331775c757a82d15206bd8733","name":"Flavio Braga","image":{"@type":"ImageObject","inLanguage":"pt-BR","@id":"https:\/\/www.blogsoestado.com\/flaviobraga\/#\/schema\/person\/image\/","url":"https:\/\/secure.gravatar.com\/avatar\/ab173937dad8d78195c87778be8a0285d069ede375ce0ae24aac1cf8e58ccb2c?s=96&d=mm&r=g","contentUrl":"https:\/\/secure.gravatar.com\/avatar\/ab173937dad8d78195c87778be8a0285d069ede375ce0ae24aac1cf8e58ccb2c?s=96&d=mm&r=g","caption":"Flavio Braga"},"url":"https:\/\/www.blogsoestado.com\/flaviobraga\/author\/flaviobraga\/"}]}},"jetpack_featured_media_url":"","_links":{"self":[{"href":"https:\/\/www.blogsoestado.com\/flaviobraga\/wp-json\/wp\/v2\/posts\/2395","targetHints":{"allow":["GET"]}}],"collection":[{"href":"https:\/\/www.blogsoestado.com\/flaviobraga\/wp-json\/wp\/v2\/posts"}],"about":[{"href":"https:\/\/www.blogsoestado.com\/flaviobraga\/wp-json\/wp\/v2\/types\/post"}],"author":[{"embeddable":true,"href":"https:\/\/www.blogsoestado.com\/flaviobraga\/wp-json\/wp\/v2\/users\/8"}],"replies":[{"embeddable":true,"href":"https:\/\/www.blogsoestado.com\/flaviobraga\/wp-json\/wp\/v2\/comments?post=2395"}],"version-history":[{"count":0,"href":"https:\/\/www.blogsoestado.com\/flaviobraga\/wp-json\/wp\/v2\/posts\/2395\/revisions"}],"wp:attachment":[{"href":"https:\/\/www.blogsoestado.com\/flaviobraga\/wp-json\/wp\/v2\/media?parent=2395"}],"wp:term":[{"taxonomy":"category","embeddable":true,"href":"https:\/\/www.blogsoestado.com\/flaviobraga\/wp-json\/wp\/v2\/categories?post=2395"},{"taxonomy":"post_tag","embeddable":true,"href":"https:\/\/www.blogsoestado.com\/flaviobraga\/wp-json\/wp\/v2\/tags?post=2395"}],"curies":[{"name":"wp","href":"https:\/\/api.w.org\/{rel}","templated":true}]}}