{"id":24,"date":"2010-03-26T10:28:57","date_gmt":"2010-03-26T13:28:57","guid":{"rendered":"https:\/\/www.blogsoestado.com\/flaviobraga\/?p=24"},"modified":"2010-03-26T10:28:57","modified_gmt":"2010-03-26T13:28:57","slug":"juizes-temem-influencia-de-faccoes-criminosas-sobre-o-voto-de-presos-provisorios","status":"publish","type":"post","link":"https:\/\/www.blogsoestado.com\/flaviobraga\/juizes-temem-influencia-de-faccoes-criminosas-sobre-o-voto-de-presos-provisorios\/","title":{"rendered":"Ju\u00edzes temem influ\u00eancia de fac\u00e7\u00f5es criminosas sobre o voto de presos provis\u00f3rios"},"content":{"rendered":"<p><img decoding=\"async\" class=\"alignleft size-full wp-image-25\" src=\"https:\/\/www.blogsoestado.com\/flaviobraga\/files\/2010\/03\/urna1.jpg\" alt=\"urna\" width=\"237\" height=\"193\" \/>Para as elei\u00e7\u00f5es deste ano, o TSE aprovou resolu\u00e7\u00e3o que disp\u00f5e sobre a instala\u00e7\u00e3o de se\u00e7\u00f5es eleitorais especiais em estabelecimentos penais e de interna\u00e7\u00e3o de adolescentes, a fim de ser \u00a0viabilizado o direito de voto aos presos provis\u00f3rios e aos \u00a0adolescentes submetidos a medida socioeducativa de interna\u00e7\u00e3o.<\/p>\n<p>\u00a0As novas regras devem abranger cerca de 150 mil presos provis\u00f3rios e de 15.000 adolescentes internados, em todo o Brasil. Somente no estado de S\u00e3o Paulo existe um quantitativo de 52 mil presos provis\u00f3rios.<\/p>\n<p>\u00a0Os servi\u00e7os eleitorais de alistamento, revis\u00e3o e transfer\u00eancia de domic\u00edlio eleitoral ser\u00e3o realizados pelos servidores da Justi\u00e7a Eleitoral, nos pr\u00f3prios estabelecimentos penais e de interna\u00e7\u00e3o, at\u00e9 o dia 5 de maio.<\/p>\n<p>\u00a0A Constitui\u00e7\u00e3o Federal de 1988 garante o direito de voto a todo cidad\u00e3o maior de 16 anos. Nas elei\u00e7\u00f5es de 2008, 11 estados asseguraram esse direito em algumas penitenci\u00e1rias.<strong><\/strong><\/p>\n<p><strong>\u00a0<\/strong>Todavia, a poss\u00edvel influ\u00eancia de fac\u00e7\u00f5es criminosas na decis\u00e3o do voto dos presos \u00e9 uma apreens\u00e3o compartilhada por diretores de penitenci\u00e1rias e ju\u00edzes, que acreditam ser quase imposs\u00edvel garantir a normalidade eleitoral em estabelecimentos prisionais.<img decoding=\"async\" class=\"alignright size-thumbnail wp-image-26\" src=\"https:\/\/www.blogsoestado.com\/flaviobraga\/files\/2010\/03\/PCC-imagem-150x150.jpg\" alt=\"PCC imagem\" width=\"150\" height=\"150\" \/><\/p>\n<p>\u00a0&#8220;<em>O nosso temor \u00e9 o voto dentro da cadeia. Todo mundo sabe que o dia a dia da maioria das cadeias \u00e9 controlado pelo crime organizado. Nesse cen\u00e1rio, n\u00e3o d\u00e1 para imaginar que o voto do preso esteja imune a esse tipo de press\u00e3o, que \u00e9 brutal<\/em>&#8220;, afirma o desembargador Edison Brand\u00e3o, diretor da Associa\u00e7\u00e3o Paulista de Magistrados.<\/p>\n<p>\u00a0\u00a0&#8220;<em>A interfer\u00eancia de fac\u00e7\u00f5es criminosas \u00e9 poss\u00edvel de acontecer<\/em>&#8220;, diz o juiz Alberto Anderson Filho, do 1\u00ba Tribunal do J\u00fari de S\u00e3o Paulo, respons\u00e1vel pela condena\u00e7\u00e3o de chefes da fac\u00e7\u00e3o criminosa PCC.<\/p>\n<p>\u00a0Com efeito, inobstante os m\u00e9ritos da resolu\u00e7\u00e3o do TSE, o receio dos ju\u00edzes \u00e9 justificado, uma vez que o aliciamento de votos da popula\u00e7\u00e3o carcer\u00e1ria, mediante atos de viol\u00eancia ou grave amea\u00e7a, pode ocasionar at\u00e9 mesmo a elei\u00e7\u00e3o de leg\u00edtimos representantes do crime organizado.<\/p>\n","protected":false},"excerpt":{"rendered":"<p>Para as elei\u00e7\u00f5es deste ano, o TSE aprovou resolu\u00e7\u00e3o que disp\u00f5e sobre a instala\u00e7\u00e3o de se\u00e7\u00f5es eleitorais especiais em estabelecimentos [&hellip;]<\/p>\n","protected":false},"author":8,"featured_media":0,"comment_status":"open","ping_status":"open","sticky":false,"template":"","format":"standard","meta":{"site-sidebar-layout":"default","site-content-layout":"","ast-site-content-layout":"default","site-content-style":"default","site-sidebar-style":"default","ast-global-header-display":"","ast-banner-title-visibility":"","ast-main-header-display":"","ast-hfb-above-header-display":"","ast-hfb-below-header-display":"","ast-hfb-mobile-header-display":"","site-post-title":"","ast-breadcrumbs-content":"","ast-featured-img":"","footer-sml-layout":"","ast-disable-related-posts":"","theme-transparent-header-meta":"","adv-header-id-meta":"","stick-header-meta":"","header-above-stick-meta":"","header-main-stick-meta":"","header-below-stick-meta":"","astra-migrate-meta-layouts":"default","ast-page-background-enabled":"default","ast-page-background-meta":{"desktop":{"background-color":"var(--ast-global-color-5)","background-image":"","background-repeat":"repeat","background-position":"center center","background-size":"auto","background-attachment":"scroll","background-type":"","background-media":"","overlay-type":"","overlay-color":"","overlay-opacity":"","overlay-gradient":""},"tablet":{"background-color":"","background-image":"","background-repeat":"repeat","background-position":"center center","background-size":"auto","background-attachment":"scroll","background-type":"","background-media":"","overlay-type":"","overlay-color":"","overlay-opacity":"","overlay-gradient":""},"mobile":{"background-color":"","background-image":"","background-repeat":"repeat","background-position":"center center","background-size":"auto","background-attachment":"scroll","background-type":"","background-media":"","overlay-type":"","overlay-color":"","overlay-opacity":"","overlay-gradient":""}},"ast-content-background-meta":{"desktop":{"background-color":"var(--ast-global-color-4)","background-image":"","background-repeat":"repeat","background-position":"center center","background-size":"auto","background-attachment":"scroll","background-type":"","background-media":"","overlay-type":"","overlay-color":"","overlay-opacity":"","overlay-gradient":""},"tablet":{"background-color":"var(--ast-global-color-4)","background-image":"","background-repeat":"repeat","background-position":"center center","background-size":"auto","background-attachment":"scroll","background-type":"","background-media":"","overlay-type":"","overlay-color":"","overlay-opacity":"","overlay-gradient":""},"mobile":{"background-color":"var(--ast-global-color-4)","background-image":"","background-repeat":"repeat","background-position":"center center","background-size":"auto","background-attachment":"scroll","background-type":"","background-media":"","overlay-type":"","overlay-color":"","overlay-opacity":"","overlay-gradient":""}},"footnotes":""},"categories":[1],"tags":[],"class_list":["post-24","post","type-post","status-publish","format-standard","hentry","category-sem-categoria"],"yoast_head":"<!-- This site is optimized with the Yoast SEO plugin v26.6 - https:\/\/yoast.com\/wordpress\/plugins\/seo\/ -->\n<title>Ju\u00edzes temem influ\u00eancia de fac\u00e7\u00f5es criminosas sobre o voto de presos provis\u00f3rios - Fl\u00e1vio Braga<\/title>\n<meta name=\"robots\" content=\"index, follow, max-snippet:-1, max-image-preview:large, max-video-preview:-1\" \/>\n<link rel=\"canonical\" href=\"https:\/\/www.blogsoestado.com\/flaviobraga\/juizes-temem-influencia-de-faccoes-criminosas-sobre-o-voto-de-presos-provisorios\/\" \/>\n<meta property=\"og:locale\" content=\"pt_BR\" \/>\n<meta property=\"og:type\" content=\"article\" \/>\n<meta property=\"og:title\" content=\"Ju\u00edzes temem influ\u00eancia de fac\u00e7\u00f5es criminosas sobre o voto de presos provis\u00f3rios - Fl\u00e1vio Braga\" \/>\n<meta property=\"og:description\" content=\"Para as elei\u00e7\u00f5es deste ano, o TSE aprovou resolu\u00e7\u00e3o que disp\u00f5e sobre a instala\u00e7\u00e3o de se\u00e7\u00f5es eleitorais especiais em estabelecimentos [&hellip;]\" \/>\n<meta property=\"og:url\" content=\"https:\/\/www.blogsoestado.com\/flaviobraga\/juizes-temem-influencia-de-faccoes-criminosas-sobre-o-voto-de-presos-provisorios\/\" \/>\n<meta property=\"og:site_name\" content=\"Fl\u00e1vio Braga\" \/>\n<meta property=\"article:published_time\" content=\"2010-03-26T13:28:57+00:00\" \/>\n<meta property=\"og:image\" content=\"https:\/\/www.blogsoestado.com\/flaviobraga\/files\/2010\/03\/urna1.jpg\" \/>\n<meta name=\"author\" content=\"Flavio Braga\" \/>\n<meta name=\"twitter:card\" content=\"summary_large_image\" \/>\n<meta name=\"twitter:label1\" content=\"Escrito por\" \/>\n\t<meta name=\"twitter:data1\" content=\"Flavio Braga\" \/>\n\t<meta name=\"twitter:label2\" content=\"Est. tempo de leitura\" \/>\n\t<meta name=\"twitter:data2\" content=\"2 minutos\" \/>\n<script type=\"application\/ld+json\" class=\"yoast-schema-graph\">{\"@context\":\"https:\/\/schema.org\",\"@graph\":[{\"@type\":\"WebPage\",\"@id\":\"https:\/\/www.blogsoestado.com\/flaviobraga\/juizes-temem-influencia-de-faccoes-criminosas-sobre-o-voto-de-presos-provisorios\/\",\"url\":\"https:\/\/www.blogsoestado.com\/flaviobraga\/juizes-temem-influencia-de-faccoes-criminosas-sobre-o-voto-de-presos-provisorios\/\",\"name\":\"Ju\u00edzes temem influ\u00eancia de fac\u00e7\u00f5es criminosas sobre o voto de presos provis\u00f3rios - Fl\u00e1vio Braga\",\"isPartOf\":{\"@id\":\"https:\/\/www.blogsoestado.com\/flaviobraga\/#website\"},\"primaryImageOfPage\":{\"@id\":\"https:\/\/www.blogsoestado.com\/flaviobraga\/juizes-temem-influencia-de-faccoes-criminosas-sobre-o-voto-de-presos-provisorios\/#primaryimage\"},\"image\":{\"@id\":\"https:\/\/www.blogsoestado.com\/flaviobraga\/juizes-temem-influencia-de-faccoes-criminosas-sobre-o-voto-de-presos-provisorios\/#primaryimage\"},\"thumbnailUrl\":\"https:\/\/www.blogsoestado.com\/flaviobraga\/files\/2010\/03\/urna1.jpg\",\"datePublished\":\"2010-03-26T13:28:57+00:00\",\"author\":{\"@id\":\"https:\/\/www.blogsoestado.com\/flaviobraga\/#\/schema\/person\/6c6c778331775c757a82d15206bd8733\"},\"breadcrumb\":{\"@id\":\"https:\/\/www.blogsoestado.com\/flaviobraga\/juizes-temem-influencia-de-faccoes-criminosas-sobre-o-voto-de-presos-provisorios\/#breadcrumb\"},\"inLanguage\":\"pt-BR\",\"potentialAction\":[{\"@type\":\"ReadAction\",\"target\":[\"https:\/\/www.blogsoestado.com\/flaviobraga\/juizes-temem-influencia-de-faccoes-criminosas-sobre-o-voto-de-presos-provisorios\/\"]}]},{\"@type\":\"ImageObject\",\"inLanguage\":\"pt-BR\",\"@id\":\"https:\/\/www.blogsoestado.com\/flaviobraga\/juizes-temem-influencia-de-faccoes-criminosas-sobre-o-voto-de-presos-provisorios\/#primaryimage\",\"url\":\"https:\/\/www.blogsoestado.com\/flaviobraga\/files\/2010\/03\/urna1.jpg\",\"contentUrl\":\"https:\/\/www.blogsoestado.com\/flaviobraga\/files\/2010\/03\/urna1.jpg\"},{\"@type\":\"BreadcrumbList\",\"@id\":\"https:\/\/www.blogsoestado.com\/flaviobraga\/juizes-temem-influencia-de-faccoes-criminosas-sobre-o-voto-de-presos-provisorios\/#breadcrumb\",\"itemListElement\":[{\"@type\":\"ListItem\",\"position\":1,\"name\":\"In\u00edcio\",\"item\":\"https:\/\/www.blogsoestado.com\/flaviobraga\/\"},{\"@type\":\"ListItem\",\"position\":2,\"name\":\"Ju\u00edzes temem influ\u00eancia de fac\u00e7\u00f5es criminosas sobre o voto de presos provis\u00f3rios\"}]},{\"@type\":\"WebSite\",\"@id\":\"https:\/\/www.blogsoestado.com\/flaviobraga\/#website\",\"url\":\"https:\/\/www.blogsoestado.com\/flaviobraga\/\",\"name\":\"Fl\u00e1vio Braga\",\"description\":\"\",\"potentialAction\":[{\"@type\":\"SearchAction\",\"target\":{\"@type\":\"EntryPoint\",\"urlTemplate\":\"https:\/\/www.blogsoestado.com\/flaviobraga\/?s={search_term_string}\"},\"query-input\":{\"@type\":\"PropertyValueSpecification\",\"valueRequired\":true,\"valueName\":\"search_term_string\"}}],\"inLanguage\":\"pt-BR\"},{\"@type\":\"Person\",\"@id\":\"https:\/\/www.blogsoestado.com\/flaviobraga\/#\/schema\/person\/6c6c778331775c757a82d15206bd8733\",\"name\":\"Flavio Braga\",\"image\":{\"@type\":\"ImageObject\",\"inLanguage\":\"pt-BR\",\"@id\":\"https:\/\/www.blogsoestado.com\/flaviobraga\/#\/schema\/person\/image\/\",\"url\":\"https:\/\/secure.gravatar.com\/avatar\/ab173937dad8d78195c87778be8a0285d069ede375ce0ae24aac1cf8e58ccb2c?s=96&d=mm&r=g\",\"contentUrl\":\"https:\/\/secure.gravatar.com\/avatar\/ab173937dad8d78195c87778be8a0285d069ede375ce0ae24aac1cf8e58ccb2c?s=96&d=mm&r=g\",\"caption\":\"Flavio Braga\"},\"url\":\"https:\/\/www.blogsoestado.com\/flaviobraga\/author\/flaviobraga\/\"}]}<\/script>\n<!-- \/ Yoast SEO plugin. -->","yoast_head_json":{"title":"Ju\u00edzes temem influ\u00eancia de fac\u00e7\u00f5es criminosas sobre o voto de presos provis\u00f3rios - Fl\u00e1vio Braga","robots":{"index":"index","follow":"follow","max-snippet":"max-snippet:-1","max-image-preview":"max-image-preview:large","max-video-preview":"max-video-preview:-1"},"canonical":"https:\/\/www.blogsoestado.com\/flaviobraga\/juizes-temem-influencia-de-faccoes-criminosas-sobre-o-voto-de-presos-provisorios\/","og_locale":"pt_BR","og_type":"article","og_title":"Ju\u00edzes temem influ\u00eancia de fac\u00e7\u00f5es criminosas sobre o voto de presos provis\u00f3rios - Fl\u00e1vio Braga","og_description":"Para as elei\u00e7\u00f5es deste ano, o TSE aprovou resolu\u00e7\u00e3o que disp\u00f5e sobre a instala\u00e7\u00e3o de se\u00e7\u00f5es eleitorais especiais em estabelecimentos [&hellip;]","og_url":"https:\/\/www.blogsoestado.com\/flaviobraga\/juizes-temem-influencia-de-faccoes-criminosas-sobre-o-voto-de-presos-provisorios\/","og_site_name":"Fl\u00e1vio Braga","article_published_time":"2010-03-26T13:28:57+00:00","og_image":[{"url":"https:\/\/www.blogsoestado.com\/flaviobraga\/files\/2010\/03\/urna1.jpg","type":"","width":"","height":""}],"author":"Flavio Braga","twitter_card":"summary_large_image","twitter_misc":{"Escrito por":"Flavio Braga","Est. tempo de leitura":"2 minutos"},"schema":{"@context":"https:\/\/schema.org","@graph":[{"@type":"WebPage","@id":"https:\/\/www.blogsoestado.com\/flaviobraga\/juizes-temem-influencia-de-faccoes-criminosas-sobre-o-voto-de-presos-provisorios\/","url":"https:\/\/www.blogsoestado.com\/flaviobraga\/juizes-temem-influencia-de-faccoes-criminosas-sobre-o-voto-de-presos-provisorios\/","name":"Ju\u00edzes temem influ\u00eancia de fac\u00e7\u00f5es criminosas sobre o voto de presos provis\u00f3rios - Fl\u00e1vio Braga","isPartOf":{"@id":"https:\/\/www.blogsoestado.com\/flaviobraga\/#website"},"primaryImageOfPage":{"@id":"https:\/\/www.blogsoestado.com\/flaviobraga\/juizes-temem-influencia-de-faccoes-criminosas-sobre-o-voto-de-presos-provisorios\/#primaryimage"},"image":{"@id":"https:\/\/www.blogsoestado.com\/flaviobraga\/juizes-temem-influencia-de-faccoes-criminosas-sobre-o-voto-de-presos-provisorios\/#primaryimage"},"thumbnailUrl":"https:\/\/www.blogsoestado.com\/flaviobraga\/files\/2010\/03\/urna1.jpg","datePublished":"2010-03-26T13:28:57+00:00","author":{"@id":"https:\/\/www.blogsoestado.com\/flaviobraga\/#\/schema\/person\/6c6c778331775c757a82d15206bd8733"},"breadcrumb":{"@id":"https:\/\/www.blogsoestado.com\/flaviobraga\/juizes-temem-influencia-de-faccoes-criminosas-sobre-o-voto-de-presos-provisorios\/#breadcrumb"},"inLanguage":"pt-BR","potentialAction":[{"@type":"ReadAction","target":["https:\/\/www.blogsoestado.com\/flaviobraga\/juizes-temem-influencia-de-faccoes-criminosas-sobre-o-voto-de-presos-provisorios\/"]}]},{"@type":"ImageObject","inLanguage":"pt-BR","@id":"https:\/\/www.blogsoestado.com\/flaviobraga\/juizes-temem-influencia-de-faccoes-criminosas-sobre-o-voto-de-presos-provisorios\/#primaryimage","url":"https:\/\/www.blogsoestado.com\/flaviobraga\/files\/2010\/03\/urna1.jpg","contentUrl":"https:\/\/www.blogsoestado.com\/flaviobraga\/files\/2010\/03\/urna1.jpg"},{"@type":"BreadcrumbList","@id":"https:\/\/www.blogsoestado.com\/flaviobraga\/juizes-temem-influencia-de-faccoes-criminosas-sobre-o-voto-de-presos-provisorios\/#breadcrumb","itemListElement":[{"@type":"ListItem","position":1,"name":"In\u00edcio","item":"https:\/\/www.blogsoestado.com\/flaviobraga\/"},{"@type":"ListItem","position":2,"name":"Ju\u00edzes temem influ\u00eancia de fac\u00e7\u00f5es criminosas sobre o voto de presos provis\u00f3rios"}]},{"@type":"WebSite","@id":"https:\/\/www.blogsoestado.com\/flaviobraga\/#website","url":"https:\/\/www.blogsoestado.com\/flaviobraga\/","name":"Fl\u00e1vio Braga","description":"","potentialAction":[{"@type":"SearchAction","target":{"@type":"EntryPoint","urlTemplate":"https:\/\/www.blogsoestado.com\/flaviobraga\/?s={search_term_string}"},"query-input":{"@type":"PropertyValueSpecification","valueRequired":true,"valueName":"search_term_string"}}],"inLanguage":"pt-BR"},{"@type":"Person","@id":"https:\/\/www.blogsoestado.com\/flaviobraga\/#\/schema\/person\/6c6c778331775c757a82d15206bd8733","name":"Flavio Braga","image":{"@type":"ImageObject","inLanguage":"pt-BR","@id":"https:\/\/www.blogsoestado.com\/flaviobraga\/#\/schema\/person\/image\/","url":"https:\/\/secure.gravatar.com\/avatar\/ab173937dad8d78195c87778be8a0285d069ede375ce0ae24aac1cf8e58ccb2c?s=96&d=mm&r=g","contentUrl":"https:\/\/secure.gravatar.com\/avatar\/ab173937dad8d78195c87778be8a0285d069ede375ce0ae24aac1cf8e58ccb2c?s=96&d=mm&r=g","caption":"Flavio Braga"},"url":"https:\/\/www.blogsoestado.com\/flaviobraga\/author\/flaviobraga\/"}]}},"jetpack_featured_media_url":"","_links":{"self":[{"href":"https:\/\/www.blogsoestado.com\/flaviobraga\/wp-json\/wp\/v2\/posts\/24","targetHints":{"allow":["GET"]}}],"collection":[{"href":"https:\/\/www.blogsoestado.com\/flaviobraga\/wp-json\/wp\/v2\/posts"}],"about":[{"href":"https:\/\/www.blogsoestado.com\/flaviobraga\/wp-json\/wp\/v2\/types\/post"}],"author":[{"embeddable":true,"href":"https:\/\/www.blogsoestado.com\/flaviobraga\/wp-json\/wp\/v2\/users\/8"}],"replies":[{"embeddable":true,"href":"https:\/\/www.blogsoestado.com\/flaviobraga\/wp-json\/wp\/v2\/comments?post=24"}],"version-history":[{"count":0,"href":"https:\/\/www.blogsoestado.com\/flaviobraga\/wp-json\/wp\/v2\/posts\/24\/revisions"}],"wp:attachment":[{"href":"https:\/\/www.blogsoestado.com\/flaviobraga\/wp-json\/wp\/v2\/media?parent=24"}],"wp:term":[{"taxonomy":"category","embeddable":true,"href":"https:\/\/www.blogsoestado.com\/flaviobraga\/wp-json\/wp\/v2\/categories?post=24"},{"taxonomy":"post_tag","embeddable":true,"href":"https:\/\/www.blogsoestado.com\/flaviobraga\/wp-json\/wp\/v2\/tags?post=24"}],"curies":[{"name":"wp","href":"https:\/\/api.w.org\/{rel}","templated":true}]}}