{"id":2411,"date":"2014-02-27T13:07:28","date_gmt":"2014-02-27T16:07:28","guid":{"rendered":"https:\/\/www.blogsoestado.com\/flaviobraga\/?p=2411"},"modified":"2014-02-27T13:07:28","modified_gmt":"2014-02-27T16:07:28","slug":"eleitores-de-sao-luis-tem-ate-7-de-maio-para-se-regularizarem","status":"publish","type":"post","link":"https:\/\/www.blogsoestado.com\/flaviobraga\/eleitores-de-sao-luis-tem-ate-7-de-maio-para-se-regularizarem\/","title":{"rendered":"Eleitores de S\u00e3o Lu\u00eds t\u00eam at\u00e9 7 de maio para se regularizarem"},"content":{"rendered":"<p align=\"LEFT\"><span style=\"font-family: Times New Roman,serif\"><span style=\"font-size: medium\">Os eleitores que ainda n\u00e3o realizaram o recadastramento biom\u00e9trico s\u00f3 t\u00eam at\u00e9 o dia 7 de maio para se regularizarem. Para isso, basta que compare\u00e7am de segunda a sexta num dos postos de atendimento instalados no F\u00f3rum Eleitoral (Madre Deus), CSU COHAB, Vivas Cidad\u00e3o (funcionando das 8h30 \u00e0s 17h30) e Shopping S\u00e3o Lu\u00eds (das 10h \u00e0s 20h30).<\/span><\/span><\/p>\n<p align=\"LEFT\">\u00a0<span style=\"color: #000000\"><span style=\"font-family: Times New Roman,serif\"><span style=\"font-size: medium\">Quem preferir pode agendar atendimento ligando para o n\u00famero 0800 098 5000 (Disque Eleitor) ou acessando o endere\u00e7o eletr\u00f4nico\u00a0<\/span><\/span><\/span><a href=\"http:\/\/www.tre-ma.jus.br\/\"><span style=\"color: #0066cc\"><span style=\"font-family: Times New Roman,serif\"><span style=\"font-size: medium\">www.tre-ma.jus.br<\/span><\/span><\/span><\/a><span style=\"color: #000000\"><span style=\"font-family: Times New Roman,serif\"><span style=\"font-size: medium\">. De um total de 678 mil e 70 eleitores, at\u00e9 a sexta-feira (21 de fevereiro) 581.794 j\u00e1 passaram pelo procedimento de coleta de assinatura digital e de foto, al\u00e9m de captura das digitais.<\/span><\/span><\/span><\/p>\n<p align=\"LEFT\">\u00a0<span style=\"color: #000000\"><span style=\"font-family: Times New Roman,serif\"><span style=\"font-size: medium\">O prazo de 7 de maio vale ainda para os eleitores que precisam comunicar \u00e0 Justi\u00e7a Eleitoral a necessidade de atendimento especial no dia da vota\u00e7\u00e3o devido alguma defici\u00eancia ou mobilidade reduzida.\u00a0\u00a0<\/span><\/span><\/span><\/p>\n<p align=\"LEFT\">\u00a0<strong><span style=\"color: #000000\"><span style=\"font-family: Times New Roman,serif\"><span style=\"font-size: medium\"><b>Documenta\u00e7\u00e3o<\/b><\/span><\/span><\/span><\/strong><\/p>\n<p align=\"LEFT\"><span style=\"color: #000000\"><span style=\"font-family: Times New Roman,serif\"><span style=\"font-size: medium\">Os eleitores est\u00e3o dispensados de apresentar c\u00f3pias de documentos de identidade e de comprovante de resid\u00eancia quando forem realizar a revis\u00e3o pelo recadastramento biom\u00e9trico. Basta o original de cada um.<\/span><\/span><\/span><\/p>\n<p align=\"LEFT\"><span style=\"color: #000000\"><span style=\"font-family: Times New Roman,serif\"><span style=\"font-size: medium\">A apresenta\u00e7\u00e3o de originais e c\u00f3pias s\u00f3 \u00e9 obrigat\u00f3ria para realiza\u00e7\u00e3o das opera\u00e7\u00f5es de transfer\u00eancias e inscri\u00e7\u00f5es eleitorais. A prova de domic\u00edlio poder\u00e1 ser realizada ainda por meio de dilig\u00eancia determinada pelo juiz eleitoral respons\u00e1vel a ser cumprida por oficial de justi\u00e7a.<\/span><\/span><\/span><\/p>\n<p align=\"LEFT\"><strong><span style=\"color: #000000\"><span style=\"font-family: Times New Roman,serif\"><span style=\"font-size: medium\">Penalidades<\/span><\/span><\/span><\/strong><\/p>\n<p align=\"LEFT\"><span style=\"color: #000000\"><span style=\"font-family: Times New Roman,serif\"><span style=\"font-size: medium\">Quem n\u00e3o atender ao chamado da Justi\u00e7a Eleitoral ter\u00e1 seu t\u00edtulo cancelado, o que impede a solicita\u00e7\u00e3o de passaporte ou cart\u00e3o do CPF, bem como inscrever-se em concurso p\u00fablico, renovar a matr\u00edcula em estabelecimentos oficiais de ensino e obter empr\u00e9stimos em caixas econ\u00f4micas federais e estaduais.<\/span><\/span><\/span><\/p>\n<p align=\"LEFT\"><span style=\"color: #000000\"><span style=\"font-family: Times New Roman,serif\"><span style=\"font-size: medium\">A Constitui\u00e7\u00e3o Federal prev\u00ea que o alistamento eleitoral e o voto s\u00e3o obrigat\u00f3rios a partir dos 18 anos completos e para os menores de 70 anos. Fora dessa faixa et\u00e1ria o voto \u00e9 facultativo.<\/span><\/span><\/span><\/p>\n","protected":false},"excerpt":{"rendered":"<p>Os eleitores que ainda n\u00e3o realizaram o recadastramento biom\u00e9trico s\u00f3 t\u00eam at\u00e9 o dia 7 de maio para se regularizarem. [&hellip;]<\/p>\n","protected":false},"author":8,"featured_media":0,"comment_status":"open","ping_status":"open","sticky":false,"template":"","format":"standard","meta":{"site-sidebar-layout":"default","site-content-layout":"","ast-site-content-layout":"default","site-content-style":"default","site-sidebar-style":"default","ast-global-header-display":"","ast-banner-title-visibility":"","ast-main-header-display":"","ast-hfb-above-header-display":"","ast-hfb-below-header-display":"","ast-hfb-mobile-header-display":"","site-post-title":"","ast-breadcrumbs-content":"","ast-featured-img":"","footer-sml-layout":"","ast-disable-related-posts":"","theme-transparent-header-meta":"","adv-header-id-meta":"","stick-header-meta":"","header-above-stick-meta":"","header-main-stick-meta":"","header-below-stick-meta":"","astra-migrate-meta-layouts":"default","ast-page-background-enabled":"default","ast-page-background-meta":{"desktop":{"background-color":"var(--ast-global-color-5)","background-image":"","background-repeat":"repeat","background-position":"center center","background-size":"auto","background-attachment":"scroll","background-type":"","background-media":"","overlay-type":"","overlay-color":"","overlay-opacity":"","overlay-gradient":""},"tablet":{"background-color":"","background-image":"","background-repeat":"repeat","background-position":"center center","background-size":"auto","background-attachment":"scroll","background-type":"","background-media":"","overlay-type":"","overlay-color":"","overlay-opacity":"","overlay-gradient":""},"mobile":{"background-color":"","background-image":"","background-repeat":"repeat","background-position":"center center","background-size":"auto","background-attachment":"scroll","background-type":"","background-media":"","overlay-type":"","overlay-color":"","overlay-opacity":"","overlay-gradient":""}},"ast-content-background-meta":{"desktop":{"background-color":"var(--ast-global-color-4)","background-image":"","background-repeat":"repeat","background-position":"center center","background-size":"auto","background-attachment":"scroll","background-type":"","background-media":"","overlay-type":"","overlay-color":"","overlay-opacity":"","overlay-gradient":""},"tablet":{"background-color":"var(--ast-global-color-4)","background-image":"","background-repeat":"repeat","background-position":"center center","background-size":"auto","background-attachment":"scroll","background-type":"","background-media":"","overlay-type":"","overlay-color":"","overlay-opacity":"","overlay-gradient":""},"mobile":{"background-color":"var(--ast-global-color-4)","background-image":"","background-repeat":"repeat","background-position":"center center","background-size":"auto","background-attachment":"scroll","background-type":"","background-media":"","overlay-type":"","overlay-color":"","overlay-opacity":"","overlay-gradient":""}},"footnotes":""},"categories":[1],"tags":[],"class_list":["post-2411","post","type-post","status-publish","format-standard","hentry","category-sem-categoria"],"yoast_head":"<!-- This site is optimized with the Yoast SEO plugin v26.6 - https:\/\/yoast.com\/wordpress\/plugins\/seo\/ -->\n<title>Eleitores de S\u00e3o Lu\u00eds t\u00eam at\u00e9 7 de maio para se regularizarem - Fl\u00e1vio Braga<\/title>\n<meta name=\"robots\" content=\"index, follow, max-snippet:-1, max-image-preview:large, max-video-preview:-1\" \/>\n<link rel=\"canonical\" href=\"https:\/\/www.blogsoestado.com\/flaviobraga\/eleitores-de-sao-luis-tem-ate-7-de-maio-para-se-regularizarem\/\" \/>\n<meta property=\"og:locale\" content=\"pt_BR\" \/>\n<meta property=\"og:type\" content=\"article\" \/>\n<meta property=\"og:title\" content=\"Eleitores de S\u00e3o Lu\u00eds t\u00eam at\u00e9 7 de maio para se regularizarem - Fl\u00e1vio Braga\" \/>\n<meta property=\"og:description\" content=\"Os eleitores que ainda n\u00e3o realizaram o recadastramento biom\u00e9trico s\u00f3 t\u00eam at\u00e9 o dia 7 de maio para se regularizarem. [&hellip;]\" \/>\n<meta property=\"og:url\" content=\"https:\/\/www.blogsoestado.com\/flaviobraga\/eleitores-de-sao-luis-tem-ate-7-de-maio-para-se-regularizarem\/\" \/>\n<meta property=\"og:site_name\" content=\"Fl\u00e1vio Braga\" \/>\n<meta property=\"article:published_time\" content=\"2014-02-27T16:07:28+00:00\" \/>\n<meta name=\"author\" content=\"Flavio Braga\" \/>\n<meta name=\"twitter:card\" content=\"summary_large_image\" \/>\n<meta name=\"twitter:label1\" content=\"Escrito por\" \/>\n\t<meta name=\"twitter:data1\" content=\"Flavio Braga\" \/>\n\t<meta name=\"twitter:label2\" content=\"Est. tempo de leitura\" \/>\n\t<meta name=\"twitter:data2\" content=\"2 minutos\" \/>\n<script type=\"application\/ld+json\" class=\"yoast-schema-graph\">{\"@context\":\"https:\/\/schema.org\",\"@graph\":[{\"@type\":\"WebPage\",\"@id\":\"https:\/\/www.blogsoestado.com\/flaviobraga\/eleitores-de-sao-luis-tem-ate-7-de-maio-para-se-regularizarem\/\",\"url\":\"https:\/\/www.blogsoestado.com\/flaviobraga\/eleitores-de-sao-luis-tem-ate-7-de-maio-para-se-regularizarem\/\",\"name\":\"Eleitores de S\u00e3o Lu\u00eds t\u00eam at\u00e9 7 de maio para se regularizarem - Fl\u00e1vio Braga\",\"isPartOf\":{\"@id\":\"https:\/\/www.blogsoestado.com\/flaviobraga\/#website\"},\"datePublished\":\"2014-02-27T16:07:28+00:00\",\"author\":{\"@id\":\"https:\/\/www.blogsoestado.com\/flaviobraga\/#\/schema\/person\/6c6c778331775c757a82d15206bd8733\"},\"breadcrumb\":{\"@id\":\"https:\/\/www.blogsoestado.com\/flaviobraga\/eleitores-de-sao-luis-tem-ate-7-de-maio-para-se-regularizarem\/#breadcrumb\"},\"inLanguage\":\"pt-BR\",\"potentialAction\":[{\"@type\":\"ReadAction\",\"target\":[\"https:\/\/www.blogsoestado.com\/flaviobraga\/eleitores-de-sao-luis-tem-ate-7-de-maio-para-se-regularizarem\/\"]}]},{\"@type\":\"BreadcrumbList\",\"@id\":\"https:\/\/www.blogsoestado.com\/flaviobraga\/eleitores-de-sao-luis-tem-ate-7-de-maio-para-se-regularizarem\/#breadcrumb\",\"itemListElement\":[{\"@type\":\"ListItem\",\"position\":1,\"name\":\"In\u00edcio\",\"item\":\"https:\/\/www.blogsoestado.com\/flaviobraga\/\"},{\"@type\":\"ListItem\",\"position\":2,\"name\":\"Eleitores de S\u00e3o Lu\u00eds t\u00eam at\u00e9 7 de maio para se regularizarem\"}]},{\"@type\":\"WebSite\",\"@id\":\"https:\/\/www.blogsoestado.com\/flaviobraga\/#website\",\"url\":\"https:\/\/www.blogsoestado.com\/flaviobraga\/\",\"name\":\"Fl\u00e1vio Braga\",\"description\":\"\",\"potentialAction\":[{\"@type\":\"SearchAction\",\"target\":{\"@type\":\"EntryPoint\",\"urlTemplate\":\"https:\/\/www.blogsoestado.com\/flaviobraga\/?s={search_term_string}\"},\"query-input\":{\"@type\":\"PropertyValueSpecification\",\"valueRequired\":true,\"valueName\":\"search_term_string\"}}],\"inLanguage\":\"pt-BR\"},{\"@type\":\"Person\",\"@id\":\"https:\/\/www.blogsoestado.com\/flaviobraga\/#\/schema\/person\/6c6c778331775c757a82d15206bd8733\",\"name\":\"Flavio Braga\",\"image\":{\"@type\":\"ImageObject\",\"inLanguage\":\"pt-BR\",\"@id\":\"https:\/\/www.blogsoestado.com\/flaviobraga\/#\/schema\/person\/image\/\",\"url\":\"https:\/\/secure.gravatar.com\/avatar\/ab173937dad8d78195c87778be8a0285d069ede375ce0ae24aac1cf8e58ccb2c?s=96&d=mm&r=g\",\"contentUrl\":\"https:\/\/secure.gravatar.com\/avatar\/ab173937dad8d78195c87778be8a0285d069ede375ce0ae24aac1cf8e58ccb2c?s=96&d=mm&r=g\",\"caption\":\"Flavio Braga\"},\"url\":\"https:\/\/www.blogsoestado.com\/flaviobraga\/author\/flaviobraga\/\"}]}<\/script>\n<!-- \/ Yoast SEO plugin. -->","yoast_head_json":{"title":"Eleitores de S\u00e3o Lu\u00eds t\u00eam at\u00e9 7 de maio para se regularizarem - Fl\u00e1vio Braga","robots":{"index":"index","follow":"follow","max-snippet":"max-snippet:-1","max-image-preview":"max-image-preview:large","max-video-preview":"max-video-preview:-1"},"canonical":"https:\/\/www.blogsoestado.com\/flaviobraga\/eleitores-de-sao-luis-tem-ate-7-de-maio-para-se-regularizarem\/","og_locale":"pt_BR","og_type":"article","og_title":"Eleitores de S\u00e3o Lu\u00eds t\u00eam at\u00e9 7 de maio para se regularizarem - Fl\u00e1vio Braga","og_description":"Os eleitores que ainda n\u00e3o realizaram o recadastramento biom\u00e9trico s\u00f3 t\u00eam at\u00e9 o dia 7 de maio para se regularizarem. [&hellip;]","og_url":"https:\/\/www.blogsoestado.com\/flaviobraga\/eleitores-de-sao-luis-tem-ate-7-de-maio-para-se-regularizarem\/","og_site_name":"Fl\u00e1vio Braga","article_published_time":"2014-02-27T16:07:28+00:00","author":"Flavio Braga","twitter_card":"summary_large_image","twitter_misc":{"Escrito por":"Flavio Braga","Est. tempo de leitura":"2 minutos"},"schema":{"@context":"https:\/\/schema.org","@graph":[{"@type":"WebPage","@id":"https:\/\/www.blogsoestado.com\/flaviobraga\/eleitores-de-sao-luis-tem-ate-7-de-maio-para-se-regularizarem\/","url":"https:\/\/www.blogsoestado.com\/flaviobraga\/eleitores-de-sao-luis-tem-ate-7-de-maio-para-se-regularizarem\/","name":"Eleitores de S\u00e3o Lu\u00eds t\u00eam at\u00e9 7 de maio para se regularizarem - Fl\u00e1vio Braga","isPartOf":{"@id":"https:\/\/www.blogsoestado.com\/flaviobraga\/#website"},"datePublished":"2014-02-27T16:07:28+00:00","author":{"@id":"https:\/\/www.blogsoestado.com\/flaviobraga\/#\/schema\/person\/6c6c778331775c757a82d15206bd8733"},"breadcrumb":{"@id":"https:\/\/www.blogsoestado.com\/flaviobraga\/eleitores-de-sao-luis-tem-ate-7-de-maio-para-se-regularizarem\/#breadcrumb"},"inLanguage":"pt-BR","potentialAction":[{"@type":"ReadAction","target":["https:\/\/www.blogsoestado.com\/flaviobraga\/eleitores-de-sao-luis-tem-ate-7-de-maio-para-se-regularizarem\/"]}]},{"@type":"BreadcrumbList","@id":"https:\/\/www.blogsoestado.com\/flaviobraga\/eleitores-de-sao-luis-tem-ate-7-de-maio-para-se-regularizarem\/#breadcrumb","itemListElement":[{"@type":"ListItem","position":1,"name":"In\u00edcio","item":"https:\/\/www.blogsoestado.com\/flaviobraga\/"},{"@type":"ListItem","position":2,"name":"Eleitores de S\u00e3o Lu\u00eds t\u00eam at\u00e9 7 de maio para se regularizarem"}]},{"@type":"WebSite","@id":"https:\/\/www.blogsoestado.com\/flaviobraga\/#website","url":"https:\/\/www.blogsoestado.com\/flaviobraga\/","name":"Fl\u00e1vio Braga","description":"","potentialAction":[{"@type":"SearchAction","target":{"@type":"EntryPoint","urlTemplate":"https:\/\/www.blogsoestado.com\/flaviobraga\/?s={search_term_string}"},"query-input":{"@type":"PropertyValueSpecification","valueRequired":true,"valueName":"search_term_string"}}],"inLanguage":"pt-BR"},{"@type":"Person","@id":"https:\/\/www.blogsoestado.com\/flaviobraga\/#\/schema\/person\/6c6c778331775c757a82d15206bd8733","name":"Flavio Braga","image":{"@type":"ImageObject","inLanguage":"pt-BR","@id":"https:\/\/www.blogsoestado.com\/flaviobraga\/#\/schema\/person\/image\/","url":"https:\/\/secure.gravatar.com\/avatar\/ab173937dad8d78195c87778be8a0285d069ede375ce0ae24aac1cf8e58ccb2c?s=96&d=mm&r=g","contentUrl":"https:\/\/secure.gravatar.com\/avatar\/ab173937dad8d78195c87778be8a0285d069ede375ce0ae24aac1cf8e58ccb2c?s=96&d=mm&r=g","caption":"Flavio Braga"},"url":"https:\/\/www.blogsoestado.com\/flaviobraga\/author\/flaviobraga\/"}]}},"jetpack_featured_media_url":"","_links":{"self":[{"href":"https:\/\/www.blogsoestado.com\/flaviobraga\/wp-json\/wp\/v2\/posts\/2411","targetHints":{"allow":["GET"]}}],"collection":[{"href":"https:\/\/www.blogsoestado.com\/flaviobraga\/wp-json\/wp\/v2\/posts"}],"about":[{"href":"https:\/\/www.blogsoestado.com\/flaviobraga\/wp-json\/wp\/v2\/types\/post"}],"author":[{"embeddable":true,"href":"https:\/\/www.blogsoestado.com\/flaviobraga\/wp-json\/wp\/v2\/users\/8"}],"replies":[{"embeddable":true,"href":"https:\/\/www.blogsoestado.com\/flaviobraga\/wp-json\/wp\/v2\/comments?post=2411"}],"version-history":[{"count":0,"href":"https:\/\/www.blogsoestado.com\/flaviobraga\/wp-json\/wp\/v2\/posts\/2411\/revisions"}],"wp:attachment":[{"href":"https:\/\/www.blogsoestado.com\/flaviobraga\/wp-json\/wp\/v2\/media?parent=2411"}],"wp:term":[{"taxonomy":"category","embeddable":true,"href":"https:\/\/www.blogsoestado.com\/flaviobraga\/wp-json\/wp\/v2\/categories?post=2411"},{"taxonomy":"post_tag","embeddable":true,"href":"https:\/\/www.blogsoestado.com\/flaviobraga\/wp-json\/wp\/v2\/tags?post=2411"}],"curies":[{"name":"wp","href":"https:\/\/api.w.org\/{rel}","templated":true}]}}