{"id":2414,"date":"2014-02-27T13:12:29","date_gmt":"2014-02-27T16:12:29","guid":{"rendered":"https:\/\/www.blogsoestado.com\/flaviobraga\/?p=2414"},"modified":"2014-02-27T13:12:29","modified_gmt":"2014-02-27T16:12:29","slug":"joaquim-barbosa-critica-presenca-de-advogados-entre-ministros-do-tse","status":"publish","type":"post","link":"https:\/\/www.blogsoestado.com\/flaviobraga\/joaquim-barbosa-critica-presenca-de-advogados-entre-ministros-do-tse\/","title":{"rendered":"Joaquim Barbosa critica presen\u00e7a de advogados entre ministros do TSE"},"content":{"rendered":"<p align=\"JUSTIFY\"><span style=\"color: #333333\"><span style=\"font-family: Times New Roman,serif\"><span style=\"font-size: medium\">O presidente do\u00a0<\/span><\/span><\/span><a href=\"http:\/\/g1.globo.com\/topico\/supremo-tribunal-federal\/\"><span style=\"color: #a80000\"><span style=\"font-family: Times New Roman,serif\"><span style=\"font-size: medium\"><b>Supremo Tribunal Federal<\/b><\/span><\/span><\/span><\/a><span style=\"color: #333333\"><span style=\"font-family: Times New Roman,serif\"><span style=\"font-size: medium\">(STF) e do Conselho Nacional de Justi\u00e7a (CNJ), ministro Joaquim Barbosa, criticou nesta ter\u00e7a-feira, durante sess\u00e3o do CNJ, a exist\u00eancia de advogados que atuam como ministros ou ju\u00edzes da \u00e1rea eleitoral.<\/span><\/span><\/span><\/p>\n<p align=\"JUSTIFY\">\u00a0<span style=\"color: #333333\"><span style=\"font-family: Times New Roman,serif\"><span style=\"font-size: medium\">Pela regras, quase um ter\u00e7o da composi\u00e7\u00e3o dos Tribunais Regionais Eleitorais (TRE) e do Tribunal Superior Eleitoral (TSE) \u00e9 formada por advogados. Dos sete ministros titulares do TSE, dois s\u00e3o advogados: Henrique Neves e Luciana L\u00f3ssio. Admar Gonzaga \u00e9 suplente.<\/span><\/span><\/span><\/p>\n<p align=\"JUSTIFY\"><span style=\"color: #333333\"><span style=\"font-family: Times New Roman,serif\"><span style=\"font-size: medium\">O CNJ discutia se procuradores da Fazenda podem ser cedidos para atuar como assessores em gabinetes de magistrados, quando<\/span><\/span><\/span><a href=\"http:\/\/g1.globo.com\/topico\/joaquim-barbosa.html\"><span style=\"color: #a80000\"><span style=\"font-family: Times New Roman,serif\"><span style=\"font-size: medium\"><b>Joaquim Barbosa<\/b><\/span><\/span><\/span><\/a><span style=\"color: #333333\"><span style=\"font-family: Times New Roman,serif\"><span style=\"font-size: medium\">\u00a0comparou a situa\u00e7\u00e3o com advogados que s\u00e3o cedidos aos gabinetes. Barbosa destacou que o juiz n\u00e3o fica comprometido com a atua\u00e7\u00e3o de um especialista seja ele advogado ou procurador da Fazenda.<\/span><\/span><\/span><\/p>\n<p align=\"JUSTIFY\">\u00a0<span style=\"color: #333333\"><span style=\"font-family: Times New Roman,serif\"><span style=\"font-size: medium\">&#8220;\u00c9, no m\u00ednimo, um menoscabo da intelig\u00eancia da magistratura, no m\u00ednimo. O juiz \u00e9 um d\u00e9bil mental. Ele n\u00e3o toma decis\u00f5es. Ele \u00e9 comandado pelo seu assessor, n\u00e3o \u00e9? Agora, se f\u00f4ssemos levar a s\u00e9rio essa prerrogativa de acabar com essas incongru\u00eancias que existem no Judici\u00e1rio brasileiro, as primeiras que dever\u00edamos extinguir s\u00e3o as que beneficiam advogados. Por exemplo, eu acabei de dizer para vossas excel\u00eancias h\u00e1 pouco. H\u00e1 coisa mais absurda que o advogado ter seu escrit\u00f3rio durante o dia a noite se transformar em ministro?&#8221;, questionou Joaquim Barbosa.<\/span><\/span><\/span><\/p>\n<p align=\"JUSTIFY\"><span style=\"color: #333333\"><span style=\"font-family: Times New Roman,serif\"><span style=\"font-size: medium\">Barbosa, ent\u00e3o, completou que \u00e9 uma &#8220;postula\u00e7\u00e3o absurda&#8221; a da Ordem dos Advogados do Brasil (OAB) para proibir atua\u00e7\u00e3o de procuradores da Fazenda cedidos a gabinetes de tribunais &#8211; a OAB diz que a lei s\u00f3 autoriza em tribunais superiores e questionou a nomea\u00e7\u00e3o de um procurador no Tribunal Regional Federal da 2\u00aa Regi\u00e3o (TRF-2).<\/span><\/span><\/span><\/p>\n<p align=\"JUSTIFY\">\u00a0<span style=\"color: #333333\"><span style=\"font-family: Times New Roman,serif\"><span style=\"font-size: medium\">&#8220;Ele [advogado] cuida de seus clientes durante o dia, tem seus honor\u00e1rios e \u00e0 noite ele se transforma em juiz. Ele julga, \u00e0s vezes, causas que t\u00eam interesses entrecortados e de partes sobre cujos interesses ele vai tomar decis\u00f5es \u00e0 noite. Estou falando da Justi\u00e7a eleitoral, que nada mais \u00e9 do que isso. E ela conta com quase um ter\u00e7o dos seus membros como advogados. \u00c9 esse tipo de absurdo que temos que eliminar, e n\u00e3o isso (nomea\u00e7\u00e3o de procurador da Fazenda em gabinete de magistrado). Imagina, uma postula\u00e7\u00e3o absurda como esta&#8221;, completou Joaquim Barbosa.<\/span><\/span><\/span><\/p>\n<p align=\"JUSTIFY\"><span style=\"color: #333333\"><span style=\"font-family: Times New Roman,serif\"><span style=\"font-size: medium\">O advogado Guilherme Perez de Oliveira, que falou em nome da OAB do Rio, argumentou que a situa\u00e7\u00e3o de advogado \u00e9 diferente da de procurador porque quando um advogado \u00e9 nomeado para um gabinete ele perde o registro da OAB, enquanto que o procurador continua vinculado \u00e0 Fazenda, sendo que \u00e9 somente cedido.<\/span><\/span><\/span><\/p>\n<p align=\"JUSTIFY\"><span style=\"color: #333333\"><span style=\"font-family: Times New Roman,serif\"><span style=\"font-size: medium\">&#8220;Frisando que n\u00e3o h\u00e1 conduta anti\u00e9tica de um procurador espec\u00edfico, se trata de fato abstrato. Um assessor que ocupa fun\u00e7\u00e3o de confian\u00e7a, altamente especializado em mat\u00e9ria tribut\u00e1ria, e sabemos que no direito tribut\u00e1rio temos posi\u00e7\u00f5es antag\u00f4nicas &#8211; fazend\u00e1rias ou pr\u00f3-contribuinte -, evidente que os procuradores s\u00e3o formados por uma ou outra linha de pensamento. Dizer que o magistrado n\u00e3o \u00e9 de alguam forma influenciado por minuta feita por assessor nos parece n\u00e3o olhar para a realidade concreta&#8221;, tinha dito um pouco antes da fala de Barbosa o advogado da OAB.<\/span><\/span><\/span><\/p>\n<p align=\"JUSTIFY\">\u00a0<span style=\"color: #333333\"><span style=\"font-family: Times New Roman,serif\"><span style=\"font-size: medium\">O secret\u00e1rio-geral da OAB, Cl\u00e1udio Souza Neto, destacou que o procurador continua vinculado \u00e0 Fazenda P\u00fablica, mesmo cedido a um gabinete. &#8220;O procurador que deixasse de receber sua remunera\u00e7\u00e3o como procurador e passasse a receber a gratifica\u00e7\u00e3o como assessor do tribunal. Mas continua recebendo como procurador, o que demonstra que h\u00e1 v\u00ednculo, ainda que jur\u00eddico.&#8221;<\/span><\/span><\/span><\/p>\n<p align=\"JUSTIFY\"><span style=\"color: #333333\"><span style=\"font-family: Times New Roman,serif\"><span style=\"font-size: medium\">Joaquim Barbosa defendeu que os procuradores continuem a receber porque a remunera\u00e7\u00e3o no tribunal \u00e9 &#8220;miser\u00e1vel&#8221;.<\/span><\/span><\/span><\/p>\n<p align=\"JUSTIFY\">\u00a0<span style=\"color: #333333\"><span style=\"font-family: Times New Roman,serif\"><span style=\"font-size: medium\">&#8220;Sabe por que n\u00e3o recebe pelo tribunal? Porque a remunera\u00e7\u00e3o do tribunal \u00e9 miser\u00e1vel. Tem que receber sua gratifica\u00e7\u00e3o origin\u00e1ria e a complementa\u00e7\u00e3o&#8221;, disse Barbosa. Segundo ele, o sal\u00e1rio de especialista em tribunal superior \u00e9 R$ 10 mil, enquanto que o vencimento de procurador \u00e9 mais elevado.<\/span><\/span><\/span><\/p>\n","protected":false},"excerpt":{"rendered":"<p>O presidente do\u00a0Supremo Tribunal Federal(STF) e do Conselho Nacional de Justi\u00e7a (CNJ), ministro Joaquim Barbosa, criticou nesta ter\u00e7a-feira, durante sess\u00e3o [&hellip;]<\/p>\n","protected":false},"author":8,"featured_media":0,"comment_status":"open","ping_status":"open","sticky":false,"template":"","format":"standard","meta":{"site-sidebar-layout":"default","site-content-layout":"","ast-site-content-layout":"default","site-content-style":"default","site-sidebar-style":"default","ast-global-header-display":"","ast-banner-title-visibility":"","ast-main-header-display":"","ast-hfb-above-header-display":"","ast-hfb-below-header-display":"","ast-hfb-mobile-header-display":"","site-post-title":"","ast-breadcrumbs-content":"","ast-featured-img":"","footer-sml-layout":"","ast-disable-related-posts":"","theme-transparent-header-meta":"","adv-header-id-meta":"","stick-header-meta":"","header-above-stick-meta":"","header-main-stick-meta":"","header-below-stick-meta":"","astra-migrate-meta-layouts":"default","ast-page-background-enabled":"default","ast-page-background-meta":{"desktop":{"background-color":"var(--ast-global-color-5)","background-image":"","background-repeat":"repeat","background-position":"center center","background-size":"auto","background-attachment":"scroll","background-type":"","background-media":"","overlay-type":"","overlay-color":"","overlay-opacity":"","overlay-gradient":""},"tablet":{"background-color":"","background-image":"","background-repeat":"repeat","background-position":"center center","background-size":"auto","background-attachment":"scroll","background-type":"","background-media":"","overlay-type":"","overlay-color":"","overlay-opacity":"","overlay-gradient":""},"mobile":{"background-color":"","background-image":"","background-repeat":"repeat","background-position":"center center","background-size":"auto","background-attachment":"scroll","background-type":"","background-media":"","overlay-type":"","overlay-color":"","overlay-opacity":"","overlay-gradient":""}},"ast-content-background-meta":{"desktop":{"background-color":"var(--ast-global-color-4)","background-image":"","background-repeat":"repeat","background-position":"center center","background-size":"auto","background-attachment":"scroll","background-type":"","background-media":"","overlay-type":"","overlay-color":"","overlay-opacity":"","overlay-gradient":""},"tablet":{"background-color":"var(--ast-global-color-4)","background-image":"","background-repeat":"repeat","background-position":"center center","background-size":"auto","background-attachment":"scroll","background-type":"","background-media":"","overlay-type":"","overlay-color":"","overlay-opacity":"","overlay-gradient":""},"mobile":{"background-color":"var(--ast-global-color-4)","background-image":"","background-repeat":"repeat","background-position":"center center","background-size":"auto","background-attachment":"scroll","background-type":"","background-media":"","overlay-type":"","overlay-color":"","overlay-opacity":"","overlay-gradient":""}},"footnotes":""},"categories":[1],"tags":[],"class_list":["post-2414","post","type-post","status-publish","format-standard","hentry","category-sem-categoria"],"yoast_head":"<!-- This site is optimized with the Yoast SEO plugin v26.6 - https:\/\/yoast.com\/wordpress\/plugins\/seo\/ -->\n<title>Joaquim Barbosa critica presen\u00e7a de advogados entre ministros do TSE - Fl\u00e1vio Braga<\/title>\n<meta name=\"robots\" content=\"index, follow, max-snippet:-1, max-image-preview:large, max-video-preview:-1\" \/>\n<link rel=\"canonical\" href=\"https:\/\/www.blogsoestado.com\/flaviobraga\/joaquim-barbosa-critica-presenca-de-advogados-entre-ministros-do-tse\/\" \/>\n<meta property=\"og:locale\" content=\"pt_BR\" \/>\n<meta property=\"og:type\" content=\"article\" \/>\n<meta property=\"og:title\" content=\"Joaquim Barbosa critica presen\u00e7a de advogados entre ministros do TSE - Fl\u00e1vio Braga\" \/>\n<meta property=\"og:description\" content=\"O presidente do\u00a0Supremo Tribunal Federal(STF) e do Conselho Nacional de Justi\u00e7a (CNJ), ministro Joaquim Barbosa, criticou nesta ter\u00e7a-feira, durante sess\u00e3o [&hellip;]\" \/>\n<meta property=\"og:url\" content=\"https:\/\/www.blogsoestado.com\/flaviobraga\/joaquim-barbosa-critica-presenca-de-advogados-entre-ministros-do-tse\/\" \/>\n<meta property=\"og:site_name\" content=\"Fl\u00e1vio Braga\" \/>\n<meta property=\"article:published_time\" content=\"2014-02-27T16:12:29+00:00\" \/>\n<meta name=\"author\" content=\"Flavio Braga\" \/>\n<meta name=\"twitter:card\" content=\"summary_large_image\" \/>\n<meta name=\"twitter:label1\" content=\"Escrito por\" \/>\n\t<meta name=\"twitter:data1\" content=\"Flavio Braga\" \/>\n\t<meta name=\"twitter:label2\" content=\"Est. tempo de leitura\" \/>\n\t<meta name=\"twitter:data2\" content=\"3 minutos\" \/>\n<script type=\"application\/ld+json\" class=\"yoast-schema-graph\">{\"@context\":\"https:\/\/schema.org\",\"@graph\":[{\"@type\":\"WebPage\",\"@id\":\"https:\/\/www.blogsoestado.com\/flaviobraga\/joaquim-barbosa-critica-presenca-de-advogados-entre-ministros-do-tse\/\",\"url\":\"https:\/\/www.blogsoestado.com\/flaviobraga\/joaquim-barbosa-critica-presenca-de-advogados-entre-ministros-do-tse\/\",\"name\":\"Joaquim Barbosa critica presen\u00e7a de advogados entre ministros do TSE - Fl\u00e1vio Braga\",\"isPartOf\":{\"@id\":\"https:\/\/www.blogsoestado.com\/flaviobraga\/#website\"},\"datePublished\":\"2014-02-27T16:12:29+00:00\",\"author\":{\"@id\":\"https:\/\/www.blogsoestado.com\/flaviobraga\/#\/schema\/person\/6c6c778331775c757a82d15206bd8733\"},\"breadcrumb\":{\"@id\":\"https:\/\/www.blogsoestado.com\/flaviobraga\/joaquim-barbosa-critica-presenca-de-advogados-entre-ministros-do-tse\/#breadcrumb\"},\"inLanguage\":\"pt-BR\",\"potentialAction\":[{\"@type\":\"ReadAction\",\"target\":[\"https:\/\/www.blogsoestado.com\/flaviobraga\/joaquim-barbosa-critica-presenca-de-advogados-entre-ministros-do-tse\/\"]}]},{\"@type\":\"BreadcrumbList\",\"@id\":\"https:\/\/www.blogsoestado.com\/flaviobraga\/joaquim-barbosa-critica-presenca-de-advogados-entre-ministros-do-tse\/#breadcrumb\",\"itemListElement\":[{\"@type\":\"ListItem\",\"position\":1,\"name\":\"In\u00edcio\",\"item\":\"https:\/\/www.blogsoestado.com\/flaviobraga\/\"},{\"@type\":\"ListItem\",\"position\":2,\"name\":\"Joaquim Barbosa critica presen\u00e7a de advogados entre ministros do TSE\"}]},{\"@type\":\"WebSite\",\"@id\":\"https:\/\/www.blogsoestado.com\/flaviobraga\/#website\",\"url\":\"https:\/\/www.blogsoestado.com\/flaviobraga\/\",\"name\":\"Fl\u00e1vio Braga\",\"description\":\"\",\"potentialAction\":[{\"@type\":\"SearchAction\",\"target\":{\"@type\":\"EntryPoint\",\"urlTemplate\":\"https:\/\/www.blogsoestado.com\/flaviobraga\/?s={search_term_string}\"},\"query-input\":{\"@type\":\"PropertyValueSpecification\",\"valueRequired\":true,\"valueName\":\"search_term_string\"}}],\"inLanguage\":\"pt-BR\"},{\"@type\":\"Person\",\"@id\":\"https:\/\/www.blogsoestado.com\/flaviobraga\/#\/schema\/person\/6c6c778331775c757a82d15206bd8733\",\"name\":\"Flavio Braga\",\"image\":{\"@type\":\"ImageObject\",\"inLanguage\":\"pt-BR\",\"@id\":\"https:\/\/www.blogsoestado.com\/flaviobraga\/#\/schema\/person\/image\/\",\"url\":\"https:\/\/secure.gravatar.com\/avatar\/ab173937dad8d78195c87778be8a0285d069ede375ce0ae24aac1cf8e58ccb2c?s=96&d=mm&r=g\",\"contentUrl\":\"https:\/\/secure.gravatar.com\/avatar\/ab173937dad8d78195c87778be8a0285d069ede375ce0ae24aac1cf8e58ccb2c?s=96&d=mm&r=g\",\"caption\":\"Flavio Braga\"},\"url\":\"https:\/\/www.blogsoestado.com\/flaviobraga\/author\/flaviobraga\/\"}]}<\/script>\n<!-- \/ Yoast SEO plugin. -->","yoast_head_json":{"title":"Joaquim Barbosa critica presen\u00e7a de advogados entre ministros do TSE - Fl\u00e1vio Braga","robots":{"index":"index","follow":"follow","max-snippet":"max-snippet:-1","max-image-preview":"max-image-preview:large","max-video-preview":"max-video-preview:-1"},"canonical":"https:\/\/www.blogsoestado.com\/flaviobraga\/joaquim-barbosa-critica-presenca-de-advogados-entre-ministros-do-tse\/","og_locale":"pt_BR","og_type":"article","og_title":"Joaquim Barbosa critica presen\u00e7a de advogados entre ministros do TSE - Fl\u00e1vio Braga","og_description":"O presidente do\u00a0Supremo Tribunal Federal(STF) e do Conselho Nacional de Justi\u00e7a (CNJ), ministro Joaquim Barbosa, criticou nesta ter\u00e7a-feira, durante sess\u00e3o [&hellip;]","og_url":"https:\/\/www.blogsoestado.com\/flaviobraga\/joaquim-barbosa-critica-presenca-de-advogados-entre-ministros-do-tse\/","og_site_name":"Fl\u00e1vio Braga","article_published_time":"2014-02-27T16:12:29+00:00","author":"Flavio Braga","twitter_card":"summary_large_image","twitter_misc":{"Escrito por":"Flavio Braga","Est. tempo de leitura":"3 minutos"},"schema":{"@context":"https:\/\/schema.org","@graph":[{"@type":"WebPage","@id":"https:\/\/www.blogsoestado.com\/flaviobraga\/joaquim-barbosa-critica-presenca-de-advogados-entre-ministros-do-tse\/","url":"https:\/\/www.blogsoestado.com\/flaviobraga\/joaquim-barbosa-critica-presenca-de-advogados-entre-ministros-do-tse\/","name":"Joaquim Barbosa critica presen\u00e7a de advogados entre ministros do TSE - Fl\u00e1vio Braga","isPartOf":{"@id":"https:\/\/www.blogsoestado.com\/flaviobraga\/#website"},"datePublished":"2014-02-27T16:12:29+00:00","author":{"@id":"https:\/\/www.blogsoestado.com\/flaviobraga\/#\/schema\/person\/6c6c778331775c757a82d15206bd8733"},"breadcrumb":{"@id":"https:\/\/www.blogsoestado.com\/flaviobraga\/joaquim-barbosa-critica-presenca-de-advogados-entre-ministros-do-tse\/#breadcrumb"},"inLanguage":"pt-BR","potentialAction":[{"@type":"ReadAction","target":["https:\/\/www.blogsoestado.com\/flaviobraga\/joaquim-barbosa-critica-presenca-de-advogados-entre-ministros-do-tse\/"]}]},{"@type":"BreadcrumbList","@id":"https:\/\/www.blogsoestado.com\/flaviobraga\/joaquim-barbosa-critica-presenca-de-advogados-entre-ministros-do-tse\/#breadcrumb","itemListElement":[{"@type":"ListItem","position":1,"name":"In\u00edcio","item":"https:\/\/www.blogsoestado.com\/flaviobraga\/"},{"@type":"ListItem","position":2,"name":"Joaquim Barbosa critica presen\u00e7a de advogados entre ministros do TSE"}]},{"@type":"WebSite","@id":"https:\/\/www.blogsoestado.com\/flaviobraga\/#website","url":"https:\/\/www.blogsoestado.com\/flaviobraga\/","name":"Fl\u00e1vio Braga","description":"","potentialAction":[{"@type":"SearchAction","target":{"@type":"EntryPoint","urlTemplate":"https:\/\/www.blogsoestado.com\/flaviobraga\/?s={search_term_string}"},"query-input":{"@type":"PropertyValueSpecification","valueRequired":true,"valueName":"search_term_string"}}],"inLanguage":"pt-BR"},{"@type":"Person","@id":"https:\/\/www.blogsoestado.com\/flaviobraga\/#\/schema\/person\/6c6c778331775c757a82d15206bd8733","name":"Flavio Braga","image":{"@type":"ImageObject","inLanguage":"pt-BR","@id":"https:\/\/www.blogsoestado.com\/flaviobraga\/#\/schema\/person\/image\/","url":"https:\/\/secure.gravatar.com\/avatar\/ab173937dad8d78195c87778be8a0285d069ede375ce0ae24aac1cf8e58ccb2c?s=96&d=mm&r=g","contentUrl":"https:\/\/secure.gravatar.com\/avatar\/ab173937dad8d78195c87778be8a0285d069ede375ce0ae24aac1cf8e58ccb2c?s=96&d=mm&r=g","caption":"Flavio Braga"},"url":"https:\/\/www.blogsoestado.com\/flaviobraga\/author\/flaviobraga\/"}]}},"jetpack_featured_media_url":"","_links":{"self":[{"href":"https:\/\/www.blogsoestado.com\/flaviobraga\/wp-json\/wp\/v2\/posts\/2414","targetHints":{"allow":["GET"]}}],"collection":[{"href":"https:\/\/www.blogsoestado.com\/flaviobraga\/wp-json\/wp\/v2\/posts"}],"about":[{"href":"https:\/\/www.blogsoestado.com\/flaviobraga\/wp-json\/wp\/v2\/types\/post"}],"author":[{"embeddable":true,"href":"https:\/\/www.blogsoestado.com\/flaviobraga\/wp-json\/wp\/v2\/users\/8"}],"replies":[{"embeddable":true,"href":"https:\/\/www.blogsoestado.com\/flaviobraga\/wp-json\/wp\/v2\/comments?post=2414"}],"version-history":[{"count":0,"href":"https:\/\/www.blogsoestado.com\/flaviobraga\/wp-json\/wp\/v2\/posts\/2414\/revisions"}],"wp:attachment":[{"href":"https:\/\/www.blogsoestado.com\/flaviobraga\/wp-json\/wp\/v2\/media?parent=2414"}],"wp:term":[{"taxonomy":"category","embeddable":true,"href":"https:\/\/www.blogsoestado.com\/flaviobraga\/wp-json\/wp\/v2\/categories?post=2414"},{"taxonomy":"post_tag","embeddable":true,"href":"https:\/\/www.blogsoestado.com\/flaviobraga\/wp-json\/wp\/v2\/tags?post=2414"}],"curies":[{"name":"wp","href":"https:\/\/api.w.org\/{rel}","templated":true}]}}