{"id":2418,"date":"2014-03-08T18:26:41","date_gmt":"2014-03-08T21:26:41","guid":{"rendered":"https:\/\/www.blogsoestado.com\/flaviobraga\/?p=2418"},"modified":"2014-03-08T18:26:41","modified_gmt":"2014-03-08T21:26:41","slug":"nao-serei-candidato-a-presidente-declara-joaquim-barbosa","status":"publish","type":"post","link":"https:\/\/www.blogsoestado.com\/flaviobraga\/nao-serei-candidato-a-presidente-declara-joaquim-barbosa\/","title":{"rendered":"\u201cN\u00e3o serei candidato a presidente\u201d, declara Joaquim Barbosa"},"content":{"rendered":"<p>Em entrevista \u00e0 edi\u00e7\u00e3o desta semana da revista \u00c9poca, da Editora Globo, o ministro e presidente do Supremo Tribunal Federal (STF), Joaquim Benedito Barbosa Gomes, descartou a possibilidade de entrar para a pol\u00edtica em curto prazo e se candidatar, nestas elei\u00e7\u00f5es, ao cargo de presidente da Rep\u00fablica.<\/p>\n<p>\u201cAcho dif\u00edcil\u201d, afirma. \u201cN\u00e3o me vejo fazendo isso (entrando na pol\u00edtica algum dia). O jogo da pol\u00edtica \u00e9 muito pesado, muito sujo. Estou s\u00f3 assistindo a essa movimenta\u00e7\u00e3o. (\u2026) N\u00e3o serei candidato a presidente. Realmente eu n\u00e3o quero\u201d, diz, em trecho divulgado pela publica\u00e7\u00e3o na internet. \u201c\u00c9 lan\u00e7ar-se, expor-se, a um apedrejamento\u201d, completa.<\/p>\n<p>O ministro, que deve pretende se aposentar quando deixar a presid\u00eancia da Corte, em novembro deste ano, se diz incomodado com o ass\u00e9dio de alguns partidos.<\/p>\n<p>\u201cNingu\u00e9m veio diretamente falar comigo. Fui ao Congresso, ouvi um zum-zum-zum. Est\u00e1 cheio de emiss\u00e1rios que querem chegar. (\u2026) N\u00e3o recebo ningu\u00e9m aqui. Em primeiro lugar, acho que n\u00e3o seria apropriado eu, como presidente do Supremo, sair por a\u00ed fazendo negocia\u00e7\u00f5es pol\u00edticas. No dia em que sair daqui, estarei livre para fazer isso. Enquanto eu estiver aqui, n\u00e3o. Em segundo lugar, n\u00e3o dou nem nunca dei espa\u00e7o para esses donos de partido ficarem\u2026 n\u00e3o, nunca. S\u00e3o abordagens indiretas. A maior parte do que sei \u00e9 pela imprensa\u201d, declara.<\/p>\n","protected":false},"excerpt":{"rendered":"<p>Em entrevista \u00e0 edi\u00e7\u00e3o desta semana da revista \u00c9poca, da Editora Globo, o ministro e presidente do Supremo Tribunal Federal [&hellip;]<\/p>\n","protected":false},"author":8,"featured_media":0,"comment_status":"open","ping_status":"open","sticky":false,"template":"","format":"standard","meta":{"site-sidebar-layout":"default","site-content-layout":"","ast-site-content-layout":"default","site-content-style":"default","site-sidebar-style":"default","ast-global-header-display":"","ast-banner-title-visibility":"","ast-main-header-display":"","ast-hfb-above-header-display":"","ast-hfb-below-header-display":"","ast-hfb-mobile-header-display":"","site-post-title":"","ast-breadcrumbs-content":"","ast-featured-img":"","footer-sml-layout":"","ast-disable-related-posts":"","theme-transparent-header-meta":"","adv-header-id-meta":"","stick-header-meta":"","header-above-stick-meta":"","header-main-stick-meta":"","header-below-stick-meta":"","astra-migrate-meta-layouts":"default","ast-page-background-enabled":"default","ast-page-background-meta":{"desktop":{"background-color":"var(--ast-global-color-5)","background-image":"","background-repeat":"repeat","background-position":"center center","background-size":"auto","background-attachment":"scroll","background-type":"","background-media":"","overlay-type":"","overlay-color":"","overlay-opacity":"","overlay-gradient":""},"tablet":{"background-color":"","background-image":"","background-repeat":"repeat","background-position":"center center","background-size":"auto","background-attachment":"scroll","background-type":"","background-media":"","overlay-type":"","overlay-color":"","overlay-opacity":"","overlay-gradient":""},"mobile":{"background-color":"","background-image":"","background-repeat":"repeat","background-position":"center center","background-size":"auto","background-attachment":"scroll","background-type":"","background-media":"","overlay-type":"","overlay-color":"","overlay-opacity":"","overlay-gradient":""}},"ast-content-background-meta":{"desktop":{"background-color":"var(--ast-global-color-4)","background-image":"","background-repeat":"repeat","background-position":"center center","background-size":"auto","background-attachment":"scroll","background-type":"","background-media":"","overlay-type":"","overlay-color":"","overlay-opacity":"","overlay-gradient":""},"tablet":{"background-color":"var(--ast-global-color-4)","background-image":"","background-repeat":"repeat","background-position":"center center","background-size":"auto","background-attachment":"scroll","background-type":"","background-media":"","overlay-type":"","overlay-color":"","overlay-opacity":"","overlay-gradient":""},"mobile":{"background-color":"var(--ast-global-color-4)","background-image":"","background-repeat":"repeat","background-position":"center center","background-size":"auto","background-attachment":"scroll","background-type":"","background-media":"","overlay-type":"","overlay-color":"","overlay-opacity":"","overlay-gradient":""}},"footnotes":""},"categories":[1],"tags":[],"class_list":["post-2418","post","type-post","status-publish","format-standard","hentry","category-sem-categoria"],"yoast_head":"<!-- This site is optimized with the Yoast SEO plugin v26.6 - https:\/\/yoast.com\/wordpress\/plugins\/seo\/ -->\n<title>\u201cN\u00e3o serei candidato a presidente\u201d, declara Joaquim Barbosa - Fl\u00e1vio Braga<\/title>\n<meta name=\"robots\" content=\"index, follow, max-snippet:-1, max-image-preview:large, max-video-preview:-1\" \/>\n<link rel=\"canonical\" href=\"https:\/\/www.blogsoestado.com\/flaviobraga\/nao-serei-candidato-a-presidente-declara-joaquim-barbosa\/\" \/>\n<meta property=\"og:locale\" content=\"pt_BR\" \/>\n<meta property=\"og:type\" content=\"article\" \/>\n<meta property=\"og:title\" content=\"\u201cN\u00e3o serei candidato a presidente\u201d, declara Joaquim Barbosa - Fl\u00e1vio Braga\" \/>\n<meta property=\"og:description\" content=\"Em entrevista \u00e0 edi\u00e7\u00e3o desta semana da revista \u00c9poca, da Editora Globo, o ministro e presidente do Supremo Tribunal Federal [&hellip;]\" \/>\n<meta property=\"og:url\" content=\"https:\/\/www.blogsoestado.com\/flaviobraga\/nao-serei-candidato-a-presidente-declara-joaquim-barbosa\/\" \/>\n<meta property=\"og:site_name\" content=\"Fl\u00e1vio Braga\" \/>\n<meta property=\"article:published_time\" content=\"2014-03-08T21:26:41+00:00\" \/>\n<meta name=\"author\" content=\"Flavio Braga\" \/>\n<meta name=\"twitter:card\" content=\"summary_large_image\" \/>\n<meta name=\"twitter:label1\" content=\"Escrito por\" \/>\n\t<meta name=\"twitter:data1\" content=\"Flavio Braga\" \/>\n\t<meta name=\"twitter:label2\" content=\"Est. tempo de leitura\" \/>\n\t<meta name=\"twitter:data2\" content=\"1 minuto\" \/>\n<script type=\"application\/ld+json\" class=\"yoast-schema-graph\">{\"@context\":\"https:\/\/schema.org\",\"@graph\":[{\"@type\":\"WebPage\",\"@id\":\"https:\/\/www.blogsoestado.com\/flaviobraga\/nao-serei-candidato-a-presidente-declara-joaquim-barbosa\/\",\"url\":\"https:\/\/www.blogsoestado.com\/flaviobraga\/nao-serei-candidato-a-presidente-declara-joaquim-barbosa\/\",\"name\":\"\u201cN\u00e3o serei candidato a presidente\u201d, declara Joaquim Barbosa - Fl\u00e1vio Braga\",\"isPartOf\":{\"@id\":\"https:\/\/www.blogsoestado.com\/flaviobraga\/#website\"},\"datePublished\":\"2014-03-08T21:26:41+00:00\",\"author\":{\"@id\":\"https:\/\/www.blogsoestado.com\/flaviobraga\/#\/schema\/person\/6c6c778331775c757a82d15206bd8733\"},\"breadcrumb\":{\"@id\":\"https:\/\/www.blogsoestado.com\/flaviobraga\/nao-serei-candidato-a-presidente-declara-joaquim-barbosa\/#breadcrumb\"},\"inLanguage\":\"pt-BR\",\"potentialAction\":[{\"@type\":\"ReadAction\",\"target\":[\"https:\/\/www.blogsoestado.com\/flaviobraga\/nao-serei-candidato-a-presidente-declara-joaquim-barbosa\/\"]}]},{\"@type\":\"BreadcrumbList\",\"@id\":\"https:\/\/www.blogsoestado.com\/flaviobraga\/nao-serei-candidato-a-presidente-declara-joaquim-barbosa\/#breadcrumb\",\"itemListElement\":[{\"@type\":\"ListItem\",\"position\":1,\"name\":\"In\u00edcio\",\"item\":\"https:\/\/www.blogsoestado.com\/flaviobraga\/\"},{\"@type\":\"ListItem\",\"position\":2,\"name\":\"\u201cN\u00e3o serei candidato a presidente\u201d, declara Joaquim Barbosa\"}]},{\"@type\":\"WebSite\",\"@id\":\"https:\/\/www.blogsoestado.com\/flaviobraga\/#website\",\"url\":\"https:\/\/www.blogsoestado.com\/flaviobraga\/\",\"name\":\"Fl\u00e1vio Braga\",\"description\":\"\",\"potentialAction\":[{\"@type\":\"SearchAction\",\"target\":{\"@type\":\"EntryPoint\",\"urlTemplate\":\"https:\/\/www.blogsoestado.com\/flaviobraga\/?s={search_term_string}\"},\"query-input\":{\"@type\":\"PropertyValueSpecification\",\"valueRequired\":true,\"valueName\":\"search_term_string\"}}],\"inLanguage\":\"pt-BR\"},{\"@type\":\"Person\",\"@id\":\"https:\/\/www.blogsoestado.com\/flaviobraga\/#\/schema\/person\/6c6c778331775c757a82d15206bd8733\",\"name\":\"Flavio Braga\",\"image\":{\"@type\":\"ImageObject\",\"inLanguage\":\"pt-BR\",\"@id\":\"https:\/\/www.blogsoestado.com\/flaviobraga\/#\/schema\/person\/image\/\",\"url\":\"https:\/\/secure.gravatar.com\/avatar\/ab173937dad8d78195c87778be8a0285d069ede375ce0ae24aac1cf8e58ccb2c?s=96&d=mm&r=g\",\"contentUrl\":\"https:\/\/secure.gravatar.com\/avatar\/ab173937dad8d78195c87778be8a0285d069ede375ce0ae24aac1cf8e58ccb2c?s=96&d=mm&r=g\",\"caption\":\"Flavio Braga\"},\"url\":\"https:\/\/www.blogsoestado.com\/flaviobraga\/author\/flaviobraga\/\"}]}<\/script>\n<!-- \/ Yoast SEO plugin. -->","yoast_head_json":{"title":"\u201cN\u00e3o serei candidato a presidente\u201d, declara Joaquim Barbosa - Fl\u00e1vio Braga","robots":{"index":"index","follow":"follow","max-snippet":"max-snippet:-1","max-image-preview":"max-image-preview:large","max-video-preview":"max-video-preview:-1"},"canonical":"https:\/\/www.blogsoestado.com\/flaviobraga\/nao-serei-candidato-a-presidente-declara-joaquim-barbosa\/","og_locale":"pt_BR","og_type":"article","og_title":"\u201cN\u00e3o serei candidato a presidente\u201d, declara Joaquim Barbosa - Fl\u00e1vio Braga","og_description":"Em entrevista \u00e0 edi\u00e7\u00e3o desta semana da revista \u00c9poca, da Editora Globo, o ministro e presidente do Supremo Tribunal Federal [&hellip;]","og_url":"https:\/\/www.blogsoestado.com\/flaviobraga\/nao-serei-candidato-a-presidente-declara-joaquim-barbosa\/","og_site_name":"Fl\u00e1vio Braga","article_published_time":"2014-03-08T21:26:41+00:00","author":"Flavio Braga","twitter_card":"summary_large_image","twitter_misc":{"Escrito por":"Flavio Braga","Est. tempo de leitura":"1 minuto"},"schema":{"@context":"https:\/\/schema.org","@graph":[{"@type":"WebPage","@id":"https:\/\/www.blogsoestado.com\/flaviobraga\/nao-serei-candidato-a-presidente-declara-joaquim-barbosa\/","url":"https:\/\/www.blogsoestado.com\/flaviobraga\/nao-serei-candidato-a-presidente-declara-joaquim-barbosa\/","name":"\u201cN\u00e3o serei candidato a presidente\u201d, declara Joaquim Barbosa - Fl\u00e1vio Braga","isPartOf":{"@id":"https:\/\/www.blogsoestado.com\/flaviobraga\/#website"},"datePublished":"2014-03-08T21:26:41+00:00","author":{"@id":"https:\/\/www.blogsoestado.com\/flaviobraga\/#\/schema\/person\/6c6c778331775c757a82d15206bd8733"},"breadcrumb":{"@id":"https:\/\/www.blogsoestado.com\/flaviobraga\/nao-serei-candidato-a-presidente-declara-joaquim-barbosa\/#breadcrumb"},"inLanguage":"pt-BR","potentialAction":[{"@type":"ReadAction","target":["https:\/\/www.blogsoestado.com\/flaviobraga\/nao-serei-candidato-a-presidente-declara-joaquim-barbosa\/"]}]},{"@type":"BreadcrumbList","@id":"https:\/\/www.blogsoestado.com\/flaviobraga\/nao-serei-candidato-a-presidente-declara-joaquim-barbosa\/#breadcrumb","itemListElement":[{"@type":"ListItem","position":1,"name":"In\u00edcio","item":"https:\/\/www.blogsoestado.com\/flaviobraga\/"},{"@type":"ListItem","position":2,"name":"\u201cN\u00e3o serei candidato a presidente\u201d, declara Joaquim Barbosa"}]},{"@type":"WebSite","@id":"https:\/\/www.blogsoestado.com\/flaviobraga\/#website","url":"https:\/\/www.blogsoestado.com\/flaviobraga\/","name":"Fl\u00e1vio Braga","description":"","potentialAction":[{"@type":"SearchAction","target":{"@type":"EntryPoint","urlTemplate":"https:\/\/www.blogsoestado.com\/flaviobraga\/?s={search_term_string}"},"query-input":{"@type":"PropertyValueSpecification","valueRequired":true,"valueName":"search_term_string"}}],"inLanguage":"pt-BR"},{"@type":"Person","@id":"https:\/\/www.blogsoestado.com\/flaviobraga\/#\/schema\/person\/6c6c778331775c757a82d15206bd8733","name":"Flavio Braga","image":{"@type":"ImageObject","inLanguage":"pt-BR","@id":"https:\/\/www.blogsoestado.com\/flaviobraga\/#\/schema\/person\/image\/","url":"https:\/\/secure.gravatar.com\/avatar\/ab173937dad8d78195c87778be8a0285d069ede375ce0ae24aac1cf8e58ccb2c?s=96&d=mm&r=g","contentUrl":"https:\/\/secure.gravatar.com\/avatar\/ab173937dad8d78195c87778be8a0285d069ede375ce0ae24aac1cf8e58ccb2c?s=96&d=mm&r=g","caption":"Flavio Braga"},"url":"https:\/\/www.blogsoestado.com\/flaviobraga\/author\/flaviobraga\/"}]}},"jetpack_featured_media_url":"","_links":{"self":[{"href":"https:\/\/www.blogsoestado.com\/flaviobraga\/wp-json\/wp\/v2\/posts\/2418","targetHints":{"allow":["GET"]}}],"collection":[{"href":"https:\/\/www.blogsoestado.com\/flaviobraga\/wp-json\/wp\/v2\/posts"}],"about":[{"href":"https:\/\/www.blogsoestado.com\/flaviobraga\/wp-json\/wp\/v2\/types\/post"}],"author":[{"embeddable":true,"href":"https:\/\/www.blogsoestado.com\/flaviobraga\/wp-json\/wp\/v2\/users\/8"}],"replies":[{"embeddable":true,"href":"https:\/\/www.blogsoestado.com\/flaviobraga\/wp-json\/wp\/v2\/comments?post=2418"}],"version-history":[{"count":0,"href":"https:\/\/www.blogsoestado.com\/flaviobraga\/wp-json\/wp\/v2\/posts\/2418\/revisions"}],"wp:attachment":[{"href":"https:\/\/www.blogsoestado.com\/flaviobraga\/wp-json\/wp\/v2\/media?parent=2418"}],"wp:term":[{"taxonomy":"category","embeddable":true,"href":"https:\/\/www.blogsoestado.com\/flaviobraga\/wp-json\/wp\/v2\/categories?post=2418"},{"taxonomy":"post_tag","embeddable":true,"href":"https:\/\/www.blogsoestado.com\/flaviobraga\/wp-json\/wp\/v2\/tags?post=2418"}],"curies":[{"name":"wp","href":"https:\/\/api.w.org\/{rel}","templated":true}]}}