{"id":2420,"date":"2014-03-08T18:38:32","date_gmt":"2014-03-08T21:38:32","guid":{"rendered":"https:\/\/www.blogsoestado.com\/flaviobraga\/?p=2420"},"modified":"2014-03-08T18:38:32","modified_gmt":"2014-03-08T21:38:32","slug":"prazos-de-filiacao-partidaria-sao-diferentes-para-determinados-ocupantes-de-cargos-publicos","status":"publish","type":"post","link":"https:\/\/www.blogsoestado.com\/flaviobraga\/prazos-de-filiacao-partidaria-sao-diferentes-para-determinados-ocupantes-de-cargos-publicos\/","title":{"rendered":"Prazos de filia\u00e7\u00e3o partid\u00e1ria s\u00e3o diferentes para determinados ocupantes de cargos p\u00fablicos"},"content":{"rendered":"<p>Para concorrer \u00e0s elei\u00e7\u00f5es gerais de 2014, entre outras exig\u00eancias, o eleitor deve ter sido escolhido em conven\u00e7\u00e3o partid\u00e1ria e estar filiado a um partido pol\u00edtico pelo menos um ano antes do pleito. Esta regra geral est\u00e1 prevista no artigo 18 da Lei dos Partidos Pol\u00edticos (Lei n\u00ba 9.096\/1995) e no 9\u00ba da Lei das Elei\u00e7\u00f5es (Lei n\u00b0 9.504\/1997). Mas h\u00e1 cidad\u00e3os ocupantes de cargos p\u00fablicos que n\u00e3o est\u00e3o submetidos a esse prazo de filia\u00e7\u00e3o partid\u00e1ria, como os magistrados, integrantes de tribunais de contas, membros do Minist\u00e9rio P\u00fablico e militares.<\/p>\n<p>O magistrado, os membros de tribunal de contas ou Minist\u00e9rio P\u00fablico que quiserem concorrer \u00e0 elei\u00e7\u00e3o devem se filiar a um partido at\u00e9 seis meses antes do pleito, no caso, at\u00e9 5 de abril deste ano,<b>\u00a0<\/b>devendo se desligar em definitivo (pedir exonera\u00e7\u00e3o) do seu cargo na Justi\u00e7a ou na corte de contas, em igual prazo.<\/p>\n<p>Por sua vez, o militar da ativa com mais de 10 anos de servi\u00e7o, n\u00e3o detentor de cargo no alto comando da corpora\u00e7\u00e3o, para disputar uma elei\u00e7\u00e3o deve, primeiramente, ser escolhido em conven\u00e7\u00e3o partid\u00e1ria. A partir dessa data, \u00e9 considerado filiado ao partido, devendo comunicar \u00e0 autoridade a qual \u00e9 subordinado para passar \u00e0 condi\u00e7\u00e3o de agregado. Se eleito, ser\u00e1 transferido para a inatividade. Se contar com menos de 10 anos de servi\u00e7o, ap\u00f3s escolhido em conven\u00e7\u00e3o, tamb\u00e9m ser\u00e1 transferido para a inatividade. Em ambas as situa\u00e7\u00f5es o militar n\u00e3o precisa, assim, respeitar a regra geral de um ano de filiado a uma legenda antes do pleito.<\/p>\n<p>As veda\u00e7\u00f5es \u00e0 atividade pol\u00edtico-partid\u00e1ria e \u00e0 pr\u00f3pria filia\u00e7\u00e3o \u00e0s agremia\u00e7\u00f5es por parte de magistrados, integrantes de tribunais de contas, do Minist\u00e9rio P\u00fablico e militares est\u00e3o contidas na Constitui\u00e7\u00e3o Federal.<\/p>\n<p><b> V\u00ednculo<\/b><\/p>\n<p>A filia\u00e7\u00e3o partid\u00e1ria \u00e9 o v\u00ednculo formal entre um partido pol\u00edtico e o eleitor e \u00e9 uma das condi\u00e7\u00f5es de elegibilidade, conforme estabelece o artigo 14 da Constitui\u00e7\u00e3o Federal. S\u00f3 pode se filiar a partido o eleitor que estiver no pleno exerc\u00edcio de seus direitos pol\u00edticos.<\/p>\n<p>O artigo 20 da Lei dos Partidos Pol\u00edticos faculta ao partido pol\u00edtico estipular, em seu estatuto, prazos de filia\u00e7\u00e3o partid\u00e1ria superiores ao de um ano antes da elei\u00e7\u00e3o com vistas \u00e0 candidatura. Esses prazos de filia\u00e7\u00e3o, fixados no estatuto da agremia\u00e7\u00e3o, n\u00e3o podem ser alterados no ano da elei\u00e7\u00e3o.<\/p>\n","protected":false},"excerpt":{"rendered":"<p>Para concorrer \u00e0s elei\u00e7\u00f5es gerais de 2014, entre outras exig\u00eancias, o eleitor deve ter sido escolhido em conven\u00e7\u00e3o partid\u00e1ria e [&hellip;]<\/p>\n","protected":false},"author":8,"featured_media":0,"comment_status":"open","ping_status":"open","sticky":false,"template":"","format":"standard","meta":{"site-sidebar-layout":"default","site-content-layout":"","ast-site-content-layout":"default","site-content-style":"default","site-sidebar-style":"default","ast-global-header-display":"","ast-banner-title-visibility":"","ast-main-header-display":"","ast-hfb-above-header-display":"","ast-hfb-below-header-display":"","ast-hfb-mobile-header-display":"","site-post-title":"","ast-breadcrumbs-content":"","ast-featured-img":"","footer-sml-layout":"","ast-disable-related-posts":"","theme-transparent-header-meta":"","adv-header-id-meta":"","stick-header-meta":"","header-above-stick-meta":"","header-main-stick-meta":"","header-below-stick-meta":"","astra-migrate-meta-layouts":"default","ast-page-background-enabled":"default","ast-page-background-meta":{"desktop":{"background-color":"var(--ast-global-color-5)","background-image":"","background-repeat":"repeat","background-position":"center center","background-size":"auto","background-attachment":"scroll","background-type":"","background-media":"","overlay-type":"","overlay-color":"","overlay-opacity":"","overlay-gradient":""},"tablet":{"background-color":"","background-image":"","background-repeat":"repeat","background-position":"center center","background-size":"auto","background-attachment":"scroll","background-type":"","background-media":"","overlay-type":"","overlay-color":"","overlay-opacity":"","overlay-gradient":""},"mobile":{"background-color":"","background-image":"","background-repeat":"repeat","background-position":"center center","background-size":"auto","background-attachment":"scroll","background-type":"","background-media":"","overlay-type":"","overlay-color":"","overlay-opacity":"","overlay-gradient":""}},"ast-content-background-meta":{"desktop":{"background-color":"var(--ast-global-color-4)","background-image":"","background-repeat":"repeat","background-position":"center center","background-size":"auto","background-attachment":"scroll","background-type":"","background-media":"","overlay-type":"","overlay-color":"","overlay-opacity":"","overlay-gradient":""},"tablet":{"background-color":"var(--ast-global-color-4)","background-image":"","background-repeat":"repeat","background-position":"center center","background-size":"auto","background-attachment":"scroll","background-type":"","background-media":"","overlay-type":"","overlay-color":"","overlay-opacity":"","overlay-gradient":""},"mobile":{"background-color":"var(--ast-global-color-4)","background-image":"","background-repeat":"repeat","background-position":"center center","background-size":"auto","background-attachment":"scroll","background-type":"","background-media":"","overlay-type":"","overlay-color":"","overlay-opacity":"","overlay-gradient":""}},"footnotes":""},"categories":[1],"tags":[],"class_list":["post-2420","post","type-post","status-publish","format-standard","hentry","category-sem-categoria"],"yoast_head":"<!-- This site is optimized with the Yoast SEO plugin v26.6 - https:\/\/yoast.com\/wordpress\/plugins\/seo\/ -->\n<title>Prazos de filia\u00e7\u00e3o partid\u00e1ria s\u00e3o diferentes para determinados ocupantes de cargos p\u00fablicos - Fl\u00e1vio Braga<\/title>\n<meta name=\"robots\" content=\"index, follow, max-snippet:-1, max-image-preview:large, max-video-preview:-1\" \/>\n<link rel=\"canonical\" href=\"https:\/\/www.blogsoestado.com\/flaviobraga\/prazos-de-filiacao-partidaria-sao-diferentes-para-determinados-ocupantes-de-cargos-publicos\/\" \/>\n<meta property=\"og:locale\" content=\"pt_BR\" \/>\n<meta property=\"og:type\" content=\"article\" \/>\n<meta property=\"og:title\" content=\"Prazos de filia\u00e7\u00e3o partid\u00e1ria s\u00e3o diferentes para determinados ocupantes de cargos p\u00fablicos - Fl\u00e1vio Braga\" \/>\n<meta property=\"og:description\" content=\"Para concorrer \u00e0s elei\u00e7\u00f5es gerais de 2014, entre outras exig\u00eancias, o eleitor deve ter sido escolhido em conven\u00e7\u00e3o partid\u00e1ria e [&hellip;]\" \/>\n<meta property=\"og:url\" content=\"https:\/\/www.blogsoestado.com\/flaviobraga\/prazos-de-filiacao-partidaria-sao-diferentes-para-determinados-ocupantes-de-cargos-publicos\/\" \/>\n<meta property=\"og:site_name\" content=\"Fl\u00e1vio Braga\" \/>\n<meta property=\"article:published_time\" content=\"2014-03-08T21:38:32+00:00\" \/>\n<meta name=\"author\" content=\"Flavio Braga\" \/>\n<meta name=\"twitter:card\" content=\"summary_large_image\" \/>\n<meta name=\"twitter:label1\" content=\"Escrito por\" \/>\n\t<meta name=\"twitter:data1\" content=\"Flavio Braga\" \/>\n\t<meta name=\"twitter:label2\" content=\"Est. tempo de leitura\" \/>\n\t<meta name=\"twitter:data2\" content=\"2 minutos\" \/>\n<script type=\"application\/ld+json\" class=\"yoast-schema-graph\">{\"@context\":\"https:\/\/schema.org\",\"@graph\":[{\"@type\":\"WebPage\",\"@id\":\"https:\/\/www.blogsoestado.com\/flaviobraga\/prazos-de-filiacao-partidaria-sao-diferentes-para-determinados-ocupantes-de-cargos-publicos\/\",\"url\":\"https:\/\/www.blogsoestado.com\/flaviobraga\/prazos-de-filiacao-partidaria-sao-diferentes-para-determinados-ocupantes-de-cargos-publicos\/\",\"name\":\"Prazos de filia\u00e7\u00e3o partid\u00e1ria s\u00e3o diferentes para determinados ocupantes de cargos p\u00fablicos - Fl\u00e1vio Braga\",\"isPartOf\":{\"@id\":\"https:\/\/www.blogsoestado.com\/flaviobraga\/#website\"},\"datePublished\":\"2014-03-08T21:38:32+00:00\",\"author\":{\"@id\":\"https:\/\/www.blogsoestado.com\/flaviobraga\/#\/schema\/person\/6c6c778331775c757a82d15206bd8733\"},\"breadcrumb\":{\"@id\":\"https:\/\/www.blogsoestado.com\/flaviobraga\/prazos-de-filiacao-partidaria-sao-diferentes-para-determinados-ocupantes-de-cargos-publicos\/#breadcrumb\"},\"inLanguage\":\"pt-BR\",\"potentialAction\":[{\"@type\":\"ReadAction\",\"target\":[\"https:\/\/www.blogsoestado.com\/flaviobraga\/prazos-de-filiacao-partidaria-sao-diferentes-para-determinados-ocupantes-de-cargos-publicos\/\"]}]},{\"@type\":\"BreadcrumbList\",\"@id\":\"https:\/\/www.blogsoestado.com\/flaviobraga\/prazos-de-filiacao-partidaria-sao-diferentes-para-determinados-ocupantes-de-cargos-publicos\/#breadcrumb\",\"itemListElement\":[{\"@type\":\"ListItem\",\"position\":1,\"name\":\"In\u00edcio\",\"item\":\"https:\/\/www.blogsoestado.com\/flaviobraga\/\"},{\"@type\":\"ListItem\",\"position\":2,\"name\":\"Prazos de filia\u00e7\u00e3o partid\u00e1ria s\u00e3o diferentes para determinados ocupantes de cargos p\u00fablicos\"}]},{\"@type\":\"WebSite\",\"@id\":\"https:\/\/www.blogsoestado.com\/flaviobraga\/#website\",\"url\":\"https:\/\/www.blogsoestado.com\/flaviobraga\/\",\"name\":\"Fl\u00e1vio Braga\",\"description\":\"\",\"potentialAction\":[{\"@type\":\"SearchAction\",\"target\":{\"@type\":\"EntryPoint\",\"urlTemplate\":\"https:\/\/www.blogsoestado.com\/flaviobraga\/?s={search_term_string}\"},\"query-input\":{\"@type\":\"PropertyValueSpecification\",\"valueRequired\":true,\"valueName\":\"search_term_string\"}}],\"inLanguage\":\"pt-BR\"},{\"@type\":\"Person\",\"@id\":\"https:\/\/www.blogsoestado.com\/flaviobraga\/#\/schema\/person\/6c6c778331775c757a82d15206bd8733\",\"name\":\"Flavio Braga\",\"image\":{\"@type\":\"ImageObject\",\"inLanguage\":\"pt-BR\",\"@id\":\"https:\/\/www.blogsoestado.com\/flaviobraga\/#\/schema\/person\/image\/\",\"url\":\"https:\/\/secure.gravatar.com\/avatar\/ab173937dad8d78195c87778be8a0285d069ede375ce0ae24aac1cf8e58ccb2c?s=96&d=mm&r=g\",\"contentUrl\":\"https:\/\/secure.gravatar.com\/avatar\/ab173937dad8d78195c87778be8a0285d069ede375ce0ae24aac1cf8e58ccb2c?s=96&d=mm&r=g\",\"caption\":\"Flavio Braga\"},\"url\":\"https:\/\/www.blogsoestado.com\/flaviobraga\/author\/flaviobraga\/\"}]}<\/script>\n<!-- \/ Yoast SEO plugin. -->","yoast_head_json":{"title":"Prazos de filia\u00e7\u00e3o partid\u00e1ria s\u00e3o diferentes para determinados ocupantes de cargos p\u00fablicos - Fl\u00e1vio Braga","robots":{"index":"index","follow":"follow","max-snippet":"max-snippet:-1","max-image-preview":"max-image-preview:large","max-video-preview":"max-video-preview:-1"},"canonical":"https:\/\/www.blogsoestado.com\/flaviobraga\/prazos-de-filiacao-partidaria-sao-diferentes-para-determinados-ocupantes-de-cargos-publicos\/","og_locale":"pt_BR","og_type":"article","og_title":"Prazos de filia\u00e7\u00e3o partid\u00e1ria s\u00e3o diferentes para determinados ocupantes de cargos p\u00fablicos - Fl\u00e1vio Braga","og_description":"Para concorrer \u00e0s elei\u00e7\u00f5es gerais de 2014, entre outras exig\u00eancias, o eleitor deve ter sido escolhido em conven\u00e7\u00e3o partid\u00e1ria e [&hellip;]","og_url":"https:\/\/www.blogsoestado.com\/flaviobraga\/prazos-de-filiacao-partidaria-sao-diferentes-para-determinados-ocupantes-de-cargos-publicos\/","og_site_name":"Fl\u00e1vio Braga","article_published_time":"2014-03-08T21:38:32+00:00","author":"Flavio Braga","twitter_card":"summary_large_image","twitter_misc":{"Escrito por":"Flavio Braga","Est. tempo de leitura":"2 minutos"},"schema":{"@context":"https:\/\/schema.org","@graph":[{"@type":"WebPage","@id":"https:\/\/www.blogsoestado.com\/flaviobraga\/prazos-de-filiacao-partidaria-sao-diferentes-para-determinados-ocupantes-de-cargos-publicos\/","url":"https:\/\/www.blogsoestado.com\/flaviobraga\/prazos-de-filiacao-partidaria-sao-diferentes-para-determinados-ocupantes-de-cargos-publicos\/","name":"Prazos de filia\u00e7\u00e3o partid\u00e1ria s\u00e3o diferentes para determinados ocupantes de cargos p\u00fablicos - Fl\u00e1vio Braga","isPartOf":{"@id":"https:\/\/www.blogsoestado.com\/flaviobraga\/#website"},"datePublished":"2014-03-08T21:38:32+00:00","author":{"@id":"https:\/\/www.blogsoestado.com\/flaviobraga\/#\/schema\/person\/6c6c778331775c757a82d15206bd8733"},"breadcrumb":{"@id":"https:\/\/www.blogsoestado.com\/flaviobraga\/prazos-de-filiacao-partidaria-sao-diferentes-para-determinados-ocupantes-de-cargos-publicos\/#breadcrumb"},"inLanguage":"pt-BR","potentialAction":[{"@type":"ReadAction","target":["https:\/\/www.blogsoestado.com\/flaviobraga\/prazos-de-filiacao-partidaria-sao-diferentes-para-determinados-ocupantes-de-cargos-publicos\/"]}]},{"@type":"BreadcrumbList","@id":"https:\/\/www.blogsoestado.com\/flaviobraga\/prazos-de-filiacao-partidaria-sao-diferentes-para-determinados-ocupantes-de-cargos-publicos\/#breadcrumb","itemListElement":[{"@type":"ListItem","position":1,"name":"In\u00edcio","item":"https:\/\/www.blogsoestado.com\/flaviobraga\/"},{"@type":"ListItem","position":2,"name":"Prazos de filia\u00e7\u00e3o partid\u00e1ria s\u00e3o diferentes para determinados ocupantes de cargos p\u00fablicos"}]},{"@type":"WebSite","@id":"https:\/\/www.blogsoestado.com\/flaviobraga\/#website","url":"https:\/\/www.blogsoestado.com\/flaviobraga\/","name":"Fl\u00e1vio Braga","description":"","potentialAction":[{"@type":"SearchAction","target":{"@type":"EntryPoint","urlTemplate":"https:\/\/www.blogsoestado.com\/flaviobraga\/?s={search_term_string}"},"query-input":{"@type":"PropertyValueSpecification","valueRequired":true,"valueName":"search_term_string"}}],"inLanguage":"pt-BR"},{"@type":"Person","@id":"https:\/\/www.blogsoestado.com\/flaviobraga\/#\/schema\/person\/6c6c778331775c757a82d15206bd8733","name":"Flavio Braga","image":{"@type":"ImageObject","inLanguage":"pt-BR","@id":"https:\/\/www.blogsoestado.com\/flaviobraga\/#\/schema\/person\/image\/","url":"https:\/\/secure.gravatar.com\/avatar\/ab173937dad8d78195c87778be8a0285d069ede375ce0ae24aac1cf8e58ccb2c?s=96&d=mm&r=g","contentUrl":"https:\/\/secure.gravatar.com\/avatar\/ab173937dad8d78195c87778be8a0285d069ede375ce0ae24aac1cf8e58ccb2c?s=96&d=mm&r=g","caption":"Flavio Braga"},"url":"https:\/\/www.blogsoestado.com\/flaviobraga\/author\/flaviobraga\/"}]}},"jetpack_featured_media_url":"","_links":{"self":[{"href":"https:\/\/www.blogsoestado.com\/flaviobraga\/wp-json\/wp\/v2\/posts\/2420","targetHints":{"allow":["GET"]}}],"collection":[{"href":"https:\/\/www.blogsoestado.com\/flaviobraga\/wp-json\/wp\/v2\/posts"}],"about":[{"href":"https:\/\/www.blogsoestado.com\/flaviobraga\/wp-json\/wp\/v2\/types\/post"}],"author":[{"embeddable":true,"href":"https:\/\/www.blogsoestado.com\/flaviobraga\/wp-json\/wp\/v2\/users\/8"}],"replies":[{"embeddable":true,"href":"https:\/\/www.blogsoestado.com\/flaviobraga\/wp-json\/wp\/v2\/comments?post=2420"}],"version-history":[{"count":0,"href":"https:\/\/www.blogsoestado.com\/flaviobraga\/wp-json\/wp\/v2\/posts\/2420\/revisions"}],"wp:attachment":[{"href":"https:\/\/www.blogsoestado.com\/flaviobraga\/wp-json\/wp\/v2\/media?parent=2420"}],"wp:term":[{"taxonomy":"category","embeddable":true,"href":"https:\/\/www.blogsoestado.com\/flaviobraga\/wp-json\/wp\/v2\/categories?post=2420"},{"taxonomy":"post_tag","embeddable":true,"href":"https:\/\/www.blogsoestado.com\/flaviobraga\/wp-json\/wp\/v2\/tags?post=2420"}],"curies":[{"name":"wp","href":"https:\/\/api.w.org\/{rel}","templated":true}]}}